{"id":1,"date":"2022-11-02T10:58:48","date_gmt":"2022-11-02T10:58:48","guid":{"rendered":"https:\/\/www.fundacionanse.org\/resalar\/?p=1"},"modified":"2025-11-17T09:59:32","modified_gmt":"2025-11-17T09:59:32","slug":"hola-mundo","status":"publish","type":"post","link":"https:\/\/www.fundacionanse.org\/resalar\/2022\/11\/02\/hola-mundo\/","title":{"rendered":"Resalar"},"content":{"rendered":"<p><span style=\"font-weight: 400;\">El Mar Menor, una de las mayores lagunas litorales hipersalinas de Europa, presenta un estado de deterioro muy elevado como consecuencia de diversas actividades humanas que han destruido muchos de sus h\u00e1bitats ribere\u00f1os y eutrofizan sus aguas, incumpliendo diferentes normativas estatales y europeas, con consecuencias ambientales, sociales y econ\u00f3micas que requieren de soluciones efectivas y amplias medidas de recuperaci\u00f3n.<\/span><\/p>\n<p><span style=\"font-weight: 400;\">El proyecto \u201cRESALAR: Regeneraci\u00f3n de salinas y arenales en el Mar Menor\u201d promovido por la Fundaci\u00f3n ANSE, pretende contribuir a la recuperaci\u00f3n de la actividad salinera \u00a0en una superficie de 8 ha de Dominio P\u00fablico Mar\u00edtimo Terrestre y algo m\u00e1s de 1 hect\u00e1rea de terreno privado anexo.\u00a0 Se plantea la adquisici\u00f3n de infraestructuras hist\u00f3ricas de las salinas, fundamentales para\u00a0 la recuperaci\u00f3n de la actividad salinera y\u00a0 la biodiversidad, y el desarrollo de actividades educativas y de divulgaci\u00f3n sobre el Mar Menor, generando empleo.<\/span><\/p>\n<p><span style=\"font-weight: 400;\">El proyecto permitir\u00eda restaurar arenales invadidos por flora ex\u00f3tica invasora, en un suelo urbano situado en el paraje del Monte Blanco, ampliando un espacio p\u00fablico y zona verde en un \u00e1rea sin apenas equipamientos.<\/span><\/p>\n<p><span style=\"font-weight: 400;\">Se consolidar\u00e1n las acciones ya iniciadas para la restauraci\u00f3n ambiental de al menos 5 ha de arenales de Dominio P\u00fablico Mar\u00edtimo Terrestre en la denominada Caleta del Estacio, mediante un Programa de Custodia que garantice el \u00e9xito de la eliminaci\u00f3n de flora ex\u00f3tica en el tiempo y la regeneraci\u00f3n de la vegetaci\u00f3n y paisaje aut\u00f3ctono.<\/span><\/p>\n<p><span style=\"font-weight: 400;\">El proyecto permitir\u00e1 complementar las investigaciones iniciadas por el Instituto Espa\u00f1ol de Oceanograf\u00eda para conocer el efecto y capacidad que los moluscos filtradores podr\u00edan desempe\u00f1ar en la depuraci\u00f3n de las aguas del Mar Menor en general y para su aprovechamiento salinero en particular, y pretende evaluar el uso de las salinas para la recuperaci\u00f3n de poblaciones de estos animales en la laguna litoral.<\/span><\/p>\n","protected":false},"excerpt":{"rendered":"<p>El Mar Menor, una de las mayores lagunas litorales hipersalinas de Europa, presenta un estado de deterioro muy elevado como consecuencia de diversas actividades humanas que han destruido muchos de sus h\u00e1bitats ribere\u00f1os y eutrofizan sus aguas, incumpliendo diferentes normativas estatales y europeas, con consecuencias ambientales, sociales y econ\u00f3micas que requieren de soluciones efectivas y &#8230; <a title=\"Resalar\" class=\"read-more\" href=\"https:\/\/www.fundacionanse.org\/resalar\/2022\/11\/02\/hola-mundo\/\" aria-label=\"Leer m\u00e1s sobre Resalar\">Leer m\u00e1s<\/a><\/p>\n","protected":false},"author":2,"featured_media":0,"comment_status":"open","ping_status":"open","sticky":false,"template":"","format":"standard","meta":{"inline_featured_image":false,"footnotes":""},"categories":[1],"tags":[],"class_list":["post-1","post","type-post","status-publish","format-standard","hentry","category-actualidad","generate-columns","tablet-grid-50","mobile-grid-100","grid-parent","grid-33"],"yoast_head":"<!-- This site is optimized with the Yoast SEO plugin v26.9 - https:\/\/yoast.com\/product\/yoast-seo-wordpress\/ -->\n<title>Resalar - RESALAR<\/title>\n<meta name=\"robots\" content=\"index, follow, max-snippet:-1, max-image-preview:large, max-video-preview:-1\" \/>\n<link rel=\"canonical\" href=\"https:\/\/www.fundacionanse.org\/resalar\/2022\/11\/02\/hola-mundo\/\" \/>\n<meta property=\"og:locale\" content=\"es_ES\" \/>\n<meta property=\"og:type\" content=\"article\" \/>\n<meta property=\"og:title\" content=\"Resalar - RESALAR\" \/>\n<meta property=\"og:description\" content=\"El Mar Menor, una de las mayores lagunas litorales hipersalinas de Europa, presenta un estado de deterioro muy elevado como consecuencia de diversas actividades humanas que han destruido muchos de sus h\u00e1bitats ribere\u00f1os y eutrofizan sus aguas, incumpliendo diferentes normativas estatales y europeas, con consecuencias ambientales, sociales y econ\u00f3micas que requieren de soluciones efectivas y ... Leer m\u00e1s\" \/>\n<meta property=\"og:url\" content=\"https:\/\/www.fundacionanse.org\/resalar\/2022\/11\/02\/hola-mundo\/\" \/>\n<meta property=\"og:site_name\" content=\"RESALAR\" \/>\n<meta property=\"article:publisher\" content=\"https:\/\/www.facebook.com\/FundacionANSE\" \/>\n<meta property=\"article:published_time\" content=\"2022-11-02T10:58:48+00:00\" \/>\n<meta property=\"article:modified_time\" content=\"2025-11-17T09:59:32+00:00\" \/>\n<meta property=\"og:image\" content=\"https:\/\/www.fundacionanse.org\/resalar\/wp-content\/uploads\/sites\/5\/2024\/02\/Naves-Marchamalo-restauradas.jpg\" \/>\n\t<meta property=\"og:image:width\" content=\"1500\" \/>\n\t<meta property=\"og:image:height\" content=\"911\" \/>\n\t<meta property=\"og:image:type\" content=\"image\/jpeg\" \/>\n<meta name=\"author\" content=\"fundacion\" \/>\n<meta name=\"twitter:card\" content=\"summary_large_image\" \/>\n<meta name=\"twitter:creator\" content=\"@fundacionanse\" \/>\n<meta name=\"twitter:site\" content=\"@fundacionanse\" \/>\n<meta name=\"twitter:label1\" content=\"Escrito por\" \/>\n\t<meta name=\"twitter:data1\" content=\"fundacion\" \/>\n\t<meta name=\"twitter:label2\" content=\"Tiempo de lectura\" \/>\n\t<meta name=\"twitter:data2\" content=\"2 minutos\" \/>\n<script type=\"application\/ld+json\" class=\"yoast-schema-graph\">{\"@context\":\"https:\/\/schema.org\",\"@graph\":[{\"@type\":\"Article\",\"@id\":\"https:\/\/www.fundacionanse.org\/resalar\/2022\/11\/02\/hola-mundo\/#article\",\"isPartOf\":{\"@id\":\"https:\/\/www.fundacionanse.org\/resalar\/2022\/11\/02\/hola-mundo\/\"},\"author\":{\"name\":\"fundacion\",\"@id\":\"https:\/\/www.fundacionanse.org\/resalar\/#\/schema\/person\/5719c1a8aa1c54a3c7f0d42d26627275\"},\"headline\":\"Resalar\",\"datePublished\":\"2022-11-02T10:58:48+00:00\",\"dateModified\":\"2025-11-17T09:59:32+00:00\",\"mainEntityOfPage\":{\"@id\":\"https:\/\/www.fundacionanse.org\/resalar\/2022\/11\/02\/hola-mundo\/\"},\"wordCount\":325,\"commentCount\":0,\"publisher\":{\"@id\":\"https:\/\/www.fundacionanse.org\/resalar\/#organization\"},\"articleSection\":[\"Actualidad\"],\"inLanguage\":\"es\"},{\"@type\":\"WebPage\",\"@id\":\"https:\/\/www.fundacionanse.org\/resalar\/2022\/11\/02\/hola-mundo\/\",\"url\":\"https:\/\/www.fundacionanse.org\/resalar\/2022\/11\/02\/hola-mundo\/\",\"name\":\"Resalar - RESALAR\",\"isPartOf\":{\"@id\":\"https:\/\/www.fundacionanse.org\/resalar\/#website\"},\"datePublished\":\"2022-11-02T10:58:48+00:00\",\"dateModified\":\"2025-11-17T09:59:32+00:00\",\"breadcrumb\":{\"@id\":\"https:\/\/www.fundacionanse.org\/resalar\/2022\/11\/02\/hola-mundo\/#breadcrumb\"},\"inLanguage\":\"es\",\"potentialAction\":[{\"@type\":\"ReadAction\",\"target\":[\"https:\/\/www.fundacionanse.org\/resalar\/2022\/11\/02\/hola-mundo\/\"]}]},{\"@type\":\"BreadcrumbList\",\"@id\":\"https:\/\/www.fundacionanse.org\/resalar\/2022\/11\/02\/hola-mundo\/#breadcrumb\",\"itemListElement\":[{\"@type\":\"ListItem\",\"position\":1,\"name\":\"Portada\",\"item\":\"https:\/\/www.fundacionanse.org\/resalar\/\"},{\"@type\":\"ListItem\",\"position\":2,\"name\":\"Resalar\"}]},{\"@type\":\"WebSite\",\"@id\":\"https:\/\/www.fundacionanse.org\/resalar\/#website\",\"url\":\"https:\/\/www.fundacionanse.org\/resalar\/\",\"name\":\"RESALAR\",\"description\":\"Regeneraci\u00f3n de salinas y arenales en el Mar Menor\",\"publisher\":{\"@id\":\"https:\/\/www.fundacionanse.org\/resalar\/#organization\"},\"potentialAction\":[{\"@type\":\"SearchAction\",\"target\":{\"@type\":\"EntryPoint\",\"urlTemplate\":\"https:\/\/www.fundacionanse.org\/resalar\/?s={search_term_string}\"},\"query-input\":{\"@type\":\"PropertyValueSpecification\",\"valueRequired\":true,\"valueName\":\"search_term_string\"}}],\"inLanguage\":\"es\"},{\"@type\":\"Organization\",\"@id\":\"https:\/\/www.fundacionanse.org\/resalar\/#organization\",\"name\":\"RESALAR\",\"url\":\"https:\/\/www.fundacionanse.org\/resalar\/\",\"logo\":{\"@type\":\"ImageObject\",\"inLanguage\":\"es\",\"@id\":\"https:\/\/www.fundacionanse.org\/resalar\/#\/schema\/logo\/image\/\",\"url\":\"https:\/\/www.fundacionanse.org\/resalar\/wp-content\/uploads\/sites\/5\/2024\/02\/resalar-web_vertical-color.svg\",\"contentUrl\":\"https:\/\/www.fundacionanse.org\/resalar\/wp-content\/uploads\/sites\/5\/2024\/02\/resalar-web_vertical-color.svg\",\"width\":168,\"height\":188,\"caption\":\"RESALAR\"},\"image\":{\"@id\":\"https:\/\/www.fundacionanse.org\/resalar\/#\/schema\/logo\/image\/\"},\"sameAs\":[\"https:\/\/www.facebook.com\/FundacionANSE\",\"https:\/\/x.com\/fundacionanse\",\"https:\/\/www.instagram.com\/fundacionanse\/\"]},{\"@type\":\"Person\",\"@id\":\"https:\/\/www.fundacionanse.org\/resalar\/#\/schema\/person\/5719c1a8aa1c54a3c7f0d42d26627275\",\"name\":\"fundacion\",\"image\":{\"@type\":\"ImageObject\",\"inLanguage\":\"es\",\"@id\":\"https:\/\/www.fundacionanse.org\/resalar\/#\/schema\/person\/image\/\",\"url\":\"https:\/\/secure.gravatar.com\/avatar\/dec98970ed84c8fce89dd2c37c22164e7b4320cbf181bd9cbd9e99b05768686f?s=96&d=mm&r=g\",\"contentUrl\":\"https:\/\/secure.gravatar.com\/avatar\/dec98970ed84c8fce89dd2c37c22164e7b4320cbf181bd9cbd9e99b05768686f?s=96&d=mm&r=g\",\"caption\":\"fundacion\"},\"url\":\"https:\/\/www.fundacionanse.org\/resalar\/author\/fundacion\/\"}]}<\/script>\n<!-- \/ Yoast SEO plugin. -->","yoast_head_json":{"title":"Resalar - RESALAR","robots":{"index":"index","follow":"follow","max-snippet":"max-snippet:-1","max-image-preview":"max-image-preview:large","max-video-preview":"max-video-preview:-1"},"canonical":"https:\/\/www.fundacionanse.org\/resalar\/2022\/11\/02\/hola-mundo\/","og_locale":"es_ES","og_type":"article","og_title":"Resalar - RESALAR","og_description":"El Mar Menor, una de las mayores lagunas litorales hipersalinas de Europa, presenta un estado de deterioro muy elevado como consecuencia de diversas actividades humanas que han destruido muchos de sus h\u00e1bitats ribere\u00f1os y eutrofizan sus aguas, incumpliendo diferentes normativas estatales y europeas, con consecuencias ambientales, sociales y econ\u00f3micas que requieren de soluciones efectivas y ... Leer m\u00e1s","og_url":"https:\/\/www.fundacionanse.org\/resalar\/2022\/11\/02\/hola-mundo\/","og_site_name":"RESALAR","article_publisher":"https:\/\/www.facebook.com\/FundacionANSE","article_published_time":"2022-11-02T10:58:48+00:00","article_modified_time":"2025-11-17T09:59:32+00:00","og_image":[{"width":1500,"height":911,"url":"https:\/\/www.fundacionanse.org\/resalar\/wp-content\/uploads\/sites\/5\/2024\/02\/Naves-Marchamalo-restauradas.jpg","type":"image\/jpeg"}],"author":"fundacion","twitter_card":"summary_large_image","twitter_creator":"@fundacionanse","twitter_site":"@fundacionanse","twitter_misc":{"Escrito por":"fundacion","Tiempo de lectura":"2 minutos"},"schema":{"@context":"https:\/\/schema.org","@graph":[{"@type":"Article","@id":"https:\/\/www.fundacionanse.org\/resalar\/2022\/11\/02\/hola-mundo\/#article","isPartOf":{"@id":"https:\/\/www.fundacionanse.org\/resalar\/2022\/11\/02\/hola-mundo\/"},"author":{"name":"fundacion","@id":"https:\/\/www.fundacionanse.org\/resalar\/#\/schema\/person\/5719c1a8aa1c54a3c7f0d42d26627275"},"headline":"Resalar","datePublished":"2022-11-02T10:58:48+00:00","dateModified":"2025-11-17T09:59:32+00:00","mainEntityOfPage":{"@id":"https:\/\/www.fundacionanse.org\/resalar\/2022\/11\/02\/hola-mundo\/"},"wordCount":325,"commentCount":0,"publisher":{"@id":"https:\/\/www.fundacionanse.org\/resalar\/#organization"},"articleSection":["Actualidad"],"inLanguage":"es"},{"@type":"WebPage","@id":"https:\/\/www.fundacionanse.org\/resalar\/2022\/11\/02\/hola-mundo\/","url":"https:\/\/www.fundacionanse.org\/resalar\/2022\/11\/02\/hola-mundo\/","name":"Resalar - RESALAR","isPartOf":{"@id":"https:\/\/www.fundacionanse.org\/resalar\/#website"},"datePublished":"2022-11-02T10:58:48+00:00","dateModified":"2025-11-17T09:59:32+00:00","breadcrumb":{"@id":"https:\/\/www.fundacionanse.org\/resalar\/2022\/11\/02\/hola-mundo\/#breadcrumb"},"inLanguage":"es","potentialAction":[{"@type":"ReadAction","target":["https:\/\/www.fundacionanse.org\/resalar\/2022\/11\/02\/hola-mundo\/"]}]},{"@type":"BreadcrumbList","@id":"https:\/\/www.fundacionanse.org\/resalar\/2022\/11\/02\/hola-mundo\/#breadcrumb","itemListElement":[{"@type":"ListItem","position":1,"name":"Portada","item":"https:\/\/www.fundacionanse.org\/resalar\/"},{"@type":"ListItem","position":2,"name":"Resalar"}]},{"@type":"WebSite","@id":"https:\/\/www.fundacionanse.org\/resalar\/#website","url":"https:\/\/www.fundacionanse.org\/resalar\/","name":"RESALAR","description":"Regeneraci\u00f3n de salinas y arenales en el Mar Menor","publisher":{"@id":"https:\/\/www.fundacionanse.org\/resalar\/#organization"},"potentialAction":[{"@type":"SearchAction","target":{"@type":"EntryPoint","urlTemplate":"https:\/\/www.fundacionanse.org\/resalar\/?s={search_term_string}"},"query-input":{"@type":"PropertyValueSpecification","valueRequired":true,"valueName":"search_term_string"}}],"inLanguage":"es"},{"@type":"Organization","@id":"https:\/\/www.fundacionanse.org\/resalar\/#organization","name":"RESALAR","url":"https:\/\/www.fundacionanse.org\/resalar\/","logo":{"@type":"ImageObject","inLanguage":"es","@id":"https:\/\/www.fundacionanse.org\/resalar\/#\/schema\/logo\/image\/","url":"https:\/\/www.fundacionanse.org\/resalar\/wp-content\/uploads\/sites\/5\/2024\/02\/resalar-web_vertical-color.svg","contentUrl":"https:\/\/www.fundacionanse.org\/resalar\/wp-content\/uploads\/sites\/5\/2024\/02\/resalar-web_vertical-color.svg","width":168,"height":188,"caption":"RESALAR"},"image":{"@id":"https:\/\/www.fundacionanse.org\/resalar\/#\/schema\/logo\/image\/"},"sameAs":["https:\/\/www.facebook.com\/FundacionANSE","https:\/\/x.com\/fundacionanse","https:\/\/www.instagram.com\/fundacionanse\/"]},{"@type":"Person","@id":"https:\/\/www.fundacionanse.org\/resalar\/#\/schema\/person\/5719c1a8aa1c54a3c7f0d42d26627275","name":"fundacion","image":{"@type":"ImageObject","inLanguage":"es","@id":"https:\/\/www.fundacionanse.org\/resalar\/#\/schema\/person\/image\/","url":"https:\/\/secure.gravatar.com\/avatar\/dec98970ed84c8fce89dd2c37c22164e7b4320cbf181bd9cbd9e99b05768686f?s=96&d=mm&r=g","contentUrl":"https:\/\/secure.gravatar.com\/avatar\/dec98970ed84c8fce89dd2c37c22164e7b4320cbf181bd9cbd9e99b05768686f?s=96&d=mm&r=g","caption":"fundacion"},"url":"https:\/\/www.fundacionanse.org\/resalar\/author\/fundacion\/"}]}},"_links":{"self":[{"href":"https:\/\/www.fundacionanse.org\/resalar\/wp-json\/wp\/v2\/posts\/1","targetHints":{"allow":["GET"]}}],"collection":[{"href":"https:\/\/www.fundacionanse.org\/resalar\/wp-json\/wp\/v2\/posts"}],"about":[{"href":"https:\/\/www.fundacionanse.org\/resalar\/wp-json\/wp\/v2\/types\/post"}],"author":[{"embeddable":true,"href":"https:\/\/www.fundacionanse.org\/resalar\/wp-json\/wp\/v2\/users\/2"}],"replies":[{"embeddable":true,"href":"https:\/\/www.fundacionanse.org\/resalar\/wp-json\/wp\/v2\/comments?post=1"}],"version-history":[{"count":0,"href":"https:\/\/www.fundacionanse.org\/resalar\/wp-json\/wp\/v2\/posts\/1\/revisions"}],"wp:attachment":[{"href":"https:\/\/www.fundacionanse.org\/resalar\/wp-json\/wp\/v2\/media?parent=1"}],"wp:term":[{"taxonomy":"category","embeddable":true,"href":"https:\/\/www.fundacionanse.org\/resalar\/wp-json\/wp\/v2\/categories?post=1"},{"taxonomy":"post_tag","embeddable":true,"href":"https:\/\/www.fundacionanse.org\/resalar\/wp-json\/wp\/v2\/tags?post=1"}],"curies":[{"name":"wp","href":"https:\/\/api.w.org\/{rel}","templated":true}]}}