{"id":1011,"date":"2024-09-27T07:54:09","date_gmt":"2024-09-27T07:54:09","guid":{"rendered":"https:\/\/www.fundacionanse.org\/resalar\/?p=1011"},"modified":"2024-09-27T07:54:10","modified_gmt":"2024-09-27T07:54:10","slug":"primera-cosecha-de-sal-en-las-salinas-de-marchamalo-despues-de-30-anos-de-abandono","status":"publish","type":"post","link":"https:\/\/www.fundacionanse.org\/resalar\/2024\/09\/27\/primera-cosecha-de-sal-en-las-salinas-de-marchamalo-despues-de-30-anos-de-abandono\/","title":{"rendered":"Primera cosecha de sal en las Salinas de Marchamalo despu\u00e9s de 30 a\u00f1os de abandono"},"content":{"rendered":"\n<p><strong>Las salinas de Marchamalo (Mar Menor, Cartagena, Regi\u00f3n de Murcia) muestran desde la semana pasada una peque\u00f1a monta\u00f1a que acumula unas 1.000 toneladas de sal obtenidas en el marco del Proyecto Resalar, y que son el resultado del trabajo de restauraci\u00f3n de la zona oriental de estas peque\u00f1as salinas, que fueron abandonadas a mediados de los a\u00f1os 90 del pasado siglo.<\/strong><\/p>\n\n\n\n<p>La recuperaci\u00f3n de la actividad salinera en las Salinas de Marchamalo dio sus primeros pasos en 2019, a partir de la compra por la Fundaci\u00f3n ANSE de la concesi\u00f3n de la parte oriental de las salinas y un terreno y nave en ruinas en la parte sur del espacio, a los que posteriormente se fueron a\u00f1adiendo las antiguas naves de carpinter\u00eda y otros terrenos anexos, que han sido completamente restauradas y junto a las que se ha acondicionado una era para dep\u00f3sito de sal.<\/p>\n\n\n\n<p>Aunque todav\u00eda quedan por desarrollar muchos trabajos, la restauraci\u00f3n parcial ejecutada desde la primavera de 2023 ha permitido la extracci\u00f3n de una parte de la cosecha de sal de dos charcas cristalizadoras del antiguo complejo salinero, mientras que otra parte se ha utilizado en la adecuaci\u00f3n de los pisos o suelos de algunas de ellas.<\/p>\n\n\n\n<p>Durante estos d\u00edas, y despu\u00e9s de la recogida de la cosecha de sal, varias m\u00e1quinas y tractor con l\u00e1ser han trabajado en la extracci\u00f3n de lodos, reperfilado y reforzamiento de los pisos de charcas cristalizadoras para facilitar la recogida de la cosecha del pr\u00f3ximo a\u00f1o y mejorar la calidad de la sal para consumo humano.<\/p>\n\n\n\n<p>La Asociaci\u00f3n de Naturalistas del Sureste ha tenido que solventar m\u00faltiples tr\u00e1mites y autorizaciones ante los tres niveles de la administraci\u00f3n (Ayuntamiento de Cartagena, Comunidad Aut\u00f3noma de la Regi\u00f3n de Murcia y Estado), y deber\u00e1 esperar a que se resuelva la concesi\u00f3n definitiva de la Direcci\u00f3n General de Costas.<\/p>\n\n\n\n<p>A\u00fan es pronto para la comercializaci\u00f3n de la sal, pues todav\u00eda deben de extraerse tierras y lodos acumulados en m\u00e1s de la mitad del complejo salinero, pero la cosecha de 2024 ha demostrado que ANSE ser\u00eda capaz de recuperar la actividad salinera e infraestructuras como las naves hist\u00f3ricas, devolviendo la esperanza a un entorno que parec\u00eda condenado al mismo futuro que tantas otras salinas desaparecidas en el entorno del Mar Menor: La Veneciola (La Manga), Lo Poyo y La Hita (Los Alc\u00e1zares).<\/p>\n\n\n\n<p>La asociaci\u00f3n considera que la cosecha de sal obtenida, y la gran acogida entre vecinos y visitantes que durante este verano han podido visitar las salinas y conocer el proyecto, demuestran que el futuro del humedal de Marchamalo pasa inevitablemente por la recuperaci\u00f3n y mantenimiento de la producci\u00f3n de sal en la totalidad de las salinas, lo que contribuir\u00eda a mejorar la diversidad, generar empleo y aportar actividades complementarias al turismo de sol y playa del Mar Menor.<\/p>\n\n\n\n<div class=\"wp-block-columns is-layout-flex wp-container-core-columns-is-layout-9d6595d7 wp-block-columns-is-layout-flex\">\n<div class=\"wp-block-column is-layout-flow wp-block-column-is-layout-flow\">\n<figure class=\"wp-block-image size-large\"><img decoding=\"async\" width=\"1024\" height=\"682\" src=\"https:\/\/www.fundacionanse.org\/resalar\/wp-content\/uploads\/sites\/5\/2024\/09\/Primera-cosecha-de-sal-en-las-Salinas-de-Marchamalo-2-1024x682.jpg\" alt=\"\" class=\"wp-image-1014\" srcset=\"https:\/\/www.fundacionanse.org\/resalar\/wp-content\/uploads\/sites\/5\/2024\/09\/Primera-cosecha-de-sal-en-las-Salinas-de-Marchamalo-2-1024x682.jpg 1024w, https:\/\/www.fundacionanse.org\/resalar\/wp-content\/uploads\/sites\/5\/2024\/09\/Primera-cosecha-de-sal-en-las-Salinas-de-Marchamalo-2-300x200.jpg 300w, https:\/\/www.fundacionanse.org\/resalar\/wp-content\/uploads\/sites\/5\/2024\/09\/Primera-cosecha-de-sal-en-las-Salinas-de-Marchamalo-2-768x512.jpg 768w, https:\/\/www.fundacionanse.org\/resalar\/wp-content\/uploads\/sites\/5\/2024\/09\/Primera-cosecha-de-sal-en-las-Salinas-de-Marchamalo-2.jpg 1400w\" sizes=\"(max-width: 1024px) 100vw, 1024px\" \/><figcaption class=\"wp-element-caption\">Primera cosecha de sal en las Salinas de Marchamalo FOTO: Pedro Garc\u00eda, ANSE (C)<\/figcaption><\/figure>\n<\/div>\n\n\n\n<div class=\"wp-block-column is-layout-flow wp-block-column-is-layout-flow\">\n<figure class=\"wp-block-image size-large\"><img decoding=\"async\" width=\"1024\" height=\"682\" src=\"https:\/\/www.fundacionanse.org\/resalar\/wp-content\/uploads\/sites\/5\/2024\/09\/Primera-cosecha-de-sal-en-las-Salinas-de-Marchamalo-3-1024x682.jpg\" alt=\"\" class=\"wp-image-1015\" srcset=\"https:\/\/www.fundacionanse.org\/resalar\/wp-content\/uploads\/sites\/5\/2024\/09\/Primera-cosecha-de-sal-en-las-Salinas-de-Marchamalo-3-1024x682.jpg 1024w, https:\/\/www.fundacionanse.org\/resalar\/wp-content\/uploads\/sites\/5\/2024\/09\/Primera-cosecha-de-sal-en-las-Salinas-de-Marchamalo-3-300x200.jpg 300w, https:\/\/www.fundacionanse.org\/resalar\/wp-content\/uploads\/sites\/5\/2024\/09\/Primera-cosecha-de-sal-en-las-Salinas-de-Marchamalo-3-768x512.jpg 768w, https:\/\/www.fundacionanse.org\/resalar\/wp-content\/uploads\/sites\/5\/2024\/09\/Primera-cosecha-de-sal-en-las-Salinas-de-Marchamalo-3.jpg 1400w\" sizes=\"(max-width: 1024px) 100vw, 1024px\" \/><figcaption class=\"wp-element-caption\">Primera cosecha de sal en las Salinas de Marchamalo FOTO: Pedro Garc\u00eda, ANSE (C)<\/figcaption><\/figure>\n<\/div>\n\n\n\n<div class=\"wp-block-column is-layout-flow wp-block-column-is-layout-flow\">\n<figure class=\"wp-block-image size-large\"><img decoding=\"async\" width=\"1024\" height=\"682\" src=\"https:\/\/www.fundacionanse.org\/resalar\/wp-content\/uploads\/sites\/5\/2024\/09\/Primera-cosecha-de-sal-en-las-Salinas-de-Marchamalo-5-1024x682.jpg\" alt=\"\" class=\"wp-image-1016\" srcset=\"https:\/\/www.fundacionanse.org\/resalar\/wp-content\/uploads\/sites\/5\/2024\/09\/Primera-cosecha-de-sal-en-las-Salinas-de-Marchamalo-5-1024x682.jpg 1024w, https:\/\/www.fundacionanse.org\/resalar\/wp-content\/uploads\/sites\/5\/2024\/09\/Primera-cosecha-de-sal-en-las-Salinas-de-Marchamalo-5-300x200.jpg 300w, https:\/\/www.fundacionanse.org\/resalar\/wp-content\/uploads\/sites\/5\/2024\/09\/Primera-cosecha-de-sal-en-las-Salinas-de-Marchamalo-5-768x512.jpg 768w, https:\/\/www.fundacionanse.org\/resalar\/wp-content\/uploads\/sites\/5\/2024\/09\/Primera-cosecha-de-sal-en-las-Salinas-de-Marchamalo-5.jpg 1300w\" sizes=\"(max-width: 1024px) 100vw, 1024px\" \/><figcaption class=\"wp-element-caption\">Primera cosecha de sal en las Salinas de Marchamalo FOTO: Pedro Garc\u00eda, ANSE (C)<\/figcaption><\/figure>\n<\/div>\n<\/div>\n\n\n\n<p>El proyecto&nbsp;<strong>RESALAR&nbsp;<\/strong>tiene el objetivo de regenerar espacios del litoral del Mar Menor&nbsp;y su biodiversidad para fortalecer la resiliencia del litoral frente al cambio clim\u00e1tico y mejorar e incrementar los servicios ecosist\u00e9micos que proveen a la sociedad.<\/p>\n\n\n\n<p>Este proyecto, que coordina la&nbsp;<strong>Fundaci\u00f3n ANSE<\/strong>, y en el que participan la&nbsp;<strong>Asociaci\u00f3n de Naturalistas del Sureste<\/strong>,&nbsp;<strong>WWF-Espa\u00f1a&nbsp;<\/strong>y el&nbsp;<strong>Instituto Espa\u00f1ol de Oceanograf\u00eda<\/strong>,<strong>&nbsp;Centro Nacional de la Agencia Estatal Consejo Superior de Investigaciones Cient\u00edficas (IEO-CSIC)<\/strong>, cuenta con el apoyo de la&nbsp;<strong>Fundaci\u00f3n Biodiversidad&nbsp;<\/strong>del Ministerio para la Transici\u00f3n Ecol\u00f3gica y el Reto Demogr\u00e1fico (MITECO), que aporta el 95% de la financiaci\u00f3n del proyecto, en el marco del Plan de Recuperaci\u00f3n, Transformaci\u00f3n y Resiliencia (PRTR), financiado por la Uni\u00f3n Europea \u2013 NextGenerationEU, y se encuentra vinculado al<strong>&nbsp;Marco de Actuaciones Prioritarias para la recuperaci\u00f3n del Mar Menor&nbsp;<\/strong>del Ministerio para la Transici\u00f3n Ecol\u00f3gica y el Reto Demogr\u00e1fico. El proyecto cuenta con la cofinanciaci\u00f3n de la<strong>&nbsp;Fundaci\u00f3n Estrella de Levante&nbsp;<\/strong>y con la colaboraci\u00f3n de&nbsp;<strong>Salinera Espa\u00f1ola<\/strong>&nbsp;y de&nbsp;<strong>Biocyma.<\/strong><\/p>\n","protected":false},"excerpt":{"rendered":"<p>Las salinas de Marchamalo (Mar Menor, Cartagena, Regi\u00f3n de Murcia) muestran desde la semana pasada una peque\u00f1a monta\u00f1a que acumula unas 1.000 toneladas de sal obtenidas en el marco del Proyecto Resalar, y que son el resultado del trabajo de restauraci\u00f3n de la zona oriental de estas peque\u00f1as salinas, que fueron abandonadas a mediados de &#8230; <a title=\"Primera cosecha de sal en las Salinas de Marchamalo despu\u00e9s de 30 a\u00f1os de abandono\" class=\"read-more\" href=\"https:\/\/www.fundacionanse.org\/resalar\/2024\/09\/27\/primera-cosecha-de-sal-en-las-salinas-de-marchamalo-despues-de-30-anos-de-abandono\/\" aria-label=\"Leer m\u00e1s sobre Primera cosecha de sal en las Salinas de Marchamalo despu\u00e9s de 30 a\u00f1os de abandono\">Leer m\u00e1s<\/a><\/p>\n","protected":false},"author":6,"featured_media":1013,"comment_status":"closed","ping_status":"closed","sticky":false,"template":"","format":"standard","meta":{"inline_featured_image":false,"footnotes":""},"categories":[1],"tags":[16],"class_list":["post-1011","post","type-post","status-publish","format-standard","has-post-thumbnail","hentry","category-actualidad","tag-salinas-de-marchamalo","generate-columns","tablet-grid-50","mobile-grid-100","grid-parent","grid-33","resize-featured-image"],"yoast_head":"<!-- This site is optimized with the Yoast SEO plugin v26.9 - https:\/\/yoast.com\/product\/yoast-seo-wordpress\/ -->\n<title>Primera cosecha de sal en las Salinas de Marchamalo despu\u00e9s de 30 a\u00f1os de abandono - RESALAR<\/title>\n<meta name=\"robots\" content=\"index, follow, max-snippet:-1, max-image-preview:large, max-video-preview:-1\" \/>\n<link rel=\"canonical\" href=\"https:\/\/www.fundacionanse.org\/resalar\/2024\/09\/27\/primera-cosecha-de-sal-en-las-salinas-de-marchamalo-despues-de-30-anos-de-abandono\/\" \/>\n<meta property=\"og:locale\" content=\"es_ES\" \/>\n<meta property=\"og:type\" content=\"article\" \/>\n<meta property=\"og:title\" content=\"Primera cosecha de sal en las Salinas de Marchamalo despu\u00e9s de 30 a\u00f1os de abandono - RESALAR\" \/>\n<meta property=\"og:description\" content=\"Las salinas de Marchamalo (Mar Menor, Cartagena, Regi\u00f3n de Murcia) muestran desde la semana pasada una peque\u00f1a monta\u00f1a que acumula unas 1.000 toneladas de sal obtenidas en el marco del Proyecto Resalar, y que son el resultado del trabajo de restauraci\u00f3n de la zona oriental de estas peque\u00f1as salinas, que fueron abandonadas a mediados de ... Leer m\u00e1s\" \/>\n<meta property=\"og:url\" content=\"https:\/\/www.fundacionanse.org\/resalar\/2024\/09\/27\/primera-cosecha-de-sal-en-las-salinas-de-marchamalo-despues-de-30-anos-de-abandono\/\" \/>\n<meta property=\"og:site_name\" content=\"RESALAR\" \/>\n<meta property=\"article:publisher\" content=\"https:\/\/www.facebook.com\/FundacionANSE\" \/>\n<meta property=\"article:published_time\" content=\"2024-09-27T07:54:09+00:00\" \/>\n<meta property=\"article:modified_time\" content=\"2024-09-27T07:54:10+00:00\" \/>\n<meta property=\"og:image\" content=\"https:\/\/www.fundacionanse.org\/resalar\/wp-content\/uploads\/sites\/5\/2024\/09\/Primera-cosecha-de-sal-en-las-Salinas-de-Marchamalo-1.jpg\" \/>\n\t<meta property=\"og:image:width\" content=\"1400\" \/>\n\t<meta property=\"og:image:height\" content=\"933\" \/>\n\t<meta property=\"og:image:type\" content=\"image\/jpeg\" \/>\n<meta name=\"author\" content=\"alicia\" \/>\n<meta name=\"twitter:card\" content=\"summary_large_image\" \/>\n<meta name=\"twitter:creator\" content=\"@fundacionanse\" \/>\n<meta name=\"twitter:site\" content=\"@fundacionanse\" \/>\n<meta name=\"twitter:label1\" content=\"Escrito por\" \/>\n\t<meta name=\"twitter:data1\" content=\"alicia\" \/>\n\t<meta name=\"twitter:label2\" content=\"Tiempo de lectura\" \/>\n\t<meta name=\"twitter:data2\" content=\"4 minutos\" \/>\n<script type=\"application\/ld+json\" class=\"yoast-schema-graph\">{\"@context\":\"https:\/\/schema.org\",\"@graph\":[{\"@type\":\"Article\",\"@id\":\"https:\/\/www.fundacionanse.org\/resalar\/2024\/09\/27\/primera-cosecha-de-sal-en-las-salinas-de-marchamalo-despues-de-30-anos-de-abandono\/#article\",\"isPartOf\":{\"@id\":\"https:\/\/www.fundacionanse.org\/resalar\/2024\/09\/27\/primera-cosecha-de-sal-en-las-salinas-de-marchamalo-despues-de-30-anos-de-abandono\/\"},\"author\":{\"name\":\"alicia\",\"@id\":\"https:\/\/www.fundacionanse.org\/resalar\/#\/schema\/person\/825d0b66cfeac78d8671653dd99a9823\"},\"headline\":\"Primera cosecha de sal en las Salinas de Marchamalo despu\u00e9s de 30 a\u00f1os de abandono\",\"datePublished\":\"2024-09-27T07:54:09+00:00\",\"dateModified\":\"2024-09-27T07:54:10+00:00\",\"mainEntityOfPage\":{\"@id\":\"https:\/\/www.fundacionanse.org\/resalar\/2024\/09\/27\/primera-cosecha-de-sal-en-las-salinas-de-marchamalo-despues-de-30-anos-de-abandono\/\"},\"wordCount\":772,\"publisher\":{\"@id\":\"https:\/\/www.fundacionanse.org\/resalar\/#organization\"},\"image\":{\"@id\":\"https:\/\/www.fundacionanse.org\/resalar\/2024\/09\/27\/primera-cosecha-de-sal-en-las-salinas-de-marchamalo-despues-de-30-anos-de-abandono\/#primaryimage\"},\"thumbnailUrl\":\"https:\/\/www.fundacionanse.org\/resalar\/wp-content\/uploads\/sites\/5\/2024\/09\/Primera-cosecha-de-sal-en-las-Salinas-de-Marchamalo-1.jpg\",\"keywords\":[\"Salinas de Marchamalo\"],\"articleSection\":[\"Actualidad\"],\"inLanguage\":\"es\"},{\"@type\":\"WebPage\",\"@id\":\"https:\/\/www.fundacionanse.org\/resalar\/2024\/09\/27\/primera-cosecha-de-sal-en-las-salinas-de-marchamalo-despues-de-30-anos-de-abandono\/\",\"url\":\"https:\/\/www.fundacionanse.org\/resalar\/2024\/09\/27\/primera-cosecha-de-sal-en-las-salinas-de-marchamalo-despues-de-30-anos-de-abandono\/\",\"name\":\"Primera cosecha de sal en las Salinas de Marchamalo despu\u00e9s de 30 a\u00f1os de abandono - RESALAR\",\"isPartOf\":{\"@id\":\"https:\/\/www.fundacionanse.org\/resalar\/#website\"},\"primaryImageOfPage\":{\"@id\":\"https:\/\/www.fundacionanse.org\/resalar\/2024\/09\/27\/primera-cosecha-de-sal-en-las-salinas-de-marchamalo-despues-de-30-anos-de-abandono\/#primaryimage\"},\"image\":{\"@id\":\"https:\/\/www.fundacionanse.org\/resalar\/2024\/09\/27\/primera-cosecha-de-sal-en-las-salinas-de-marchamalo-despues-de-30-anos-de-abandono\/#primaryimage\"},\"thumbnailUrl\":\"https:\/\/www.fundacionanse.org\/resalar\/wp-content\/uploads\/sites\/5\/2024\/09\/Primera-cosecha-de-sal-en-las-Salinas-de-Marchamalo-1.jpg\",\"datePublished\":\"2024-09-27T07:54:09+00:00\",\"dateModified\":\"2024-09-27T07:54:10+00:00\",\"breadcrumb\":{\"@id\":\"https:\/\/www.fundacionanse.org\/resalar\/2024\/09\/27\/primera-cosecha-de-sal-en-las-salinas-de-marchamalo-despues-de-30-anos-de-abandono\/#breadcrumb\"},\"inLanguage\":\"es\",\"potentialAction\":[{\"@type\":\"ReadAction\",\"target\":[\"https:\/\/www.fundacionanse.org\/resalar\/2024\/09\/27\/primera-cosecha-de-sal-en-las-salinas-de-marchamalo-despues-de-30-anos-de-abandono\/\"]}]},{\"@type\":\"ImageObject\",\"inLanguage\":\"es\",\"@id\":\"https:\/\/www.fundacionanse.org\/resalar\/2024\/09\/27\/primera-cosecha-de-sal-en-las-salinas-de-marchamalo-despues-de-30-anos-de-abandono\/#primaryimage\",\"url\":\"https:\/\/www.fundacionanse.org\/resalar\/wp-content\/uploads\/sites\/5\/2024\/09\/Primera-cosecha-de-sal-en-las-Salinas-de-Marchamalo-1.jpg\",\"contentUrl\":\"https:\/\/www.fundacionanse.org\/resalar\/wp-content\/uploads\/sites\/5\/2024\/09\/Primera-cosecha-de-sal-en-las-Salinas-de-Marchamalo-1.jpg\",\"width\":1400,\"height\":933},{\"@type\":\"BreadcrumbList\",\"@id\":\"https:\/\/www.fundacionanse.org\/resalar\/2024\/09\/27\/primera-cosecha-de-sal-en-las-salinas-de-marchamalo-despues-de-30-anos-de-abandono\/#breadcrumb\",\"itemListElement\":[{\"@type\":\"ListItem\",\"position\":1,\"name\":\"Portada\",\"item\":\"https:\/\/www.fundacionanse.org\/resalar\/\"},{\"@type\":\"ListItem\",\"position\":2,\"name\":\"Primera cosecha de sal en las Salinas de Marchamalo despu\u00e9s de 30 a\u00f1os de abandono\"}]},{\"@type\":\"WebSite\",\"@id\":\"https:\/\/www.fundacionanse.org\/resalar\/#website\",\"url\":\"https:\/\/www.fundacionanse.org\/resalar\/\",\"name\":\"RESALAR\",\"description\":\"Regeneraci\u00f3n de salinas y arenales en el Mar Menor\",\"publisher\":{\"@id\":\"https:\/\/www.fundacionanse.org\/resalar\/#organization\"},\"potentialAction\":[{\"@type\":\"SearchAction\",\"target\":{\"@type\":\"EntryPoint\",\"urlTemplate\":\"https:\/\/www.fundacionanse.org\/resalar\/?s={search_term_string}\"},\"query-input\":{\"@type\":\"PropertyValueSpecification\",\"valueRequired\":true,\"valueName\":\"search_term_string\"}}],\"inLanguage\":\"es\"},{\"@type\":\"Organization\",\"@id\":\"https:\/\/www.fundacionanse.org\/resalar\/#organization\",\"name\":\"RESALAR\",\"url\":\"https:\/\/www.fundacionanse.org\/resalar\/\",\"logo\":{\"@type\":\"ImageObject\",\"inLanguage\":\"es\",\"@id\":\"https:\/\/www.fundacionanse.org\/resalar\/#\/schema\/logo\/image\/\",\"url\":\"https:\/\/www.fundacionanse.org\/resalar\/wp-content\/uploads\/sites\/5\/2024\/02\/resalar-web_vertical-color.svg\",\"contentUrl\":\"https:\/\/www.fundacionanse.org\/resalar\/wp-content\/uploads\/sites\/5\/2024\/02\/resalar-web_vertical-color.svg\",\"width\":168,\"height\":188,\"caption\":\"RESALAR\"},\"image\":{\"@id\":\"https:\/\/www.fundacionanse.org\/resalar\/#\/schema\/logo\/image\/\"},\"sameAs\":[\"https:\/\/www.facebook.com\/FundacionANSE\",\"https:\/\/x.com\/fundacionanse\",\"https:\/\/www.instagram.com\/fundacionanse\/\"]},{\"@type\":\"Person\",\"@id\":\"https:\/\/www.fundacionanse.org\/resalar\/#\/schema\/person\/825d0b66cfeac78d8671653dd99a9823\",\"name\":\"alicia\",\"image\":{\"@type\":\"ImageObject\",\"inLanguage\":\"es\",\"@id\":\"https:\/\/www.fundacionanse.org\/resalar\/#\/schema\/person\/image\/\",\"url\":\"https:\/\/secure.gravatar.com\/avatar\/8ea2aaa5672bd433d40f04b94a58fc94bcebbd601dd2a6a43a24e2e272228529?s=96&d=mm&r=g\",\"contentUrl\":\"https:\/\/secure.gravatar.com\/avatar\/8ea2aaa5672bd433d40f04b94a58fc94bcebbd601dd2a6a43a24e2e272228529?s=96&d=mm&r=g\",\"caption\":\"alicia\"},\"url\":\"https:\/\/www.fundacionanse.org\/resalar\/author\/alicia\/\"}]}<\/script>\n<!-- \/ Yoast SEO plugin. -->","yoast_head_json":{"title":"Primera cosecha de sal en las Salinas de Marchamalo despu\u00e9s de 30 a\u00f1os de abandono - RESALAR","robots":{"index":"index","follow":"follow","max-snippet":"max-snippet:-1","max-image-preview":"max-image-preview:large","max-video-preview":"max-video-preview:-1"},"canonical":"https:\/\/www.fundacionanse.org\/resalar\/2024\/09\/27\/primera-cosecha-de-sal-en-las-salinas-de-marchamalo-despues-de-30-anos-de-abandono\/","og_locale":"es_ES","og_type":"article","og_title":"Primera cosecha de sal en las Salinas de Marchamalo despu\u00e9s de 30 a\u00f1os de abandono - RESALAR","og_description":"Las salinas de Marchamalo (Mar Menor, Cartagena, Regi\u00f3n de Murcia) muestran desde la semana pasada una peque\u00f1a monta\u00f1a que acumula unas 1.000 toneladas de sal obtenidas en el marco del Proyecto Resalar, y que son el resultado del trabajo de restauraci\u00f3n de la zona oriental de estas peque\u00f1as salinas, que fueron abandonadas a mediados de ... Leer m\u00e1s","og_url":"https:\/\/www.fundacionanse.org\/resalar\/2024\/09\/27\/primera-cosecha-de-sal-en-las-salinas-de-marchamalo-despues-de-30-anos-de-abandono\/","og_site_name":"RESALAR","article_publisher":"https:\/\/www.facebook.com\/FundacionANSE","article_published_time":"2024-09-27T07:54:09+00:00","article_modified_time":"2024-09-27T07:54:10+00:00","og_image":[{"width":1400,"height":933,"url":"https:\/\/www.fundacionanse.org\/resalar\/wp-content\/uploads\/sites\/5\/2024\/09\/Primera-cosecha-de-sal-en-las-Salinas-de-Marchamalo-1.jpg","type":"image\/jpeg"}],"author":"alicia","twitter_card":"summary_large_image","twitter_creator":"@fundacionanse","twitter_site":"@fundacionanse","twitter_misc":{"Escrito por":"alicia","Tiempo de lectura":"4 minutos"},"schema":{"@context":"https:\/\/schema.org","@graph":[{"@type":"Article","@id":"https:\/\/www.fundacionanse.org\/resalar\/2024\/09\/27\/primera-cosecha-de-sal-en-las-salinas-de-marchamalo-despues-de-30-anos-de-abandono\/#article","isPartOf":{"@id":"https:\/\/www.fundacionanse.org\/resalar\/2024\/09\/27\/primera-cosecha-de-sal-en-las-salinas-de-marchamalo-despues-de-30-anos-de-abandono\/"},"author":{"name":"alicia","@id":"https:\/\/www.fundacionanse.org\/resalar\/#\/schema\/person\/825d0b66cfeac78d8671653dd99a9823"},"headline":"Primera cosecha de sal en las Salinas de Marchamalo despu\u00e9s de 30 a\u00f1os de abandono","datePublished":"2024-09-27T07:54:09+00:00","dateModified":"2024-09-27T07:54:10+00:00","mainEntityOfPage":{"@id":"https:\/\/www.fundacionanse.org\/resalar\/2024\/09\/27\/primera-cosecha-de-sal-en-las-salinas-de-marchamalo-despues-de-30-anos-de-abandono\/"},"wordCount":772,"publisher":{"@id":"https:\/\/www.fundacionanse.org\/resalar\/#organization"},"image":{"@id":"https:\/\/www.fundacionanse.org\/resalar\/2024\/09\/27\/primera-cosecha-de-sal-en-las-salinas-de-marchamalo-despues-de-30-anos-de-abandono\/#primaryimage"},"thumbnailUrl":"https:\/\/www.fundacionanse.org\/resalar\/wp-content\/uploads\/sites\/5\/2024\/09\/Primera-cosecha-de-sal-en-las-Salinas-de-Marchamalo-1.jpg","keywords":["Salinas de Marchamalo"],"articleSection":["Actualidad"],"inLanguage":"es"},{"@type":"WebPage","@id":"https:\/\/www.fundacionanse.org\/resalar\/2024\/09\/27\/primera-cosecha-de-sal-en-las-salinas-de-marchamalo-despues-de-30-anos-de-abandono\/","url":"https:\/\/www.fundacionanse.org\/resalar\/2024\/09\/27\/primera-cosecha-de-sal-en-las-salinas-de-marchamalo-despues-de-30-anos-de-abandono\/","name":"Primera cosecha de sal en las Salinas de Marchamalo despu\u00e9s de 30 a\u00f1os de abandono - RESALAR","isPartOf":{"@id":"https:\/\/www.fundacionanse.org\/resalar\/#website"},"primaryImageOfPage":{"@id":"https:\/\/www.fundacionanse.org\/resalar\/2024\/09\/27\/primera-cosecha-de-sal-en-las-salinas-de-marchamalo-despues-de-30-anos-de-abandono\/#primaryimage"},"image":{"@id":"https:\/\/www.fundacionanse.org\/resalar\/2024\/09\/27\/primera-cosecha-de-sal-en-las-salinas-de-marchamalo-despues-de-30-anos-de-abandono\/#primaryimage"},"thumbnailUrl":"https:\/\/www.fundacionanse.org\/resalar\/wp-content\/uploads\/sites\/5\/2024\/09\/Primera-cosecha-de-sal-en-las-Salinas-de-Marchamalo-1.jpg","datePublished":"2024-09-27T07:54:09+00:00","dateModified":"2024-09-27T07:54:10+00:00","breadcrumb":{"@id":"https:\/\/www.fundacionanse.org\/resalar\/2024\/09\/27\/primera-cosecha-de-sal-en-las-salinas-de-marchamalo-despues-de-30-anos-de-abandono\/#breadcrumb"},"inLanguage":"es","potentialAction":[{"@type":"ReadAction","target":["https:\/\/www.fundacionanse.org\/resalar\/2024\/09\/27\/primera-cosecha-de-sal-en-las-salinas-de-marchamalo-despues-de-30-anos-de-abandono\/"]}]},{"@type":"ImageObject","inLanguage":"es","@id":"https:\/\/www.fundacionanse.org\/resalar\/2024\/09\/27\/primera-cosecha-de-sal-en-las-salinas-de-marchamalo-despues-de-30-anos-de-abandono\/#primaryimage","url":"https:\/\/www.fundacionanse.org\/resalar\/wp-content\/uploads\/sites\/5\/2024\/09\/Primera-cosecha-de-sal-en-las-Salinas-de-Marchamalo-1.jpg","contentUrl":"https:\/\/www.fundacionanse.org\/resalar\/wp-content\/uploads\/sites\/5\/2024\/09\/Primera-cosecha-de-sal-en-las-Salinas-de-Marchamalo-1.jpg","width":1400,"height":933},{"@type":"BreadcrumbList","@id":"https:\/\/www.fundacionanse.org\/resalar\/2024\/09\/27\/primera-cosecha-de-sal-en-las-salinas-de-marchamalo-despues-de-30-anos-de-abandono\/#breadcrumb","itemListElement":[{"@type":"ListItem","position":1,"name":"Portada","item":"https:\/\/www.fundacionanse.org\/resalar\/"},{"@type":"ListItem","position":2,"name":"Primera cosecha de sal en las Salinas de Marchamalo despu\u00e9s de 30 a\u00f1os de abandono"}]},{"@type":"WebSite","@id":"https:\/\/www.fundacionanse.org\/resalar\/#website","url":"https:\/\/www.fundacionanse.org\/resalar\/","name":"RESALAR","description":"Regeneraci\u00f3n de salinas y arenales en el Mar Menor","publisher":{"@id":"https:\/\/www.fundacionanse.org\/resalar\/#organization"},"potentialAction":[{"@type":"SearchAction","target":{"@type":"EntryPoint","urlTemplate":"https:\/\/www.fundacionanse.org\/resalar\/?s={search_term_string}"},"query-input":{"@type":"PropertyValueSpecification","valueRequired":true,"valueName":"search_term_string"}}],"inLanguage":"es"},{"@type":"Organization","@id":"https:\/\/www.fundacionanse.org\/resalar\/#organization","name":"RESALAR","url":"https:\/\/www.fundacionanse.org\/resalar\/","logo":{"@type":"ImageObject","inLanguage":"es","@id":"https:\/\/www.fundacionanse.org\/resalar\/#\/schema\/logo\/image\/","url":"https:\/\/www.fundacionanse.org\/resalar\/wp-content\/uploads\/sites\/5\/2024\/02\/resalar-web_vertical-color.svg","contentUrl":"https:\/\/www.fundacionanse.org\/resalar\/wp-content\/uploads\/sites\/5\/2024\/02\/resalar-web_vertical-color.svg","width":168,"height":188,"caption":"RESALAR"},"image":{"@id":"https:\/\/www.fundacionanse.org\/resalar\/#\/schema\/logo\/image\/"},"sameAs":["https:\/\/www.facebook.com\/FundacionANSE","https:\/\/x.com\/fundacionanse","https:\/\/www.instagram.com\/fundacionanse\/"]},{"@type":"Person","@id":"https:\/\/www.fundacionanse.org\/resalar\/#\/schema\/person\/825d0b66cfeac78d8671653dd99a9823","name":"alicia","image":{"@type":"ImageObject","inLanguage":"es","@id":"https:\/\/www.fundacionanse.org\/resalar\/#\/schema\/person\/image\/","url":"https:\/\/secure.gravatar.com\/avatar\/8ea2aaa5672bd433d40f04b94a58fc94bcebbd601dd2a6a43a24e2e272228529?s=96&d=mm&r=g","contentUrl":"https:\/\/secure.gravatar.com\/avatar\/8ea2aaa5672bd433d40f04b94a58fc94bcebbd601dd2a6a43a24e2e272228529?s=96&d=mm&r=g","caption":"alicia"},"url":"https:\/\/www.fundacionanse.org\/resalar\/author\/alicia\/"}]}},"_links":{"self":[{"href":"https:\/\/www.fundacionanse.org\/resalar\/wp-json\/wp\/v2\/posts\/1011","targetHints":{"allow":["GET"]}}],"collection":[{"href":"https:\/\/www.fundacionanse.org\/resalar\/wp-json\/wp\/v2\/posts"}],"about":[{"href":"https:\/\/www.fundacionanse.org\/resalar\/wp-json\/wp\/v2\/types\/post"}],"author":[{"embeddable":true,"href":"https:\/\/www.fundacionanse.org\/resalar\/wp-json\/wp\/v2\/users\/6"}],"replies":[{"embeddable":true,"href":"https:\/\/www.fundacionanse.org\/resalar\/wp-json\/wp\/v2\/comments?post=1011"}],"version-history":[{"count":0,"href":"https:\/\/www.fundacionanse.org\/resalar\/wp-json\/wp\/v2\/posts\/1011\/revisions"}],"wp:featuredmedia":[{"embeddable":true,"href":"https:\/\/www.fundacionanse.org\/resalar\/wp-json\/wp\/v2\/media\/1013"}],"wp:attachment":[{"href":"https:\/\/www.fundacionanse.org\/resalar\/wp-json\/wp\/v2\/media?parent=1011"}],"wp:term":[{"taxonomy":"category","embeddable":true,"href":"https:\/\/www.fundacionanse.org\/resalar\/wp-json\/wp\/v2\/categories?post=1011"},{"taxonomy":"post_tag","embeddable":true,"href":"https:\/\/www.fundacionanse.org\/resalar\/wp-json\/wp\/v2\/tags?post=1011"}],"curies":[{"name":"wp","href":"https:\/\/api.w.org\/{rel}","templated":true}]}}