{"id":1052,"date":"2024-12-20T08:43:51","date_gmt":"2024-12-20T08:43:51","guid":{"rendered":"https:\/\/www.fundacionanse.org\/resalar\/?p=1052"},"modified":"2024-12-20T08:43:52","modified_gmt":"2024-12-20T08:43:52","slug":"la-sabina-de-las-dunas-y-la-esparraguera-del-mar-menor-volveran-a-la-caleta-del-estacio-gracias-a-resalar","status":"publish","type":"post","link":"https:\/\/www.fundacionanse.org\/resalar\/2024\/12\/20\/la-sabina-de-las-dunas-y-la-esparraguera-del-mar-menor-volveran-a-la-caleta-del-estacio-gracias-a-resalar\/","title":{"rendered":"La sabina de las dunas y la esparraguera del Mar Menor volver\u00e1n a la Caleta del Estacio gracias a Resalar"},"content":{"rendered":"\n<p><strong>ANSE obtiene la autorizaci\u00f3n para la plantaci\u00f3n de la sabina de las dunas y la esparraguera del Mar Menor en la Caleta del Estacio, dos especies representativas del ecosistema dunar costero de La Manga.<\/strong><\/p>\n\n\n\n<p>Gracias al proyecto Resalar, dos especies emblem\u00e1ticas de las dunas de La Manga: la\u00a0<strong>sabina de las dunas<\/strong>\u00a0<em>(Juniperus phoenicea)\u00a0<\/em>y la\u00a0<strong>esparraguera del Mar Menor<\/strong>\u00a0(<em>Asparagus macrorrhizus<\/em>) regresar\u00e1n a la Caleta del Estacio tras obtener la autorizaci\u00f3n de la Comunidad Aut\u00f3noma de la Regi\u00f3n de Murcia para su plantaci\u00f3n.\u00a0<\/p>\n\n\n\n<p>La primera es una con\u00edfera que habita en el sur de la Pen\u00ednsula Ib\u00e9rica, que en la Regi\u00f3n de Murcia se encuentra catalogada como en peligro de extinci\u00f3n. A d\u00eda de hoy, su distribuci\u00f3n es escasa, observ\u00e1ndose de manera aislada o en zonas reducidas. Hist\u00f3ricamente, form\u00f3 parte extensos bosques en La Manga, que estaban compuestos principalmente por sabinas y enebros. Sin embargo, en el siglo XVI, gran parte de este bosque fue talado por orden del Ayuntamiento de Cartagena para evitar que los piratas se escondieran en la zona.<\/p>\n\n\n\n<p>La sabina de las dunas se caracteriza por crecer en dunas litorales y presenta diferencias notables respecto a otras sabinas, como un g\u00e1lbulo (pi\u00f1a carnosa cerrada) de mayor tama\u00f1o y hojas que se estrechan en una punta alargada.<\/p>\n\n\n\n<p>Por otro lado, dentro del proyecto tambi\u00e9n se plantar\u00e1n ejemplares de la esparraguera del Mar Menor, una especie end\u00e9mica del Mar Manor que recientemente ha sido incluida en el Cat\u00e1logo Espa\u00f1ol de Especies Amenazadas con la categor\u00eda de \u00abEn Peligro de Extinci\u00f3n\u00bb. Este esp\u00e1rrago silvestre, que crece en los arenales costeros del entorno del Mar Menor, enfrenta una situaci\u00f3n cr\u00edtica debido al desarrollo tur\u00edstico en su \u00e1rea de distribuci\u00f3n. Actualmente, apenas sobreviven unos doscientos ejemplares dispersos, algunos de los cuales se encuentran en zonas urbanas, corriendo un gran peligro de desaparici\u00f3n.<\/p>\n\n\n\n<p>ANSE lucha por revertir su estado cr\u00edtico y favorecer su conservaci\u00f3n con la producci\u00f3n de esta especie en su vivero forestal, a partir de semillas recolectadas de ejemplares presentes en La Manga, para lo cual tambi\u00e9n se dispone de la autorizaci\u00f3n necesaria.<\/p>\n\n\n\n<p>Con estas acciones, Resalar no solo vela por la conservaci\u00f3n de dos especies de flora representativas de La Manga, sino que tambi\u00e9n busca la recuperaci\u00f3n del ecosistema dunar costero.<\/p>\n\n\n\n<p>El&nbsp;<strong><a href=\"https:\/\/www.fundacionanse.org\/resalar\/proyecto-resalar\/\">proyecto&nbsp;RESALAR<\/a><\/strong>&nbsp;tiene el objetivo de regenerar espacios del litoral del Mar Menor&nbsp;y su biodiversidad para fortalecer la resiliencia del litoral frente al cambio clim\u00e1tico y mejorar e incrementar los servicios ecosist\u00e9micos que proveen a la sociedad.<\/p>\n\n\n\n<p>Este proyecto, que coordina la&nbsp;Fundaci\u00f3n ANSE, y en el que participan la&nbsp;Asociaci\u00f3n de Naturalistas del Sureste,&nbsp;WWF-Espa\u00f1a&nbsp;y el&nbsp;Instituto Espa\u00f1ol de Oceanograf\u00eda,&nbsp;Centro Nacional de la Agencia Estatal Consejo Superior de Investigaciones Cient\u00edficas (IEO-CSIC), cuenta con el apoyo de la&nbsp;Fundaci\u00f3n Biodiversidad&nbsp;del Ministerio para la Transici\u00f3n Ecol\u00f3gica y el Reto Demogr\u00e1fico (MITECO), que aporta el 95% de la financiaci\u00f3n del proyecto, en el marco del Plan de Recuperaci\u00f3n, Transformaci\u00f3n y Resiliencia (PRTR), financiado por la Uni\u00f3n Europea \u2013 NextGenerationEU, y se encuentra vinculado al&nbsp;Marco de Actuaciones Prioritarias para la recuperaci\u00f3n del Mar Menor&nbsp;del Ministerio para la Transici\u00f3n Ecol\u00f3gica y el Reto Demogr\u00e1fico. El proyecto cuenta con la cofinanciaci\u00f3n de la&nbsp;Fundaci\u00f3n Estrella de Levante&nbsp;y con la colaboraci\u00f3n de&nbsp;Salinera Espa\u00f1ola&nbsp;y de&nbsp;Biocyma.<\/p>\n","protected":false},"excerpt":{"rendered":"<p>ANSE obtiene la autorizaci\u00f3n para la plantaci\u00f3n de la sabina de las dunas y la esparraguera del Mar Menor en la Caleta del Estacio, dos especies representativas del ecosistema dunar costero de La Manga. Gracias al proyecto Resalar, dos especies emblem\u00e1ticas de las dunas de La Manga: la\u00a0sabina de las dunas\u00a0(Juniperus phoenicea)\u00a0y la\u00a0esparraguera del Mar &#8230; <a title=\"La sabina de las dunas y la esparraguera del Mar Menor volver\u00e1n a la Caleta del Estacio gracias a Resalar\" class=\"read-more\" href=\"https:\/\/www.fundacionanse.org\/resalar\/2024\/12\/20\/la-sabina-de-las-dunas-y-la-esparraguera-del-mar-menor-volveran-a-la-caleta-del-estacio-gracias-a-resalar\/\" aria-label=\"Leer m\u00e1s sobre La sabina de las dunas y la esparraguera del Mar Menor volver\u00e1n a la Caleta del Estacio gracias a Resalar\">Leer m\u00e1s<\/a><\/p>\n","protected":false},"author":6,"featured_media":1054,"comment_status":"closed","ping_status":"closed","sticky":false,"template":"","format":"standard","meta":{"inline_featured_image":false,"footnotes":""},"categories":[1],"tags":[],"class_list":["post-1052","post","type-post","status-publish","format-standard","has-post-thumbnail","hentry","category-actualidad","generate-columns","tablet-grid-50","mobile-grid-100","grid-parent","grid-33","resize-featured-image"],"yoast_head":"<!-- This site is optimized with the Yoast SEO plugin v26.9 - https:\/\/yoast.com\/product\/yoast-seo-wordpress\/ -->\n<title>La sabina de las dunas y la esparraguera del Mar Menor volver\u00e1n a la Caleta del Estacio gracias a Resalar - RESALAR<\/title>\n<meta name=\"robots\" content=\"index, follow, max-snippet:-1, max-image-preview:large, max-video-preview:-1\" \/>\n<link rel=\"canonical\" href=\"https:\/\/www.fundacionanse.org\/resalar\/2024\/12\/20\/la-sabina-de-las-dunas-y-la-esparraguera-del-mar-menor-volveran-a-la-caleta-del-estacio-gracias-a-resalar\/\" \/>\n<meta property=\"og:locale\" content=\"es_ES\" \/>\n<meta property=\"og:type\" content=\"article\" \/>\n<meta property=\"og:title\" content=\"La sabina de las dunas y la esparraguera del Mar Menor volver\u00e1n a la Caleta del Estacio gracias a Resalar - RESALAR\" \/>\n<meta property=\"og:description\" content=\"ANSE obtiene la autorizaci\u00f3n para la plantaci\u00f3n de la sabina de las dunas y la esparraguera del Mar Menor en la Caleta del Estacio, dos especies representativas del ecosistema dunar costero de La Manga. Gracias al proyecto Resalar, dos especies emblem\u00e1ticas de las dunas de La Manga: la\u00a0sabina de las dunas\u00a0(Juniperus phoenicea)\u00a0y la\u00a0esparraguera del Mar ... Leer m\u00e1s\" \/>\n<meta property=\"og:url\" content=\"https:\/\/www.fundacionanse.org\/resalar\/2024\/12\/20\/la-sabina-de-las-dunas-y-la-esparraguera-del-mar-menor-volveran-a-la-caleta-del-estacio-gracias-a-resalar\/\" \/>\n<meta property=\"og:site_name\" content=\"RESALAR\" \/>\n<meta property=\"article:publisher\" content=\"https:\/\/www.facebook.com\/FundacionANSE\" \/>\n<meta property=\"article:published_time\" content=\"2024-12-20T08:43:51+00:00\" \/>\n<meta property=\"article:modified_time\" content=\"2024-12-20T08:43:52+00:00\" \/>\n<meta property=\"og:image\" content=\"https:\/\/www.fundacionanse.org\/resalar\/wp-content\/uploads\/sites\/5\/2024\/12\/Arenal_Flora_Esparraguera.jpeg\" \/>\n\t<meta property=\"og:image:width\" content=\"1500\" \/>\n\t<meta property=\"og:image:height\" content=\"1125\" \/>\n\t<meta property=\"og:image:type\" content=\"image\/jpeg\" \/>\n<meta name=\"author\" content=\"alicia\" \/>\n<meta name=\"twitter:card\" content=\"summary_large_image\" \/>\n<meta name=\"twitter:creator\" content=\"@fundacionanse\" \/>\n<meta name=\"twitter:site\" content=\"@fundacionanse\" \/>\n<meta name=\"twitter:label1\" content=\"Escrito por\" \/>\n\t<meta name=\"twitter:data1\" content=\"alicia\" \/>\n\t<meta name=\"twitter:label2\" content=\"Tiempo de lectura\" \/>\n\t<meta name=\"twitter:data2\" content=\"3 minutos\" \/>\n<script type=\"application\/ld+json\" class=\"yoast-schema-graph\">{\"@context\":\"https:\/\/schema.org\",\"@graph\":[{\"@type\":\"Article\",\"@id\":\"https:\/\/www.fundacionanse.org\/resalar\/2024\/12\/20\/la-sabina-de-las-dunas-y-la-esparraguera-del-mar-menor-volveran-a-la-caleta-del-estacio-gracias-a-resalar\/#article\",\"isPartOf\":{\"@id\":\"https:\/\/www.fundacionanse.org\/resalar\/2024\/12\/20\/la-sabina-de-las-dunas-y-la-esparraguera-del-mar-menor-volveran-a-la-caleta-del-estacio-gracias-a-resalar\/\"},\"author\":{\"name\":\"alicia\",\"@id\":\"https:\/\/www.fundacionanse.org\/resalar\/#\/schema\/person\/825d0b66cfeac78d8671653dd99a9823\"},\"headline\":\"La sabina de las dunas y la esparraguera del Mar Menor volver\u00e1n a la Caleta del Estacio gracias a Resalar\",\"datePublished\":\"2024-12-20T08:43:51+00:00\",\"dateModified\":\"2024-12-20T08:43:52+00:00\",\"mainEntityOfPage\":{\"@id\":\"https:\/\/www.fundacionanse.org\/resalar\/2024\/12\/20\/la-sabina-de-las-dunas-y-la-esparraguera-del-mar-menor-volveran-a-la-caleta-del-estacio-gracias-a-resalar\/\"},\"wordCount\":645,\"publisher\":{\"@id\":\"https:\/\/www.fundacionanse.org\/resalar\/#organization\"},\"image\":{\"@id\":\"https:\/\/www.fundacionanse.org\/resalar\/2024\/12\/20\/la-sabina-de-las-dunas-y-la-esparraguera-del-mar-menor-volveran-a-la-caleta-del-estacio-gracias-a-resalar\/#primaryimage\"},\"thumbnailUrl\":\"https:\/\/www.fundacionanse.org\/resalar\/wp-content\/uploads\/sites\/5\/2024\/12\/Arenal_Flora_Esparraguera.jpeg\",\"articleSection\":[\"Actualidad\"],\"inLanguage\":\"es\"},{\"@type\":\"WebPage\",\"@id\":\"https:\/\/www.fundacionanse.org\/resalar\/2024\/12\/20\/la-sabina-de-las-dunas-y-la-esparraguera-del-mar-menor-volveran-a-la-caleta-del-estacio-gracias-a-resalar\/\",\"url\":\"https:\/\/www.fundacionanse.org\/resalar\/2024\/12\/20\/la-sabina-de-las-dunas-y-la-esparraguera-del-mar-menor-volveran-a-la-caleta-del-estacio-gracias-a-resalar\/\",\"name\":\"La sabina de las dunas y la esparraguera del Mar Menor volver\u00e1n a la Caleta del Estacio gracias a Resalar - RESALAR\",\"isPartOf\":{\"@id\":\"https:\/\/www.fundacionanse.org\/resalar\/#website\"},\"primaryImageOfPage\":{\"@id\":\"https:\/\/www.fundacionanse.org\/resalar\/2024\/12\/20\/la-sabina-de-las-dunas-y-la-esparraguera-del-mar-menor-volveran-a-la-caleta-del-estacio-gracias-a-resalar\/#primaryimage\"},\"image\":{\"@id\":\"https:\/\/www.fundacionanse.org\/resalar\/2024\/12\/20\/la-sabina-de-las-dunas-y-la-esparraguera-del-mar-menor-volveran-a-la-caleta-del-estacio-gracias-a-resalar\/#primaryimage\"},\"thumbnailUrl\":\"https:\/\/www.fundacionanse.org\/resalar\/wp-content\/uploads\/sites\/5\/2024\/12\/Arenal_Flora_Esparraguera.jpeg\",\"datePublished\":\"2024-12-20T08:43:51+00:00\",\"dateModified\":\"2024-12-20T08:43:52+00:00\",\"breadcrumb\":{\"@id\":\"https:\/\/www.fundacionanse.org\/resalar\/2024\/12\/20\/la-sabina-de-las-dunas-y-la-esparraguera-del-mar-menor-volveran-a-la-caleta-del-estacio-gracias-a-resalar\/#breadcrumb\"},\"inLanguage\":\"es\",\"potentialAction\":[{\"@type\":\"ReadAction\",\"target\":[\"https:\/\/www.fundacionanse.org\/resalar\/2024\/12\/20\/la-sabina-de-las-dunas-y-la-esparraguera-del-mar-menor-volveran-a-la-caleta-del-estacio-gracias-a-resalar\/\"]}]},{\"@type\":\"ImageObject\",\"inLanguage\":\"es\",\"@id\":\"https:\/\/www.fundacionanse.org\/resalar\/2024\/12\/20\/la-sabina-de-las-dunas-y-la-esparraguera-del-mar-menor-volveran-a-la-caleta-del-estacio-gracias-a-resalar\/#primaryimage\",\"url\":\"https:\/\/www.fundacionanse.org\/resalar\/wp-content\/uploads\/sites\/5\/2024\/12\/Arenal_Flora_Esparraguera.jpeg\",\"contentUrl\":\"https:\/\/www.fundacionanse.org\/resalar\/wp-content\/uploads\/sites\/5\/2024\/12\/Arenal_Flora_Esparraguera.jpeg\",\"width\":1500,\"height\":1125},{\"@type\":\"BreadcrumbList\",\"@id\":\"https:\/\/www.fundacionanse.org\/resalar\/2024\/12\/20\/la-sabina-de-las-dunas-y-la-esparraguera-del-mar-menor-volveran-a-la-caleta-del-estacio-gracias-a-resalar\/#breadcrumb\",\"itemListElement\":[{\"@type\":\"ListItem\",\"position\":1,\"name\":\"Portada\",\"item\":\"https:\/\/www.fundacionanse.org\/resalar\/\"},{\"@type\":\"ListItem\",\"position\":2,\"name\":\"La sabina de las dunas y la esparraguera del Mar Menor volver\u00e1n a la Caleta del Estacio gracias a Resalar\"}]},{\"@type\":\"WebSite\",\"@id\":\"https:\/\/www.fundacionanse.org\/resalar\/#website\",\"url\":\"https:\/\/www.fundacionanse.org\/resalar\/\",\"name\":\"RESALAR\",\"description\":\"Regeneraci\u00f3n de salinas y arenales en el Mar Menor\",\"publisher\":{\"@id\":\"https:\/\/www.fundacionanse.org\/resalar\/#organization\"},\"potentialAction\":[{\"@type\":\"SearchAction\",\"target\":{\"@type\":\"EntryPoint\",\"urlTemplate\":\"https:\/\/www.fundacionanse.org\/resalar\/?s={search_term_string}\"},\"query-input\":{\"@type\":\"PropertyValueSpecification\",\"valueRequired\":true,\"valueName\":\"search_term_string\"}}],\"inLanguage\":\"es\"},{\"@type\":\"Organization\",\"@id\":\"https:\/\/www.fundacionanse.org\/resalar\/#organization\",\"name\":\"RESALAR\",\"url\":\"https:\/\/www.fundacionanse.org\/resalar\/\",\"logo\":{\"@type\":\"ImageObject\",\"inLanguage\":\"es\",\"@id\":\"https:\/\/www.fundacionanse.org\/resalar\/#\/schema\/logo\/image\/\",\"url\":\"https:\/\/www.fundacionanse.org\/resalar\/wp-content\/uploads\/sites\/5\/2024\/02\/resalar-web_vertical-color.svg\",\"contentUrl\":\"https:\/\/www.fundacionanse.org\/resalar\/wp-content\/uploads\/sites\/5\/2024\/02\/resalar-web_vertical-color.svg\",\"width\":168,\"height\":188,\"caption\":\"RESALAR\"},\"image\":{\"@id\":\"https:\/\/www.fundacionanse.org\/resalar\/#\/schema\/logo\/image\/\"},\"sameAs\":[\"https:\/\/www.facebook.com\/FundacionANSE\",\"https:\/\/x.com\/fundacionanse\",\"https:\/\/www.instagram.com\/fundacionanse\/\"]},{\"@type\":\"Person\",\"@id\":\"https:\/\/www.fundacionanse.org\/resalar\/#\/schema\/person\/825d0b66cfeac78d8671653dd99a9823\",\"name\":\"alicia\",\"image\":{\"@type\":\"ImageObject\",\"inLanguage\":\"es\",\"@id\":\"https:\/\/www.fundacionanse.org\/resalar\/#\/schema\/person\/image\/\",\"url\":\"https:\/\/secure.gravatar.com\/avatar\/8ea2aaa5672bd433d40f04b94a58fc94bcebbd601dd2a6a43a24e2e272228529?s=96&d=mm&r=g\",\"contentUrl\":\"https:\/\/secure.gravatar.com\/avatar\/8ea2aaa5672bd433d40f04b94a58fc94bcebbd601dd2a6a43a24e2e272228529?s=96&d=mm&r=g\",\"caption\":\"alicia\"},\"url\":\"https:\/\/www.fundacionanse.org\/resalar\/author\/alicia\/\"}]}<\/script>\n<!-- \/ Yoast SEO plugin. -->","yoast_head_json":{"title":"La sabina de las dunas y la esparraguera del Mar Menor volver\u00e1n a la Caleta del Estacio gracias a Resalar - RESALAR","robots":{"index":"index","follow":"follow","max-snippet":"max-snippet:-1","max-image-preview":"max-image-preview:large","max-video-preview":"max-video-preview:-1"},"canonical":"https:\/\/www.fundacionanse.org\/resalar\/2024\/12\/20\/la-sabina-de-las-dunas-y-la-esparraguera-del-mar-menor-volveran-a-la-caleta-del-estacio-gracias-a-resalar\/","og_locale":"es_ES","og_type":"article","og_title":"La sabina de las dunas y la esparraguera del Mar Menor volver\u00e1n a la Caleta del Estacio gracias a Resalar - RESALAR","og_description":"ANSE obtiene la autorizaci\u00f3n para la plantaci\u00f3n de la sabina de las dunas y la esparraguera del Mar Menor en la Caleta del Estacio, dos especies representativas del ecosistema dunar costero de La Manga. Gracias al proyecto Resalar, dos especies emblem\u00e1ticas de las dunas de La Manga: la\u00a0sabina de las dunas\u00a0(Juniperus phoenicea)\u00a0y la\u00a0esparraguera del Mar ... Leer m\u00e1s","og_url":"https:\/\/www.fundacionanse.org\/resalar\/2024\/12\/20\/la-sabina-de-las-dunas-y-la-esparraguera-del-mar-menor-volveran-a-la-caleta-del-estacio-gracias-a-resalar\/","og_site_name":"RESALAR","article_publisher":"https:\/\/www.facebook.com\/FundacionANSE","article_published_time":"2024-12-20T08:43:51+00:00","article_modified_time":"2024-12-20T08:43:52+00:00","og_image":[{"width":1500,"height":1125,"url":"https:\/\/www.fundacionanse.org\/resalar\/wp-content\/uploads\/sites\/5\/2024\/12\/Arenal_Flora_Esparraguera.jpeg","type":"image\/jpeg"}],"author":"alicia","twitter_card":"summary_large_image","twitter_creator":"@fundacionanse","twitter_site":"@fundacionanse","twitter_misc":{"Escrito por":"alicia","Tiempo de lectura":"3 minutos"},"schema":{"@context":"https:\/\/schema.org","@graph":[{"@type":"Article","@id":"https:\/\/www.fundacionanse.org\/resalar\/2024\/12\/20\/la-sabina-de-las-dunas-y-la-esparraguera-del-mar-menor-volveran-a-la-caleta-del-estacio-gracias-a-resalar\/#article","isPartOf":{"@id":"https:\/\/www.fundacionanse.org\/resalar\/2024\/12\/20\/la-sabina-de-las-dunas-y-la-esparraguera-del-mar-menor-volveran-a-la-caleta-del-estacio-gracias-a-resalar\/"},"author":{"name":"alicia","@id":"https:\/\/www.fundacionanse.org\/resalar\/#\/schema\/person\/825d0b66cfeac78d8671653dd99a9823"},"headline":"La sabina de las dunas y la esparraguera del Mar Menor volver\u00e1n a la Caleta del Estacio gracias a Resalar","datePublished":"2024-12-20T08:43:51+00:00","dateModified":"2024-12-20T08:43:52+00:00","mainEntityOfPage":{"@id":"https:\/\/www.fundacionanse.org\/resalar\/2024\/12\/20\/la-sabina-de-las-dunas-y-la-esparraguera-del-mar-menor-volveran-a-la-caleta-del-estacio-gracias-a-resalar\/"},"wordCount":645,"publisher":{"@id":"https:\/\/www.fundacionanse.org\/resalar\/#organization"},"image":{"@id":"https:\/\/www.fundacionanse.org\/resalar\/2024\/12\/20\/la-sabina-de-las-dunas-y-la-esparraguera-del-mar-menor-volveran-a-la-caleta-del-estacio-gracias-a-resalar\/#primaryimage"},"thumbnailUrl":"https:\/\/www.fundacionanse.org\/resalar\/wp-content\/uploads\/sites\/5\/2024\/12\/Arenal_Flora_Esparraguera.jpeg","articleSection":["Actualidad"],"inLanguage":"es"},{"@type":"WebPage","@id":"https:\/\/www.fundacionanse.org\/resalar\/2024\/12\/20\/la-sabina-de-las-dunas-y-la-esparraguera-del-mar-menor-volveran-a-la-caleta-del-estacio-gracias-a-resalar\/","url":"https:\/\/www.fundacionanse.org\/resalar\/2024\/12\/20\/la-sabina-de-las-dunas-y-la-esparraguera-del-mar-menor-volveran-a-la-caleta-del-estacio-gracias-a-resalar\/","name":"La sabina de las dunas y la esparraguera del Mar Menor volver\u00e1n a la Caleta del Estacio gracias a Resalar - RESALAR","isPartOf":{"@id":"https:\/\/www.fundacionanse.org\/resalar\/#website"},"primaryImageOfPage":{"@id":"https:\/\/www.fundacionanse.org\/resalar\/2024\/12\/20\/la-sabina-de-las-dunas-y-la-esparraguera-del-mar-menor-volveran-a-la-caleta-del-estacio-gracias-a-resalar\/#primaryimage"},"image":{"@id":"https:\/\/www.fundacionanse.org\/resalar\/2024\/12\/20\/la-sabina-de-las-dunas-y-la-esparraguera-del-mar-menor-volveran-a-la-caleta-del-estacio-gracias-a-resalar\/#primaryimage"},"thumbnailUrl":"https:\/\/www.fundacionanse.org\/resalar\/wp-content\/uploads\/sites\/5\/2024\/12\/Arenal_Flora_Esparraguera.jpeg","datePublished":"2024-12-20T08:43:51+00:00","dateModified":"2024-12-20T08:43:52+00:00","breadcrumb":{"@id":"https:\/\/www.fundacionanse.org\/resalar\/2024\/12\/20\/la-sabina-de-las-dunas-y-la-esparraguera-del-mar-menor-volveran-a-la-caleta-del-estacio-gracias-a-resalar\/#breadcrumb"},"inLanguage":"es","potentialAction":[{"@type":"ReadAction","target":["https:\/\/www.fundacionanse.org\/resalar\/2024\/12\/20\/la-sabina-de-las-dunas-y-la-esparraguera-del-mar-menor-volveran-a-la-caleta-del-estacio-gracias-a-resalar\/"]}]},{"@type":"ImageObject","inLanguage":"es","@id":"https:\/\/www.fundacionanse.org\/resalar\/2024\/12\/20\/la-sabina-de-las-dunas-y-la-esparraguera-del-mar-menor-volveran-a-la-caleta-del-estacio-gracias-a-resalar\/#primaryimage","url":"https:\/\/www.fundacionanse.org\/resalar\/wp-content\/uploads\/sites\/5\/2024\/12\/Arenal_Flora_Esparraguera.jpeg","contentUrl":"https:\/\/www.fundacionanse.org\/resalar\/wp-content\/uploads\/sites\/5\/2024\/12\/Arenal_Flora_Esparraguera.jpeg","width":1500,"height":1125},{"@type":"BreadcrumbList","@id":"https:\/\/www.fundacionanse.org\/resalar\/2024\/12\/20\/la-sabina-de-las-dunas-y-la-esparraguera-del-mar-menor-volveran-a-la-caleta-del-estacio-gracias-a-resalar\/#breadcrumb","itemListElement":[{"@type":"ListItem","position":1,"name":"Portada","item":"https:\/\/www.fundacionanse.org\/resalar\/"},{"@type":"ListItem","position":2,"name":"La sabina de las dunas y la esparraguera del Mar Menor volver\u00e1n a la Caleta del Estacio gracias a Resalar"}]},{"@type":"WebSite","@id":"https:\/\/www.fundacionanse.org\/resalar\/#website","url":"https:\/\/www.fundacionanse.org\/resalar\/","name":"RESALAR","description":"Regeneraci\u00f3n de salinas y arenales en el Mar Menor","publisher":{"@id":"https:\/\/www.fundacionanse.org\/resalar\/#organization"},"potentialAction":[{"@type":"SearchAction","target":{"@type":"EntryPoint","urlTemplate":"https:\/\/www.fundacionanse.org\/resalar\/?s={search_term_string}"},"query-input":{"@type":"PropertyValueSpecification","valueRequired":true,"valueName":"search_term_string"}}],"inLanguage":"es"},{"@type":"Organization","@id":"https:\/\/www.fundacionanse.org\/resalar\/#organization","name":"RESALAR","url":"https:\/\/www.fundacionanse.org\/resalar\/","logo":{"@type":"ImageObject","inLanguage":"es","@id":"https:\/\/www.fundacionanse.org\/resalar\/#\/schema\/logo\/image\/","url":"https:\/\/www.fundacionanse.org\/resalar\/wp-content\/uploads\/sites\/5\/2024\/02\/resalar-web_vertical-color.svg","contentUrl":"https:\/\/www.fundacionanse.org\/resalar\/wp-content\/uploads\/sites\/5\/2024\/02\/resalar-web_vertical-color.svg","width":168,"height":188,"caption":"RESALAR"},"image":{"@id":"https:\/\/www.fundacionanse.org\/resalar\/#\/schema\/logo\/image\/"},"sameAs":["https:\/\/www.facebook.com\/FundacionANSE","https:\/\/x.com\/fundacionanse","https:\/\/www.instagram.com\/fundacionanse\/"]},{"@type":"Person","@id":"https:\/\/www.fundacionanse.org\/resalar\/#\/schema\/person\/825d0b66cfeac78d8671653dd99a9823","name":"alicia","image":{"@type":"ImageObject","inLanguage":"es","@id":"https:\/\/www.fundacionanse.org\/resalar\/#\/schema\/person\/image\/","url":"https:\/\/secure.gravatar.com\/avatar\/8ea2aaa5672bd433d40f04b94a58fc94bcebbd601dd2a6a43a24e2e272228529?s=96&d=mm&r=g","contentUrl":"https:\/\/secure.gravatar.com\/avatar\/8ea2aaa5672bd433d40f04b94a58fc94bcebbd601dd2a6a43a24e2e272228529?s=96&d=mm&r=g","caption":"alicia"},"url":"https:\/\/www.fundacionanse.org\/resalar\/author\/alicia\/"}]}},"_links":{"self":[{"href":"https:\/\/www.fundacionanse.org\/resalar\/wp-json\/wp\/v2\/posts\/1052","targetHints":{"allow":["GET"]}}],"collection":[{"href":"https:\/\/www.fundacionanse.org\/resalar\/wp-json\/wp\/v2\/posts"}],"about":[{"href":"https:\/\/www.fundacionanse.org\/resalar\/wp-json\/wp\/v2\/types\/post"}],"author":[{"embeddable":true,"href":"https:\/\/www.fundacionanse.org\/resalar\/wp-json\/wp\/v2\/users\/6"}],"replies":[{"embeddable":true,"href":"https:\/\/www.fundacionanse.org\/resalar\/wp-json\/wp\/v2\/comments?post=1052"}],"version-history":[{"count":0,"href":"https:\/\/www.fundacionanse.org\/resalar\/wp-json\/wp\/v2\/posts\/1052\/revisions"}],"wp:featuredmedia":[{"embeddable":true,"href":"https:\/\/www.fundacionanse.org\/resalar\/wp-json\/wp\/v2\/media\/1054"}],"wp:attachment":[{"href":"https:\/\/www.fundacionanse.org\/resalar\/wp-json\/wp\/v2\/media?parent=1052"}],"wp:term":[{"taxonomy":"category","embeddable":true,"href":"https:\/\/www.fundacionanse.org\/resalar\/wp-json\/wp\/v2\/categories?post=1052"},{"taxonomy":"post_tag","embeddable":true,"href":"https:\/\/www.fundacionanse.org\/resalar\/wp-json\/wp\/v2\/tags?post=1052"}],"curies":[{"name":"wp","href":"https:\/\/api.w.org\/{rel}","templated":true}]}}