{"id":1070,"date":"2025-02-26T09:49:43","date_gmt":"2025-02-26T09:49:43","guid":{"rendered":"https:\/\/www.fundacionanse.org\/resalar\/?p=1070"},"modified":"2025-02-26T09:49:44","modified_gmt":"2025-02-26T09:49:44","slug":"seguimos-trabajando-en-la-restauracion-dunar-de-la-caleta-del-estacio","status":"publish","type":"post","link":"https:\/\/www.fundacionanse.org\/resalar\/2025\/02\/26\/seguimos-trabajando-en-la-restauracion-dunar-de-la-caleta-del-estacio\/","title":{"rendered":"Seguimos trabajando en la restauraci\u00f3n dunar de la Caleta del Estacio"},"content":{"rendered":"\n<p>Desde que comenz\u00f3 el proyecto Resalar, en 2021, ANSE ha estado trabajando en la restauraci\u00f3n dunar de la Caleta del Estacio, a trav\u00e9s de la eliminaci\u00f3n de las acacias que plagaban este espacio y la plantaci\u00f3n de flora t\u00edpica de las dunas.<\/p>\n\n\n\n<p>Estos incipientes cambios requieren un mantenimiento continuo, por ello, hace algunas semanas, se llev\u00f3 a cabo una actividad destinada a la retirada de semillas de flora ex\u00f3tica invasora en la Caleta del Estacio. En esta participaron la Asociaci\u00f3n de Vecinos Comunidad de La Manga Norte, junto con los vecinos y vecinas de La Manga. &nbsp;Adem\u00e1s de la retirada de vegetaci\u00f3n EEI, tambi\u00e9n plantaron 300 ejemplares de flora dunar, que contribuir\u00e1n a la formaci\u00f3n y mantenimiento de las dunas.<\/p>\n\n\n\n<p>Durante la jornada, se pudo percibir una disminuci\u00f3n del n\u00famero de rebrotes de ex\u00f3ticas gracias a las labores de mantenimiento de los \u00faltimos meses.<\/p>\n\n\n\n<p>El&nbsp;<strong><a href=\"https:\/\/www.fundacionanse.org\/resalar\/proyecto-resalar\/\">proyecto&nbsp;RESALAR<\/a>&nbsp;<\/strong>tiene el objetivo de regenerar espacios del litoral del Mar Menor&nbsp;y su biodiversidad para fortalecer la resiliencia del litoral frente al cambio clim\u00e1tico y mejorar e incrementar los servicios ecosist\u00e9micos que proveen a la sociedad.<\/p>\n\n\n\n<p>Este proyecto, que coordina la&nbsp;Fundaci\u00f3n ANSE, y en el que participan la&nbsp;Asociaci\u00f3n de Naturalistas del Sureste,&nbsp;WWF-Espa\u00f1a&nbsp;y el&nbsp;Instituto Espa\u00f1ol de Oceanograf\u00eda,&nbsp;Centro Nacional de la Agencia Estatal Consejo Superior de Investigaciones Cient\u00edficas (IEO-CSIC), cuenta con el apoyo de la&nbsp;Fundaci\u00f3n Biodiversidad&nbsp;del Ministerio para la Transici\u00f3n Ecol\u00f3gica y el Reto Demogr\u00e1fico (MITECO), que aporta el 95% de la financiaci\u00f3n del proyecto, en el marco del Plan de Recuperaci\u00f3n, Transformaci\u00f3n y Resiliencia (PRTR), financiado por la Uni\u00f3n Europea \u2013 NextGenerationEU, y se encuentra vinculado al&nbsp;Marco de Actuaciones Prioritarias para la recuperaci\u00f3n del Mar Menor&nbsp;del Ministerio para la Transici\u00f3n Ecol\u00f3gica y el Reto Demogr\u00e1fico. El proyecto cuenta con la cofinanciaci\u00f3n de la&nbsp;Fundaci\u00f3n Estrella de Levante&nbsp;y con la colaboraci\u00f3n de&nbsp;Salinera Espa\u00f1ola&nbsp;y de&nbsp;Biocyma.<\/p>\n","protected":false},"excerpt":{"rendered":"<p>Desde que comenz\u00f3 el proyecto Resalar, en 2021, ANSE ha estado trabajando en la restauraci\u00f3n dunar de la Caleta del Estacio, a trav\u00e9s de la eliminaci\u00f3n de las acacias que plagaban este espacio y la plantaci\u00f3n de flora t\u00edpica de las dunas. Estos incipientes cambios requieren un mantenimiento continuo, por ello, hace algunas semanas, se &#8230; <a title=\"Seguimos trabajando en la restauraci\u00f3n dunar de la Caleta del Estacio\" class=\"read-more\" href=\"https:\/\/www.fundacionanse.org\/resalar\/2025\/02\/26\/seguimos-trabajando-en-la-restauracion-dunar-de-la-caleta-del-estacio\/\" aria-label=\"Leer m\u00e1s sobre Seguimos trabajando en la restauraci\u00f3n dunar de la Caleta del Estacio\">Leer m\u00e1s<\/a><\/p>\n","protected":false},"author":6,"featured_media":1072,"comment_status":"closed","ping_status":"closed","sticky":false,"template":"","format":"standard","meta":{"inline_featured_image":false,"footnotes":""},"categories":[1],"tags":[],"class_list":["post-1070","post","type-post","status-publish","format-standard","has-post-thumbnail","hentry","category-actualidad","generate-columns","tablet-grid-50","mobile-grid-100","grid-parent","grid-33","resize-featured-image"],"yoast_head":"<!-- This site is optimized with the Yoast SEO plugin v26.9 - https:\/\/yoast.com\/product\/yoast-seo-wordpress\/ -->\n<title>Seguimos trabajando en la restauraci\u00f3n dunar de la Caleta del Estacio - RESALAR<\/title>\n<meta name=\"robots\" content=\"index, follow, max-snippet:-1, max-image-preview:large, max-video-preview:-1\" \/>\n<link rel=\"canonical\" href=\"https:\/\/www.fundacionanse.org\/resalar\/2025\/02\/26\/seguimos-trabajando-en-la-restauracion-dunar-de-la-caleta-del-estacio\/\" \/>\n<meta property=\"og:locale\" content=\"es_ES\" \/>\n<meta property=\"og:type\" content=\"article\" \/>\n<meta property=\"og:title\" content=\"Seguimos trabajando en la restauraci\u00f3n dunar de la Caleta del Estacio - RESALAR\" \/>\n<meta property=\"og:description\" content=\"Desde que comenz\u00f3 el proyecto Resalar, en 2021, ANSE ha estado trabajando en la restauraci\u00f3n dunar de la Caleta del Estacio, a trav\u00e9s de la eliminaci\u00f3n de las acacias que plagaban este espacio y la plantaci\u00f3n de flora t\u00edpica de las dunas. Estos incipientes cambios requieren un mantenimiento continuo, por ello, hace algunas semanas, se ... Leer m\u00e1s\" \/>\n<meta property=\"og:url\" content=\"https:\/\/www.fundacionanse.org\/resalar\/2025\/02\/26\/seguimos-trabajando-en-la-restauracion-dunar-de-la-caleta-del-estacio\/\" \/>\n<meta property=\"og:site_name\" content=\"RESALAR\" \/>\n<meta property=\"article:publisher\" content=\"https:\/\/www.facebook.com\/FundacionANSE\" \/>\n<meta property=\"article:published_time\" content=\"2025-02-26T09:49:43+00:00\" \/>\n<meta property=\"article:modified_time\" content=\"2025-02-26T09:49:44+00:00\" \/>\n<meta property=\"og:image\" content=\"https:\/\/www.fundacionanse.org\/resalar\/wp-content\/uploads\/sites\/5\/2025\/02\/retirada-acacias-manga-norte-3.jpeg\" \/>\n\t<meta property=\"og:image:width\" content=\"1500\" \/>\n\t<meta property=\"og:image:height\" content=\"1125\" \/>\n\t<meta property=\"og:image:type\" content=\"image\/jpeg\" \/>\n<meta name=\"author\" content=\"alicia\" \/>\n<meta name=\"twitter:card\" content=\"summary_large_image\" \/>\n<meta name=\"twitter:creator\" content=\"@fundacionanse\" \/>\n<meta name=\"twitter:site\" content=\"@fundacionanse\" \/>\n<meta name=\"twitter:label1\" content=\"Escrito por\" \/>\n\t<meta name=\"twitter:data1\" content=\"alicia\" \/>\n\t<meta name=\"twitter:label2\" content=\"Tiempo de lectura\" \/>\n\t<meta name=\"twitter:data2\" content=\"2 minutos\" \/>\n<script type=\"application\/ld+json\" class=\"yoast-schema-graph\">{\"@context\":\"https:\/\/schema.org\",\"@graph\":[{\"@type\":\"Article\",\"@id\":\"https:\/\/www.fundacionanse.org\/resalar\/2025\/02\/26\/seguimos-trabajando-en-la-restauracion-dunar-de-la-caleta-del-estacio\/#article\",\"isPartOf\":{\"@id\":\"https:\/\/www.fundacionanse.org\/resalar\/2025\/02\/26\/seguimos-trabajando-en-la-restauracion-dunar-de-la-caleta-del-estacio\/\"},\"author\":{\"name\":\"alicia\",\"@id\":\"https:\/\/www.fundacionanse.org\/resalar\/#\/schema\/person\/825d0b66cfeac78d8671653dd99a9823\"},\"headline\":\"Seguimos trabajando en la restauraci\u00f3n dunar de la Caleta del Estacio\",\"datePublished\":\"2025-02-26T09:49:43+00:00\",\"dateModified\":\"2025-02-26T09:49:44+00:00\",\"mainEntityOfPage\":{\"@id\":\"https:\/\/www.fundacionanse.org\/resalar\/2025\/02\/26\/seguimos-trabajando-en-la-restauracion-dunar-de-la-caleta-del-estacio\/\"},\"wordCount\":380,\"publisher\":{\"@id\":\"https:\/\/www.fundacionanse.org\/resalar\/#organization\"},\"image\":{\"@id\":\"https:\/\/www.fundacionanse.org\/resalar\/2025\/02\/26\/seguimos-trabajando-en-la-restauracion-dunar-de-la-caleta-del-estacio\/#primaryimage\"},\"thumbnailUrl\":\"https:\/\/www.fundacionanse.org\/resalar\/wp-content\/uploads\/sites\/5\/2025\/02\/retirada-acacias-manga-norte-3.jpeg\",\"articleSection\":[\"Actualidad\"],\"inLanguage\":\"es\"},{\"@type\":\"WebPage\",\"@id\":\"https:\/\/www.fundacionanse.org\/resalar\/2025\/02\/26\/seguimos-trabajando-en-la-restauracion-dunar-de-la-caleta-del-estacio\/\",\"url\":\"https:\/\/www.fundacionanse.org\/resalar\/2025\/02\/26\/seguimos-trabajando-en-la-restauracion-dunar-de-la-caleta-del-estacio\/\",\"name\":\"Seguimos trabajando en la restauraci\u00f3n dunar de la Caleta del Estacio - RESALAR\",\"isPartOf\":{\"@id\":\"https:\/\/www.fundacionanse.org\/resalar\/#website\"},\"primaryImageOfPage\":{\"@id\":\"https:\/\/www.fundacionanse.org\/resalar\/2025\/02\/26\/seguimos-trabajando-en-la-restauracion-dunar-de-la-caleta-del-estacio\/#primaryimage\"},\"image\":{\"@id\":\"https:\/\/www.fundacionanse.org\/resalar\/2025\/02\/26\/seguimos-trabajando-en-la-restauracion-dunar-de-la-caleta-del-estacio\/#primaryimage\"},\"thumbnailUrl\":\"https:\/\/www.fundacionanse.org\/resalar\/wp-content\/uploads\/sites\/5\/2025\/02\/retirada-acacias-manga-norte-3.jpeg\",\"datePublished\":\"2025-02-26T09:49:43+00:00\",\"dateModified\":\"2025-02-26T09:49:44+00:00\",\"breadcrumb\":{\"@id\":\"https:\/\/www.fundacionanse.org\/resalar\/2025\/02\/26\/seguimos-trabajando-en-la-restauracion-dunar-de-la-caleta-del-estacio\/#breadcrumb\"},\"inLanguage\":\"es\",\"potentialAction\":[{\"@type\":\"ReadAction\",\"target\":[\"https:\/\/www.fundacionanse.org\/resalar\/2025\/02\/26\/seguimos-trabajando-en-la-restauracion-dunar-de-la-caleta-del-estacio\/\"]}]},{\"@type\":\"ImageObject\",\"inLanguage\":\"es\",\"@id\":\"https:\/\/www.fundacionanse.org\/resalar\/2025\/02\/26\/seguimos-trabajando-en-la-restauracion-dunar-de-la-caleta-del-estacio\/#primaryimage\",\"url\":\"https:\/\/www.fundacionanse.org\/resalar\/wp-content\/uploads\/sites\/5\/2025\/02\/retirada-acacias-manga-norte-3.jpeg\",\"contentUrl\":\"https:\/\/www.fundacionanse.org\/resalar\/wp-content\/uploads\/sites\/5\/2025\/02\/retirada-acacias-manga-norte-3.jpeg\",\"width\":1500,\"height\":1125},{\"@type\":\"BreadcrumbList\",\"@id\":\"https:\/\/www.fundacionanse.org\/resalar\/2025\/02\/26\/seguimos-trabajando-en-la-restauracion-dunar-de-la-caleta-del-estacio\/#breadcrumb\",\"itemListElement\":[{\"@type\":\"ListItem\",\"position\":1,\"name\":\"Portada\",\"item\":\"https:\/\/www.fundacionanse.org\/resalar\/\"},{\"@type\":\"ListItem\",\"position\":2,\"name\":\"Seguimos trabajando en la restauraci\u00f3n dunar de la Caleta del Estacio\"}]},{\"@type\":\"WebSite\",\"@id\":\"https:\/\/www.fundacionanse.org\/resalar\/#website\",\"url\":\"https:\/\/www.fundacionanse.org\/resalar\/\",\"name\":\"RESALAR\",\"description\":\"Regeneraci\u00f3n de salinas y arenales en el Mar Menor\",\"publisher\":{\"@id\":\"https:\/\/www.fundacionanse.org\/resalar\/#organization\"},\"potentialAction\":[{\"@type\":\"SearchAction\",\"target\":{\"@type\":\"EntryPoint\",\"urlTemplate\":\"https:\/\/www.fundacionanse.org\/resalar\/?s={search_term_string}\"},\"query-input\":{\"@type\":\"PropertyValueSpecification\",\"valueRequired\":true,\"valueName\":\"search_term_string\"}}],\"inLanguage\":\"es\"},{\"@type\":\"Organization\",\"@id\":\"https:\/\/www.fundacionanse.org\/resalar\/#organization\",\"name\":\"RESALAR\",\"url\":\"https:\/\/www.fundacionanse.org\/resalar\/\",\"logo\":{\"@type\":\"ImageObject\",\"inLanguage\":\"es\",\"@id\":\"https:\/\/www.fundacionanse.org\/resalar\/#\/schema\/logo\/image\/\",\"url\":\"https:\/\/www.fundacionanse.org\/resalar\/wp-content\/uploads\/sites\/5\/2024\/02\/resalar-web_vertical-color.svg\",\"contentUrl\":\"https:\/\/www.fundacionanse.org\/resalar\/wp-content\/uploads\/sites\/5\/2024\/02\/resalar-web_vertical-color.svg\",\"width\":168,\"height\":188,\"caption\":\"RESALAR\"},\"image\":{\"@id\":\"https:\/\/www.fundacionanse.org\/resalar\/#\/schema\/logo\/image\/\"},\"sameAs\":[\"https:\/\/www.facebook.com\/FundacionANSE\",\"https:\/\/x.com\/fundacionanse\",\"https:\/\/www.instagram.com\/fundacionanse\/\"]},{\"@type\":\"Person\",\"@id\":\"https:\/\/www.fundacionanse.org\/resalar\/#\/schema\/person\/825d0b66cfeac78d8671653dd99a9823\",\"name\":\"alicia\",\"image\":{\"@type\":\"ImageObject\",\"inLanguage\":\"es\",\"@id\":\"https:\/\/www.fundacionanse.org\/resalar\/#\/schema\/person\/image\/\",\"url\":\"https:\/\/secure.gravatar.com\/avatar\/8ea2aaa5672bd433d40f04b94a58fc94bcebbd601dd2a6a43a24e2e272228529?s=96&d=mm&r=g\",\"contentUrl\":\"https:\/\/secure.gravatar.com\/avatar\/8ea2aaa5672bd433d40f04b94a58fc94bcebbd601dd2a6a43a24e2e272228529?s=96&d=mm&r=g\",\"caption\":\"alicia\"},\"url\":\"https:\/\/www.fundacionanse.org\/resalar\/author\/alicia\/\"}]}<\/script>\n<!-- \/ Yoast SEO plugin. -->","yoast_head_json":{"title":"Seguimos trabajando en la restauraci\u00f3n dunar de la Caleta del Estacio - RESALAR","robots":{"index":"index","follow":"follow","max-snippet":"max-snippet:-1","max-image-preview":"max-image-preview:large","max-video-preview":"max-video-preview:-1"},"canonical":"https:\/\/www.fundacionanse.org\/resalar\/2025\/02\/26\/seguimos-trabajando-en-la-restauracion-dunar-de-la-caleta-del-estacio\/","og_locale":"es_ES","og_type":"article","og_title":"Seguimos trabajando en la restauraci\u00f3n dunar de la Caleta del Estacio - RESALAR","og_description":"Desde que comenz\u00f3 el proyecto Resalar, en 2021, ANSE ha estado trabajando en la restauraci\u00f3n dunar de la Caleta del Estacio, a trav\u00e9s de la eliminaci\u00f3n de las acacias que plagaban este espacio y la plantaci\u00f3n de flora t\u00edpica de las dunas. Estos incipientes cambios requieren un mantenimiento continuo, por ello, hace algunas semanas, se ... Leer m\u00e1s","og_url":"https:\/\/www.fundacionanse.org\/resalar\/2025\/02\/26\/seguimos-trabajando-en-la-restauracion-dunar-de-la-caleta-del-estacio\/","og_site_name":"RESALAR","article_publisher":"https:\/\/www.facebook.com\/FundacionANSE","article_published_time":"2025-02-26T09:49:43+00:00","article_modified_time":"2025-02-26T09:49:44+00:00","og_image":[{"width":1500,"height":1125,"url":"https:\/\/www.fundacionanse.org\/resalar\/wp-content\/uploads\/sites\/5\/2025\/02\/retirada-acacias-manga-norte-3.jpeg","type":"image\/jpeg"}],"author":"alicia","twitter_card":"summary_large_image","twitter_creator":"@fundacionanse","twitter_site":"@fundacionanse","twitter_misc":{"Escrito por":"alicia","Tiempo de lectura":"2 minutos"},"schema":{"@context":"https:\/\/schema.org","@graph":[{"@type":"Article","@id":"https:\/\/www.fundacionanse.org\/resalar\/2025\/02\/26\/seguimos-trabajando-en-la-restauracion-dunar-de-la-caleta-del-estacio\/#article","isPartOf":{"@id":"https:\/\/www.fundacionanse.org\/resalar\/2025\/02\/26\/seguimos-trabajando-en-la-restauracion-dunar-de-la-caleta-del-estacio\/"},"author":{"name":"alicia","@id":"https:\/\/www.fundacionanse.org\/resalar\/#\/schema\/person\/825d0b66cfeac78d8671653dd99a9823"},"headline":"Seguimos trabajando en la restauraci\u00f3n dunar de la Caleta del Estacio","datePublished":"2025-02-26T09:49:43+00:00","dateModified":"2025-02-26T09:49:44+00:00","mainEntityOfPage":{"@id":"https:\/\/www.fundacionanse.org\/resalar\/2025\/02\/26\/seguimos-trabajando-en-la-restauracion-dunar-de-la-caleta-del-estacio\/"},"wordCount":380,"publisher":{"@id":"https:\/\/www.fundacionanse.org\/resalar\/#organization"},"image":{"@id":"https:\/\/www.fundacionanse.org\/resalar\/2025\/02\/26\/seguimos-trabajando-en-la-restauracion-dunar-de-la-caleta-del-estacio\/#primaryimage"},"thumbnailUrl":"https:\/\/www.fundacionanse.org\/resalar\/wp-content\/uploads\/sites\/5\/2025\/02\/retirada-acacias-manga-norte-3.jpeg","articleSection":["Actualidad"],"inLanguage":"es"},{"@type":"WebPage","@id":"https:\/\/www.fundacionanse.org\/resalar\/2025\/02\/26\/seguimos-trabajando-en-la-restauracion-dunar-de-la-caleta-del-estacio\/","url":"https:\/\/www.fundacionanse.org\/resalar\/2025\/02\/26\/seguimos-trabajando-en-la-restauracion-dunar-de-la-caleta-del-estacio\/","name":"Seguimos trabajando en la restauraci\u00f3n dunar de la Caleta del Estacio - RESALAR","isPartOf":{"@id":"https:\/\/www.fundacionanse.org\/resalar\/#website"},"primaryImageOfPage":{"@id":"https:\/\/www.fundacionanse.org\/resalar\/2025\/02\/26\/seguimos-trabajando-en-la-restauracion-dunar-de-la-caleta-del-estacio\/#primaryimage"},"image":{"@id":"https:\/\/www.fundacionanse.org\/resalar\/2025\/02\/26\/seguimos-trabajando-en-la-restauracion-dunar-de-la-caleta-del-estacio\/#primaryimage"},"thumbnailUrl":"https:\/\/www.fundacionanse.org\/resalar\/wp-content\/uploads\/sites\/5\/2025\/02\/retirada-acacias-manga-norte-3.jpeg","datePublished":"2025-02-26T09:49:43+00:00","dateModified":"2025-02-26T09:49:44+00:00","breadcrumb":{"@id":"https:\/\/www.fundacionanse.org\/resalar\/2025\/02\/26\/seguimos-trabajando-en-la-restauracion-dunar-de-la-caleta-del-estacio\/#breadcrumb"},"inLanguage":"es","potentialAction":[{"@type":"ReadAction","target":["https:\/\/www.fundacionanse.org\/resalar\/2025\/02\/26\/seguimos-trabajando-en-la-restauracion-dunar-de-la-caleta-del-estacio\/"]}]},{"@type":"ImageObject","inLanguage":"es","@id":"https:\/\/www.fundacionanse.org\/resalar\/2025\/02\/26\/seguimos-trabajando-en-la-restauracion-dunar-de-la-caleta-del-estacio\/#primaryimage","url":"https:\/\/www.fundacionanse.org\/resalar\/wp-content\/uploads\/sites\/5\/2025\/02\/retirada-acacias-manga-norte-3.jpeg","contentUrl":"https:\/\/www.fundacionanse.org\/resalar\/wp-content\/uploads\/sites\/5\/2025\/02\/retirada-acacias-manga-norte-3.jpeg","width":1500,"height":1125},{"@type":"BreadcrumbList","@id":"https:\/\/www.fundacionanse.org\/resalar\/2025\/02\/26\/seguimos-trabajando-en-la-restauracion-dunar-de-la-caleta-del-estacio\/#breadcrumb","itemListElement":[{"@type":"ListItem","position":1,"name":"Portada","item":"https:\/\/www.fundacionanse.org\/resalar\/"},{"@type":"ListItem","position":2,"name":"Seguimos trabajando en la restauraci\u00f3n dunar de la Caleta del Estacio"}]},{"@type":"WebSite","@id":"https:\/\/www.fundacionanse.org\/resalar\/#website","url":"https:\/\/www.fundacionanse.org\/resalar\/","name":"RESALAR","description":"Regeneraci\u00f3n de salinas y arenales en el Mar Menor","publisher":{"@id":"https:\/\/www.fundacionanse.org\/resalar\/#organization"},"potentialAction":[{"@type":"SearchAction","target":{"@type":"EntryPoint","urlTemplate":"https:\/\/www.fundacionanse.org\/resalar\/?s={search_term_string}"},"query-input":{"@type":"PropertyValueSpecification","valueRequired":true,"valueName":"search_term_string"}}],"inLanguage":"es"},{"@type":"Organization","@id":"https:\/\/www.fundacionanse.org\/resalar\/#organization","name":"RESALAR","url":"https:\/\/www.fundacionanse.org\/resalar\/","logo":{"@type":"ImageObject","inLanguage":"es","@id":"https:\/\/www.fundacionanse.org\/resalar\/#\/schema\/logo\/image\/","url":"https:\/\/www.fundacionanse.org\/resalar\/wp-content\/uploads\/sites\/5\/2024\/02\/resalar-web_vertical-color.svg","contentUrl":"https:\/\/www.fundacionanse.org\/resalar\/wp-content\/uploads\/sites\/5\/2024\/02\/resalar-web_vertical-color.svg","width":168,"height":188,"caption":"RESALAR"},"image":{"@id":"https:\/\/www.fundacionanse.org\/resalar\/#\/schema\/logo\/image\/"},"sameAs":["https:\/\/www.facebook.com\/FundacionANSE","https:\/\/x.com\/fundacionanse","https:\/\/www.instagram.com\/fundacionanse\/"]},{"@type":"Person","@id":"https:\/\/www.fundacionanse.org\/resalar\/#\/schema\/person\/825d0b66cfeac78d8671653dd99a9823","name":"alicia","image":{"@type":"ImageObject","inLanguage":"es","@id":"https:\/\/www.fundacionanse.org\/resalar\/#\/schema\/person\/image\/","url":"https:\/\/secure.gravatar.com\/avatar\/8ea2aaa5672bd433d40f04b94a58fc94bcebbd601dd2a6a43a24e2e272228529?s=96&d=mm&r=g","contentUrl":"https:\/\/secure.gravatar.com\/avatar\/8ea2aaa5672bd433d40f04b94a58fc94bcebbd601dd2a6a43a24e2e272228529?s=96&d=mm&r=g","caption":"alicia"},"url":"https:\/\/www.fundacionanse.org\/resalar\/author\/alicia\/"}]}},"_links":{"self":[{"href":"https:\/\/www.fundacionanse.org\/resalar\/wp-json\/wp\/v2\/posts\/1070","targetHints":{"allow":["GET"]}}],"collection":[{"href":"https:\/\/www.fundacionanse.org\/resalar\/wp-json\/wp\/v2\/posts"}],"about":[{"href":"https:\/\/www.fundacionanse.org\/resalar\/wp-json\/wp\/v2\/types\/post"}],"author":[{"embeddable":true,"href":"https:\/\/www.fundacionanse.org\/resalar\/wp-json\/wp\/v2\/users\/6"}],"replies":[{"embeddable":true,"href":"https:\/\/www.fundacionanse.org\/resalar\/wp-json\/wp\/v2\/comments?post=1070"}],"version-history":[{"count":0,"href":"https:\/\/www.fundacionanse.org\/resalar\/wp-json\/wp\/v2\/posts\/1070\/revisions"}],"wp:featuredmedia":[{"embeddable":true,"href":"https:\/\/www.fundacionanse.org\/resalar\/wp-json\/wp\/v2\/media\/1072"}],"wp:attachment":[{"href":"https:\/\/www.fundacionanse.org\/resalar\/wp-json\/wp\/v2\/media?parent=1070"}],"wp:term":[{"taxonomy":"category","embeddable":true,"href":"https:\/\/www.fundacionanse.org\/resalar\/wp-json\/wp\/v2\/categories?post=1070"},{"taxonomy":"post_tag","embeddable":true,"href":"https:\/\/www.fundacionanse.org\/resalar\/wp-json\/wp\/v2\/tags?post=1070"}],"curies":[{"name":"wp","href":"https:\/\/api.w.org\/{rel}","templated":true}]}}