{"id":1073,"date":"2025-03-04T10:44:08","date_gmt":"2025-03-04T10:44:08","guid":{"rendered":"https:\/\/www.fundacionanse.org\/resalar\/?p=1073"},"modified":"2025-03-04T10:44:09","modified_gmt":"2025-03-04T10:44:09","slug":"avanzan-los-trabajos-para-soterrar-la-linea-electrica-que-atraviesa-las-salinas-de-marchamalo","status":"publish","type":"post","link":"https:\/\/www.fundacionanse.org\/resalar\/2025\/03\/04\/avanzan-los-trabajos-para-soterrar-la-linea-electrica-que-atraviesa-las-salinas-de-marchamalo\/","title":{"rendered":"Avanzan los trabajos para soterrar la l\u00ednea el\u00e9ctrica que atraviesa las Salinas de Marchamalo"},"content":{"rendered":"\n<p><strong>Las obras, desarrolladas por la empresa Iberdrola, que permitir\u00e1n la eliminaci\u00f3n de la l\u00ednea el\u00e9ctrica de media tensi\u00f3n que recorre el l\u00edmite de las urbanizaciones de La Manga y las salinas de Marchamalo comenzaron a mediados de febrero, eliminar\u00e1n un factor de riesgo y mortalidad para las aves, y tendr\u00e1n tambi\u00e9n efectos positivos en la mejora del paisaje, la calidad de vida de las personas y el turismo de la zona.<\/strong><\/p>\n\n\n\n<p>A finales de octubre de 2024, ANSE hab\u00eda solicitado formalmente tanto a Iberdrola como a la Confederaci\u00f3n Hidrogr\u00e1fica del Segura la necesidad urgente de soterrar la l\u00ednea el\u00e9ctrica que cruza el flanco nororiental de las \u201csalinas viejas\u201d de Marchamalo, en la orilla sureste del Mar Menor, y que ten\u00eda algunos de sus apoyos apuntalados para evitar su posible ca\u00edda. <a href=\"https:\/\/www.asociacionanse.org\/hallado-el-cadaver-de-una-ciguenuela-bajo-el-tendido-electrico-en-las-salinas-de-marchamalo\/20241021\/\"><strong>Dicha necesidad era a\u00fan mayor despu\u00e9s de haberse registrado en varios puntos de las salinas accidentes de aves por colisi\u00f3n contra este tendido el\u00e9ctrico. <\/strong><\/a><\/p>\n\n\n\n<p>Las aves acu\u00e1ticas que aprovechan este humedal para alimentarse o descansar durante las migraciones son especialmente vulnerables a sufrir estos accidentes, ya que la l\u00ednea el\u00e9ctrica no cuenta con ning\u00fan tipo de se\u00f1alizaci\u00f3n. La proximidad del tendido el\u00e9ctrico a las salinas, con parte del cableado sobre las mismas charcas calentadoras o cristalizadoras, constituye un obst\u00e1culo para sus movimientos, y muchas aves no los detectan cuando van en vuelo, especialmente durante la noche.<\/p>\n\n\n\n<p>Las Salinas de Marchamalo cuentan con diferentes figuras de protecci\u00f3n medioambiental: Red Natura 2000 (ZEPA y LIC), Humedal RAMSAR, Zona Especialmente Protegida de Importancia para el Mediterr\u00e1neo \u201cMar Menor y zona mediterr\u00e1nea oriental de la costa murciana\u201d y Espacio Natural Protegido de la Regi\u00f3n de Murcia \u201cEspacios Abiertos e islas del Mar Menor\u201d. Adem\u00e1s, han sido declaradas BIC (Bien de Inter\u00e9s Cultural) con categor\u00eda de Sitio Hist\u00f3rico.<\/p>\n\n\n\n<p>ANSE adquiri\u00f3 en 2019, a trav\u00e9s de su Fundaci\u00f3n, una finca contigua y la concesi\u00f3n de las denominadas salinas viejas de Cabo de Palos (Mar Menor), emprendiendo en el a\u00f1o 2022 el denominado Proyecto RESALAR, cuyo objetivo fundamental es mejorar los valores naturales y de biodiversidad de este espacio mediante la puesta en funcionamiento de forma sostenible de la actividad salinera. Entre las acciones de restauraci\u00f3n desarrolladas en las salinas viejas destaca la eliminaci\u00f3n de los elementos que \u201censuciaban\u201d el paisaje, como viejas torres y palos de la luz en desuso y rellenos de materiales diversos.<\/p>\n\n\n\n<p>Aunque a\u00fan quedan numerosas mejoras por ejecutar, ya se han reparado parte de las motas y los canales de las salinas con piedra seca, y se ha retirado el fango acumulado en parte de las charcas despu\u00e9s de unas 3 d\u00e9cadas de abandono de las salinas. Adem\u00e1s, se han restaurado las viejas naves de la antigua carpinter\u00eda y taller, adquiridas tambi\u00e9n por la Fundaci\u00f3n ANSE, y ya se han acondicionado para su uso interpretativo y apoyo a la investigaci\u00f3n de la ostra plana y la recuperaci\u00f3n de la fauna del Mar Menor. La profunda transformaci\u00f3n de este sector de las salinas culminar\u00e1 ahora con la eliminaci\u00f3n de la l\u00ednea de media tensi\u00f3n.<\/p>\n\n\n\n<p>En septiembre de 2024, gracias a la puesta en marcha de una parte del circuito salinero, se obtuvo la primera cosecha de sal despu\u00e9s de treinta a\u00f1os de abandono. El movimiento del agua a las distintas charcas de las salinas ha hecho proliferar la&nbsp;<em>artemia salina<\/em>, un peque\u00f1o crust\u00e1ceo filtrador que sirve de alimento a las aves que lasvisitan. Este hecho no ha pasado desapercibido por los flamencos y otras aves acu\u00e1ticas como gaviotas picofinas o cig\u00fce\u00f1uelas, que se alimentan estos d\u00edas en las charcas situadas junto a las naves salineras.<\/p>\n\n\n\n<figure class=\"wp-block-embed is-type-video is-provider-youtube wp-block-embed-youtube wp-embed-aspect-16-9 wp-has-aspect-ratio\"><div class=\"wp-block-embed__wrapper\">\n<iframe loading=\"lazy\" title=\"Resalar celebra el D\u00eda de los Humedales con la Artemia salina\" width=\"1200\" height=\"675\" src=\"https:\/\/www.youtube.com\/embed\/tfzdjwdjFF0?start=71&#038;feature=oembed\" frameborder=\"0\" allow=\"accelerometer; autoplay; clipboard-write; encrypted-media; gyroscope; picture-in-picture; web-share\" referrerpolicy=\"strict-origin-when-cross-origin\" allowfullscreen><\/iframe>\n<\/div><\/figure>\n\n\n\n<p>Este aumento de la biodiversidad se ver\u00e1 beneficiado por la eliminaci\u00f3n de la l\u00ednea el\u00e9ctrica, que ejecuta la empresa Iberdrola, con un importe de 350.000 \u20ac y con una longitud de 1159 m.&nbsp; Para ello ha sido necesaria la cesi\u00f3n del uso temporal de terrenos en la Estaci\u00f3n de Bombeo situada en la entrada de La Manga, por parte de la Confederaci\u00f3n Hidrogr\u00e1fica del Segura, y que son gestionados por el Ayuntamiento de Cartagena como parte del sistema de depuraci\u00f3n de aguas residuales que son trasladados a la Depuradora Sur del Mar Menor. Se instalar\u00e1 en esta estaci\u00f3n un centro de transformaci\u00f3n por parte de Iberdrola, a partir del cual la l\u00ednea ser\u00e1 enterrada, eliminando a partir de aqu\u00ed los postes que se distribuyen a lo largo de las salinas.<\/p>\n\n\n\n<p>Para ANSE, estas obras suponen otro hito importante para la recuperaci\u00f3n de la avifauna de las Salinas de Marchamalo, que podr\u00e1n disfrutar de su h\u00e1bitat con menos presiones antr\u00f3picas y cada vez m\u00e1s cercano a su estado natural.<\/p>\n\n\n\n<p>El&nbsp;<strong><a href=\"https:\/\/www.fundacionanse.org\/resalar\/proyecto-resalar\/\">proyecto Resalar<\/a><\/strong>, que coordina la Fundaci\u00f3n ANSE, y en el que participan la Asociaci\u00f3n de Naturalistas del Sureste, WWF-Espa\u00f1a y el Instituto Espa\u00f1ol de Oceanograf\u00eda, Centro Nacional de la Agencia Estatal Consejo Superior de Investigaciones Cient\u00edficas (IEO-CSIC), cuenta con el apoyo de la Fundaci\u00f3n Biodiversidad del Ministerio para la Transici\u00f3n Ecol\u00f3gica y el Reto Demogr\u00e1fico (MITECO), que aporta el 95% de la financiaci\u00f3n del proyecto, en el marco del Plan de Recuperaci\u00f3n, Transformaci\u00f3n y Resiliencia (PRTR), financiado por la Uni\u00f3n Europea \u2013 NextGenerationEU, y se encuentra vinculado al Marco de Actuaciones Prioritarias para la recuperaci\u00f3n del Mar Menor del Ministerio para la Transici\u00f3n Ecol\u00f3gica y el Reto Demogr\u00e1fico. El proyecto cuenta con la cofinanciaci\u00f3n de la Fundaci\u00f3n Estrella de Levante y con la colaboraci\u00f3n de Salinera Espa\u00f1ola y de Biocyma.<\/p>\n","protected":false},"excerpt":{"rendered":"<p>Las obras, desarrolladas por la empresa Iberdrola, que permitir\u00e1n la eliminaci\u00f3n de la l\u00ednea el\u00e9ctrica de media tensi\u00f3n que recorre el l\u00edmite de las urbanizaciones de La Manga y las salinas de Marchamalo comenzaron a mediados de febrero, eliminar\u00e1n un factor de riesgo y mortalidad para las aves, y tendr\u00e1n tambi\u00e9n efectos positivos en la &#8230; <a title=\"Avanzan los trabajos para soterrar la l\u00ednea el\u00e9ctrica que atraviesa las Salinas de Marchamalo\" class=\"read-more\" href=\"https:\/\/www.fundacionanse.org\/resalar\/2025\/03\/04\/avanzan-los-trabajos-para-soterrar-la-linea-electrica-que-atraviesa-las-salinas-de-marchamalo\/\" aria-label=\"Leer m\u00e1s sobre Avanzan los trabajos para soterrar la l\u00ednea el\u00e9ctrica que atraviesa las Salinas de Marchamalo\">Leer m\u00e1s<\/a><\/p>\n","protected":false},"author":6,"featured_media":1076,"comment_status":"closed","ping_status":"closed","sticky":false,"template":"","format":"standard","meta":{"inline_featured_image":false,"footnotes":""},"categories":[1],"tags":[],"class_list":["post-1073","post","type-post","status-publish","format-standard","has-post-thumbnail","hentry","category-actualidad","generate-columns","tablet-grid-50","mobile-grid-100","grid-parent","grid-33","resize-featured-image"],"yoast_head":"<!-- This site is optimized with the Yoast SEO plugin v26.9 - https:\/\/yoast.com\/product\/yoast-seo-wordpress\/ -->\n<title>Avanzan los trabajos para soterrar la l\u00ednea el\u00e9ctrica que atraviesa las Salinas de Marchamalo - RESALAR<\/title>\n<meta name=\"robots\" content=\"index, follow, max-snippet:-1, max-image-preview:large, max-video-preview:-1\" \/>\n<link rel=\"canonical\" href=\"https:\/\/www.fundacionanse.org\/resalar\/2025\/03\/04\/avanzan-los-trabajos-para-soterrar-la-linea-electrica-que-atraviesa-las-salinas-de-marchamalo\/\" \/>\n<meta property=\"og:locale\" content=\"es_ES\" \/>\n<meta property=\"og:type\" content=\"article\" \/>\n<meta property=\"og:title\" content=\"Avanzan los trabajos para soterrar la l\u00ednea el\u00e9ctrica que atraviesa las Salinas de Marchamalo - RESALAR\" \/>\n<meta property=\"og:description\" content=\"Las obras, desarrolladas por la empresa Iberdrola, que permitir\u00e1n la eliminaci\u00f3n de la l\u00ednea el\u00e9ctrica de media tensi\u00f3n que recorre el l\u00edmite de las urbanizaciones de La Manga y las salinas de Marchamalo comenzaron a mediados de febrero, eliminar\u00e1n un factor de riesgo y mortalidad para las aves, y tendr\u00e1n tambi\u00e9n efectos positivos en la ... Leer m\u00e1s\" \/>\n<meta property=\"og:url\" content=\"https:\/\/www.fundacionanse.org\/resalar\/2025\/03\/04\/avanzan-los-trabajos-para-soterrar-la-linea-electrica-que-atraviesa-las-salinas-de-marchamalo\/\" \/>\n<meta property=\"og:site_name\" content=\"RESALAR\" \/>\n<meta property=\"article:publisher\" content=\"https:\/\/www.facebook.com\/FundacionANSE\" \/>\n<meta property=\"article:published_time\" content=\"2025-03-04T10:44:08+00:00\" \/>\n<meta property=\"article:modified_time\" content=\"2025-03-04T10:44:09+00:00\" \/>\n<meta property=\"og:image\" content=\"https:\/\/www.fundacionanse.org\/resalar\/wp-content\/uploads\/sites\/5\/2025\/03\/Soterramiento-tendido-electrico-Marchamalo-8.jpg\" \/>\n\t<meta property=\"og:image:width\" content=\"1500\" \/>\n\t<meta property=\"og:image:height\" content=\"750\" \/>\n\t<meta property=\"og:image:type\" content=\"image\/jpeg\" \/>\n<meta name=\"author\" content=\"alicia\" \/>\n<meta name=\"twitter:card\" content=\"summary_large_image\" \/>\n<meta name=\"twitter:creator\" content=\"@fundacionanse\" \/>\n<meta name=\"twitter:site\" content=\"@fundacionanse\" \/>\n<meta name=\"twitter:label1\" content=\"Escrito por\" \/>\n\t<meta name=\"twitter:data1\" content=\"alicia\" \/>\n\t<meta name=\"twitter:label2\" content=\"Tiempo de lectura\" \/>\n\t<meta name=\"twitter:data2\" content=\"5 minutos\" \/>\n<script type=\"application\/ld+json\" class=\"yoast-schema-graph\">{\"@context\":\"https:\/\/schema.org\",\"@graph\":[{\"@type\":\"Article\",\"@id\":\"https:\/\/www.fundacionanse.org\/resalar\/2025\/03\/04\/avanzan-los-trabajos-para-soterrar-la-linea-electrica-que-atraviesa-las-salinas-de-marchamalo\/#article\",\"isPartOf\":{\"@id\":\"https:\/\/www.fundacionanse.org\/resalar\/2025\/03\/04\/avanzan-los-trabajos-para-soterrar-la-linea-electrica-que-atraviesa-las-salinas-de-marchamalo\/\"},\"author\":{\"name\":\"alicia\",\"@id\":\"https:\/\/www.fundacionanse.org\/resalar\/#\/schema\/person\/825d0b66cfeac78d8671653dd99a9823\"},\"headline\":\"Avanzan los trabajos para soterrar la l\u00ednea el\u00e9ctrica que atraviesa las Salinas de Marchamalo\",\"datePublished\":\"2025-03-04T10:44:08+00:00\",\"dateModified\":\"2025-03-04T10:44:09+00:00\",\"mainEntityOfPage\":{\"@id\":\"https:\/\/www.fundacionanse.org\/resalar\/2025\/03\/04\/avanzan-los-trabajos-para-soterrar-la-linea-electrica-que-atraviesa-las-salinas-de-marchamalo\/\"},\"wordCount\":1010,\"publisher\":{\"@id\":\"https:\/\/www.fundacionanse.org\/resalar\/#organization\"},\"image\":{\"@id\":\"https:\/\/www.fundacionanse.org\/resalar\/2025\/03\/04\/avanzan-los-trabajos-para-soterrar-la-linea-electrica-que-atraviesa-las-salinas-de-marchamalo\/#primaryimage\"},\"thumbnailUrl\":\"https:\/\/www.fundacionanse.org\/resalar\/wp-content\/uploads\/sites\/5\/2025\/03\/Soterramiento-tendido-electrico-Marchamalo-8.jpg\",\"articleSection\":[\"Actualidad\"],\"inLanguage\":\"es\"},{\"@type\":\"WebPage\",\"@id\":\"https:\/\/www.fundacionanse.org\/resalar\/2025\/03\/04\/avanzan-los-trabajos-para-soterrar-la-linea-electrica-que-atraviesa-las-salinas-de-marchamalo\/\",\"url\":\"https:\/\/www.fundacionanse.org\/resalar\/2025\/03\/04\/avanzan-los-trabajos-para-soterrar-la-linea-electrica-que-atraviesa-las-salinas-de-marchamalo\/\",\"name\":\"Avanzan los trabajos para soterrar la l\u00ednea el\u00e9ctrica que atraviesa las Salinas de Marchamalo - RESALAR\",\"isPartOf\":{\"@id\":\"https:\/\/www.fundacionanse.org\/resalar\/#website\"},\"primaryImageOfPage\":{\"@id\":\"https:\/\/www.fundacionanse.org\/resalar\/2025\/03\/04\/avanzan-los-trabajos-para-soterrar-la-linea-electrica-que-atraviesa-las-salinas-de-marchamalo\/#primaryimage\"},\"image\":{\"@id\":\"https:\/\/www.fundacionanse.org\/resalar\/2025\/03\/04\/avanzan-los-trabajos-para-soterrar-la-linea-electrica-que-atraviesa-las-salinas-de-marchamalo\/#primaryimage\"},\"thumbnailUrl\":\"https:\/\/www.fundacionanse.org\/resalar\/wp-content\/uploads\/sites\/5\/2025\/03\/Soterramiento-tendido-electrico-Marchamalo-8.jpg\",\"datePublished\":\"2025-03-04T10:44:08+00:00\",\"dateModified\":\"2025-03-04T10:44:09+00:00\",\"breadcrumb\":{\"@id\":\"https:\/\/www.fundacionanse.org\/resalar\/2025\/03\/04\/avanzan-los-trabajos-para-soterrar-la-linea-electrica-que-atraviesa-las-salinas-de-marchamalo\/#breadcrumb\"},\"inLanguage\":\"es\",\"potentialAction\":[{\"@type\":\"ReadAction\",\"target\":[\"https:\/\/www.fundacionanse.org\/resalar\/2025\/03\/04\/avanzan-los-trabajos-para-soterrar-la-linea-electrica-que-atraviesa-las-salinas-de-marchamalo\/\"]}]},{\"@type\":\"ImageObject\",\"inLanguage\":\"es\",\"@id\":\"https:\/\/www.fundacionanse.org\/resalar\/2025\/03\/04\/avanzan-los-trabajos-para-soterrar-la-linea-electrica-que-atraviesa-las-salinas-de-marchamalo\/#primaryimage\",\"url\":\"https:\/\/www.fundacionanse.org\/resalar\/wp-content\/uploads\/sites\/5\/2025\/03\/Soterramiento-tendido-electrico-Marchamalo-8.jpg\",\"contentUrl\":\"https:\/\/www.fundacionanse.org\/resalar\/wp-content\/uploads\/sites\/5\/2025\/03\/Soterramiento-tendido-electrico-Marchamalo-8.jpg\",\"width\":1500,\"height\":750},{\"@type\":\"BreadcrumbList\",\"@id\":\"https:\/\/www.fundacionanse.org\/resalar\/2025\/03\/04\/avanzan-los-trabajos-para-soterrar-la-linea-electrica-que-atraviesa-las-salinas-de-marchamalo\/#breadcrumb\",\"itemListElement\":[{\"@type\":\"ListItem\",\"position\":1,\"name\":\"Portada\",\"item\":\"https:\/\/www.fundacionanse.org\/resalar\/\"},{\"@type\":\"ListItem\",\"position\":2,\"name\":\"Avanzan los trabajos para soterrar la l\u00ednea el\u00e9ctrica que atraviesa las Salinas de Marchamalo\"}]},{\"@type\":\"WebSite\",\"@id\":\"https:\/\/www.fundacionanse.org\/resalar\/#website\",\"url\":\"https:\/\/www.fundacionanse.org\/resalar\/\",\"name\":\"RESALAR\",\"description\":\"Regeneraci\u00f3n de salinas y arenales en el Mar Menor\",\"publisher\":{\"@id\":\"https:\/\/www.fundacionanse.org\/resalar\/#organization\"},\"potentialAction\":[{\"@type\":\"SearchAction\",\"target\":{\"@type\":\"EntryPoint\",\"urlTemplate\":\"https:\/\/www.fundacionanse.org\/resalar\/?s={search_term_string}\"},\"query-input\":{\"@type\":\"PropertyValueSpecification\",\"valueRequired\":true,\"valueName\":\"search_term_string\"}}],\"inLanguage\":\"es\"},{\"@type\":\"Organization\",\"@id\":\"https:\/\/www.fundacionanse.org\/resalar\/#organization\",\"name\":\"RESALAR\",\"url\":\"https:\/\/www.fundacionanse.org\/resalar\/\",\"logo\":{\"@type\":\"ImageObject\",\"inLanguage\":\"es\",\"@id\":\"https:\/\/www.fundacionanse.org\/resalar\/#\/schema\/logo\/image\/\",\"url\":\"https:\/\/www.fundacionanse.org\/resalar\/wp-content\/uploads\/sites\/5\/2024\/02\/resalar-web_vertical-color.svg\",\"contentUrl\":\"https:\/\/www.fundacionanse.org\/resalar\/wp-content\/uploads\/sites\/5\/2024\/02\/resalar-web_vertical-color.svg\",\"width\":168,\"height\":188,\"caption\":\"RESALAR\"},\"image\":{\"@id\":\"https:\/\/www.fundacionanse.org\/resalar\/#\/schema\/logo\/image\/\"},\"sameAs\":[\"https:\/\/www.facebook.com\/FundacionANSE\",\"https:\/\/x.com\/fundacionanse\",\"https:\/\/www.instagram.com\/fundacionanse\/\"]},{\"@type\":\"Person\",\"@id\":\"https:\/\/www.fundacionanse.org\/resalar\/#\/schema\/person\/825d0b66cfeac78d8671653dd99a9823\",\"name\":\"alicia\",\"image\":{\"@type\":\"ImageObject\",\"inLanguage\":\"es\",\"@id\":\"https:\/\/www.fundacionanse.org\/resalar\/#\/schema\/person\/image\/\",\"url\":\"https:\/\/secure.gravatar.com\/avatar\/8ea2aaa5672bd433d40f04b94a58fc94bcebbd601dd2a6a43a24e2e272228529?s=96&d=mm&r=g\",\"contentUrl\":\"https:\/\/secure.gravatar.com\/avatar\/8ea2aaa5672bd433d40f04b94a58fc94bcebbd601dd2a6a43a24e2e272228529?s=96&d=mm&r=g\",\"caption\":\"alicia\"},\"url\":\"https:\/\/www.fundacionanse.org\/resalar\/author\/alicia\/\"}]}<\/script>\n<!-- \/ Yoast SEO plugin. -->","yoast_head_json":{"title":"Avanzan los trabajos para soterrar la l\u00ednea el\u00e9ctrica que atraviesa las Salinas de Marchamalo - RESALAR","robots":{"index":"index","follow":"follow","max-snippet":"max-snippet:-1","max-image-preview":"max-image-preview:large","max-video-preview":"max-video-preview:-1"},"canonical":"https:\/\/www.fundacionanse.org\/resalar\/2025\/03\/04\/avanzan-los-trabajos-para-soterrar-la-linea-electrica-que-atraviesa-las-salinas-de-marchamalo\/","og_locale":"es_ES","og_type":"article","og_title":"Avanzan los trabajos para soterrar la l\u00ednea el\u00e9ctrica que atraviesa las Salinas de Marchamalo - RESALAR","og_description":"Las obras, desarrolladas por la empresa Iberdrola, que permitir\u00e1n la eliminaci\u00f3n de la l\u00ednea el\u00e9ctrica de media tensi\u00f3n que recorre el l\u00edmite de las urbanizaciones de La Manga y las salinas de Marchamalo comenzaron a mediados de febrero, eliminar\u00e1n un factor de riesgo y mortalidad para las aves, y tendr\u00e1n tambi\u00e9n efectos positivos en la ... Leer m\u00e1s","og_url":"https:\/\/www.fundacionanse.org\/resalar\/2025\/03\/04\/avanzan-los-trabajos-para-soterrar-la-linea-electrica-que-atraviesa-las-salinas-de-marchamalo\/","og_site_name":"RESALAR","article_publisher":"https:\/\/www.facebook.com\/FundacionANSE","article_published_time":"2025-03-04T10:44:08+00:00","article_modified_time":"2025-03-04T10:44:09+00:00","og_image":[{"width":1500,"height":750,"url":"https:\/\/www.fundacionanse.org\/resalar\/wp-content\/uploads\/sites\/5\/2025\/03\/Soterramiento-tendido-electrico-Marchamalo-8.jpg","type":"image\/jpeg"}],"author":"alicia","twitter_card":"summary_large_image","twitter_creator":"@fundacionanse","twitter_site":"@fundacionanse","twitter_misc":{"Escrito por":"alicia","Tiempo de lectura":"5 minutos"},"schema":{"@context":"https:\/\/schema.org","@graph":[{"@type":"Article","@id":"https:\/\/www.fundacionanse.org\/resalar\/2025\/03\/04\/avanzan-los-trabajos-para-soterrar-la-linea-electrica-que-atraviesa-las-salinas-de-marchamalo\/#article","isPartOf":{"@id":"https:\/\/www.fundacionanse.org\/resalar\/2025\/03\/04\/avanzan-los-trabajos-para-soterrar-la-linea-electrica-que-atraviesa-las-salinas-de-marchamalo\/"},"author":{"name":"alicia","@id":"https:\/\/www.fundacionanse.org\/resalar\/#\/schema\/person\/825d0b66cfeac78d8671653dd99a9823"},"headline":"Avanzan los trabajos para soterrar la l\u00ednea el\u00e9ctrica que atraviesa las Salinas de Marchamalo","datePublished":"2025-03-04T10:44:08+00:00","dateModified":"2025-03-04T10:44:09+00:00","mainEntityOfPage":{"@id":"https:\/\/www.fundacionanse.org\/resalar\/2025\/03\/04\/avanzan-los-trabajos-para-soterrar-la-linea-electrica-que-atraviesa-las-salinas-de-marchamalo\/"},"wordCount":1010,"publisher":{"@id":"https:\/\/www.fundacionanse.org\/resalar\/#organization"},"image":{"@id":"https:\/\/www.fundacionanse.org\/resalar\/2025\/03\/04\/avanzan-los-trabajos-para-soterrar-la-linea-electrica-que-atraviesa-las-salinas-de-marchamalo\/#primaryimage"},"thumbnailUrl":"https:\/\/www.fundacionanse.org\/resalar\/wp-content\/uploads\/sites\/5\/2025\/03\/Soterramiento-tendido-electrico-Marchamalo-8.jpg","articleSection":["Actualidad"],"inLanguage":"es"},{"@type":"WebPage","@id":"https:\/\/www.fundacionanse.org\/resalar\/2025\/03\/04\/avanzan-los-trabajos-para-soterrar-la-linea-electrica-que-atraviesa-las-salinas-de-marchamalo\/","url":"https:\/\/www.fundacionanse.org\/resalar\/2025\/03\/04\/avanzan-los-trabajos-para-soterrar-la-linea-electrica-que-atraviesa-las-salinas-de-marchamalo\/","name":"Avanzan los trabajos para soterrar la l\u00ednea el\u00e9ctrica que atraviesa las Salinas de Marchamalo - RESALAR","isPartOf":{"@id":"https:\/\/www.fundacionanse.org\/resalar\/#website"},"primaryImageOfPage":{"@id":"https:\/\/www.fundacionanse.org\/resalar\/2025\/03\/04\/avanzan-los-trabajos-para-soterrar-la-linea-electrica-que-atraviesa-las-salinas-de-marchamalo\/#primaryimage"},"image":{"@id":"https:\/\/www.fundacionanse.org\/resalar\/2025\/03\/04\/avanzan-los-trabajos-para-soterrar-la-linea-electrica-que-atraviesa-las-salinas-de-marchamalo\/#primaryimage"},"thumbnailUrl":"https:\/\/www.fundacionanse.org\/resalar\/wp-content\/uploads\/sites\/5\/2025\/03\/Soterramiento-tendido-electrico-Marchamalo-8.jpg","datePublished":"2025-03-04T10:44:08+00:00","dateModified":"2025-03-04T10:44:09+00:00","breadcrumb":{"@id":"https:\/\/www.fundacionanse.org\/resalar\/2025\/03\/04\/avanzan-los-trabajos-para-soterrar-la-linea-electrica-que-atraviesa-las-salinas-de-marchamalo\/#breadcrumb"},"inLanguage":"es","potentialAction":[{"@type":"ReadAction","target":["https:\/\/www.fundacionanse.org\/resalar\/2025\/03\/04\/avanzan-los-trabajos-para-soterrar-la-linea-electrica-que-atraviesa-las-salinas-de-marchamalo\/"]}]},{"@type":"ImageObject","inLanguage":"es","@id":"https:\/\/www.fundacionanse.org\/resalar\/2025\/03\/04\/avanzan-los-trabajos-para-soterrar-la-linea-electrica-que-atraviesa-las-salinas-de-marchamalo\/#primaryimage","url":"https:\/\/www.fundacionanse.org\/resalar\/wp-content\/uploads\/sites\/5\/2025\/03\/Soterramiento-tendido-electrico-Marchamalo-8.jpg","contentUrl":"https:\/\/www.fundacionanse.org\/resalar\/wp-content\/uploads\/sites\/5\/2025\/03\/Soterramiento-tendido-electrico-Marchamalo-8.jpg","width":1500,"height":750},{"@type":"BreadcrumbList","@id":"https:\/\/www.fundacionanse.org\/resalar\/2025\/03\/04\/avanzan-los-trabajos-para-soterrar-la-linea-electrica-que-atraviesa-las-salinas-de-marchamalo\/#breadcrumb","itemListElement":[{"@type":"ListItem","position":1,"name":"Portada","item":"https:\/\/www.fundacionanse.org\/resalar\/"},{"@type":"ListItem","position":2,"name":"Avanzan los trabajos para soterrar la l\u00ednea el\u00e9ctrica que atraviesa las Salinas de Marchamalo"}]},{"@type":"WebSite","@id":"https:\/\/www.fundacionanse.org\/resalar\/#website","url":"https:\/\/www.fundacionanse.org\/resalar\/","name":"RESALAR","description":"Regeneraci\u00f3n de salinas y arenales en el Mar Menor","publisher":{"@id":"https:\/\/www.fundacionanse.org\/resalar\/#organization"},"potentialAction":[{"@type":"SearchAction","target":{"@type":"EntryPoint","urlTemplate":"https:\/\/www.fundacionanse.org\/resalar\/?s={search_term_string}"},"query-input":{"@type":"PropertyValueSpecification","valueRequired":true,"valueName":"search_term_string"}}],"inLanguage":"es"},{"@type":"Organization","@id":"https:\/\/www.fundacionanse.org\/resalar\/#organization","name":"RESALAR","url":"https:\/\/www.fundacionanse.org\/resalar\/","logo":{"@type":"ImageObject","inLanguage":"es","@id":"https:\/\/www.fundacionanse.org\/resalar\/#\/schema\/logo\/image\/","url":"https:\/\/www.fundacionanse.org\/resalar\/wp-content\/uploads\/sites\/5\/2024\/02\/resalar-web_vertical-color.svg","contentUrl":"https:\/\/www.fundacionanse.org\/resalar\/wp-content\/uploads\/sites\/5\/2024\/02\/resalar-web_vertical-color.svg","width":168,"height":188,"caption":"RESALAR"},"image":{"@id":"https:\/\/www.fundacionanse.org\/resalar\/#\/schema\/logo\/image\/"},"sameAs":["https:\/\/www.facebook.com\/FundacionANSE","https:\/\/x.com\/fundacionanse","https:\/\/www.instagram.com\/fundacionanse\/"]},{"@type":"Person","@id":"https:\/\/www.fundacionanse.org\/resalar\/#\/schema\/person\/825d0b66cfeac78d8671653dd99a9823","name":"alicia","image":{"@type":"ImageObject","inLanguage":"es","@id":"https:\/\/www.fundacionanse.org\/resalar\/#\/schema\/person\/image\/","url":"https:\/\/secure.gravatar.com\/avatar\/8ea2aaa5672bd433d40f04b94a58fc94bcebbd601dd2a6a43a24e2e272228529?s=96&d=mm&r=g","contentUrl":"https:\/\/secure.gravatar.com\/avatar\/8ea2aaa5672bd433d40f04b94a58fc94bcebbd601dd2a6a43a24e2e272228529?s=96&d=mm&r=g","caption":"alicia"},"url":"https:\/\/www.fundacionanse.org\/resalar\/author\/alicia\/"}]}},"_links":{"self":[{"href":"https:\/\/www.fundacionanse.org\/resalar\/wp-json\/wp\/v2\/posts\/1073","targetHints":{"allow":["GET"]}}],"collection":[{"href":"https:\/\/www.fundacionanse.org\/resalar\/wp-json\/wp\/v2\/posts"}],"about":[{"href":"https:\/\/www.fundacionanse.org\/resalar\/wp-json\/wp\/v2\/types\/post"}],"author":[{"embeddable":true,"href":"https:\/\/www.fundacionanse.org\/resalar\/wp-json\/wp\/v2\/users\/6"}],"replies":[{"embeddable":true,"href":"https:\/\/www.fundacionanse.org\/resalar\/wp-json\/wp\/v2\/comments?post=1073"}],"version-history":[{"count":0,"href":"https:\/\/www.fundacionanse.org\/resalar\/wp-json\/wp\/v2\/posts\/1073\/revisions"}],"wp:featuredmedia":[{"embeddable":true,"href":"https:\/\/www.fundacionanse.org\/resalar\/wp-json\/wp\/v2\/media\/1076"}],"wp:attachment":[{"href":"https:\/\/www.fundacionanse.org\/resalar\/wp-json\/wp\/v2\/media?parent=1073"}],"wp:term":[{"taxonomy":"category","embeddable":true,"href":"https:\/\/www.fundacionanse.org\/resalar\/wp-json\/wp\/v2\/categories?post=1073"},{"taxonomy":"post_tag","embeddable":true,"href":"https:\/\/www.fundacionanse.org\/resalar\/wp-json\/wp\/v2\/tags?post=1073"}],"curies":[{"name":"wp","href":"https:\/\/api.w.org\/{rel}","templated":true}]}}