{"id":1088,"date":"2025-03-18T08:51:33","date_gmt":"2025-03-18T08:51:33","guid":{"rendered":"https:\/\/www.fundacionanse.org\/resalar\/?p=1088"},"modified":"2025-03-18T08:52:17","modified_gmt":"2025-03-18T08:52:17","slug":"presentamos-un-nuevo-video-del-proyecto-resalar-sobre-el-cultivo-de-ostra-plana","status":"publish","type":"post","link":"https:\/\/www.fundacionanse.org\/resalar\/2025\/03\/18\/presentamos-un-nuevo-video-del-proyecto-resalar-sobre-el-cultivo-de-ostra-plana\/","title":{"rendered":"Presentamos un nuevo v\u00eddeo del proyecto Resalar sobre el cultivo de ostra plana"},"content":{"rendered":"\n<p>Estrenamos un nuevo v\u00eddeo de Resalar, centrado en una de las actuaciones del proyecto, el cultivo de la ostra plana <em>(Ostrea edulis).<\/em><\/p>\n\n\n\n<p>La mediterraneizaci\u00f3n del Mar Menor en los a\u00f1os 80, favoreci\u00f3 la colonizaci\u00f3n de la laguna por parte de diversas especies procedentes del Mediterr\u00e1neo, entre ellas bivalvos como la ostra plana y la nacra, que lograron formar grandes concentraciones, consiguiendo filtrar el agua del Mar Menor cada dos meses, seg\u00fan los expertos.<\/p>\n\n\n\n<p>En 2016, la eutrofizaci\u00f3n de la laguna evidenci\u00f3 la necesidad urgente de limpiar sus aguas. Como respuesta, se desarroll\u00f3 un prototipo basado en ostras para mejorar su calidad.<\/p>\n\n\n\n<p>Este documental explora en profundidad este proceso y los servicios ecosist\u00e9micos que aportan al ecosistema marino las ostras.<\/p>\n\n\n\n<figure class=\"wp-block-embed is-type-video is-provider-youtube wp-block-embed-youtube wp-embed-aspect-16-9 wp-has-aspect-ratio\"><div class=\"wp-block-embed__wrapper\">\n<iframe loading=\"lazy\" title=\"Cultivo de la ostra plana del Mar Menor (Resalar)\" width=\"1200\" height=\"675\" src=\"https:\/\/www.youtube.com\/embed\/LqcMWGzZHIY?feature=oembed\" frameborder=\"0\" allow=\"accelerometer; autoplay; clipboard-write; encrypted-media; gyroscope; picture-in-picture; web-share\" referrerpolicy=\"strict-origin-when-cross-origin\" allowfullscreen><\/iframe>\n<\/div><\/figure>\n\n\n\n<p>El&nbsp;<a href=\"https:\/\/www.fundacionanse.org\/resalar\/proyecto-resalar\/\"><strong>proyecto&nbsp;RESALAR<\/strong><\/a><strong>&nbsp;<\/strong>tiene el objetivo de regenerar espacios del litoral del Mar Menor&nbsp;y su biodiversidad para fortalecer la resiliencia del litoral frente al cambio clim\u00e1tico y mejorar e incrementar los servicios ecosist\u00e9micos que proveen a la sociedad.<\/p>\n\n\n\n<p>Este proyecto, que coordina la&nbsp;Fundaci\u00f3n ANSE, y en el que participan la&nbsp;Asociaci\u00f3n de Naturalistas del Sureste,&nbsp;WWF-Espa\u00f1a&nbsp;y el&nbsp;Instituto Espa\u00f1ol de Oceanograf\u00eda,&nbsp;Centro Nacional de la Agencia Estatal Consejo Superior de Investigaciones Cient\u00edficas (IEO-CSIC), cuenta con el apoyo de la&nbsp;Fundaci\u00f3n Biodiversidad&nbsp;del Ministerio para la Transici\u00f3n Ecol\u00f3gica y el Reto Demogr\u00e1fico (MITECO), que aporta el 95% de la financiaci\u00f3n del proyecto, en el marco del Plan de Recuperaci\u00f3n, Transformaci\u00f3n y Resiliencia (PRTR), financiado por la Uni\u00f3n Europea \u2013 NextGenerationEU, y se encuentra vinculado al&nbsp;Marco de Actuaciones Prioritarias para la recuperaci\u00f3n del Mar Menor&nbsp;del Ministerio para la Transici\u00f3n Ecol\u00f3gica y el Reto Demogr\u00e1fico. El proyecto cuenta con la cofinanciaci\u00f3n de la&nbsp;Fundaci\u00f3n Estrella de Levante&nbsp;y con la colaboraci\u00f3n de&nbsp;Salinera Espa\u00f1ola&nbsp;y de&nbsp;Biocyma.<\/p>\n","protected":false},"excerpt":{"rendered":"<p>Estrenamos un nuevo v\u00eddeo de Resalar, centrado en una de las actuaciones del proyecto, el cultivo de la ostra plana (Ostrea edulis). La mediterraneizaci\u00f3n del Mar Menor en los a\u00f1os 80, favoreci\u00f3 la colonizaci\u00f3n de la laguna por parte de diversas especies procedentes del Mediterr\u00e1neo, entre ellas bivalvos como la ostra plana y la nacra, &#8230; <a title=\"Presentamos un nuevo v\u00eddeo del proyecto Resalar sobre el cultivo de ostra plana\" class=\"read-more\" href=\"https:\/\/www.fundacionanse.org\/resalar\/2025\/03\/18\/presentamos-un-nuevo-video-del-proyecto-resalar-sobre-el-cultivo-de-ostra-plana\/\" aria-label=\"Leer m\u00e1s sobre Presentamos un nuevo v\u00eddeo del proyecto Resalar sobre el cultivo de ostra plana\">Leer m\u00e1s<\/a><\/p>\n","protected":false},"author":6,"featured_media":1090,"comment_status":"closed","ping_status":"closed","sticky":false,"template":"","format":"standard","meta":{"inline_featured_image":false,"footnotes":""},"categories":[1],"tags":[],"class_list":["post-1088","post","type-post","status-publish","format-standard","has-post-thumbnail","hentry","category-actualidad","generate-columns","tablet-grid-50","mobile-grid-100","grid-parent","grid-33","resize-featured-image"],"yoast_head":"<!-- This site is optimized with the Yoast SEO plugin v26.9 - https:\/\/yoast.com\/product\/yoast-seo-wordpress\/ -->\n<title>Presentamos un nuevo v\u00eddeo del proyecto Resalar sobre el cultivo de ostra plana - RESALAR<\/title>\n<meta name=\"robots\" content=\"index, follow, max-snippet:-1, max-image-preview:large, max-video-preview:-1\" \/>\n<link rel=\"canonical\" href=\"https:\/\/www.fundacionanse.org\/resalar\/2025\/03\/18\/presentamos-un-nuevo-video-del-proyecto-resalar-sobre-el-cultivo-de-ostra-plana\/\" \/>\n<meta property=\"og:locale\" content=\"es_ES\" \/>\n<meta property=\"og:type\" content=\"article\" \/>\n<meta property=\"og:title\" content=\"Presentamos un nuevo v\u00eddeo del proyecto Resalar sobre el cultivo de ostra plana - RESALAR\" \/>\n<meta property=\"og:description\" content=\"Estrenamos un nuevo v\u00eddeo de Resalar, centrado en una de las actuaciones del proyecto, el cultivo de la ostra plana (Ostrea edulis). La mediterraneizaci\u00f3n del Mar Menor en los a\u00f1os 80, favoreci\u00f3 la colonizaci\u00f3n de la laguna por parte de diversas especies procedentes del Mediterr\u00e1neo, entre ellas bivalvos como la ostra plana y la nacra, ... Leer m\u00e1s\" \/>\n<meta property=\"og:url\" content=\"https:\/\/www.fundacionanse.org\/resalar\/2025\/03\/18\/presentamos-un-nuevo-video-del-proyecto-resalar-sobre-el-cultivo-de-ostra-plana\/\" \/>\n<meta property=\"og:site_name\" content=\"RESALAR\" \/>\n<meta property=\"article:publisher\" content=\"https:\/\/www.facebook.com\/FundacionANSE\" \/>\n<meta property=\"article:published_time\" content=\"2025-03-18T08:51:33+00:00\" \/>\n<meta property=\"article:modified_time\" content=\"2025-03-18T08:52:17+00:00\" \/>\n<meta property=\"og:image\" content=\"https:\/\/www.fundacionanse.org\/resalar\/wp-content\/uploads\/sites\/5\/2025\/03\/proyecto_remedios.jpg\" \/>\n\t<meta property=\"og:image:width\" content=\"1200\" \/>\n\t<meta property=\"og:image:height\" content=\"686\" \/>\n\t<meta property=\"og:image:type\" content=\"image\/jpeg\" \/>\n<meta name=\"author\" content=\"alicia\" \/>\n<meta name=\"twitter:card\" content=\"summary_large_image\" \/>\n<meta name=\"twitter:creator\" content=\"@fundacionanse\" \/>\n<meta name=\"twitter:site\" content=\"@fundacionanse\" \/>\n<meta name=\"twitter:label1\" content=\"Escrito por\" \/>\n\t<meta name=\"twitter:data1\" content=\"alicia\" \/>\n\t<meta name=\"twitter:label2\" content=\"Tiempo de lectura\" \/>\n\t<meta name=\"twitter:data2\" content=\"2 minutos\" \/>\n<script type=\"application\/ld+json\" class=\"yoast-schema-graph\">{\"@context\":\"https:\/\/schema.org\",\"@graph\":[{\"@type\":\"Article\",\"@id\":\"https:\/\/www.fundacionanse.org\/resalar\/2025\/03\/18\/presentamos-un-nuevo-video-del-proyecto-resalar-sobre-el-cultivo-de-ostra-plana\/#article\",\"isPartOf\":{\"@id\":\"https:\/\/www.fundacionanse.org\/resalar\/2025\/03\/18\/presentamos-un-nuevo-video-del-proyecto-resalar-sobre-el-cultivo-de-ostra-plana\/\"},\"author\":{\"name\":\"alicia\",\"@id\":\"https:\/\/www.fundacionanse.org\/resalar\/#\/schema\/person\/825d0b66cfeac78d8671653dd99a9823\"},\"headline\":\"Presentamos un nuevo v\u00eddeo del proyecto Resalar sobre el cultivo de ostra plana\",\"datePublished\":\"2025-03-18T08:51:33+00:00\",\"dateModified\":\"2025-03-18T08:52:17+00:00\",\"mainEntityOfPage\":{\"@id\":\"https:\/\/www.fundacionanse.org\/resalar\/2025\/03\/18\/presentamos-un-nuevo-video-del-proyecto-resalar-sobre-el-cultivo-de-ostra-plana\/\"},\"wordCount\":356,\"publisher\":{\"@id\":\"https:\/\/www.fundacionanse.org\/resalar\/#organization\"},\"image\":{\"@id\":\"https:\/\/www.fundacionanse.org\/resalar\/2025\/03\/18\/presentamos-un-nuevo-video-del-proyecto-resalar-sobre-el-cultivo-de-ostra-plana\/#primaryimage\"},\"thumbnailUrl\":\"https:\/\/www.fundacionanse.org\/resalar\/wp-content\/uploads\/sites\/5\/2025\/03\/proyecto_remedios.jpg\",\"articleSection\":[\"Actualidad\"],\"inLanguage\":\"es\"},{\"@type\":\"WebPage\",\"@id\":\"https:\/\/www.fundacionanse.org\/resalar\/2025\/03\/18\/presentamos-un-nuevo-video-del-proyecto-resalar-sobre-el-cultivo-de-ostra-plana\/\",\"url\":\"https:\/\/www.fundacionanse.org\/resalar\/2025\/03\/18\/presentamos-un-nuevo-video-del-proyecto-resalar-sobre-el-cultivo-de-ostra-plana\/\",\"name\":\"Presentamos un nuevo v\u00eddeo del proyecto Resalar sobre el cultivo de ostra plana - RESALAR\",\"isPartOf\":{\"@id\":\"https:\/\/www.fundacionanse.org\/resalar\/#website\"},\"primaryImageOfPage\":{\"@id\":\"https:\/\/www.fundacionanse.org\/resalar\/2025\/03\/18\/presentamos-un-nuevo-video-del-proyecto-resalar-sobre-el-cultivo-de-ostra-plana\/#primaryimage\"},\"image\":{\"@id\":\"https:\/\/www.fundacionanse.org\/resalar\/2025\/03\/18\/presentamos-un-nuevo-video-del-proyecto-resalar-sobre-el-cultivo-de-ostra-plana\/#primaryimage\"},\"thumbnailUrl\":\"https:\/\/www.fundacionanse.org\/resalar\/wp-content\/uploads\/sites\/5\/2025\/03\/proyecto_remedios.jpg\",\"datePublished\":\"2025-03-18T08:51:33+00:00\",\"dateModified\":\"2025-03-18T08:52:17+00:00\",\"breadcrumb\":{\"@id\":\"https:\/\/www.fundacionanse.org\/resalar\/2025\/03\/18\/presentamos-un-nuevo-video-del-proyecto-resalar-sobre-el-cultivo-de-ostra-plana\/#breadcrumb\"},\"inLanguage\":\"es\",\"potentialAction\":[{\"@type\":\"ReadAction\",\"target\":[\"https:\/\/www.fundacionanse.org\/resalar\/2025\/03\/18\/presentamos-un-nuevo-video-del-proyecto-resalar-sobre-el-cultivo-de-ostra-plana\/\"]}]},{\"@type\":\"ImageObject\",\"inLanguage\":\"es\",\"@id\":\"https:\/\/www.fundacionanse.org\/resalar\/2025\/03\/18\/presentamos-un-nuevo-video-del-proyecto-resalar-sobre-el-cultivo-de-ostra-plana\/#primaryimage\",\"url\":\"https:\/\/www.fundacionanse.org\/resalar\/wp-content\/uploads\/sites\/5\/2025\/03\/proyecto_remedios.jpg\",\"contentUrl\":\"https:\/\/www.fundacionanse.org\/resalar\/wp-content\/uploads\/sites\/5\/2025\/03\/proyecto_remedios.jpg\",\"width\":1200,\"height\":686},{\"@type\":\"BreadcrumbList\",\"@id\":\"https:\/\/www.fundacionanse.org\/resalar\/2025\/03\/18\/presentamos-un-nuevo-video-del-proyecto-resalar-sobre-el-cultivo-de-ostra-plana\/#breadcrumb\",\"itemListElement\":[{\"@type\":\"ListItem\",\"position\":1,\"name\":\"Portada\",\"item\":\"https:\/\/www.fundacionanse.org\/resalar\/\"},{\"@type\":\"ListItem\",\"position\":2,\"name\":\"Presentamos un nuevo v\u00eddeo del proyecto Resalar sobre el cultivo de ostra plana\"}]},{\"@type\":\"WebSite\",\"@id\":\"https:\/\/www.fundacionanse.org\/resalar\/#website\",\"url\":\"https:\/\/www.fundacionanse.org\/resalar\/\",\"name\":\"RESALAR\",\"description\":\"Regeneraci\u00f3n de salinas y arenales en el Mar Menor\",\"publisher\":{\"@id\":\"https:\/\/www.fundacionanse.org\/resalar\/#organization\"},\"potentialAction\":[{\"@type\":\"SearchAction\",\"target\":{\"@type\":\"EntryPoint\",\"urlTemplate\":\"https:\/\/www.fundacionanse.org\/resalar\/?s={search_term_string}\"},\"query-input\":{\"@type\":\"PropertyValueSpecification\",\"valueRequired\":true,\"valueName\":\"search_term_string\"}}],\"inLanguage\":\"es\"},{\"@type\":\"Organization\",\"@id\":\"https:\/\/www.fundacionanse.org\/resalar\/#organization\",\"name\":\"RESALAR\",\"url\":\"https:\/\/www.fundacionanse.org\/resalar\/\",\"logo\":{\"@type\":\"ImageObject\",\"inLanguage\":\"es\",\"@id\":\"https:\/\/www.fundacionanse.org\/resalar\/#\/schema\/logo\/image\/\",\"url\":\"https:\/\/www.fundacionanse.org\/resalar\/wp-content\/uploads\/sites\/5\/2024\/02\/resalar-web_vertical-color.svg\",\"contentUrl\":\"https:\/\/www.fundacionanse.org\/resalar\/wp-content\/uploads\/sites\/5\/2024\/02\/resalar-web_vertical-color.svg\",\"width\":168,\"height\":188,\"caption\":\"RESALAR\"},\"image\":{\"@id\":\"https:\/\/www.fundacionanse.org\/resalar\/#\/schema\/logo\/image\/\"},\"sameAs\":[\"https:\/\/www.facebook.com\/FundacionANSE\",\"https:\/\/x.com\/fundacionanse\",\"https:\/\/www.instagram.com\/fundacionanse\/\"]},{\"@type\":\"Person\",\"@id\":\"https:\/\/www.fundacionanse.org\/resalar\/#\/schema\/person\/825d0b66cfeac78d8671653dd99a9823\",\"name\":\"alicia\",\"image\":{\"@type\":\"ImageObject\",\"inLanguage\":\"es\",\"@id\":\"https:\/\/www.fundacionanse.org\/resalar\/#\/schema\/person\/image\/\",\"url\":\"https:\/\/secure.gravatar.com\/avatar\/8ea2aaa5672bd433d40f04b94a58fc94bcebbd601dd2a6a43a24e2e272228529?s=96&d=mm&r=g\",\"contentUrl\":\"https:\/\/secure.gravatar.com\/avatar\/8ea2aaa5672bd433d40f04b94a58fc94bcebbd601dd2a6a43a24e2e272228529?s=96&d=mm&r=g\",\"caption\":\"alicia\"},\"url\":\"https:\/\/www.fundacionanse.org\/resalar\/author\/alicia\/\"}]}<\/script>\n<!-- \/ Yoast SEO plugin. -->","yoast_head_json":{"title":"Presentamos un nuevo v\u00eddeo del proyecto Resalar sobre el cultivo de ostra plana - RESALAR","robots":{"index":"index","follow":"follow","max-snippet":"max-snippet:-1","max-image-preview":"max-image-preview:large","max-video-preview":"max-video-preview:-1"},"canonical":"https:\/\/www.fundacionanse.org\/resalar\/2025\/03\/18\/presentamos-un-nuevo-video-del-proyecto-resalar-sobre-el-cultivo-de-ostra-plana\/","og_locale":"es_ES","og_type":"article","og_title":"Presentamos un nuevo v\u00eddeo del proyecto Resalar sobre el cultivo de ostra plana - RESALAR","og_description":"Estrenamos un nuevo v\u00eddeo de Resalar, centrado en una de las actuaciones del proyecto, el cultivo de la ostra plana (Ostrea edulis). La mediterraneizaci\u00f3n del Mar Menor en los a\u00f1os 80, favoreci\u00f3 la colonizaci\u00f3n de la laguna por parte de diversas especies procedentes del Mediterr\u00e1neo, entre ellas bivalvos como la ostra plana y la nacra, ... Leer m\u00e1s","og_url":"https:\/\/www.fundacionanse.org\/resalar\/2025\/03\/18\/presentamos-un-nuevo-video-del-proyecto-resalar-sobre-el-cultivo-de-ostra-plana\/","og_site_name":"RESALAR","article_publisher":"https:\/\/www.facebook.com\/FundacionANSE","article_published_time":"2025-03-18T08:51:33+00:00","article_modified_time":"2025-03-18T08:52:17+00:00","og_image":[{"width":1200,"height":686,"url":"https:\/\/www.fundacionanse.org\/resalar\/wp-content\/uploads\/sites\/5\/2025\/03\/proyecto_remedios.jpg","type":"image\/jpeg"}],"author":"alicia","twitter_card":"summary_large_image","twitter_creator":"@fundacionanse","twitter_site":"@fundacionanse","twitter_misc":{"Escrito por":"alicia","Tiempo de lectura":"2 minutos"},"schema":{"@context":"https:\/\/schema.org","@graph":[{"@type":"Article","@id":"https:\/\/www.fundacionanse.org\/resalar\/2025\/03\/18\/presentamos-un-nuevo-video-del-proyecto-resalar-sobre-el-cultivo-de-ostra-plana\/#article","isPartOf":{"@id":"https:\/\/www.fundacionanse.org\/resalar\/2025\/03\/18\/presentamos-un-nuevo-video-del-proyecto-resalar-sobre-el-cultivo-de-ostra-plana\/"},"author":{"name":"alicia","@id":"https:\/\/www.fundacionanse.org\/resalar\/#\/schema\/person\/825d0b66cfeac78d8671653dd99a9823"},"headline":"Presentamos un nuevo v\u00eddeo del proyecto Resalar sobre el cultivo de ostra plana","datePublished":"2025-03-18T08:51:33+00:00","dateModified":"2025-03-18T08:52:17+00:00","mainEntityOfPage":{"@id":"https:\/\/www.fundacionanse.org\/resalar\/2025\/03\/18\/presentamos-un-nuevo-video-del-proyecto-resalar-sobre-el-cultivo-de-ostra-plana\/"},"wordCount":356,"publisher":{"@id":"https:\/\/www.fundacionanse.org\/resalar\/#organization"},"image":{"@id":"https:\/\/www.fundacionanse.org\/resalar\/2025\/03\/18\/presentamos-un-nuevo-video-del-proyecto-resalar-sobre-el-cultivo-de-ostra-plana\/#primaryimage"},"thumbnailUrl":"https:\/\/www.fundacionanse.org\/resalar\/wp-content\/uploads\/sites\/5\/2025\/03\/proyecto_remedios.jpg","articleSection":["Actualidad"],"inLanguage":"es"},{"@type":"WebPage","@id":"https:\/\/www.fundacionanse.org\/resalar\/2025\/03\/18\/presentamos-un-nuevo-video-del-proyecto-resalar-sobre-el-cultivo-de-ostra-plana\/","url":"https:\/\/www.fundacionanse.org\/resalar\/2025\/03\/18\/presentamos-un-nuevo-video-del-proyecto-resalar-sobre-el-cultivo-de-ostra-plana\/","name":"Presentamos un nuevo v\u00eddeo del proyecto Resalar sobre el cultivo de ostra plana - RESALAR","isPartOf":{"@id":"https:\/\/www.fundacionanse.org\/resalar\/#website"},"primaryImageOfPage":{"@id":"https:\/\/www.fundacionanse.org\/resalar\/2025\/03\/18\/presentamos-un-nuevo-video-del-proyecto-resalar-sobre-el-cultivo-de-ostra-plana\/#primaryimage"},"image":{"@id":"https:\/\/www.fundacionanse.org\/resalar\/2025\/03\/18\/presentamos-un-nuevo-video-del-proyecto-resalar-sobre-el-cultivo-de-ostra-plana\/#primaryimage"},"thumbnailUrl":"https:\/\/www.fundacionanse.org\/resalar\/wp-content\/uploads\/sites\/5\/2025\/03\/proyecto_remedios.jpg","datePublished":"2025-03-18T08:51:33+00:00","dateModified":"2025-03-18T08:52:17+00:00","breadcrumb":{"@id":"https:\/\/www.fundacionanse.org\/resalar\/2025\/03\/18\/presentamos-un-nuevo-video-del-proyecto-resalar-sobre-el-cultivo-de-ostra-plana\/#breadcrumb"},"inLanguage":"es","potentialAction":[{"@type":"ReadAction","target":["https:\/\/www.fundacionanse.org\/resalar\/2025\/03\/18\/presentamos-un-nuevo-video-del-proyecto-resalar-sobre-el-cultivo-de-ostra-plana\/"]}]},{"@type":"ImageObject","inLanguage":"es","@id":"https:\/\/www.fundacionanse.org\/resalar\/2025\/03\/18\/presentamos-un-nuevo-video-del-proyecto-resalar-sobre-el-cultivo-de-ostra-plana\/#primaryimage","url":"https:\/\/www.fundacionanse.org\/resalar\/wp-content\/uploads\/sites\/5\/2025\/03\/proyecto_remedios.jpg","contentUrl":"https:\/\/www.fundacionanse.org\/resalar\/wp-content\/uploads\/sites\/5\/2025\/03\/proyecto_remedios.jpg","width":1200,"height":686},{"@type":"BreadcrumbList","@id":"https:\/\/www.fundacionanse.org\/resalar\/2025\/03\/18\/presentamos-un-nuevo-video-del-proyecto-resalar-sobre-el-cultivo-de-ostra-plana\/#breadcrumb","itemListElement":[{"@type":"ListItem","position":1,"name":"Portada","item":"https:\/\/www.fundacionanse.org\/resalar\/"},{"@type":"ListItem","position":2,"name":"Presentamos un nuevo v\u00eddeo del proyecto Resalar sobre el cultivo de ostra plana"}]},{"@type":"WebSite","@id":"https:\/\/www.fundacionanse.org\/resalar\/#website","url":"https:\/\/www.fundacionanse.org\/resalar\/","name":"RESALAR","description":"Regeneraci\u00f3n de salinas y arenales en el Mar Menor","publisher":{"@id":"https:\/\/www.fundacionanse.org\/resalar\/#organization"},"potentialAction":[{"@type":"SearchAction","target":{"@type":"EntryPoint","urlTemplate":"https:\/\/www.fundacionanse.org\/resalar\/?s={search_term_string}"},"query-input":{"@type":"PropertyValueSpecification","valueRequired":true,"valueName":"search_term_string"}}],"inLanguage":"es"},{"@type":"Organization","@id":"https:\/\/www.fundacionanse.org\/resalar\/#organization","name":"RESALAR","url":"https:\/\/www.fundacionanse.org\/resalar\/","logo":{"@type":"ImageObject","inLanguage":"es","@id":"https:\/\/www.fundacionanse.org\/resalar\/#\/schema\/logo\/image\/","url":"https:\/\/www.fundacionanse.org\/resalar\/wp-content\/uploads\/sites\/5\/2024\/02\/resalar-web_vertical-color.svg","contentUrl":"https:\/\/www.fundacionanse.org\/resalar\/wp-content\/uploads\/sites\/5\/2024\/02\/resalar-web_vertical-color.svg","width":168,"height":188,"caption":"RESALAR"},"image":{"@id":"https:\/\/www.fundacionanse.org\/resalar\/#\/schema\/logo\/image\/"},"sameAs":["https:\/\/www.facebook.com\/FundacionANSE","https:\/\/x.com\/fundacionanse","https:\/\/www.instagram.com\/fundacionanse\/"]},{"@type":"Person","@id":"https:\/\/www.fundacionanse.org\/resalar\/#\/schema\/person\/825d0b66cfeac78d8671653dd99a9823","name":"alicia","image":{"@type":"ImageObject","inLanguage":"es","@id":"https:\/\/www.fundacionanse.org\/resalar\/#\/schema\/person\/image\/","url":"https:\/\/secure.gravatar.com\/avatar\/8ea2aaa5672bd433d40f04b94a58fc94bcebbd601dd2a6a43a24e2e272228529?s=96&d=mm&r=g","contentUrl":"https:\/\/secure.gravatar.com\/avatar\/8ea2aaa5672bd433d40f04b94a58fc94bcebbd601dd2a6a43a24e2e272228529?s=96&d=mm&r=g","caption":"alicia"},"url":"https:\/\/www.fundacionanse.org\/resalar\/author\/alicia\/"}]}},"_links":{"self":[{"href":"https:\/\/www.fundacionanse.org\/resalar\/wp-json\/wp\/v2\/posts\/1088","targetHints":{"allow":["GET"]}}],"collection":[{"href":"https:\/\/www.fundacionanse.org\/resalar\/wp-json\/wp\/v2\/posts"}],"about":[{"href":"https:\/\/www.fundacionanse.org\/resalar\/wp-json\/wp\/v2\/types\/post"}],"author":[{"embeddable":true,"href":"https:\/\/www.fundacionanse.org\/resalar\/wp-json\/wp\/v2\/users\/6"}],"replies":[{"embeddable":true,"href":"https:\/\/www.fundacionanse.org\/resalar\/wp-json\/wp\/v2\/comments?post=1088"}],"version-history":[{"count":0,"href":"https:\/\/www.fundacionanse.org\/resalar\/wp-json\/wp\/v2\/posts\/1088\/revisions"}],"wp:featuredmedia":[{"embeddable":true,"href":"https:\/\/www.fundacionanse.org\/resalar\/wp-json\/wp\/v2\/media\/1090"}],"wp:attachment":[{"href":"https:\/\/www.fundacionanse.org\/resalar\/wp-json\/wp\/v2\/media?parent=1088"}],"wp:term":[{"taxonomy":"category","embeddable":true,"href":"https:\/\/www.fundacionanse.org\/resalar\/wp-json\/wp\/v2\/categories?post=1088"},{"taxonomy":"post_tag","embeddable":true,"href":"https:\/\/www.fundacionanse.org\/resalar\/wp-json\/wp\/v2\/tags?post=1088"}],"curies":[{"name":"wp","href":"https:\/\/api.w.org\/{rel}","templated":true}]}}