{"id":1092,"date":"2025-04-07T09:20:48","date_gmt":"2025-04-07T09:20:48","guid":{"rendered":"https:\/\/www.fundacionanse.org\/resalar\/?p=1092"},"modified":"2025-04-07T09:20:49","modified_gmt":"2025-04-07T09:20:49","slug":"anillamiento-cientifico-de-aves-en-las-salinas-de-marchamalo","status":"publish","type":"post","link":"https:\/\/www.fundacionanse.org\/resalar\/2025\/04\/07\/anillamiento-cientifico-de-aves-en-las-salinas-de-marchamalo\/","title":{"rendered":"Anillamiento cient\u00edfico de aves en las Salinas de Marchamalo"},"content":{"rendered":"\n<p>Uno de los indicadores biol\u00f3gicos utilizados en el proyecto de restauraci\u00f3n de las Salinas de Marchamalo es la presencia y el uso que distintas especies de aves lim\u00edcolas hacen de las charcas salineras gestionadas por ANSE. Con la recuperaci\u00f3n del ciclo extractivo de la sal, se espera que estas charcas recobren su funcionalidad ecol\u00f3gica \u00f3ptima. En este contexto, ANSE lleva a cabo diversos anillamientos cient\u00edficos para estudiar y controlar la evoluci\u00f3n de estos indicadores biol\u00f3gicos. Para ello, se utilizan redes japonesas con las que se intenta capturar aves lim\u00edcolas para su anillamiento y posterior seguimiento, funcionando as\u00ed como una herramienta adicional para monitorizar el uso que estas especies hacen de las charcas. Los ejemplares capturados proporcionan datos sobre su condici\u00f3n corporal e, incluso, sobre su estado reproductor. Adem\u00e1s, las recapturas posteriores de individuos ya marcados permiten esclarecer si permanecen en la zona durante la \u00e9poca de cr\u00eda, si est\u00e1n en paso migratorio o si se trata de ejemplares invernantes.<\/p>\n\n\n\n<p>Las sesiones de anillamiento de aves lim\u00edcolas presentan una marcada dificultad t\u00e9cnica, ya que han de realizarse en noches sin luna, con condiciones de poco viento, y a ser posible, despejadas de nubes, para que la contaminaci\u00f3n lum\u00ednica reflejada no revele la posici\u00f3n de las redes. Por este motivo, el esfuerzo realizado para completar cada captura es considerable.<\/p>\n\n\n\n<p>El pasado 28 de marzo se consigui\u00f3 capturar el primer ejemplar de chorlitejo patinegro&nbsp;<em>(Charadrius alexandrinus)<\/em>, una peque\u00f1a ave lim\u00edcola de gran inter\u00e9s debido a su desfavorable estado de conservaci\u00f3n. Las motas salineras representan un h\u00e1bitat apropiado para su nidificaci\u00f3n, por lo que su anillamiento alimenta las esperanzas de que elijan las charcas restauradas por ANSE para establecerse en \u00e9poca de reproducci\u00f3n.<\/p>\n\n\n\n<p>El&nbsp;<a href=\"https:\/\/www.fundacionanse.org\/resalar\/proyecto-resalar\/\"><strong>proyecto&nbsp;RESALAR<\/strong><\/a><strong>&nbsp;<\/strong>tiene el objetivo de regenerar espacios del litoral del Mar Menor&nbsp;y su biodiversidad para fortalecer la resiliencia del litoral frente al cambio clim\u00e1tico y mejorar e incrementar los servicios ecosist\u00e9micos que proveen a la sociedad.<\/p>\n\n\n\n<p>Este proyecto, que coordina la&nbsp;Fundaci\u00f3n ANSE, y en el que participan la&nbsp;Asociaci\u00f3n de Naturalistas del Sureste,&nbsp;WWF-Espa\u00f1a&nbsp;y el&nbsp;Instituto Espa\u00f1ol de Oceanograf\u00eda,&nbsp;Centro Nacional de la Agencia Estatal Consejo Superior de Investigaciones Cient\u00edficas (IEO-CSIC), cuenta con el apoyo de la&nbsp;Fundaci\u00f3n Biodiversidad&nbsp;del Ministerio para la Transici\u00f3n Ecol\u00f3gica y el Reto Demogr\u00e1fico (MITECO), que aporta el 95% de la financiaci\u00f3n del proyecto, en el marco del Plan de Recuperaci\u00f3n, Transformaci\u00f3n y Resiliencia (PRTR), financiado por la Uni\u00f3n Europea \u2013 NextGenerationEU, y se encuentra vinculado al&nbsp;Marco de Actuaciones Prioritarias para la recuperaci\u00f3n del Mar Menor&nbsp;del Ministerio para la Transici\u00f3n Ecol\u00f3gica y el Reto Demogr\u00e1fico. El proyecto cuenta con la cofinanciaci\u00f3n de la&nbsp;Fundaci\u00f3n Estrella de Levante&nbsp;y con la colaboraci\u00f3n de&nbsp;Salinera Espa\u00f1ola&nbsp;y de&nbsp;Biocyma.<\/p>\n\n\n\n<p><\/p>\n","protected":false},"excerpt":{"rendered":"<p>Uno de los indicadores biol\u00f3gicos utilizados en el proyecto de restauraci\u00f3n de las Salinas de Marchamalo es la presencia y el uso que distintas especies de aves lim\u00edcolas hacen de las charcas salineras gestionadas por ANSE. Con la recuperaci\u00f3n del ciclo extractivo de la sal, se espera que estas charcas recobren su funcionalidad ecol\u00f3gica \u00f3ptima. &#8230; <a title=\"Anillamiento cient\u00edfico de aves en las Salinas de Marchamalo\" class=\"read-more\" href=\"https:\/\/www.fundacionanse.org\/resalar\/2025\/04\/07\/anillamiento-cientifico-de-aves-en-las-salinas-de-marchamalo\/\" aria-label=\"Leer m\u00e1s sobre Anillamiento cient\u00edfico de aves en las Salinas de Marchamalo\">Leer m\u00e1s<\/a><\/p>\n","protected":false},"author":6,"featured_media":1094,"comment_status":"closed","ping_status":"closed","sticky":false,"template":"","format":"standard","meta":{"inline_featured_image":false,"footnotes":""},"categories":[1],"tags":[],"class_list":["post-1092","post","type-post","status-publish","format-standard","has-post-thumbnail","hentry","category-actualidad","generate-columns","tablet-grid-50","mobile-grid-100","grid-parent","grid-33","resize-featured-image"],"yoast_head":"<!-- This site is optimized with the Yoast SEO plugin v26.9 - https:\/\/yoast.com\/product\/yoast-seo-wordpress\/ -->\n<title>Anillamiento cient\u00edfico de aves en las Salinas de Marchamalo - RESALAR<\/title>\n<meta name=\"robots\" content=\"index, follow, max-snippet:-1, max-image-preview:large, max-video-preview:-1\" \/>\n<link rel=\"canonical\" href=\"https:\/\/www.fundacionanse.org\/resalar\/2025\/04\/07\/anillamiento-cientifico-de-aves-en-las-salinas-de-marchamalo\/\" \/>\n<meta property=\"og:locale\" content=\"es_ES\" \/>\n<meta property=\"og:type\" content=\"article\" \/>\n<meta property=\"og:title\" content=\"Anillamiento cient\u00edfico de aves en las Salinas de Marchamalo - RESALAR\" \/>\n<meta property=\"og:description\" content=\"Uno de los indicadores biol\u00f3gicos utilizados en el proyecto de restauraci\u00f3n de las Salinas de Marchamalo es la presencia y el uso que distintas especies de aves lim\u00edcolas hacen de las charcas salineras gestionadas por ANSE. Con la recuperaci\u00f3n del ciclo extractivo de la sal, se espera que estas charcas recobren su funcionalidad ecol\u00f3gica \u00f3ptima. ... Leer m\u00e1s\" \/>\n<meta property=\"og:url\" content=\"https:\/\/www.fundacionanse.org\/resalar\/2025\/04\/07\/anillamiento-cientifico-de-aves-en-las-salinas-de-marchamalo\/\" \/>\n<meta property=\"og:site_name\" content=\"RESALAR\" \/>\n<meta property=\"article:publisher\" content=\"https:\/\/www.facebook.com\/FundacionANSE\" \/>\n<meta property=\"article:published_time\" content=\"2025-04-07T09:20:48+00:00\" \/>\n<meta property=\"article:modified_time\" content=\"2025-04-07T09:20:49+00:00\" \/>\n<meta property=\"og:image\" content=\"https:\/\/www.fundacionanse.org\/resalar\/wp-content\/uploads\/sites\/5\/2025\/04\/chorlitejo-anillamiento.jpeg\" \/>\n\t<meta property=\"og:image:width\" content=\"1500\" \/>\n\t<meta property=\"og:image:height\" content=\"999\" \/>\n\t<meta property=\"og:image:type\" content=\"image\/jpeg\" \/>\n<meta name=\"author\" content=\"alicia\" \/>\n<meta name=\"twitter:card\" content=\"summary_large_image\" \/>\n<meta name=\"twitter:creator\" content=\"@fundacionanse\" \/>\n<meta name=\"twitter:site\" content=\"@fundacionanse\" \/>\n<meta name=\"twitter:label1\" content=\"Escrito por\" \/>\n\t<meta name=\"twitter:data1\" content=\"alicia\" \/>\n\t<meta name=\"twitter:label2\" content=\"Tiempo de lectura\" \/>\n\t<meta name=\"twitter:data2\" content=\"3 minutos\" \/>\n<script type=\"application\/ld+json\" class=\"yoast-schema-graph\">{\"@context\":\"https:\/\/schema.org\",\"@graph\":[{\"@type\":\"Article\",\"@id\":\"https:\/\/www.fundacionanse.org\/resalar\/2025\/04\/07\/anillamiento-cientifico-de-aves-en-las-salinas-de-marchamalo\/#article\",\"isPartOf\":{\"@id\":\"https:\/\/www.fundacionanse.org\/resalar\/2025\/04\/07\/anillamiento-cientifico-de-aves-en-las-salinas-de-marchamalo\/\"},\"author\":{\"name\":\"alicia\",\"@id\":\"https:\/\/www.fundacionanse.org\/resalar\/#\/schema\/person\/825d0b66cfeac78d8671653dd99a9823\"},\"headline\":\"Anillamiento cient\u00edfico de aves en las Salinas de Marchamalo\",\"datePublished\":\"2025-04-07T09:20:48+00:00\",\"dateModified\":\"2025-04-07T09:20:49+00:00\",\"mainEntityOfPage\":{\"@id\":\"https:\/\/www.fundacionanse.org\/resalar\/2025\/04\/07\/anillamiento-cientifico-de-aves-en-las-salinas-de-marchamalo\/\"},\"wordCount\":524,\"publisher\":{\"@id\":\"https:\/\/www.fundacionanse.org\/resalar\/#organization\"},\"image\":{\"@id\":\"https:\/\/www.fundacionanse.org\/resalar\/2025\/04\/07\/anillamiento-cientifico-de-aves-en-las-salinas-de-marchamalo\/#primaryimage\"},\"thumbnailUrl\":\"https:\/\/www.fundacionanse.org\/resalar\/wp-content\/uploads\/sites\/5\/2025\/04\/chorlitejo-anillamiento.jpeg\",\"articleSection\":[\"Actualidad\"],\"inLanguage\":\"es\"},{\"@type\":\"WebPage\",\"@id\":\"https:\/\/www.fundacionanse.org\/resalar\/2025\/04\/07\/anillamiento-cientifico-de-aves-en-las-salinas-de-marchamalo\/\",\"url\":\"https:\/\/www.fundacionanse.org\/resalar\/2025\/04\/07\/anillamiento-cientifico-de-aves-en-las-salinas-de-marchamalo\/\",\"name\":\"Anillamiento cient\u00edfico de aves en las Salinas de Marchamalo - RESALAR\",\"isPartOf\":{\"@id\":\"https:\/\/www.fundacionanse.org\/resalar\/#website\"},\"primaryImageOfPage\":{\"@id\":\"https:\/\/www.fundacionanse.org\/resalar\/2025\/04\/07\/anillamiento-cientifico-de-aves-en-las-salinas-de-marchamalo\/#primaryimage\"},\"image\":{\"@id\":\"https:\/\/www.fundacionanse.org\/resalar\/2025\/04\/07\/anillamiento-cientifico-de-aves-en-las-salinas-de-marchamalo\/#primaryimage\"},\"thumbnailUrl\":\"https:\/\/www.fundacionanse.org\/resalar\/wp-content\/uploads\/sites\/5\/2025\/04\/chorlitejo-anillamiento.jpeg\",\"datePublished\":\"2025-04-07T09:20:48+00:00\",\"dateModified\":\"2025-04-07T09:20:49+00:00\",\"breadcrumb\":{\"@id\":\"https:\/\/www.fundacionanse.org\/resalar\/2025\/04\/07\/anillamiento-cientifico-de-aves-en-las-salinas-de-marchamalo\/#breadcrumb\"},\"inLanguage\":\"es\",\"potentialAction\":[{\"@type\":\"ReadAction\",\"target\":[\"https:\/\/www.fundacionanse.org\/resalar\/2025\/04\/07\/anillamiento-cientifico-de-aves-en-las-salinas-de-marchamalo\/\"]}]},{\"@type\":\"ImageObject\",\"inLanguage\":\"es\",\"@id\":\"https:\/\/www.fundacionanse.org\/resalar\/2025\/04\/07\/anillamiento-cientifico-de-aves-en-las-salinas-de-marchamalo\/#primaryimage\",\"url\":\"https:\/\/www.fundacionanse.org\/resalar\/wp-content\/uploads\/sites\/5\/2025\/04\/chorlitejo-anillamiento.jpeg\",\"contentUrl\":\"https:\/\/www.fundacionanse.org\/resalar\/wp-content\/uploads\/sites\/5\/2025\/04\/chorlitejo-anillamiento.jpeg\",\"width\":1500,\"height\":999},{\"@type\":\"BreadcrumbList\",\"@id\":\"https:\/\/www.fundacionanse.org\/resalar\/2025\/04\/07\/anillamiento-cientifico-de-aves-en-las-salinas-de-marchamalo\/#breadcrumb\",\"itemListElement\":[{\"@type\":\"ListItem\",\"position\":1,\"name\":\"Portada\",\"item\":\"https:\/\/www.fundacionanse.org\/resalar\/\"},{\"@type\":\"ListItem\",\"position\":2,\"name\":\"Anillamiento cient\u00edfico de aves en las Salinas de Marchamalo\"}]},{\"@type\":\"WebSite\",\"@id\":\"https:\/\/www.fundacionanse.org\/resalar\/#website\",\"url\":\"https:\/\/www.fundacionanse.org\/resalar\/\",\"name\":\"RESALAR\",\"description\":\"Regeneraci\u00f3n de salinas y arenales en el Mar Menor\",\"publisher\":{\"@id\":\"https:\/\/www.fundacionanse.org\/resalar\/#organization\"},\"potentialAction\":[{\"@type\":\"SearchAction\",\"target\":{\"@type\":\"EntryPoint\",\"urlTemplate\":\"https:\/\/www.fundacionanse.org\/resalar\/?s={search_term_string}\"},\"query-input\":{\"@type\":\"PropertyValueSpecification\",\"valueRequired\":true,\"valueName\":\"search_term_string\"}}],\"inLanguage\":\"es\"},{\"@type\":\"Organization\",\"@id\":\"https:\/\/www.fundacionanse.org\/resalar\/#organization\",\"name\":\"RESALAR\",\"url\":\"https:\/\/www.fundacionanse.org\/resalar\/\",\"logo\":{\"@type\":\"ImageObject\",\"inLanguage\":\"es\",\"@id\":\"https:\/\/www.fundacionanse.org\/resalar\/#\/schema\/logo\/image\/\",\"url\":\"https:\/\/www.fundacionanse.org\/resalar\/wp-content\/uploads\/sites\/5\/2024\/02\/resalar-web_vertical-color.svg\",\"contentUrl\":\"https:\/\/www.fundacionanse.org\/resalar\/wp-content\/uploads\/sites\/5\/2024\/02\/resalar-web_vertical-color.svg\",\"width\":168,\"height\":188,\"caption\":\"RESALAR\"},\"image\":{\"@id\":\"https:\/\/www.fundacionanse.org\/resalar\/#\/schema\/logo\/image\/\"},\"sameAs\":[\"https:\/\/www.facebook.com\/FundacionANSE\",\"https:\/\/x.com\/fundacionanse\",\"https:\/\/www.instagram.com\/fundacionanse\/\"]},{\"@type\":\"Person\",\"@id\":\"https:\/\/www.fundacionanse.org\/resalar\/#\/schema\/person\/825d0b66cfeac78d8671653dd99a9823\",\"name\":\"alicia\",\"image\":{\"@type\":\"ImageObject\",\"inLanguage\":\"es\",\"@id\":\"https:\/\/www.fundacionanse.org\/resalar\/#\/schema\/person\/image\/\",\"url\":\"https:\/\/secure.gravatar.com\/avatar\/8ea2aaa5672bd433d40f04b94a58fc94bcebbd601dd2a6a43a24e2e272228529?s=96&d=mm&r=g\",\"contentUrl\":\"https:\/\/secure.gravatar.com\/avatar\/8ea2aaa5672bd433d40f04b94a58fc94bcebbd601dd2a6a43a24e2e272228529?s=96&d=mm&r=g\",\"caption\":\"alicia\"},\"url\":\"https:\/\/www.fundacionanse.org\/resalar\/author\/alicia\/\"}]}<\/script>\n<!-- \/ Yoast SEO plugin. -->","yoast_head_json":{"title":"Anillamiento cient\u00edfico de aves en las Salinas de Marchamalo - RESALAR","robots":{"index":"index","follow":"follow","max-snippet":"max-snippet:-1","max-image-preview":"max-image-preview:large","max-video-preview":"max-video-preview:-1"},"canonical":"https:\/\/www.fundacionanse.org\/resalar\/2025\/04\/07\/anillamiento-cientifico-de-aves-en-las-salinas-de-marchamalo\/","og_locale":"es_ES","og_type":"article","og_title":"Anillamiento cient\u00edfico de aves en las Salinas de Marchamalo - RESALAR","og_description":"Uno de los indicadores biol\u00f3gicos utilizados en el proyecto de restauraci\u00f3n de las Salinas de Marchamalo es la presencia y el uso que distintas especies de aves lim\u00edcolas hacen de las charcas salineras gestionadas por ANSE. Con la recuperaci\u00f3n del ciclo extractivo de la sal, se espera que estas charcas recobren su funcionalidad ecol\u00f3gica \u00f3ptima. ... Leer m\u00e1s","og_url":"https:\/\/www.fundacionanse.org\/resalar\/2025\/04\/07\/anillamiento-cientifico-de-aves-en-las-salinas-de-marchamalo\/","og_site_name":"RESALAR","article_publisher":"https:\/\/www.facebook.com\/FundacionANSE","article_published_time":"2025-04-07T09:20:48+00:00","article_modified_time":"2025-04-07T09:20:49+00:00","og_image":[{"width":1500,"height":999,"url":"https:\/\/www.fundacionanse.org\/resalar\/wp-content\/uploads\/sites\/5\/2025\/04\/chorlitejo-anillamiento.jpeg","type":"image\/jpeg"}],"author":"alicia","twitter_card":"summary_large_image","twitter_creator":"@fundacionanse","twitter_site":"@fundacionanse","twitter_misc":{"Escrito por":"alicia","Tiempo de lectura":"3 minutos"},"schema":{"@context":"https:\/\/schema.org","@graph":[{"@type":"Article","@id":"https:\/\/www.fundacionanse.org\/resalar\/2025\/04\/07\/anillamiento-cientifico-de-aves-en-las-salinas-de-marchamalo\/#article","isPartOf":{"@id":"https:\/\/www.fundacionanse.org\/resalar\/2025\/04\/07\/anillamiento-cientifico-de-aves-en-las-salinas-de-marchamalo\/"},"author":{"name":"alicia","@id":"https:\/\/www.fundacionanse.org\/resalar\/#\/schema\/person\/825d0b66cfeac78d8671653dd99a9823"},"headline":"Anillamiento cient\u00edfico de aves en las Salinas de Marchamalo","datePublished":"2025-04-07T09:20:48+00:00","dateModified":"2025-04-07T09:20:49+00:00","mainEntityOfPage":{"@id":"https:\/\/www.fundacionanse.org\/resalar\/2025\/04\/07\/anillamiento-cientifico-de-aves-en-las-salinas-de-marchamalo\/"},"wordCount":524,"publisher":{"@id":"https:\/\/www.fundacionanse.org\/resalar\/#organization"},"image":{"@id":"https:\/\/www.fundacionanse.org\/resalar\/2025\/04\/07\/anillamiento-cientifico-de-aves-en-las-salinas-de-marchamalo\/#primaryimage"},"thumbnailUrl":"https:\/\/www.fundacionanse.org\/resalar\/wp-content\/uploads\/sites\/5\/2025\/04\/chorlitejo-anillamiento.jpeg","articleSection":["Actualidad"],"inLanguage":"es"},{"@type":"WebPage","@id":"https:\/\/www.fundacionanse.org\/resalar\/2025\/04\/07\/anillamiento-cientifico-de-aves-en-las-salinas-de-marchamalo\/","url":"https:\/\/www.fundacionanse.org\/resalar\/2025\/04\/07\/anillamiento-cientifico-de-aves-en-las-salinas-de-marchamalo\/","name":"Anillamiento cient\u00edfico de aves en las Salinas de Marchamalo - RESALAR","isPartOf":{"@id":"https:\/\/www.fundacionanse.org\/resalar\/#website"},"primaryImageOfPage":{"@id":"https:\/\/www.fundacionanse.org\/resalar\/2025\/04\/07\/anillamiento-cientifico-de-aves-en-las-salinas-de-marchamalo\/#primaryimage"},"image":{"@id":"https:\/\/www.fundacionanse.org\/resalar\/2025\/04\/07\/anillamiento-cientifico-de-aves-en-las-salinas-de-marchamalo\/#primaryimage"},"thumbnailUrl":"https:\/\/www.fundacionanse.org\/resalar\/wp-content\/uploads\/sites\/5\/2025\/04\/chorlitejo-anillamiento.jpeg","datePublished":"2025-04-07T09:20:48+00:00","dateModified":"2025-04-07T09:20:49+00:00","breadcrumb":{"@id":"https:\/\/www.fundacionanse.org\/resalar\/2025\/04\/07\/anillamiento-cientifico-de-aves-en-las-salinas-de-marchamalo\/#breadcrumb"},"inLanguage":"es","potentialAction":[{"@type":"ReadAction","target":["https:\/\/www.fundacionanse.org\/resalar\/2025\/04\/07\/anillamiento-cientifico-de-aves-en-las-salinas-de-marchamalo\/"]}]},{"@type":"ImageObject","inLanguage":"es","@id":"https:\/\/www.fundacionanse.org\/resalar\/2025\/04\/07\/anillamiento-cientifico-de-aves-en-las-salinas-de-marchamalo\/#primaryimage","url":"https:\/\/www.fundacionanse.org\/resalar\/wp-content\/uploads\/sites\/5\/2025\/04\/chorlitejo-anillamiento.jpeg","contentUrl":"https:\/\/www.fundacionanse.org\/resalar\/wp-content\/uploads\/sites\/5\/2025\/04\/chorlitejo-anillamiento.jpeg","width":1500,"height":999},{"@type":"BreadcrumbList","@id":"https:\/\/www.fundacionanse.org\/resalar\/2025\/04\/07\/anillamiento-cientifico-de-aves-en-las-salinas-de-marchamalo\/#breadcrumb","itemListElement":[{"@type":"ListItem","position":1,"name":"Portada","item":"https:\/\/www.fundacionanse.org\/resalar\/"},{"@type":"ListItem","position":2,"name":"Anillamiento cient\u00edfico de aves en las Salinas de Marchamalo"}]},{"@type":"WebSite","@id":"https:\/\/www.fundacionanse.org\/resalar\/#website","url":"https:\/\/www.fundacionanse.org\/resalar\/","name":"RESALAR","description":"Regeneraci\u00f3n de salinas y arenales en el Mar Menor","publisher":{"@id":"https:\/\/www.fundacionanse.org\/resalar\/#organization"},"potentialAction":[{"@type":"SearchAction","target":{"@type":"EntryPoint","urlTemplate":"https:\/\/www.fundacionanse.org\/resalar\/?s={search_term_string}"},"query-input":{"@type":"PropertyValueSpecification","valueRequired":true,"valueName":"search_term_string"}}],"inLanguage":"es"},{"@type":"Organization","@id":"https:\/\/www.fundacionanse.org\/resalar\/#organization","name":"RESALAR","url":"https:\/\/www.fundacionanse.org\/resalar\/","logo":{"@type":"ImageObject","inLanguage":"es","@id":"https:\/\/www.fundacionanse.org\/resalar\/#\/schema\/logo\/image\/","url":"https:\/\/www.fundacionanse.org\/resalar\/wp-content\/uploads\/sites\/5\/2024\/02\/resalar-web_vertical-color.svg","contentUrl":"https:\/\/www.fundacionanse.org\/resalar\/wp-content\/uploads\/sites\/5\/2024\/02\/resalar-web_vertical-color.svg","width":168,"height":188,"caption":"RESALAR"},"image":{"@id":"https:\/\/www.fundacionanse.org\/resalar\/#\/schema\/logo\/image\/"},"sameAs":["https:\/\/www.facebook.com\/FundacionANSE","https:\/\/x.com\/fundacionanse","https:\/\/www.instagram.com\/fundacionanse\/"]},{"@type":"Person","@id":"https:\/\/www.fundacionanse.org\/resalar\/#\/schema\/person\/825d0b66cfeac78d8671653dd99a9823","name":"alicia","image":{"@type":"ImageObject","inLanguage":"es","@id":"https:\/\/www.fundacionanse.org\/resalar\/#\/schema\/person\/image\/","url":"https:\/\/secure.gravatar.com\/avatar\/8ea2aaa5672bd433d40f04b94a58fc94bcebbd601dd2a6a43a24e2e272228529?s=96&d=mm&r=g","contentUrl":"https:\/\/secure.gravatar.com\/avatar\/8ea2aaa5672bd433d40f04b94a58fc94bcebbd601dd2a6a43a24e2e272228529?s=96&d=mm&r=g","caption":"alicia"},"url":"https:\/\/www.fundacionanse.org\/resalar\/author\/alicia\/"}]}},"_links":{"self":[{"href":"https:\/\/www.fundacionanse.org\/resalar\/wp-json\/wp\/v2\/posts\/1092","targetHints":{"allow":["GET"]}}],"collection":[{"href":"https:\/\/www.fundacionanse.org\/resalar\/wp-json\/wp\/v2\/posts"}],"about":[{"href":"https:\/\/www.fundacionanse.org\/resalar\/wp-json\/wp\/v2\/types\/post"}],"author":[{"embeddable":true,"href":"https:\/\/www.fundacionanse.org\/resalar\/wp-json\/wp\/v2\/users\/6"}],"replies":[{"embeddable":true,"href":"https:\/\/www.fundacionanse.org\/resalar\/wp-json\/wp\/v2\/comments?post=1092"}],"version-history":[{"count":0,"href":"https:\/\/www.fundacionanse.org\/resalar\/wp-json\/wp\/v2\/posts\/1092\/revisions"}],"wp:featuredmedia":[{"embeddable":true,"href":"https:\/\/www.fundacionanse.org\/resalar\/wp-json\/wp\/v2\/media\/1094"}],"wp:attachment":[{"href":"https:\/\/www.fundacionanse.org\/resalar\/wp-json\/wp\/v2\/media?parent=1092"}],"wp:term":[{"taxonomy":"category","embeddable":true,"href":"https:\/\/www.fundacionanse.org\/resalar\/wp-json\/wp\/v2\/categories?post=1092"},{"taxonomy":"post_tag","embeddable":true,"href":"https:\/\/www.fundacionanse.org\/resalar\/wp-json\/wp\/v2\/tags?post=1092"}],"curies":[{"name":"wp","href":"https:\/\/api.w.org\/{rel}","templated":true}]}}