{"id":1096,"date":"2025-05-09T13:43:39","date_gmt":"2025-05-09T13:43:39","guid":{"rendered":"https:\/\/www.fundacionanse.org\/resalar\/?p=1096"},"modified":"2025-05-09T13:44:01","modified_gmt":"2025-05-09T13:44:01","slug":"las-salinas-de-marchamalo-elegidas-entre-los-galardonados-en-los-premios-hispania-nostra","status":"publish","type":"post","link":"https:\/\/www.fundacionanse.org\/resalar\/2025\/05\/09\/las-salinas-de-marchamalo-elegidas-entre-los-galardonados-en-los-premios-hispania-nostra\/","title":{"rendered":"Las salinas de Marchamalo elegidas entre los galardonados en los premios Hispania Nostra"},"content":{"rendered":"\n<p>ANSE ha recibido \u00e9ste premio en la categor\u00eda de \u00abIntervenci\u00f3n en el territorio o en el paisaje, a\u00f1o 2025\u00bb por los trabajos de restauraci\u00f3n de las salinas de Marchamalo que lleva a cabo desde 2019.<\/p>\n\n\n\n<p>El Jurado ha querido destacar \u201cesta excelente recuperaci\u00f3n de un territorio que sufre una degradaci\u00f3n y presi\u00f3n especulativa constante como en La Manga del Mar Menor. Igualmente, reconoce la inestimable labor del voluntariado en esta intervenci\u00f3n, as\u00ed como el evidente rigor cient\u00edfico que ha permitido recuperar la cosecha tradicional de sal, la revitalizaci\u00f3n de la flora y fauna salinera y la restauraci\u00f3n de los elementos constructivos necesarios para el correcto funcionamiento de las salinas\u201d.<\/p>\n\n\n\n<p>La restauraci\u00f3n de las salinas se est\u00e1 llevando a cabo gracias al proyecto RESALAR, durante el cual se ha recuperado una parte de las salinas orientales y se ha restaurado una nave salinera para convertirla en un centro de interpretaci\u00f3n de las salinas y su biodiversidad.<\/p>\n\n\n\n<p>Pincha&nbsp;<a href=\"https:\/\/www.premios.hispanianostra.org\/premio-hispania\/restauracion-de-las-salinas-viejas-de-marchamalo\/\">aqu\u00ed<\/a>&nbsp;para m\u00e1s informaci\u00f3n sobre la noticia en la web de la Fundaci\u00f3n Hispania Nostra.<\/p>\n\n\n\n<p>El&nbsp;<a href=\"https:\/\/www.fundacionanse.org\/resalar\/proyecto-resalar\/\"><strong>proyecto&nbsp;RESALAR<\/strong><\/a>tiene el objetivo de regenerar espacios del litoral del Mar Menor&nbsp;y su biodiversidad para fortalecer la resiliencia del litoral frente al cambio clim\u00e1tico y mejorar e incrementar los servicios ecosist\u00e9micos que proveen a la sociedad.<\/p>\n\n\n\n<p>Este proyecto, que coordina la\u00a0Fundaci\u00f3n ANSE, y en el que participan la\u00a0Asociaci\u00f3n de Naturalistas del Sureste,\u00a0WWF-Espa\u00f1a\u00a0y el\u00a0Instituto Espa\u00f1ol de Oceanograf\u00eda,\u00a0Centro Nacional de la Agencia Estatal Consejo Superior de Investigaciones Cient\u00edficas (IEO-CSIC), cuenta con el apoyo de la\u00a0Fundaci\u00f3n Biodiversidad\u00a0del Ministerio para la Transici\u00f3n Ecol\u00f3gica y el Reto Demogr\u00e1fico (MITECO), que aporta el 95% de la financiaci\u00f3n del proyecto, en el marco del Plan de Recuperaci\u00f3n, Transformaci\u00f3n y Resiliencia (PRTR), financiado por la Uni\u00f3n Europea \u2013 NextGenerationEU, y se encuentra vinculado al\u00a0Marco de Actuaciones Prioritarias para la recuperaci\u00f3n del Mar Menor\u00a0del Ministerio para la Transici\u00f3n Ecol\u00f3gica y el Reto Demogr\u00e1fico. El proyecto cuenta con la cofinanciaci\u00f3n de la\u00a0Fundaci\u00f3n Estrella de Levante\u00a0y con la colaboraci\u00f3n de\u00a0Salinera Espa\u00f1ola\u00a0y de\u00a0Biocyma.<\/p>\n\n\n\n<p><\/p>\n","protected":false},"excerpt":{"rendered":"<p>ANSE ha recibido \u00e9ste premio en la categor\u00eda de \u00abIntervenci\u00f3n en el territorio o en el paisaje, a\u00f1o 2025\u00bb por los trabajos de restauraci\u00f3n de las salinas de Marchamalo que lleva a cabo desde 2019. El Jurado ha querido destacar \u201cesta excelente recuperaci\u00f3n de un territorio que sufre una degradaci\u00f3n y presi\u00f3n especulativa constante como &#8230; <a title=\"Las salinas de Marchamalo elegidas entre los galardonados en los premios Hispania Nostra\" class=\"read-more\" href=\"https:\/\/www.fundacionanse.org\/resalar\/2025\/05\/09\/las-salinas-de-marchamalo-elegidas-entre-los-galardonados-en-los-premios-hispania-nostra\/\" aria-label=\"Leer m\u00e1s sobre Las salinas de Marchamalo elegidas entre los galardonados en los premios Hispania Nostra\">Leer m\u00e1s<\/a><\/p>\n","protected":false},"author":6,"featured_media":1098,"comment_status":"closed","ping_status":"closed","sticky":false,"template":"","format":"standard","meta":{"inline_featured_image":false,"footnotes":""},"categories":[1],"tags":[],"class_list":["post-1096","post","type-post","status-publish","format-standard","has-post-thumbnail","hentry","category-actualidad","generate-columns","tablet-grid-50","mobile-grid-100","grid-parent","grid-33","resize-featured-image"],"yoast_head":"<!-- This site is optimized with the Yoast SEO plugin v26.9 - https:\/\/yoast.com\/product\/yoast-seo-wordpress\/ -->\n<title>Las salinas de Marchamalo elegidas entre los galardonados en los premios Hispania Nostra - RESALAR<\/title>\n<meta name=\"robots\" content=\"index, follow, max-snippet:-1, max-image-preview:large, max-video-preview:-1\" \/>\n<link rel=\"canonical\" href=\"https:\/\/www.fundacionanse.org\/resalar\/2025\/05\/09\/las-salinas-de-marchamalo-elegidas-entre-los-galardonados-en-los-premios-hispania-nostra\/\" \/>\n<meta property=\"og:locale\" content=\"es_ES\" \/>\n<meta property=\"og:type\" content=\"article\" \/>\n<meta property=\"og:title\" content=\"Las salinas de Marchamalo elegidas entre los galardonados en los premios Hispania Nostra - RESALAR\" \/>\n<meta property=\"og:description\" content=\"ANSE ha recibido \u00e9ste premio en la categor\u00eda de \u00abIntervenci\u00f3n en el territorio o en el paisaje, a\u00f1o 2025\u00bb por los trabajos de restauraci\u00f3n de las salinas de Marchamalo que lleva a cabo desde 2019. El Jurado ha querido destacar \u201cesta excelente recuperaci\u00f3n de un territorio que sufre una degradaci\u00f3n y presi\u00f3n especulativa constante como ... Leer m\u00e1s\" \/>\n<meta property=\"og:url\" content=\"https:\/\/www.fundacionanse.org\/resalar\/2025\/05\/09\/las-salinas-de-marchamalo-elegidas-entre-los-galardonados-en-los-premios-hispania-nostra\/\" \/>\n<meta property=\"og:site_name\" content=\"RESALAR\" \/>\n<meta property=\"article:publisher\" content=\"https:\/\/www.facebook.com\/FundacionANSE\" \/>\n<meta property=\"article:published_time\" content=\"2025-05-09T13:43:39+00:00\" \/>\n<meta property=\"article:modified_time\" content=\"2025-05-09T13:44:01+00:00\" \/>\n<meta property=\"og:image\" content=\"https:\/\/www.fundacionanse.org\/resalar\/wp-content\/uploads\/sites\/5\/2025\/05\/D71_2992-1024x768-1.jpg\" \/>\n\t<meta property=\"og:image:width\" content=\"1024\" \/>\n\t<meta property=\"og:image:height\" content=\"768\" \/>\n\t<meta property=\"og:image:type\" content=\"image\/jpeg\" \/>\n<meta name=\"author\" content=\"alicia\" \/>\n<meta name=\"twitter:card\" content=\"summary_large_image\" \/>\n<meta name=\"twitter:creator\" content=\"@fundacionanse\" \/>\n<meta name=\"twitter:site\" content=\"@fundacionanse\" \/>\n<meta name=\"twitter:label1\" content=\"Escrito por\" \/>\n\t<meta name=\"twitter:data1\" content=\"alicia\" \/>\n\t<meta name=\"twitter:label2\" content=\"Tiempo de lectura\" \/>\n\t<meta name=\"twitter:data2\" content=\"2 minutos\" \/>\n<script type=\"application\/ld+json\" class=\"yoast-schema-graph\">{\"@context\":\"https:\/\/schema.org\",\"@graph\":[{\"@type\":\"Article\",\"@id\":\"https:\/\/www.fundacionanse.org\/resalar\/2025\/05\/09\/las-salinas-de-marchamalo-elegidas-entre-los-galardonados-en-los-premios-hispania-nostra\/#article\",\"isPartOf\":{\"@id\":\"https:\/\/www.fundacionanse.org\/resalar\/2025\/05\/09\/las-salinas-de-marchamalo-elegidas-entre-los-galardonados-en-los-premios-hispania-nostra\/\"},\"author\":{\"name\":\"alicia\",\"@id\":\"https:\/\/www.fundacionanse.org\/resalar\/#\/schema\/person\/825d0b66cfeac78d8671653dd99a9823\"},\"headline\":\"Las salinas de Marchamalo elegidas entre los galardonados en los premios Hispania Nostra\",\"datePublished\":\"2025-05-09T13:43:39+00:00\",\"dateModified\":\"2025-05-09T13:44:01+00:00\",\"mainEntityOfPage\":{\"@id\":\"https:\/\/www.fundacionanse.org\/resalar\/2025\/05\/09\/las-salinas-de-marchamalo-elegidas-entre-los-galardonados-en-los-premios-hispania-nostra\/\"},\"wordCount\":394,\"publisher\":{\"@id\":\"https:\/\/www.fundacionanse.org\/resalar\/#organization\"},\"image\":{\"@id\":\"https:\/\/www.fundacionanse.org\/resalar\/2025\/05\/09\/las-salinas-de-marchamalo-elegidas-entre-los-galardonados-en-los-premios-hispania-nostra\/#primaryimage\"},\"thumbnailUrl\":\"https:\/\/www.fundacionanse.org\/resalar\/wp-content\/uploads\/sites\/5\/2025\/05\/D71_2992-1024x768-1.jpg\",\"articleSection\":[\"Actualidad\"],\"inLanguage\":\"es\"},{\"@type\":\"WebPage\",\"@id\":\"https:\/\/www.fundacionanse.org\/resalar\/2025\/05\/09\/las-salinas-de-marchamalo-elegidas-entre-los-galardonados-en-los-premios-hispania-nostra\/\",\"url\":\"https:\/\/www.fundacionanse.org\/resalar\/2025\/05\/09\/las-salinas-de-marchamalo-elegidas-entre-los-galardonados-en-los-premios-hispania-nostra\/\",\"name\":\"Las salinas de Marchamalo elegidas entre los galardonados en los premios Hispania Nostra - RESALAR\",\"isPartOf\":{\"@id\":\"https:\/\/www.fundacionanse.org\/resalar\/#website\"},\"primaryImageOfPage\":{\"@id\":\"https:\/\/www.fundacionanse.org\/resalar\/2025\/05\/09\/las-salinas-de-marchamalo-elegidas-entre-los-galardonados-en-los-premios-hispania-nostra\/#primaryimage\"},\"image\":{\"@id\":\"https:\/\/www.fundacionanse.org\/resalar\/2025\/05\/09\/las-salinas-de-marchamalo-elegidas-entre-los-galardonados-en-los-premios-hispania-nostra\/#primaryimage\"},\"thumbnailUrl\":\"https:\/\/www.fundacionanse.org\/resalar\/wp-content\/uploads\/sites\/5\/2025\/05\/D71_2992-1024x768-1.jpg\",\"datePublished\":\"2025-05-09T13:43:39+00:00\",\"dateModified\":\"2025-05-09T13:44:01+00:00\",\"breadcrumb\":{\"@id\":\"https:\/\/www.fundacionanse.org\/resalar\/2025\/05\/09\/las-salinas-de-marchamalo-elegidas-entre-los-galardonados-en-los-premios-hispania-nostra\/#breadcrumb\"},\"inLanguage\":\"es\",\"potentialAction\":[{\"@type\":\"ReadAction\",\"target\":[\"https:\/\/www.fundacionanse.org\/resalar\/2025\/05\/09\/las-salinas-de-marchamalo-elegidas-entre-los-galardonados-en-los-premios-hispania-nostra\/\"]}]},{\"@type\":\"ImageObject\",\"inLanguage\":\"es\",\"@id\":\"https:\/\/www.fundacionanse.org\/resalar\/2025\/05\/09\/las-salinas-de-marchamalo-elegidas-entre-los-galardonados-en-los-premios-hispania-nostra\/#primaryimage\",\"url\":\"https:\/\/www.fundacionanse.org\/resalar\/wp-content\/uploads\/sites\/5\/2025\/05\/D71_2992-1024x768-1.jpg\",\"contentUrl\":\"https:\/\/www.fundacionanse.org\/resalar\/wp-content\/uploads\/sites\/5\/2025\/05\/D71_2992-1024x768-1.jpg\",\"width\":1024,\"height\":768},{\"@type\":\"BreadcrumbList\",\"@id\":\"https:\/\/www.fundacionanse.org\/resalar\/2025\/05\/09\/las-salinas-de-marchamalo-elegidas-entre-los-galardonados-en-los-premios-hispania-nostra\/#breadcrumb\",\"itemListElement\":[{\"@type\":\"ListItem\",\"position\":1,\"name\":\"Portada\",\"item\":\"https:\/\/www.fundacionanse.org\/resalar\/\"},{\"@type\":\"ListItem\",\"position\":2,\"name\":\"Las salinas de Marchamalo elegidas entre los galardonados en los premios Hispania Nostra\"}]},{\"@type\":\"WebSite\",\"@id\":\"https:\/\/www.fundacionanse.org\/resalar\/#website\",\"url\":\"https:\/\/www.fundacionanse.org\/resalar\/\",\"name\":\"RESALAR\",\"description\":\"Regeneraci\u00f3n de salinas y arenales en el Mar Menor\",\"publisher\":{\"@id\":\"https:\/\/www.fundacionanse.org\/resalar\/#organization\"},\"potentialAction\":[{\"@type\":\"SearchAction\",\"target\":{\"@type\":\"EntryPoint\",\"urlTemplate\":\"https:\/\/www.fundacionanse.org\/resalar\/?s={search_term_string}\"},\"query-input\":{\"@type\":\"PropertyValueSpecification\",\"valueRequired\":true,\"valueName\":\"search_term_string\"}}],\"inLanguage\":\"es\"},{\"@type\":\"Organization\",\"@id\":\"https:\/\/www.fundacionanse.org\/resalar\/#organization\",\"name\":\"RESALAR\",\"url\":\"https:\/\/www.fundacionanse.org\/resalar\/\",\"logo\":{\"@type\":\"ImageObject\",\"inLanguage\":\"es\",\"@id\":\"https:\/\/www.fundacionanse.org\/resalar\/#\/schema\/logo\/image\/\",\"url\":\"https:\/\/www.fundacionanse.org\/resalar\/wp-content\/uploads\/sites\/5\/2024\/02\/resalar-web_vertical-color.svg\",\"contentUrl\":\"https:\/\/www.fundacionanse.org\/resalar\/wp-content\/uploads\/sites\/5\/2024\/02\/resalar-web_vertical-color.svg\",\"width\":168,\"height\":188,\"caption\":\"RESALAR\"},\"image\":{\"@id\":\"https:\/\/www.fundacionanse.org\/resalar\/#\/schema\/logo\/image\/\"},\"sameAs\":[\"https:\/\/www.facebook.com\/FundacionANSE\",\"https:\/\/x.com\/fundacionanse\",\"https:\/\/www.instagram.com\/fundacionanse\/\"]},{\"@type\":\"Person\",\"@id\":\"https:\/\/www.fundacionanse.org\/resalar\/#\/schema\/person\/825d0b66cfeac78d8671653dd99a9823\",\"name\":\"alicia\",\"image\":{\"@type\":\"ImageObject\",\"inLanguage\":\"es\",\"@id\":\"https:\/\/www.fundacionanse.org\/resalar\/#\/schema\/person\/image\/\",\"url\":\"https:\/\/secure.gravatar.com\/avatar\/8ea2aaa5672bd433d40f04b94a58fc94bcebbd601dd2a6a43a24e2e272228529?s=96&d=mm&r=g\",\"contentUrl\":\"https:\/\/secure.gravatar.com\/avatar\/8ea2aaa5672bd433d40f04b94a58fc94bcebbd601dd2a6a43a24e2e272228529?s=96&d=mm&r=g\",\"caption\":\"alicia\"},\"url\":\"https:\/\/www.fundacionanse.org\/resalar\/author\/alicia\/\"}]}<\/script>\n<!-- \/ Yoast SEO plugin. -->","yoast_head_json":{"title":"Las salinas de Marchamalo elegidas entre los galardonados en los premios Hispania Nostra - RESALAR","robots":{"index":"index","follow":"follow","max-snippet":"max-snippet:-1","max-image-preview":"max-image-preview:large","max-video-preview":"max-video-preview:-1"},"canonical":"https:\/\/www.fundacionanse.org\/resalar\/2025\/05\/09\/las-salinas-de-marchamalo-elegidas-entre-los-galardonados-en-los-premios-hispania-nostra\/","og_locale":"es_ES","og_type":"article","og_title":"Las salinas de Marchamalo elegidas entre los galardonados en los premios Hispania Nostra - RESALAR","og_description":"ANSE ha recibido \u00e9ste premio en la categor\u00eda de \u00abIntervenci\u00f3n en el territorio o en el paisaje, a\u00f1o 2025\u00bb por los trabajos de restauraci\u00f3n de las salinas de Marchamalo que lleva a cabo desde 2019. El Jurado ha querido destacar \u201cesta excelente recuperaci\u00f3n de un territorio que sufre una degradaci\u00f3n y presi\u00f3n especulativa constante como ... Leer m\u00e1s","og_url":"https:\/\/www.fundacionanse.org\/resalar\/2025\/05\/09\/las-salinas-de-marchamalo-elegidas-entre-los-galardonados-en-los-premios-hispania-nostra\/","og_site_name":"RESALAR","article_publisher":"https:\/\/www.facebook.com\/FundacionANSE","article_published_time":"2025-05-09T13:43:39+00:00","article_modified_time":"2025-05-09T13:44:01+00:00","og_image":[{"width":1024,"height":768,"url":"https:\/\/www.fundacionanse.org\/resalar\/wp-content\/uploads\/sites\/5\/2025\/05\/D71_2992-1024x768-1.jpg","type":"image\/jpeg"}],"author":"alicia","twitter_card":"summary_large_image","twitter_creator":"@fundacionanse","twitter_site":"@fundacionanse","twitter_misc":{"Escrito por":"alicia","Tiempo de lectura":"2 minutos"},"schema":{"@context":"https:\/\/schema.org","@graph":[{"@type":"Article","@id":"https:\/\/www.fundacionanse.org\/resalar\/2025\/05\/09\/las-salinas-de-marchamalo-elegidas-entre-los-galardonados-en-los-premios-hispania-nostra\/#article","isPartOf":{"@id":"https:\/\/www.fundacionanse.org\/resalar\/2025\/05\/09\/las-salinas-de-marchamalo-elegidas-entre-los-galardonados-en-los-premios-hispania-nostra\/"},"author":{"name":"alicia","@id":"https:\/\/www.fundacionanse.org\/resalar\/#\/schema\/person\/825d0b66cfeac78d8671653dd99a9823"},"headline":"Las salinas de Marchamalo elegidas entre los galardonados en los premios Hispania Nostra","datePublished":"2025-05-09T13:43:39+00:00","dateModified":"2025-05-09T13:44:01+00:00","mainEntityOfPage":{"@id":"https:\/\/www.fundacionanse.org\/resalar\/2025\/05\/09\/las-salinas-de-marchamalo-elegidas-entre-los-galardonados-en-los-premios-hispania-nostra\/"},"wordCount":394,"publisher":{"@id":"https:\/\/www.fundacionanse.org\/resalar\/#organization"},"image":{"@id":"https:\/\/www.fundacionanse.org\/resalar\/2025\/05\/09\/las-salinas-de-marchamalo-elegidas-entre-los-galardonados-en-los-premios-hispania-nostra\/#primaryimage"},"thumbnailUrl":"https:\/\/www.fundacionanse.org\/resalar\/wp-content\/uploads\/sites\/5\/2025\/05\/D71_2992-1024x768-1.jpg","articleSection":["Actualidad"],"inLanguage":"es"},{"@type":"WebPage","@id":"https:\/\/www.fundacionanse.org\/resalar\/2025\/05\/09\/las-salinas-de-marchamalo-elegidas-entre-los-galardonados-en-los-premios-hispania-nostra\/","url":"https:\/\/www.fundacionanse.org\/resalar\/2025\/05\/09\/las-salinas-de-marchamalo-elegidas-entre-los-galardonados-en-los-premios-hispania-nostra\/","name":"Las salinas de Marchamalo elegidas entre los galardonados en los premios Hispania Nostra - RESALAR","isPartOf":{"@id":"https:\/\/www.fundacionanse.org\/resalar\/#website"},"primaryImageOfPage":{"@id":"https:\/\/www.fundacionanse.org\/resalar\/2025\/05\/09\/las-salinas-de-marchamalo-elegidas-entre-los-galardonados-en-los-premios-hispania-nostra\/#primaryimage"},"image":{"@id":"https:\/\/www.fundacionanse.org\/resalar\/2025\/05\/09\/las-salinas-de-marchamalo-elegidas-entre-los-galardonados-en-los-premios-hispania-nostra\/#primaryimage"},"thumbnailUrl":"https:\/\/www.fundacionanse.org\/resalar\/wp-content\/uploads\/sites\/5\/2025\/05\/D71_2992-1024x768-1.jpg","datePublished":"2025-05-09T13:43:39+00:00","dateModified":"2025-05-09T13:44:01+00:00","breadcrumb":{"@id":"https:\/\/www.fundacionanse.org\/resalar\/2025\/05\/09\/las-salinas-de-marchamalo-elegidas-entre-los-galardonados-en-los-premios-hispania-nostra\/#breadcrumb"},"inLanguage":"es","potentialAction":[{"@type":"ReadAction","target":["https:\/\/www.fundacionanse.org\/resalar\/2025\/05\/09\/las-salinas-de-marchamalo-elegidas-entre-los-galardonados-en-los-premios-hispania-nostra\/"]}]},{"@type":"ImageObject","inLanguage":"es","@id":"https:\/\/www.fundacionanse.org\/resalar\/2025\/05\/09\/las-salinas-de-marchamalo-elegidas-entre-los-galardonados-en-los-premios-hispania-nostra\/#primaryimage","url":"https:\/\/www.fundacionanse.org\/resalar\/wp-content\/uploads\/sites\/5\/2025\/05\/D71_2992-1024x768-1.jpg","contentUrl":"https:\/\/www.fundacionanse.org\/resalar\/wp-content\/uploads\/sites\/5\/2025\/05\/D71_2992-1024x768-1.jpg","width":1024,"height":768},{"@type":"BreadcrumbList","@id":"https:\/\/www.fundacionanse.org\/resalar\/2025\/05\/09\/las-salinas-de-marchamalo-elegidas-entre-los-galardonados-en-los-premios-hispania-nostra\/#breadcrumb","itemListElement":[{"@type":"ListItem","position":1,"name":"Portada","item":"https:\/\/www.fundacionanse.org\/resalar\/"},{"@type":"ListItem","position":2,"name":"Las salinas de Marchamalo elegidas entre los galardonados en los premios Hispania Nostra"}]},{"@type":"WebSite","@id":"https:\/\/www.fundacionanse.org\/resalar\/#website","url":"https:\/\/www.fundacionanse.org\/resalar\/","name":"RESALAR","description":"Regeneraci\u00f3n de salinas y arenales en el Mar Menor","publisher":{"@id":"https:\/\/www.fundacionanse.org\/resalar\/#organization"},"potentialAction":[{"@type":"SearchAction","target":{"@type":"EntryPoint","urlTemplate":"https:\/\/www.fundacionanse.org\/resalar\/?s={search_term_string}"},"query-input":{"@type":"PropertyValueSpecification","valueRequired":true,"valueName":"search_term_string"}}],"inLanguage":"es"},{"@type":"Organization","@id":"https:\/\/www.fundacionanse.org\/resalar\/#organization","name":"RESALAR","url":"https:\/\/www.fundacionanse.org\/resalar\/","logo":{"@type":"ImageObject","inLanguage":"es","@id":"https:\/\/www.fundacionanse.org\/resalar\/#\/schema\/logo\/image\/","url":"https:\/\/www.fundacionanse.org\/resalar\/wp-content\/uploads\/sites\/5\/2024\/02\/resalar-web_vertical-color.svg","contentUrl":"https:\/\/www.fundacionanse.org\/resalar\/wp-content\/uploads\/sites\/5\/2024\/02\/resalar-web_vertical-color.svg","width":168,"height":188,"caption":"RESALAR"},"image":{"@id":"https:\/\/www.fundacionanse.org\/resalar\/#\/schema\/logo\/image\/"},"sameAs":["https:\/\/www.facebook.com\/FundacionANSE","https:\/\/x.com\/fundacionanse","https:\/\/www.instagram.com\/fundacionanse\/"]},{"@type":"Person","@id":"https:\/\/www.fundacionanse.org\/resalar\/#\/schema\/person\/825d0b66cfeac78d8671653dd99a9823","name":"alicia","image":{"@type":"ImageObject","inLanguage":"es","@id":"https:\/\/www.fundacionanse.org\/resalar\/#\/schema\/person\/image\/","url":"https:\/\/secure.gravatar.com\/avatar\/8ea2aaa5672bd433d40f04b94a58fc94bcebbd601dd2a6a43a24e2e272228529?s=96&d=mm&r=g","contentUrl":"https:\/\/secure.gravatar.com\/avatar\/8ea2aaa5672bd433d40f04b94a58fc94bcebbd601dd2a6a43a24e2e272228529?s=96&d=mm&r=g","caption":"alicia"},"url":"https:\/\/www.fundacionanse.org\/resalar\/author\/alicia\/"}]}},"_links":{"self":[{"href":"https:\/\/www.fundacionanse.org\/resalar\/wp-json\/wp\/v2\/posts\/1096","targetHints":{"allow":["GET"]}}],"collection":[{"href":"https:\/\/www.fundacionanse.org\/resalar\/wp-json\/wp\/v2\/posts"}],"about":[{"href":"https:\/\/www.fundacionanse.org\/resalar\/wp-json\/wp\/v2\/types\/post"}],"author":[{"embeddable":true,"href":"https:\/\/www.fundacionanse.org\/resalar\/wp-json\/wp\/v2\/users\/6"}],"replies":[{"embeddable":true,"href":"https:\/\/www.fundacionanse.org\/resalar\/wp-json\/wp\/v2\/comments?post=1096"}],"version-history":[{"count":0,"href":"https:\/\/www.fundacionanse.org\/resalar\/wp-json\/wp\/v2\/posts\/1096\/revisions"}],"wp:featuredmedia":[{"embeddable":true,"href":"https:\/\/www.fundacionanse.org\/resalar\/wp-json\/wp\/v2\/media\/1098"}],"wp:attachment":[{"href":"https:\/\/www.fundacionanse.org\/resalar\/wp-json\/wp\/v2\/media?parent=1096"}],"wp:term":[{"taxonomy":"category","embeddable":true,"href":"https:\/\/www.fundacionanse.org\/resalar\/wp-json\/wp\/v2\/categories?post=1096"},{"taxonomy":"post_tag","embeddable":true,"href":"https:\/\/www.fundacionanse.org\/resalar\/wp-json\/wp\/v2\/tags?post=1096"}],"curies":[{"name":"wp","href":"https:\/\/api.w.org\/{rel}","templated":true}]}}