{"id":1105,"date":"2025-05-27T12:12:55","date_gmt":"2025-05-27T12:12:55","guid":{"rendered":"https:\/\/www.fundacionanse.org\/resalar\/?p=1105"},"modified":"2025-05-27T12:25:30","modified_gmt":"2025-05-27T12:25:30","slug":"participa-en-la-jornada-internacional-de-restauracion-ecologica-de-salinas","status":"publish","type":"post","link":"https:\/\/www.fundacionanse.org\/resalar\/2025\/05\/27\/participa-en-la-jornada-internacional-de-restauracion-ecologica-de-salinas\/","title":{"rendered":"Participa en la Jornada Internacional de Restauraci\u00f3n Ecol\u00f3gica de Salinas"},"content":{"rendered":"\n<p>Las salinas de evaporaci\u00f3n solar son paisajes antropog\u00e9nicos en los que se unen valores naturales, culturales y humanos de gran inter\u00e9s. De los cientos de salinas que en su d\u00eda hubo en la Pen\u00ednsula Ib\u00e9rica y en la cuenca del Mediterr\u00e1neo, muchas han desaparecido, fruto del abandono de la actividad salinera, la presi\u00f3n urban\u00edstica y los cambios de usos de suelo. En algunos casos se est\u00e1 recuperando la actividad salinera, con productos artesanales y servicios de bajo impacto compatibles con la producci\u00f3n de sal y la conservaci\u00f3n del medio; en otros lugares se ha recuperado la funcionalidad del ecosistema salino. Ya sea con fines productivos o de renaturalizaci\u00f3n, la restauraci\u00f3n ecol\u00f3gica es, en efecto, una herramienta que permite recuperar los valores naturales y culturales de las salinas abandonadas de una forma responsable, vers\u00e1til y sostenible.<\/p>\n\n\n\n<p>En esta jornada organizada por WWF Espa\u00f1a, con la colaboraci\u00f3n de ANSE y el IEO, se presentar\u00e1n iniciativas de restauraci\u00f3n y puesta en valor de salinas en el \u00e1mbito Mediterr\u00e1neo, con especial \u00e9nfasis en los aspectos, t\u00e9cnicos, administrativos, sociales y comerciales. Se espera que el taller sirva de inspiraci\u00f3n e impulso para las actividades de restauraci\u00f3n y puesta en valor que se podr\u00edan aplicar a las salinas de Marchamalo, en Murcia, que se visitar\u00e1n como parte de las jornadas.<\/p>\n\n\n\n<p>Las jornadas tendr\u00e1n lugar durante <strong>los d\u00edas 12 y 13 de junio<\/strong>, en el sal\u00f3n de actos del <strong>Museo del Teatro Romano de Cartagena<\/strong>, y tambi\u00e9n se realizar\u00e1 una visita a las <strong>Salinas de Marchamalo<\/strong>.  <strong><a href=\"https:\/\/docs.google.com\/forms\/d\/e\/1FAIpQLScehss6D0o-Y-Yno5r63f-kv90faCzsbnoLEex2lF2zUac-lg\/viewform\">Puede inscribirse en el siguiente formulario. <\/a><\/strong><\/p>\n\n\n\n<p class=\"has-medium-font-size\"><strong>Programaci\u00f3n <\/strong><\/p>\n\n\n\n<p class=\"has-medium-font-size\"><strong>D\u00eda 1: Jueves 12 junio<\/strong><\/p>\n\n\n\n<p class=\"has-medium-font-size\">[9:00-19:00 h]<\/p>\n\n\n\n<p class=\"has-medium-font-size\"><br><strong>Ponencia marco: La nueva ley de Restauraci\u00f3n Ecol\u00f3gica de la UE y su implicaci\u00f3n para humedales. CE Reglamento Restauraci\u00f3n Naturaleza. <\/strong><em>Jordi Cortina, Universidad de Alicante\/SER, Espa\u00f1a.<\/em><br><\/p>\n\n\n\n<p class=\"has-medium-font-size\"><strong>Sesi\u00f3n 1:<\/strong> <strong>Restauraci\u00f3n ecol\u00f3gica de salinas. <\/strong><em>Modera Teresa Gil (WWF Espa\u00f1a).<\/em><br>\u2212 La restauraci\u00f3n ambiental de las salinas de Camarga, <em>Francia. Valentine Anstett &amp; Rutger de Wit, CNRS-MARBEC, Montpellier.<\/em><br>\u2212 Lago Atanasovo, <em>Bulgaria. Diyana Kostovska, Bulgarian Biodiversity Foundation, Bourgas<\/em>.<br>\u2212 Restauraci\u00f3n ecol\u00f3gica de las salinas de Marchamalo <em>Proyecto RESALAR. Pedro Garc\u00eda y Angel Sallent, ANSE, Murcia, Espa\u00f1a.<\/em><\/p>\n\n\n\n<p class=\"has-medium-font-size\"><br><strong>Mesa redonda: Restauraci\u00f3n ecol\u00f3gica de salinas.<\/strong><\/p>\n\n\n\n<p class=\"has-medium-font-size\"><br><strong>Sesi\u00f3n 2: Gesti\u00f3n de salinas. <\/strong><em>Modera Jos\u00e9 Luis Garc\u00eda Varas (WWF Espa\u00f1a).<\/em><br>\u2212 La gesti\u00f3n de la r\u00eda de Aveiro y sus salinas. <em>Filomena Cardoso, Universidad de Aveiro, Portugal.<\/em><br>\u2212 Oasis. <em>WWF Italia.<\/em><br>\u2212 Gesti\u00f3n de salinas en el marco del Parque Natural de las Salinas de Ibiza y Formentera, <em>Pilar Ala\u00f1\u00f3n, Ibiza, Espa\u00f1a.<\/em><br>\u2212 Gesti\u00f3n de la salina de Marchamalo, <em>proyecto RESALAR. Pedro Garc\u00eda y Angel Sallent, ANSE, Murcia, Espa\u00f1a.<\/em><\/p>\n\n\n\n<p class=\"has-medium-font-size\"><strong>Mesa redonda: Gesti\u00f3n de salinas.<\/strong><\/p>\n\n\n\n<p class=\"has-medium-font-size\"><br>[Comida]<\/p>\n\n\n\n<p class=\"has-medium-font-size\"><br><strong>Sesi\u00f3n 3: Patrimonio cultural y educaci\u00f3n ambiental en salinas restauradas.<\/strong> <em>Modera Mar Celdr\u00e1n (ANSE).<\/em><br>\u2212 20 a\u00f1os de proyectos europeos en las salinas de Portugal, <em>Renato Neves, Mae d\u2019\u00c1gua Lda., Queijas, Portugal.<\/em><br>\u2212 Las salinas de la Esperanza: un espacio para la investigaci\u00f3n y la educaci\u00f3n. <em>Alejandro P\u00e9rez Hurtado de Mendoza, Universidad de C\u00e1diz.<\/em><br>\u2212 Salinas de Cagliari, <em>Francesca Caldara, Cagliari, Cerde\u00f1a.<\/em><br>\u2212 Acciones educativas y de patrimonio desarrolladas en proyecto RESALAR. <em>Alicia Pietro, ANSE, Murcia, Espa\u00f1a.<\/em><br><\/p>\n\n\n\n<p class=\"has-medium-font-size\"><strong>Mesa redonda: Patrimonio cultural y educaci\u00f3n ambiental en salinas restauradas.<\/strong><br><\/p>\n\n\n\n<p class=\"has-medium-font-size\"><strong>17.00 a 19:00 h: Visita a las salinas de Marchamalo.<\/strong><\/p>\n\n\n\n<p class=\"has-medium-font-size\"><strong>D\u00eda 2: Viernes 13 junio<\/strong><br>[9:30-13:00 h]<\/p>\n\n\n\n<p class=\"has-medium-font-size\"><br><strong>Sesi\u00f3n 4: Aprovechamientos salineros. <\/strong><em>Modera Katia Hueso (IPAISAL).<br><\/em>\u2212 El proyecto MedArtSal: Salinas de Espa\u00f1a, Italia, T\u00fanez y L\u00edbano.<em> Helena Clavero, IUCN Med.<\/em><br>\u2212 Las salinas de Maras. Per\u00fa y su aprovechamiento actual. <em>Oriol Beltran, Universidad de Barcelona. Espa\u00f1a.<\/em><br>\u2212 Salinas des Trenc: Aprovechamiento salinero en un entorno tur\u00edstico.<br><br><strong>Mesa redonda: Aprovechamientos salineros.<\/strong><\/p>\n\n\n\n<p class=\"has-medium-font-size\"><strong><br>Sesi\u00f3n 5: Salinas como laboratorios vivos. <\/strong><em>Modera Teresa Gil (WWF Espa\u00f1a). <\/em><\/p>\n\n\n\n<p class=\"has-medium-font-size\">&#8211; Investigaciones sobre la ostra en las salinas de Marchamalo. <em>Marina Albentosa, Instituto Espa\u00f1ol de Oceanograf\u00eda (IEO). Murcia, Espa\u00f1a.<\/em><\/p>\n\n\n\n<p class=\"has-medium-font-size\">-Seguimiento de la captura de carbono en las salinas de Marchamalo. <em>Paula Warren Jim\u00e9nez &amp; Enrique Moreno-Ostos, Universidad de M\u00e1laga. Espa\u00f1a. <\/em><\/p>\n\n\n\n<p class=\"has-medium-font-size\">&#8211; Programa de seguimiento de biodiversidad en las salinas de Marchamalo. <em>Jos\u00e9 Luis Murcia. ANSE. Murcia, Espa\u00f1a.<\/em><\/p>\n\n\n\n<p class=\"has-medium-font-size\"><strong>Mesa redonda: Salinas como laboratorios vivos.<\/strong><\/p>\n\n\n\n<p class=\"has-medium-font-size\"><strong>Conclusiones y cierre.<\/strong><\/p>\n\n\n<div class=\"wp-block-image\">\n<figure class=\"aligncenter size-large is-resized\"><img decoding=\"async\" width=\"819\" height=\"1024\" src=\"https:\/\/www.fundacionanse.org\/resalar\/wp-content\/uploads\/sites\/5\/2025\/05\/Resalar-cartel-jornadas-salineros-Post-de-Instagram-45-819x1024.jpg\" alt=\"\" class=\"wp-image-1113\" style=\"width:537px;height:auto\" srcset=\"https:\/\/www.fundacionanse.org\/resalar\/wp-content\/uploads\/sites\/5\/2025\/05\/Resalar-cartel-jornadas-salineros-Post-de-Instagram-45-819x1024.jpg 819w, https:\/\/www.fundacionanse.org\/resalar\/wp-content\/uploads\/sites\/5\/2025\/05\/Resalar-cartel-jornadas-salineros-Post-de-Instagram-45-240x300.jpg 240w, https:\/\/www.fundacionanse.org\/resalar\/wp-content\/uploads\/sites\/5\/2025\/05\/Resalar-cartel-jornadas-salineros-Post-de-Instagram-45-768x960.jpg 768w, https:\/\/www.fundacionanse.org\/resalar\/wp-content\/uploads\/sites\/5\/2025\/05\/Resalar-cartel-jornadas-salineros-Post-de-Instagram-45.jpg 1200w\" sizes=\"(max-width: 819px) 100vw, 819px\" \/><\/figure><\/div>\n\n\n<p class=\"has-medium-font-size\"><\/p>\n\n\n\n<img decoding=\"async\" src=\"https:\/\/www.fundacionanse.org\/resalar\/wp-content\/uploads\/sites\/5\/2023\/03\/Combo_Web_RESALAR.png\" width=\"800\" height=\"128\" border=\"0\" usemap=\"#map\">\n<map name=\"map\">\n<area shape=\"rect\" coords=\"6,19,209,62\" alt=\"Web Fundaci\u00f3n Biodiversidad\" href=\"https:\/\/fundacion-biodiversidad.es\/\">\n<area shape=\"rect\" coords=\"213,18,369,61\" alt=\"Web PRTR\" href=\"https:\/\/planderecuperacion.gob.es\/\">\n<area shape=\"rect\" coords=\"374,16,511,59\" alt=\"Web NextGeneration UE\" href=\"https:\/\/nexteugeneration.com\/\">\n<area shape=\"rect\" coords=\"522,17,642,64\" alt=\"Web MAP\" href=\"https:\/\/www.miteco.gob.es\/es\/ministerio\/planes-estrategias\/mar-menor\/marco-actuaciones-prioritarias\/\">\n<area shape=\"rect\" coords=\"650,16,796,63\" alt=\"Web Resalar\" href=\"https:\/\/www.fundacionanse.org\/resalar\/\">\n<area shape=\"rect\" coords=\"201,69,361,113\" alt=\"Web Fundaci\u00f3n ANSE\" href=\"https:\/\/www.fundacionanse.org\/\">\n<area shape=\"rect\" coords=\"367,67,450,112\" alt=\"Web ANSE\" href=\"https:\/\/www.asociacionanse.org\/\">\n<area shape=\"rect\" coords=\"454,64,493,115\" alt=\"Web WWF\" href=\"https:\/\/www.wwf.es\/\">\n<area shape=\"rect\" coords=\"495,66,594,112\" alt=\"Web IEO\" href=\"http:\/\/www.ieo.es\/es\/\">\n<\/map>\n<area shape=\"rect\" coords=\"1929,66,2359,221\" alt=\"Web MAP\" href=\"https:\/\/www.miteco.gob.es\/es\/ministerio\/planes-estrategias\/mar-menor\/marco-actuaciones-prioritarias\/\">\n<area shape=\"rect\" coords=\"2396,64,2901,219\" alt=\"Web RESALAR\" href=\"https:\/\/www.fundacionanse.org\/resalar\/\">\n","protected":false},"excerpt":{"rendered":"<p>Las salinas de evaporaci\u00f3n solar son paisajes antropog\u00e9nicos en los que se unen valores naturales, culturales y humanos de gran inter\u00e9s. De los cientos de salinas que en su d\u00eda hubo en la Pen\u00ednsula Ib\u00e9rica y en la cuenca del Mediterr\u00e1neo, muchas han desaparecido, fruto del abandono de la actividad salinera, la presi\u00f3n urban\u00edstica y &#8230; <a title=\"Participa en la Jornada Internacional de Restauraci\u00f3n Ecol\u00f3gica de Salinas\" class=\"read-more\" href=\"https:\/\/www.fundacionanse.org\/resalar\/2025\/05\/27\/participa-en-la-jornada-internacional-de-restauracion-ecologica-de-salinas\/\" aria-label=\"Leer m\u00e1s sobre Participa en la Jornada Internacional de Restauraci\u00f3n Ecol\u00f3gica de Salinas\">Leer m\u00e1s<\/a><\/p>\n","protected":false},"author":6,"featured_media":1115,"comment_status":"closed","ping_status":"closed","sticky":false,"template":"","format":"standard","meta":{"inline_featured_image":false,"footnotes":""},"categories":[1],"tags":[],"class_list":["post-1105","post","type-post","status-publish","format-standard","has-post-thumbnail","hentry","category-actualidad","generate-columns","tablet-grid-50","mobile-grid-100","grid-parent","grid-33","resize-featured-image"],"yoast_head":"<!-- This site is optimized with the Yoast SEO plugin v26.9 - https:\/\/yoast.com\/product\/yoast-seo-wordpress\/ -->\n<title>Participa en la Jornada Internacional de Restauraci\u00f3n Ecol\u00f3gica de Salinas - RESALAR<\/title>\n<meta name=\"robots\" content=\"index, follow, max-snippet:-1, max-image-preview:large, max-video-preview:-1\" \/>\n<link rel=\"canonical\" href=\"https:\/\/www.fundacionanse.org\/resalar\/2025\/05\/27\/participa-en-la-jornada-internacional-de-restauracion-ecologica-de-salinas\/\" \/>\n<meta property=\"og:locale\" content=\"es_ES\" \/>\n<meta property=\"og:type\" content=\"article\" \/>\n<meta property=\"og:title\" content=\"Participa en la Jornada Internacional de Restauraci\u00f3n Ecol\u00f3gica de Salinas - RESALAR\" \/>\n<meta property=\"og:description\" content=\"Las salinas de evaporaci\u00f3n solar son paisajes antropog\u00e9nicos en los que se unen valores naturales, culturales y humanos de gran inter\u00e9s. De los cientos de salinas que en su d\u00eda hubo en la Pen\u00ednsula Ib\u00e9rica y en la cuenca del Mediterr\u00e1neo, muchas han desaparecido, fruto del abandono de la actividad salinera, la presi\u00f3n urban\u00edstica y ... Leer m\u00e1s\" \/>\n<meta property=\"og:url\" content=\"https:\/\/www.fundacionanse.org\/resalar\/2025\/05\/27\/participa-en-la-jornada-internacional-de-restauracion-ecologica-de-salinas\/\" \/>\n<meta property=\"og:site_name\" content=\"RESALAR\" \/>\n<meta property=\"article:publisher\" content=\"https:\/\/www.facebook.com\/FundacionANSE\" \/>\n<meta property=\"article:published_time\" content=\"2025-05-27T12:12:55+00:00\" \/>\n<meta property=\"article:modified_time\" content=\"2025-05-27T12:25:30+00:00\" \/>\n<meta property=\"og:image\" content=\"https:\/\/www.fundacionanse.org\/resalar\/wp-content\/uploads\/sites\/5\/2025\/05\/IMG_9930.jpg\" \/>\n\t<meta property=\"og:image:width\" content=\"1400\" \/>\n\t<meta property=\"og:image:height\" content=\"933\" \/>\n\t<meta property=\"og:image:type\" content=\"image\/jpeg\" \/>\n<meta name=\"author\" content=\"alicia\" \/>\n<meta name=\"twitter:card\" content=\"summary_large_image\" \/>\n<meta name=\"twitter:creator\" content=\"@fundacionanse\" \/>\n<meta name=\"twitter:site\" content=\"@fundacionanse\" \/>\n<meta name=\"twitter:label1\" content=\"Escrito por\" \/>\n\t<meta name=\"twitter:data1\" content=\"alicia\" \/>\n\t<meta name=\"twitter:label2\" content=\"Tiempo de lectura\" \/>\n\t<meta name=\"twitter:data2\" content=\"7 minutos\" \/>\n<script type=\"application\/ld+json\" class=\"yoast-schema-graph\">{\"@context\":\"https:\/\/schema.org\",\"@graph\":[{\"@type\":\"Article\",\"@id\":\"https:\/\/www.fundacionanse.org\/resalar\/2025\/05\/27\/participa-en-la-jornada-internacional-de-restauracion-ecologica-de-salinas\/#article\",\"isPartOf\":{\"@id\":\"https:\/\/www.fundacionanse.org\/resalar\/2025\/05\/27\/participa-en-la-jornada-internacional-de-restauracion-ecologica-de-salinas\/\"},\"author\":{\"name\":\"alicia\",\"@id\":\"https:\/\/www.fundacionanse.org\/resalar\/#\/schema\/person\/825d0b66cfeac78d8671653dd99a9823\"},\"headline\":\"Participa en la Jornada Internacional de Restauraci\u00f3n Ecol\u00f3gica de Salinas\",\"datePublished\":\"2025-05-27T12:12:55+00:00\",\"dateModified\":\"2025-05-27T12:25:30+00:00\",\"mainEntityOfPage\":{\"@id\":\"https:\/\/www.fundacionanse.org\/resalar\/2025\/05\/27\/participa-en-la-jornada-internacional-de-restauracion-ecologica-de-salinas\/\"},\"wordCount\":736,\"publisher\":{\"@id\":\"https:\/\/www.fundacionanse.org\/resalar\/#organization\"},\"image\":{\"@id\":\"https:\/\/www.fundacionanse.org\/resalar\/2025\/05\/27\/participa-en-la-jornada-internacional-de-restauracion-ecologica-de-salinas\/#primaryimage\"},\"thumbnailUrl\":\"https:\/\/www.fundacionanse.org\/resalar\/wp-content\/uploads\/sites\/5\/2025\/05\/IMG_9930.jpg\",\"articleSection\":[\"Actualidad\"],\"inLanguage\":\"es\"},{\"@type\":\"WebPage\",\"@id\":\"https:\/\/www.fundacionanse.org\/resalar\/2025\/05\/27\/participa-en-la-jornada-internacional-de-restauracion-ecologica-de-salinas\/\",\"url\":\"https:\/\/www.fundacionanse.org\/resalar\/2025\/05\/27\/participa-en-la-jornada-internacional-de-restauracion-ecologica-de-salinas\/\",\"name\":\"Participa en la Jornada Internacional de Restauraci\u00f3n Ecol\u00f3gica de Salinas - RESALAR\",\"isPartOf\":{\"@id\":\"https:\/\/www.fundacionanse.org\/resalar\/#website\"},\"primaryImageOfPage\":{\"@id\":\"https:\/\/www.fundacionanse.org\/resalar\/2025\/05\/27\/participa-en-la-jornada-internacional-de-restauracion-ecologica-de-salinas\/#primaryimage\"},\"image\":{\"@id\":\"https:\/\/www.fundacionanse.org\/resalar\/2025\/05\/27\/participa-en-la-jornada-internacional-de-restauracion-ecologica-de-salinas\/#primaryimage\"},\"thumbnailUrl\":\"https:\/\/www.fundacionanse.org\/resalar\/wp-content\/uploads\/sites\/5\/2025\/05\/IMG_9930.jpg\",\"datePublished\":\"2025-05-27T12:12:55+00:00\",\"dateModified\":\"2025-05-27T12:25:30+00:00\",\"breadcrumb\":{\"@id\":\"https:\/\/www.fundacionanse.org\/resalar\/2025\/05\/27\/participa-en-la-jornada-internacional-de-restauracion-ecologica-de-salinas\/#breadcrumb\"},\"inLanguage\":\"es\",\"potentialAction\":[{\"@type\":\"ReadAction\",\"target\":[\"https:\/\/www.fundacionanse.org\/resalar\/2025\/05\/27\/participa-en-la-jornada-internacional-de-restauracion-ecologica-de-salinas\/\"]}]},{\"@type\":\"ImageObject\",\"inLanguage\":\"es\",\"@id\":\"https:\/\/www.fundacionanse.org\/resalar\/2025\/05\/27\/participa-en-la-jornada-internacional-de-restauracion-ecologica-de-salinas\/#primaryimage\",\"url\":\"https:\/\/www.fundacionanse.org\/resalar\/wp-content\/uploads\/sites\/5\/2025\/05\/IMG_9930.jpg\",\"contentUrl\":\"https:\/\/www.fundacionanse.org\/resalar\/wp-content\/uploads\/sites\/5\/2025\/05\/IMG_9930.jpg\",\"width\":1400,\"height\":933},{\"@type\":\"BreadcrumbList\",\"@id\":\"https:\/\/www.fundacionanse.org\/resalar\/2025\/05\/27\/participa-en-la-jornada-internacional-de-restauracion-ecologica-de-salinas\/#breadcrumb\",\"itemListElement\":[{\"@type\":\"ListItem\",\"position\":1,\"name\":\"Portada\",\"item\":\"https:\/\/www.fundacionanse.org\/resalar\/\"},{\"@type\":\"ListItem\",\"position\":2,\"name\":\"Participa en la Jornada Internacional de Restauraci\u00f3n Ecol\u00f3gica de Salinas\"}]},{\"@type\":\"WebSite\",\"@id\":\"https:\/\/www.fundacionanse.org\/resalar\/#website\",\"url\":\"https:\/\/www.fundacionanse.org\/resalar\/\",\"name\":\"RESALAR\",\"description\":\"Regeneraci\u00f3n de salinas y arenales en el Mar Menor\",\"publisher\":{\"@id\":\"https:\/\/www.fundacionanse.org\/resalar\/#organization\"},\"potentialAction\":[{\"@type\":\"SearchAction\",\"target\":{\"@type\":\"EntryPoint\",\"urlTemplate\":\"https:\/\/www.fundacionanse.org\/resalar\/?s={search_term_string}\"},\"query-input\":{\"@type\":\"PropertyValueSpecification\",\"valueRequired\":true,\"valueName\":\"search_term_string\"}}],\"inLanguage\":\"es\"},{\"@type\":\"Organization\",\"@id\":\"https:\/\/www.fundacionanse.org\/resalar\/#organization\",\"name\":\"RESALAR\",\"url\":\"https:\/\/www.fundacionanse.org\/resalar\/\",\"logo\":{\"@type\":\"ImageObject\",\"inLanguage\":\"es\",\"@id\":\"https:\/\/www.fundacionanse.org\/resalar\/#\/schema\/logo\/image\/\",\"url\":\"https:\/\/www.fundacionanse.org\/resalar\/wp-content\/uploads\/sites\/5\/2024\/02\/resalar-web_vertical-color.svg\",\"contentUrl\":\"https:\/\/www.fundacionanse.org\/resalar\/wp-content\/uploads\/sites\/5\/2024\/02\/resalar-web_vertical-color.svg\",\"width\":168,\"height\":188,\"caption\":\"RESALAR\"},\"image\":{\"@id\":\"https:\/\/www.fundacionanse.org\/resalar\/#\/schema\/logo\/image\/\"},\"sameAs\":[\"https:\/\/www.facebook.com\/FundacionANSE\",\"https:\/\/x.com\/fundacionanse\",\"https:\/\/www.instagram.com\/fundacionanse\/\"]},{\"@type\":\"Person\",\"@id\":\"https:\/\/www.fundacionanse.org\/resalar\/#\/schema\/person\/825d0b66cfeac78d8671653dd99a9823\",\"name\":\"alicia\",\"image\":{\"@type\":\"ImageObject\",\"inLanguage\":\"es\",\"@id\":\"https:\/\/www.fundacionanse.org\/resalar\/#\/schema\/person\/image\/\",\"url\":\"https:\/\/secure.gravatar.com\/avatar\/8ea2aaa5672bd433d40f04b94a58fc94bcebbd601dd2a6a43a24e2e272228529?s=96&d=mm&r=g\",\"contentUrl\":\"https:\/\/secure.gravatar.com\/avatar\/8ea2aaa5672bd433d40f04b94a58fc94bcebbd601dd2a6a43a24e2e272228529?s=96&d=mm&r=g\",\"caption\":\"alicia\"},\"url\":\"https:\/\/www.fundacionanse.org\/resalar\/author\/alicia\/\"}]}<\/script>\n<!-- \/ Yoast SEO plugin. -->","yoast_head_json":{"title":"Participa en la Jornada Internacional de Restauraci\u00f3n Ecol\u00f3gica de Salinas - RESALAR","robots":{"index":"index","follow":"follow","max-snippet":"max-snippet:-1","max-image-preview":"max-image-preview:large","max-video-preview":"max-video-preview:-1"},"canonical":"https:\/\/www.fundacionanse.org\/resalar\/2025\/05\/27\/participa-en-la-jornada-internacional-de-restauracion-ecologica-de-salinas\/","og_locale":"es_ES","og_type":"article","og_title":"Participa en la Jornada Internacional de Restauraci\u00f3n Ecol\u00f3gica de Salinas - RESALAR","og_description":"Las salinas de evaporaci\u00f3n solar son paisajes antropog\u00e9nicos en los que se unen valores naturales, culturales y humanos de gran inter\u00e9s. De los cientos de salinas que en su d\u00eda hubo en la Pen\u00ednsula Ib\u00e9rica y en la cuenca del Mediterr\u00e1neo, muchas han desaparecido, fruto del abandono de la actividad salinera, la presi\u00f3n urban\u00edstica y ... Leer m\u00e1s","og_url":"https:\/\/www.fundacionanse.org\/resalar\/2025\/05\/27\/participa-en-la-jornada-internacional-de-restauracion-ecologica-de-salinas\/","og_site_name":"RESALAR","article_publisher":"https:\/\/www.facebook.com\/FundacionANSE","article_published_time":"2025-05-27T12:12:55+00:00","article_modified_time":"2025-05-27T12:25:30+00:00","og_image":[{"width":1400,"height":933,"url":"https:\/\/www.fundacionanse.org\/resalar\/wp-content\/uploads\/sites\/5\/2025\/05\/IMG_9930.jpg","type":"image\/jpeg"}],"author":"alicia","twitter_card":"summary_large_image","twitter_creator":"@fundacionanse","twitter_site":"@fundacionanse","twitter_misc":{"Escrito por":"alicia","Tiempo de lectura":"7 minutos"},"schema":{"@context":"https:\/\/schema.org","@graph":[{"@type":"Article","@id":"https:\/\/www.fundacionanse.org\/resalar\/2025\/05\/27\/participa-en-la-jornada-internacional-de-restauracion-ecologica-de-salinas\/#article","isPartOf":{"@id":"https:\/\/www.fundacionanse.org\/resalar\/2025\/05\/27\/participa-en-la-jornada-internacional-de-restauracion-ecologica-de-salinas\/"},"author":{"name":"alicia","@id":"https:\/\/www.fundacionanse.org\/resalar\/#\/schema\/person\/825d0b66cfeac78d8671653dd99a9823"},"headline":"Participa en la Jornada Internacional de Restauraci\u00f3n Ecol\u00f3gica de Salinas","datePublished":"2025-05-27T12:12:55+00:00","dateModified":"2025-05-27T12:25:30+00:00","mainEntityOfPage":{"@id":"https:\/\/www.fundacionanse.org\/resalar\/2025\/05\/27\/participa-en-la-jornada-internacional-de-restauracion-ecologica-de-salinas\/"},"wordCount":736,"publisher":{"@id":"https:\/\/www.fundacionanse.org\/resalar\/#organization"},"image":{"@id":"https:\/\/www.fundacionanse.org\/resalar\/2025\/05\/27\/participa-en-la-jornada-internacional-de-restauracion-ecologica-de-salinas\/#primaryimage"},"thumbnailUrl":"https:\/\/www.fundacionanse.org\/resalar\/wp-content\/uploads\/sites\/5\/2025\/05\/IMG_9930.jpg","articleSection":["Actualidad"],"inLanguage":"es"},{"@type":"WebPage","@id":"https:\/\/www.fundacionanse.org\/resalar\/2025\/05\/27\/participa-en-la-jornada-internacional-de-restauracion-ecologica-de-salinas\/","url":"https:\/\/www.fundacionanse.org\/resalar\/2025\/05\/27\/participa-en-la-jornada-internacional-de-restauracion-ecologica-de-salinas\/","name":"Participa en la Jornada Internacional de Restauraci\u00f3n Ecol\u00f3gica de Salinas - RESALAR","isPartOf":{"@id":"https:\/\/www.fundacionanse.org\/resalar\/#website"},"primaryImageOfPage":{"@id":"https:\/\/www.fundacionanse.org\/resalar\/2025\/05\/27\/participa-en-la-jornada-internacional-de-restauracion-ecologica-de-salinas\/#primaryimage"},"image":{"@id":"https:\/\/www.fundacionanse.org\/resalar\/2025\/05\/27\/participa-en-la-jornada-internacional-de-restauracion-ecologica-de-salinas\/#primaryimage"},"thumbnailUrl":"https:\/\/www.fundacionanse.org\/resalar\/wp-content\/uploads\/sites\/5\/2025\/05\/IMG_9930.jpg","datePublished":"2025-05-27T12:12:55+00:00","dateModified":"2025-05-27T12:25:30+00:00","breadcrumb":{"@id":"https:\/\/www.fundacionanse.org\/resalar\/2025\/05\/27\/participa-en-la-jornada-internacional-de-restauracion-ecologica-de-salinas\/#breadcrumb"},"inLanguage":"es","potentialAction":[{"@type":"ReadAction","target":["https:\/\/www.fundacionanse.org\/resalar\/2025\/05\/27\/participa-en-la-jornada-internacional-de-restauracion-ecologica-de-salinas\/"]}]},{"@type":"ImageObject","inLanguage":"es","@id":"https:\/\/www.fundacionanse.org\/resalar\/2025\/05\/27\/participa-en-la-jornada-internacional-de-restauracion-ecologica-de-salinas\/#primaryimage","url":"https:\/\/www.fundacionanse.org\/resalar\/wp-content\/uploads\/sites\/5\/2025\/05\/IMG_9930.jpg","contentUrl":"https:\/\/www.fundacionanse.org\/resalar\/wp-content\/uploads\/sites\/5\/2025\/05\/IMG_9930.jpg","width":1400,"height":933},{"@type":"BreadcrumbList","@id":"https:\/\/www.fundacionanse.org\/resalar\/2025\/05\/27\/participa-en-la-jornada-internacional-de-restauracion-ecologica-de-salinas\/#breadcrumb","itemListElement":[{"@type":"ListItem","position":1,"name":"Portada","item":"https:\/\/www.fundacionanse.org\/resalar\/"},{"@type":"ListItem","position":2,"name":"Participa en la Jornada Internacional de Restauraci\u00f3n Ecol\u00f3gica de Salinas"}]},{"@type":"WebSite","@id":"https:\/\/www.fundacionanse.org\/resalar\/#website","url":"https:\/\/www.fundacionanse.org\/resalar\/","name":"RESALAR","description":"Regeneraci\u00f3n de salinas y arenales en el Mar Menor","publisher":{"@id":"https:\/\/www.fundacionanse.org\/resalar\/#organization"},"potentialAction":[{"@type":"SearchAction","target":{"@type":"EntryPoint","urlTemplate":"https:\/\/www.fundacionanse.org\/resalar\/?s={search_term_string}"},"query-input":{"@type":"PropertyValueSpecification","valueRequired":true,"valueName":"search_term_string"}}],"inLanguage":"es"},{"@type":"Organization","@id":"https:\/\/www.fundacionanse.org\/resalar\/#organization","name":"RESALAR","url":"https:\/\/www.fundacionanse.org\/resalar\/","logo":{"@type":"ImageObject","inLanguage":"es","@id":"https:\/\/www.fundacionanse.org\/resalar\/#\/schema\/logo\/image\/","url":"https:\/\/www.fundacionanse.org\/resalar\/wp-content\/uploads\/sites\/5\/2024\/02\/resalar-web_vertical-color.svg","contentUrl":"https:\/\/www.fundacionanse.org\/resalar\/wp-content\/uploads\/sites\/5\/2024\/02\/resalar-web_vertical-color.svg","width":168,"height":188,"caption":"RESALAR"},"image":{"@id":"https:\/\/www.fundacionanse.org\/resalar\/#\/schema\/logo\/image\/"},"sameAs":["https:\/\/www.facebook.com\/FundacionANSE","https:\/\/x.com\/fundacionanse","https:\/\/www.instagram.com\/fundacionanse\/"]},{"@type":"Person","@id":"https:\/\/www.fundacionanse.org\/resalar\/#\/schema\/person\/825d0b66cfeac78d8671653dd99a9823","name":"alicia","image":{"@type":"ImageObject","inLanguage":"es","@id":"https:\/\/www.fundacionanse.org\/resalar\/#\/schema\/person\/image\/","url":"https:\/\/secure.gravatar.com\/avatar\/8ea2aaa5672bd433d40f04b94a58fc94bcebbd601dd2a6a43a24e2e272228529?s=96&d=mm&r=g","contentUrl":"https:\/\/secure.gravatar.com\/avatar\/8ea2aaa5672bd433d40f04b94a58fc94bcebbd601dd2a6a43a24e2e272228529?s=96&d=mm&r=g","caption":"alicia"},"url":"https:\/\/www.fundacionanse.org\/resalar\/author\/alicia\/"}]}},"_links":{"self":[{"href":"https:\/\/www.fundacionanse.org\/resalar\/wp-json\/wp\/v2\/posts\/1105","targetHints":{"allow":["GET"]}}],"collection":[{"href":"https:\/\/www.fundacionanse.org\/resalar\/wp-json\/wp\/v2\/posts"}],"about":[{"href":"https:\/\/www.fundacionanse.org\/resalar\/wp-json\/wp\/v2\/types\/post"}],"author":[{"embeddable":true,"href":"https:\/\/www.fundacionanse.org\/resalar\/wp-json\/wp\/v2\/users\/6"}],"replies":[{"embeddable":true,"href":"https:\/\/www.fundacionanse.org\/resalar\/wp-json\/wp\/v2\/comments?post=1105"}],"version-history":[{"count":0,"href":"https:\/\/www.fundacionanse.org\/resalar\/wp-json\/wp\/v2\/posts\/1105\/revisions"}],"wp:featuredmedia":[{"embeddable":true,"href":"https:\/\/www.fundacionanse.org\/resalar\/wp-json\/wp\/v2\/media\/1115"}],"wp:attachment":[{"href":"https:\/\/www.fundacionanse.org\/resalar\/wp-json\/wp\/v2\/media?parent=1105"}],"wp:term":[{"taxonomy":"category","embeddable":true,"href":"https:\/\/www.fundacionanse.org\/resalar\/wp-json\/wp\/v2\/categories?post=1105"},{"taxonomy":"post_tag","embeddable":true,"href":"https:\/\/www.fundacionanse.org\/resalar\/wp-json\/wp\/v2\/tags?post=1105"}],"curies":[{"name":"wp","href":"https:\/\/api.w.org\/{rel}","templated":true}]}}