{"id":1127,"date":"2025-06-17T08:52:31","date_gmt":"2025-06-17T08:52:31","guid":{"rendered":"https:\/\/www.fundacionanse.org\/resalar\/?p=1127"},"modified":"2025-06-17T08:56:01","modified_gmt":"2025-06-17T08:56:01","slug":"las-salinas-esenciales-en-la-lucha-contra-el-cambio-climatico-y-la-perdida-de-biodiversidad-en-europa","status":"publish","type":"post","link":"https:\/\/www.fundacionanse.org\/resalar\/2025\/06\/17\/las-salinas-esenciales-en-la-lucha-contra-el-cambio-climatico-y-la-perdida-de-biodiversidad-en-europa\/","title":{"rendered":"Las salinas, esenciales en la lucha contra el cambio clim\u00e1tico y la p\u00e9rdida de biodiversidad en Europa\u00a0"},"content":{"rendered":"\n<p><strong>Cartagena ha acogido unas jornadas internacionales, en el marco del proyecto RESALAR, que refuerzan el papel de estos ecosistemas resultado de la actividad humana, no solo como generadores de sal y vida, sino tambi\u00e9n como espacios multifuncionales donde se puede desarrollar arte, educaci\u00f3n ambiental y otro tipo de actividades socioculturales.&nbsp;<\/strong><\/p>\n\n\n\n<p>Durante los d\u00edas 12 y 13 de junio, el Museo del Teatro Romano de Cartagena fue el escenario de las Jornadas Internacionales de Restauraci\u00f3n Ecol\u00f3gica de Salinas, un encuentro que reuni\u00f3 a cerca de medio centenar de especialistas procedentes de distintos puntos de Europa (Francia, Italia, Bulgaria y Portugal) y Espa\u00f1a (Baleares, C\u00e1diz, Murcia, M\u00e1laga y Alicante).&nbsp;<\/p>\n\n\n\n<p>Durante el evento, los participantes han podido intercambiar experiencias, enfoques t\u00e9cnicos y estrategias de gesti\u00f3n orientadas a la recuperaci\u00f3n de salinas, abordando dimensiones ecol\u00f3gicas, legales, sociales y productivas y teniendo como objetivo final la puesta en valor de estos humedales antr\u00f3picos, que ofrecen soluciones basadas en la naturaleza ante desaf\u00edos como el cambio clim\u00e1tico, la p\u00e9rdida de biodiversidad o el abandono rural.&nbsp;<\/p>\n\n\n\n<p>Adem\u00e1s, durante las jornadas, se present\u00f3 el <a href=\"https:\/\/www.asociacionanse.org\/download\/145\/\"><strong>Manual de Restauraci\u00f3n Ecol\u00f3gica de Salinas en Europa y el Mediterr\u00e1neo<\/strong><\/a>, documento elaborado dentro del proyecto RESALAR que tiene como objetivo fomentar la restauraci\u00f3n de salinas abandonadas para recuperar sus valores naturales y culturales. <\/p>\n\n\n\n<p>Durante las jornadas,&nbsp; los especialistas abordaron&nbsp; el papel de las salinas como \u2018laboratorios vivos\u2019. Es el caso de la cr\u00eda de ostra plana que se usa filtrar los contaminantes del Mar Menor. Asimismo, estos ecosistemas tienen una gran capacidad para actuar como sumideros de&nbsp; CO\u2082, como evidencia el seguimiento de la captura de carbono realizado por la Universidad de M\u00e1laga en las salinas de Marchamalo.&nbsp;<\/p>\n\n\n\n<p>Por otro lado, las salinas se presentaron como paisajes \u00fanicos que pueden cumplir diversas funciones socioculturales m\u00e1s all\u00e1 de la mera producci\u00f3n de sal.&nbsp; Estos lugares pueden servir de encuentro para la comunidad, tener un aprovechamiento tur\u00edstico, adem\u00e1s de ser un lugar para la realizaci\u00f3n de actividades educativas y art\u00edsticas.&nbsp;<\/p>\n\n\n\n<p>Asimismo, se destac\u00f3 tambi\u00e9n la necesidad de que el sector p\u00fablico y privado intervengan para el avance de este tipo de proyectos de regeneraci\u00f3n de ecosistemas.&nbsp; Pero, sobre todo, se enfatiz\u00f3 en la importancia del activismo social y&nbsp; la implicaci\u00f3n de la comunidad para que puedan salir adelante. Sin embargo, tambi\u00e9n hay diversas amenazas que enfrentar en este camino, como la presi\u00f3n tur\u00edstica sobre la biodiversidad, el abandono de la actividad salinera, la falta de relevo generacional, la presi\u00f3n urban\u00edstica y problemas de especies ex\u00f3ticas invasoras. Frente a ello, se insisti\u00f3 en la necesidad de impulsar nuevos marcos de cooperaci\u00f3n a nivel mediterr\u00e1neo y europeo, fortalecer redes de trabajo, y promover pol\u00edticas que integren conservaci\u00f3n, desarrollo local y memoria cultural.&nbsp;<\/p>\n\n\n\n<p>Finalmente, se hizo hincapi\u00e9 en la necesidad de dar continuidad a los proyectos a largo plazo, a trav\u00e9s de la b\u00fasqueda de modelos de negocio sostenibles.&nbsp;<\/p>\n\n\n\n<p>Estas jornadas dejaron una clara conclusi\u00f3n: restaurar salinas no es solo recuperar biodiversidad, es tambi\u00e9n recuperar oficios, revitalizar comunidades y reconectar con las ra\u00edces.&nbsp;<\/p>\n\n\n\n<p>El proyecto<a href=\"https:\/\/www.fundacionanse.org\/resalar\/proyecto-resalar\/\"> <strong>RESALAR<\/strong><\/a><strong> <\/strong>tiene el objetivo de regenerar espacios del litoral del Mar Menor y su biodiversidad para fortalecer la resiliencia del litoral frente al cambio clim\u00e1tico y mejorar e incrementar los servicios ecosist\u00e9micos que proveen a la sociedad.<\/p>\n\n\n\n<p>Este proyecto, que coordina la&nbsp;Fundaci\u00f3n ANSE, y en el que participan la&nbsp;Asociaci\u00f3n de Naturalistas del Sureste,&nbsp;WWF-Espa\u00f1a&nbsp;y el&nbsp;Instituto Espa\u00f1ol de Oceanograf\u00eda,&nbsp;Centro Nacional de la Agencia Estatal Consejo Superior de Investigaciones Cient\u00edficas (IEO-CSIC), cuenta con el apoyo de la&nbsp;Fundaci\u00f3n Biodiversidad&nbsp;del Ministerio para la Transici\u00f3n Ecol\u00f3gica y el Reto Demogr\u00e1fico (MITECO), que aporta el 95% de la financiaci\u00f3n del proyecto, en el marco del Plan de Recuperaci\u00f3n, Transformaci\u00f3n y Resiliencia (PRTR), financiado por la Uni\u00f3n Europea \u2013 NextGenerationEU, y se encuentra vinculado al&nbsp;Marco de Actuaciones Prioritarias para la recuperaci\u00f3n del Mar Menor&nbsp;del Ministerio para la Transici\u00f3n Ecol\u00f3gica y el Reto Demogr\u00e1fico. El proyecto cuenta con la cofinanciaci\u00f3n de la&nbsp;Fundaci\u00f3n Estrella de Levante&nbsp;y con la colaboraci\u00f3n de&nbsp;Salinera Espa\u00f1ola&nbsp;y de&nbsp;Biocyma.<\/p>\n\n\n\n<p><\/p>\n","protected":false},"excerpt":{"rendered":"<p>Cartagena ha acogido unas jornadas internacionales, en el marco del proyecto RESALAR, que refuerzan el papel de estos ecosistemas resultado de la actividad humana, no solo como generadores de sal y vida, sino tambi\u00e9n como espacios multifuncionales donde se puede desarrollar arte, educaci\u00f3n ambiental y otro tipo de actividades socioculturales.&nbsp; Durante los d\u00edas 12 y &#8230; <a title=\"Las salinas, esenciales en la lucha contra el cambio clim\u00e1tico y la p\u00e9rdida de biodiversidad en Europa\u00a0\" class=\"read-more\" href=\"https:\/\/www.fundacionanse.org\/resalar\/2025\/06\/17\/las-salinas-esenciales-en-la-lucha-contra-el-cambio-climatico-y-la-perdida-de-biodiversidad-en-europa\/\" aria-label=\"Leer m\u00e1s sobre Las salinas, esenciales en la lucha contra el cambio clim\u00e1tico y la p\u00e9rdida de biodiversidad en Europa\u00a0\">Leer m\u00e1s<\/a><\/p>\n","protected":false},"author":6,"featured_media":1128,"comment_status":"closed","ping_status":"closed","sticky":false,"template":"","format":"standard","meta":{"inline_featured_image":false,"footnotes":""},"categories":[1],"tags":[22,16],"class_list":["post-1127","post","type-post","status-publish","format-standard","has-post-thumbnail","hentry","category-actualidad","tag-jornadas-internacionales-restauracion-salinera","tag-salinas-de-marchamalo","generate-columns","tablet-grid-50","mobile-grid-100","grid-parent","grid-33","resize-featured-image"],"yoast_head":"<!-- This site is optimized with the Yoast SEO plugin v26.9 - https:\/\/yoast.com\/product\/yoast-seo-wordpress\/ -->\n<title>Las salinas, esenciales en la lucha contra el cambio clim\u00e1tico y la p\u00e9rdida de biodiversidad en Europa\u00a0 - RESALAR<\/title>\n<meta name=\"robots\" content=\"index, follow, max-snippet:-1, max-image-preview:large, max-video-preview:-1\" \/>\n<link rel=\"canonical\" href=\"https:\/\/www.fundacionanse.org\/resalar\/2025\/06\/17\/las-salinas-esenciales-en-la-lucha-contra-el-cambio-climatico-y-la-perdida-de-biodiversidad-en-europa\/\" \/>\n<meta property=\"og:locale\" content=\"es_ES\" \/>\n<meta property=\"og:type\" content=\"article\" \/>\n<meta property=\"og:title\" content=\"Las salinas, esenciales en la lucha contra el cambio clim\u00e1tico y la p\u00e9rdida de biodiversidad en Europa\u00a0 - RESALAR\" \/>\n<meta property=\"og:description\" content=\"Cartagena ha acogido unas jornadas internacionales, en el marco del proyecto RESALAR, que refuerzan el papel de estos ecosistemas resultado de la actividad humana, no solo como generadores de sal y vida, sino tambi\u00e9n como espacios multifuncionales donde se puede desarrollar arte, educaci\u00f3n ambiental y otro tipo de actividades socioculturales.&nbsp; Durante los d\u00edas 12 y ... Leer m\u00e1s\" \/>\n<meta property=\"og:url\" content=\"https:\/\/www.fundacionanse.org\/resalar\/2025\/06\/17\/las-salinas-esenciales-en-la-lucha-contra-el-cambio-climatico-y-la-perdida-de-biodiversidad-en-europa\/\" \/>\n<meta property=\"og:site_name\" content=\"RESALAR\" \/>\n<meta property=\"article:publisher\" content=\"https:\/\/www.facebook.com\/FundacionANSE\" \/>\n<meta property=\"article:published_time\" content=\"2025-06-17T08:52:31+00:00\" \/>\n<meta property=\"article:modified_time\" content=\"2025-06-17T08:56:01+00:00\" \/>\n<meta property=\"og:image\" content=\"https:\/\/www.fundacionanse.org\/resalar\/wp-content\/uploads\/sites\/5\/2025\/06\/IMG_4675.jpg\" \/>\n\t<meta property=\"og:image:width\" content=\"1400\" \/>\n\t<meta property=\"og:image:height\" content=\"933\" \/>\n\t<meta property=\"og:image:type\" content=\"image\/jpeg\" \/>\n<meta name=\"author\" content=\"alicia\" \/>\n<meta name=\"twitter:card\" content=\"summary_large_image\" \/>\n<meta name=\"twitter:creator\" content=\"@fundacionanse\" \/>\n<meta name=\"twitter:site\" content=\"@fundacionanse\" \/>\n<meta name=\"twitter:label1\" content=\"Escrito por\" \/>\n\t<meta name=\"twitter:data1\" content=\"alicia\" \/>\n\t<meta name=\"twitter:label2\" content=\"Tiempo de lectura\" \/>\n\t<meta name=\"twitter:data2\" content=\"4 minutos\" \/>\n<script type=\"application\/ld+json\" class=\"yoast-schema-graph\">{\"@context\":\"https:\/\/schema.org\",\"@graph\":[{\"@type\":\"Article\",\"@id\":\"https:\/\/www.fundacionanse.org\/resalar\/2025\/06\/17\/las-salinas-esenciales-en-la-lucha-contra-el-cambio-climatico-y-la-perdida-de-biodiversidad-en-europa\/#article\",\"isPartOf\":{\"@id\":\"https:\/\/www.fundacionanse.org\/resalar\/2025\/06\/17\/las-salinas-esenciales-en-la-lucha-contra-el-cambio-climatico-y-la-perdida-de-biodiversidad-en-europa\/\"},\"author\":{\"name\":\"alicia\",\"@id\":\"https:\/\/www.fundacionanse.org\/resalar\/#\/schema\/person\/825d0b66cfeac78d8671653dd99a9823\"},\"headline\":\"Las salinas, esenciales en la lucha contra el cambio clim\u00e1tico y la p\u00e9rdida de biodiversidad en Europa\u00a0\",\"datePublished\":\"2025-06-17T08:52:31+00:00\",\"dateModified\":\"2025-06-17T08:56:01+00:00\",\"mainEntityOfPage\":{\"@id\":\"https:\/\/www.fundacionanse.org\/resalar\/2025\/06\/17\/las-salinas-esenciales-en-la-lucha-contra-el-cambio-climatico-y-la-perdida-de-biodiversidad-en-europa\/\"},\"wordCount\":780,\"publisher\":{\"@id\":\"https:\/\/www.fundacionanse.org\/resalar\/#organization\"},\"image\":{\"@id\":\"https:\/\/www.fundacionanse.org\/resalar\/2025\/06\/17\/las-salinas-esenciales-en-la-lucha-contra-el-cambio-climatico-y-la-perdida-de-biodiversidad-en-europa\/#primaryimage\"},\"thumbnailUrl\":\"https:\/\/www.fundacionanse.org\/resalar\/wp-content\/uploads\/sites\/5\/2025\/06\/IMG_4675.jpg\",\"keywords\":[\"Jornadas Internacionales Restauraci\u00f3n Salinera\",\"Salinas de Marchamalo\"],\"articleSection\":[\"Actualidad\"],\"inLanguage\":\"es\"},{\"@type\":\"WebPage\",\"@id\":\"https:\/\/www.fundacionanse.org\/resalar\/2025\/06\/17\/las-salinas-esenciales-en-la-lucha-contra-el-cambio-climatico-y-la-perdida-de-biodiversidad-en-europa\/\",\"url\":\"https:\/\/www.fundacionanse.org\/resalar\/2025\/06\/17\/las-salinas-esenciales-en-la-lucha-contra-el-cambio-climatico-y-la-perdida-de-biodiversidad-en-europa\/\",\"name\":\"Las salinas, esenciales en la lucha contra el cambio clim\u00e1tico y la p\u00e9rdida de biodiversidad en Europa\u00a0 - RESALAR\",\"isPartOf\":{\"@id\":\"https:\/\/www.fundacionanse.org\/resalar\/#website\"},\"primaryImageOfPage\":{\"@id\":\"https:\/\/www.fundacionanse.org\/resalar\/2025\/06\/17\/las-salinas-esenciales-en-la-lucha-contra-el-cambio-climatico-y-la-perdida-de-biodiversidad-en-europa\/#primaryimage\"},\"image\":{\"@id\":\"https:\/\/www.fundacionanse.org\/resalar\/2025\/06\/17\/las-salinas-esenciales-en-la-lucha-contra-el-cambio-climatico-y-la-perdida-de-biodiversidad-en-europa\/#primaryimage\"},\"thumbnailUrl\":\"https:\/\/www.fundacionanse.org\/resalar\/wp-content\/uploads\/sites\/5\/2025\/06\/IMG_4675.jpg\",\"datePublished\":\"2025-06-17T08:52:31+00:00\",\"dateModified\":\"2025-06-17T08:56:01+00:00\",\"breadcrumb\":{\"@id\":\"https:\/\/www.fundacionanse.org\/resalar\/2025\/06\/17\/las-salinas-esenciales-en-la-lucha-contra-el-cambio-climatico-y-la-perdida-de-biodiversidad-en-europa\/#breadcrumb\"},\"inLanguage\":\"es\",\"potentialAction\":[{\"@type\":\"ReadAction\",\"target\":[\"https:\/\/www.fundacionanse.org\/resalar\/2025\/06\/17\/las-salinas-esenciales-en-la-lucha-contra-el-cambio-climatico-y-la-perdida-de-biodiversidad-en-europa\/\"]}]},{\"@type\":\"ImageObject\",\"inLanguage\":\"es\",\"@id\":\"https:\/\/www.fundacionanse.org\/resalar\/2025\/06\/17\/las-salinas-esenciales-en-la-lucha-contra-el-cambio-climatico-y-la-perdida-de-biodiversidad-en-europa\/#primaryimage\",\"url\":\"https:\/\/www.fundacionanse.org\/resalar\/wp-content\/uploads\/sites\/5\/2025\/06\/IMG_4675.jpg\",\"contentUrl\":\"https:\/\/www.fundacionanse.org\/resalar\/wp-content\/uploads\/sites\/5\/2025\/06\/IMG_4675.jpg\",\"width\":1400,\"height\":933},{\"@type\":\"BreadcrumbList\",\"@id\":\"https:\/\/www.fundacionanse.org\/resalar\/2025\/06\/17\/las-salinas-esenciales-en-la-lucha-contra-el-cambio-climatico-y-la-perdida-de-biodiversidad-en-europa\/#breadcrumb\",\"itemListElement\":[{\"@type\":\"ListItem\",\"position\":1,\"name\":\"Portada\",\"item\":\"https:\/\/www.fundacionanse.org\/resalar\/\"},{\"@type\":\"ListItem\",\"position\":2,\"name\":\"Las salinas, esenciales en la lucha contra el cambio clim\u00e1tico y la p\u00e9rdida de biodiversidad en Europa\u00a0\"}]},{\"@type\":\"WebSite\",\"@id\":\"https:\/\/www.fundacionanse.org\/resalar\/#website\",\"url\":\"https:\/\/www.fundacionanse.org\/resalar\/\",\"name\":\"RESALAR\",\"description\":\"Regeneraci\u00f3n de salinas y arenales en el Mar Menor\",\"publisher\":{\"@id\":\"https:\/\/www.fundacionanse.org\/resalar\/#organization\"},\"potentialAction\":[{\"@type\":\"SearchAction\",\"target\":{\"@type\":\"EntryPoint\",\"urlTemplate\":\"https:\/\/www.fundacionanse.org\/resalar\/?s={search_term_string}\"},\"query-input\":{\"@type\":\"PropertyValueSpecification\",\"valueRequired\":true,\"valueName\":\"search_term_string\"}}],\"inLanguage\":\"es\"},{\"@type\":\"Organization\",\"@id\":\"https:\/\/www.fundacionanse.org\/resalar\/#organization\",\"name\":\"RESALAR\",\"url\":\"https:\/\/www.fundacionanse.org\/resalar\/\",\"logo\":{\"@type\":\"ImageObject\",\"inLanguage\":\"es\",\"@id\":\"https:\/\/www.fundacionanse.org\/resalar\/#\/schema\/logo\/image\/\",\"url\":\"https:\/\/www.fundacionanse.org\/resalar\/wp-content\/uploads\/sites\/5\/2024\/02\/resalar-web_vertical-color.svg\",\"contentUrl\":\"https:\/\/www.fundacionanse.org\/resalar\/wp-content\/uploads\/sites\/5\/2024\/02\/resalar-web_vertical-color.svg\",\"width\":168,\"height\":188,\"caption\":\"RESALAR\"},\"image\":{\"@id\":\"https:\/\/www.fundacionanse.org\/resalar\/#\/schema\/logo\/image\/\"},\"sameAs\":[\"https:\/\/www.facebook.com\/FundacionANSE\",\"https:\/\/x.com\/fundacionanse\",\"https:\/\/www.instagram.com\/fundacionanse\/\"]},{\"@type\":\"Person\",\"@id\":\"https:\/\/www.fundacionanse.org\/resalar\/#\/schema\/person\/825d0b66cfeac78d8671653dd99a9823\",\"name\":\"alicia\",\"image\":{\"@type\":\"ImageObject\",\"inLanguage\":\"es\",\"@id\":\"https:\/\/www.fundacionanse.org\/resalar\/#\/schema\/person\/image\/\",\"url\":\"https:\/\/secure.gravatar.com\/avatar\/8ea2aaa5672bd433d40f04b94a58fc94bcebbd601dd2a6a43a24e2e272228529?s=96&d=mm&r=g\",\"contentUrl\":\"https:\/\/secure.gravatar.com\/avatar\/8ea2aaa5672bd433d40f04b94a58fc94bcebbd601dd2a6a43a24e2e272228529?s=96&d=mm&r=g\",\"caption\":\"alicia\"},\"url\":\"https:\/\/www.fundacionanse.org\/resalar\/author\/alicia\/\"}]}<\/script>\n<!-- \/ Yoast SEO plugin. -->","yoast_head_json":{"title":"Las salinas, esenciales en la lucha contra el cambio clim\u00e1tico y la p\u00e9rdida de biodiversidad en Europa\u00a0 - RESALAR","robots":{"index":"index","follow":"follow","max-snippet":"max-snippet:-1","max-image-preview":"max-image-preview:large","max-video-preview":"max-video-preview:-1"},"canonical":"https:\/\/www.fundacionanse.org\/resalar\/2025\/06\/17\/las-salinas-esenciales-en-la-lucha-contra-el-cambio-climatico-y-la-perdida-de-biodiversidad-en-europa\/","og_locale":"es_ES","og_type":"article","og_title":"Las salinas, esenciales en la lucha contra el cambio clim\u00e1tico y la p\u00e9rdida de biodiversidad en Europa\u00a0 - RESALAR","og_description":"Cartagena ha acogido unas jornadas internacionales, en el marco del proyecto RESALAR, que refuerzan el papel de estos ecosistemas resultado de la actividad humana, no solo como generadores de sal y vida, sino tambi\u00e9n como espacios multifuncionales donde se puede desarrollar arte, educaci\u00f3n ambiental y otro tipo de actividades socioculturales.&nbsp; Durante los d\u00edas 12 y ... Leer m\u00e1s","og_url":"https:\/\/www.fundacionanse.org\/resalar\/2025\/06\/17\/las-salinas-esenciales-en-la-lucha-contra-el-cambio-climatico-y-la-perdida-de-biodiversidad-en-europa\/","og_site_name":"RESALAR","article_publisher":"https:\/\/www.facebook.com\/FundacionANSE","article_published_time":"2025-06-17T08:52:31+00:00","article_modified_time":"2025-06-17T08:56:01+00:00","og_image":[{"width":1400,"height":933,"url":"https:\/\/www.fundacionanse.org\/resalar\/wp-content\/uploads\/sites\/5\/2025\/06\/IMG_4675.jpg","type":"image\/jpeg"}],"author":"alicia","twitter_card":"summary_large_image","twitter_creator":"@fundacionanse","twitter_site":"@fundacionanse","twitter_misc":{"Escrito por":"alicia","Tiempo de lectura":"4 minutos"},"schema":{"@context":"https:\/\/schema.org","@graph":[{"@type":"Article","@id":"https:\/\/www.fundacionanse.org\/resalar\/2025\/06\/17\/las-salinas-esenciales-en-la-lucha-contra-el-cambio-climatico-y-la-perdida-de-biodiversidad-en-europa\/#article","isPartOf":{"@id":"https:\/\/www.fundacionanse.org\/resalar\/2025\/06\/17\/las-salinas-esenciales-en-la-lucha-contra-el-cambio-climatico-y-la-perdida-de-biodiversidad-en-europa\/"},"author":{"name":"alicia","@id":"https:\/\/www.fundacionanse.org\/resalar\/#\/schema\/person\/825d0b66cfeac78d8671653dd99a9823"},"headline":"Las salinas, esenciales en la lucha contra el cambio clim\u00e1tico y la p\u00e9rdida de biodiversidad en Europa\u00a0","datePublished":"2025-06-17T08:52:31+00:00","dateModified":"2025-06-17T08:56:01+00:00","mainEntityOfPage":{"@id":"https:\/\/www.fundacionanse.org\/resalar\/2025\/06\/17\/las-salinas-esenciales-en-la-lucha-contra-el-cambio-climatico-y-la-perdida-de-biodiversidad-en-europa\/"},"wordCount":780,"publisher":{"@id":"https:\/\/www.fundacionanse.org\/resalar\/#organization"},"image":{"@id":"https:\/\/www.fundacionanse.org\/resalar\/2025\/06\/17\/las-salinas-esenciales-en-la-lucha-contra-el-cambio-climatico-y-la-perdida-de-biodiversidad-en-europa\/#primaryimage"},"thumbnailUrl":"https:\/\/www.fundacionanse.org\/resalar\/wp-content\/uploads\/sites\/5\/2025\/06\/IMG_4675.jpg","keywords":["Jornadas Internacionales Restauraci\u00f3n Salinera","Salinas de Marchamalo"],"articleSection":["Actualidad"],"inLanguage":"es"},{"@type":"WebPage","@id":"https:\/\/www.fundacionanse.org\/resalar\/2025\/06\/17\/las-salinas-esenciales-en-la-lucha-contra-el-cambio-climatico-y-la-perdida-de-biodiversidad-en-europa\/","url":"https:\/\/www.fundacionanse.org\/resalar\/2025\/06\/17\/las-salinas-esenciales-en-la-lucha-contra-el-cambio-climatico-y-la-perdida-de-biodiversidad-en-europa\/","name":"Las salinas, esenciales en la lucha contra el cambio clim\u00e1tico y la p\u00e9rdida de biodiversidad en Europa\u00a0 - RESALAR","isPartOf":{"@id":"https:\/\/www.fundacionanse.org\/resalar\/#website"},"primaryImageOfPage":{"@id":"https:\/\/www.fundacionanse.org\/resalar\/2025\/06\/17\/las-salinas-esenciales-en-la-lucha-contra-el-cambio-climatico-y-la-perdida-de-biodiversidad-en-europa\/#primaryimage"},"image":{"@id":"https:\/\/www.fundacionanse.org\/resalar\/2025\/06\/17\/las-salinas-esenciales-en-la-lucha-contra-el-cambio-climatico-y-la-perdida-de-biodiversidad-en-europa\/#primaryimage"},"thumbnailUrl":"https:\/\/www.fundacionanse.org\/resalar\/wp-content\/uploads\/sites\/5\/2025\/06\/IMG_4675.jpg","datePublished":"2025-06-17T08:52:31+00:00","dateModified":"2025-06-17T08:56:01+00:00","breadcrumb":{"@id":"https:\/\/www.fundacionanse.org\/resalar\/2025\/06\/17\/las-salinas-esenciales-en-la-lucha-contra-el-cambio-climatico-y-la-perdida-de-biodiversidad-en-europa\/#breadcrumb"},"inLanguage":"es","potentialAction":[{"@type":"ReadAction","target":["https:\/\/www.fundacionanse.org\/resalar\/2025\/06\/17\/las-salinas-esenciales-en-la-lucha-contra-el-cambio-climatico-y-la-perdida-de-biodiversidad-en-europa\/"]}]},{"@type":"ImageObject","inLanguage":"es","@id":"https:\/\/www.fundacionanse.org\/resalar\/2025\/06\/17\/las-salinas-esenciales-en-la-lucha-contra-el-cambio-climatico-y-la-perdida-de-biodiversidad-en-europa\/#primaryimage","url":"https:\/\/www.fundacionanse.org\/resalar\/wp-content\/uploads\/sites\/5\/2025\/06\/IMG_4675.jpg","contentUrl":"https:\/\/www.fundacionanse.org\/resalar\/wp-content\/uploads\/sites\/5\/2025\/06\/IMG_4675.jpg","width":1400,"height":933},{"@type":"BreadcrumbList","@id":"https:\/\/www.fundacionanse.org\/resalar\/2025\/06\/17\/las-salinas-esenciales-en-la-lucha-contra-el-cambio-climatico-y-la-perdida-de-biodiversidad-en-europa\/#breadcrumb","itemListElement":[{"@type":"ListItem","position":1,"name":"Portada","item":"https:\/\/www.fundacionanse.org\/resalar\/"},{"@type":"ListItem","position":2,"name":"Las salinas, esenciales en la lucha contra el cambio clim\u00e1tico y la p\u00e9rdida de biodiversidad en Europa\u00a0"}]},{"@type":"WebSite","@id":"https:\/\/www.fundacionanse.org\/resalar\/#website","url":"https:\/\/www.fundacionanse.org\/resalar\/","name":"RESALAR","description":"Regeneraci\u00f3n de salinas y arenales en el Mar Menor","publisher":{"@id":"https:\/\/www.fundacionanse.org\/resalar\/#organization"},"potentialAction":[{"@type":"SearchAction","target":{"@type":"EntryPoint","urlTemplate":"https:\/\/www.fundacionanse.org\/resalar\/?s={search_term_string}"},"query-input":{"@type":"PropertyValueSpecification","valueRequired":true,"valueName":"search_term_string"}}],"inLanguage":"es"},{"@type":"Organization","@id":"https:\/\/www.fundacionanse.org\/resalar\/#organization","name":"RESALAR","url":"https:\/\/www.fundacionanse.org\/resalar\/","logo":{"@type":"ImageObject","inLanguage":"es","@id":"https:\/\/www.fundacionanse.org\/resalar\/#\/schema\/logo\/image\/","url":"https:\/\/www.fundacionanse.org\/resalar\/wp-content\/uploads\/sites\/5\/2024\/02\/resalar-web_vertical-color.svg","contentUrl":"https:\/\/www.fundacionanse.org\/resalar\/wp-content\/uploads\/sites\/5\/2024\/02\/resalar-web_vertical-color.svg","width":168,"height":188,"caption":"RESALAR"},"image":{"@id":"https:\/\/www.fundacionanse.org\/resalar\/#\/schema\/logo\/image\/"},"sameAs":["https:\/\/www.facebook.com\/FundacionANSE","https:\/\/x.com\/fundacionanse","https:\/\/www.instagram.com\/fundacionanse\/"]},{"@type":"Person","@id":"https:\/\/www.fundacionanse.org\/resalar\/#\/schema\/person\/825d0b66cfeac78d8671653dd99a9823","name":"alicia","image":{"@type":"ImageObject","inLanguage":"es","@id":"https:\/\/www.fundacionanse.org\/resalar\/#\/schema\/person\/image\/","url":"https:\/\/secure.gravatar.com\/avatar\/8ea2aaa5672bd433d40f04b94a58fc94bcebbd601dd2a6a43a24e2e272228529?s=96&d=mm&r=g","contentUrl":"https:\/\/secure.gravatar.com\/avatar\/8ea2aaa5672bd433d40f04b94a58fc94bcebbd601dd2a6a43a24e2e272228529?s=96&d=mm&r=g","caption":"alicia"},"url":"https:\/\/www.fundacionanse.org\/resalar\/author\/alicia\/"}]}},"_links":{"self":[{"href":"https:\/\/www.fundacionanse.org\/resalar\/wp-json\/wp\/v2\/posts\/1127","targetHints":{"allow":["GET"]}}],"collection":[{"href":"https:\/\/www.fundacionanse.org\/resalar\/wp-json\/wp\/v2\/posts"}],"about":[{"href":"https:\/\/www.fundacionanse.org\/resalar\/wp-json\/wp\/v2\/types\/post"}],"author":[{"embeddable":true,"href":"https:\/\/www.fundacionanse.org\/resalar\/wp-json\/wp\/v2\/users\/6"}],"replies":[{"embeddable":true,"href":"https:\/\/www.fundacionanse.org\/resalar\/wp-json\/wp\/v2\/comments?post=1127"}],"version-history":[{"count":0,"href":"https:\/\/www.fundacionanse.org\/resalar\/wp-json\/wp\/v2\/posts\/1127\/revisions"}],"wp:featuredmedia":[{"embeddable":true,"href":"https:\/\/www.fundacionanse.org\/resalar\/wp-json\/wp\/v2\/media\/1128"}],"wp:attachment":[{"href":"https:\/\/www.fundacionanse.org\/resalar\/wp-json\/wp\/v2\/media?parent=1127"}],"wp:term":[{"taxonomy":"category","embeddable":true,"href":"https:\/\/www.fundacionanse.org\/resalar\/wp-json\/wp\/v2\/categories?post=1127"},{"taxonomy":"post_tag","embeddable":true,"href":"https:\/\/www.fundacionanse.org\/resalar\/wp-json\/wp\/v2\/tags?post=1127"}],"curies":[{"name":"wp","href":"https:\/\/api.w.org\/{rel}","templated":true}]}}