{"id":1145,"date":"2025-07-10T07:35:38","date_gmt":"2025-07-10T07:35:38","guid":{"rendered":"https:\/\/www.fundacionanse.org\/resalar\/?p=1145"},"modified":"2025-07-10T07:35:40","modified_gmt":"2025-07-10T07:35:40","slug":"comienza-la-retirada-de-la-linea-de-media-tension-que-atraviesa-las-salinas-de-marchamalo","status":"publish","type":"post","link":"https:\/\/www.fundacionanse.org\/resalar\/2025\/07\/10\/comienza-la-retirada-de-la-linea-de-media-tension-que-atraviesa-las-salinas-de-marchamalo\/","title":{"rendered":"Comienza la retirada de la l\u00ednea de media tensi\u00f3n que atraviesa las Salinas de Marchamalo"},"content":{"rendered":"\n<p>Este martes 8 de julio, han empezado los trabajos para desmantelar la l\u00ednea a\u00e9rea de media tensi\u00f3n que atraviesa las Salinas de Marchamalo (Cabo de Palos) con el objetivo de proteger la fauna y el ecosistema salinero de este entorno de gran valor ecol\u00f3gico.&nbsp;<a href=\"https:\/\/www.asociacionanse.org\/hallado-el-cadaver-de-una-ciguenuela-bajo-el-tendido-electrico-en-las-salinas-de-marchamalo\/20241021\/\">La presencia de este tendido supon\u00eda un grave problema para la avifauna que visita o reside en las Salinas de Marchamalo, habi\u00e9ndose registrado en los \u00faltimos a\u00f1os la muerte de varios ejemplares de cig\u00fce\u00f1uelas, gaviotas y chorlitejos, entre otras especies.<\/a><\/p>\n\n\n\n<p>La actuaci\u00f3n, que ha sido ejecutada por Iberdrola (a trav\u00e9s de su distribuidora i-DE) con la colaboraci\u00f3n del Ayuntamiento de Cartagena, hab\u00eda sido solicitada por ANSE por el peligro de mortalidad de esta l\u00ednea para la avifauna de las Salinas, que ir\u00e1 aumentando conforme avance la restauraci\u00f3n que se est\u00e1 llevando a cabo a trav\u00e9s del proyecto Resalar.<\/p>\n\n\n\n<p><a href=\"https:\/\/www.asociacionanse.org\/primera-cosecha-de-sal-en-las-salinas-de-marchamalo-despues-de-30-anos-de-abandono\/20240927\/\">Este proyecto ha permitido reactivar la actividad salinera, lo que contribuir\u00e1 al aumento y mejora de la biodiversidad en la zona.<\/a>&nbsp;En este contexto, la retirada del tendido el\u00e9ctrico supone un paso fundamental para alcanzar ese objetivo, al crear un entorno m\u00e1s seguro para la fauna.<\/p>\n\n\n\n<p><a href=\"https:\/\/www.asociacionanse.org\/avanzan-los-trabajos-para-soterrar-la-linea-electrica-que-atraviesa-las-salinas-de-marchamalo\/20250227\/\">En total, se desmantelar\u00e1 un kil\u00f3metro de tendido a\u00e9reo y 16 apoyos, que ser\u00e1n sustituidos por 2,5 km de l\u00ednea subterr\u00e1nea. &nbsp;Adem\u00e1s, se instalar\u00e1 un centro de seccionamiento telecontrolado para una gesti\u00f3n m\u00e1s eficiente de la red.<\/a><\/p>\n\n\n\n<p>Estas medidas suponen un gran avance para la conservaci\u00f3n del valioso ecosistema de las Salinas de Marchamalo, demostrando c\u00f3mo la colaboraci\u00f3n entre administraciones, empresas y asociaciones ecologistas es posible y genera resultados muy positivos para el medio ambiente y beneficios para las personas.<\/p>\n\n\n\n<p>El&nbsp;<a href=\"https:\/\/www.fundacionanse.org\/resalar\/proyecto-resalar\/\"><strong>proyecto&nbsp;RESALAR<\/strong>&nbsp;<\/a>tiene el objetivo de regenerar espacios del litoral del Mar Menor&nbsp;y su biodiversidad para fortalecer la resiliencia del litoral frente al cambio clim\u00e1tico y mejorar e incrementar los servicios ecosist\u00e9micos que proveen a la sociedad.<\/p>\n\n\n\n<p>Este proyecto, que coordina la&nbsp;Fundaci\u00f3n ANSE, y en el que participan la&nbsp;Asociaci\u00f3n de Naturalistas del Sureste,&nbsp;WWF-Espa\u00f1a&nbsp;y el&nbsp;Instituto Espa\u00f1ol de Oceanograf\u00eda,&nbsp;Centro Nacional de la Agencia Estatal Consejo Superior de Investigaciones Cient\u00edficas (IEO-CSIC), cuenta con el apoyo de la&nbsp;Fundaci\u00f3n Biodiversidad&nbsp;del Ministerio para la Transici\u00f3n Ecol\u00f3gica y el Reto Demogr\u00e1fico (MITECO), que aporta el 95% de la financiaci\u00f3n del proyecto, en el marco del Plan de Recuperaci\u00f3n, Transformaci\u00f3n y Resiliencia (PRTR), financiado por la Uni\u00f3n Europea \u2013 NextGenerationEU, y se encuentra vinculado al&nbsp;Marco de Actuaciones Prioritarias para la recuperaci\u00f3n del Mar Menor&nbsp;del Ministerio para la Transici\u00f3n Ecol\u00f3gica y el Reto Demogr\u00e1fico. El proyecto cuenta con la cofinanciaci\u00f3n de la&nbsp;Fundaci\u00f3n Estrella de Levante&nbsp;y con la colaboraci\u00f3n de&nbsp;Salinera Espa\u00f1ola&nbsp;y de&nbsp;Biocyma.<\/p>\n","protected":false},"excerpt":{"rendered":"<p>Este martes 8 de julio, han empezado los trabajos para desmantelar la l\u00ednea a\u00e9rea de media tensi\u00f3n que atraviesa las Salinas de Marchamalo (Cabo de Palos) con el objetivo de proteger la fauna y el ecosistema salinero de este entorno de gran valor ecol\u00f3gico.&nbsp;La presencia de este tendido supon\u00eda un grave problema para la avifauna &#8230; <a title=\"Comienza la retirada de la l\u00ednea de media tensi\u00f3n que atraviesa las Salinas de Marchamalo\" class=\"read-more\" href=\"https:\/\/www.fundacionanse.org\/resalar\/2025\/07\/10\/comienza-la-retirada-de-la-linea-de-media-tension-que-atraviesa-las-salinas-de-marchamalo\/\" aria-label=\"Leer m\u00e1s sobre Comienza la retirada de la l\u00ednea de media tensi\u00f3n que atraviesa las Salinas de Marchamalo\">Leer m\u00e1s<\/a><\/p>\n","protected":false},"author":6,"featured_media":1146,"comment_status":"closed","ping_status":"closed","sticky":false,"template":"","format":"standard","meta":{"inline_featured_image":false,"footnotes":""},"categories":[1],"tags":[16],"class_list":["post-1145","post","type-post","status-publish","format-standard","has-post-thumbnail","hentry","category-actualidad","tag-salinas-de-marchamalo","generate-columns","tablet-grid-50","mobile-grid-100","grid-parent","grid-33","resize-featured-image"],"yoast_head":"<!-- This site is optimized with the Yoast SEO plugin v26.9 - https:\/\/yoast.com\/product\/yoast-seo-wordpress\/ -->\n<title>Comienza la retirada de la l\u00ednea de media tensi\u00f3n que atraviesa las Salinas de Marchamalo - RESALAR<\/title>\n<meta name=\"robots\" content=\"index, follow, max-snippet:-1, max-image-preview:large, max-video-preview:-1\" \/>\n<link rel=\"canonical\" href=\"https:\/\/www.fundacionanse.org\/resalar\/2025\/07\/10\/comienza-la-retirada-de-la-linea-de-media-tension-que-atraviesa-las-salinas-de-marchamalo\/\" \/>\n<meta property=\"og:locale\" content=\"es_ES\" \/>\n<meta property=\"og:type\" content=\"article\" \/>\n<meta property=\"og:title\" content=\"Comienza la retirada de la l\u00ednea de media tensi\u00f3n que atraviesa las Salinas de Marchamalo - RESALAR\" \/>\n<meta property=\"og:description\" content=\"Este martes 8 de julio, han empezado los trabajos para desmantelar la l\u00ednea a\u00e9rea de media tensi\u00f3n que atraviesa las Salinas de Marchamalo (Cabo de Palos) con el objetivo de proteger la fauna y el ecosistema salinero de este entorno de gran valor ecol\u00f3gico.&nbsp;La presencia de este tendido supon\u00eda un grave problema para la avifauna ... Leer m\u00e1s\" \/>\n<meta property=\"og:url\" content=\"https:\/\/www.fundacionanse.org\/resalar\/2025\/07\/10\/comienza-la-retirada-de-la-linea-de-media-tension-que-atraviesa-las-salinas-de-marchamalo\/\" \/>\n<meta property=\"og:site_name\" content=\"RESALAR\" \/>\n<meta property=\"article:publisher\" content=\"https:\/\/www.facebook.com\/FundacionANSE\" \/>\n<meta property=\"article:published_time\" content=\"2025-07-10T07:35:38+00:00\" \/>\n<meta property=\"article:modified_time\" content=\"2025-07-10T07:35:40+00:00\" \/>\n<meta property=\"og:image\" content=\"https:\/\/www.fundacionanse.org\/resalar\/wp-content\/uploads\/sites\/5\/2025\/07\/soterramiento-tendido-media-tension-marchamalo-foto-perdro-garcia-2.jpg\" \/>\n\t<meta property=\"og:image:width\" content=\"1400\" \/>\n\t<meta property=\"og:image:height\" content=\"933\" \/>\n\t<meta property=\"og:image:type\" content=\"image\/jpeg\" \/>\n<meta name=\"author\" content=\"alicia\" \/>\n<meta name=\"twitter:card\" content=\"summary_large_image\" \/>\n<meta name=\"twitter:creator\" content=\"@fundacionanse\" \/>\n<meta name=\"twitter:site\" content=\"@fundacionanse\" \/>\n<meta name=\"twitter:label1\" content=\"Escrito por\" \/>\n\t<meta name=\"twitter:data1\" content=\"alicia\" \/>\n\t<meta name=\"twitter:label2\" content=\"Tiempo de lectura\" \/>\n\t<meta name=\"twitter:data2\" content=\"3 minutos\" \/>\n<script type=\"application\/ld+json\" class=\"yoast-schema-graph\">{\"@context\":\"https:\/\/schema.org\",\"@graph\":[{\"@type\":\"Article\",\"@id\":\"https:\/\/www.fundacionanse.org\/resalar\/2025\/07\/10\/comienza-la-retirada-de-la-linea-de-media-tension-que-atraviesa-las-salinas-de-marchamalo\/#article\",\"isPartOf\":{\"@id\":\"https:\/\/www.fundacionanse.org\/resalar\/2025\/07\/10\/comienza-la-retirada-de-la-linea-de-media-tension-que-atraviesa-las-salinas-de-marchamalo\/\"},\"author\":{\"name\":\"alicia\",\"@id\":\"https:\/\/www.fundacionanse.org\/resalar\/#\/schema\/person\/825d0b66cfeac78d8671653dd99a9823\"},\"headline\":\"Comienza la retirada de la l\u00ednea de media tensi\u00f3n que atraviesa las Salinas de Marchamalo\",\"datePublished\":\"2025-07-10T07:35:38+00:00\",\"dateModified\":\"2025-07-10T07:35:40+00:00\",\"mainEntityOfPage\":{\"@id\":\"https:\/\/www.fundacionanse.org\/resalar\/2025\/07\/10\/comienza-la-retirada-de-la-linea-de-media-tension-que-atraviesa-las-salinas-de-marchamalo\/\"},\"wordCount\":524,\"publisher\":{\"@id\":\"https:\/\/www.fundacionanse.org\/resalar\/#organization\"},\"image\":{\"@id\":\"https:\/\/www.fundacionanse.org\/resalar\/2025\/07\/10\/comienza-la-retirada-de-la-linea-de-media-tension-que-atraviesa-las-salinas-de-marchamalo\/#primaryimage\"},\"thumbnailUrl\":\"https:\/\/www.fundacionanse.org\/resalar\/wp-content\/uploads\/sites\/5\/2025\/07\/soterramiento-tendido-media-tension-marchamalo-foto-perdro-garcia-2.jpg\",\"keywords\":[\"Salinas de Marchamalo\"],\"articleSection\":[\"Actualidad\"],\"inLanguage\":\"es\"},{\"@type\":\"WebPage\",\"@id\":\"https:\/\/www.fundacionanse.org\/resalar\/2025\/07\/10\/comienza-la-retirada-de-la-linea-de-media-tension-que-atraviesa-las-salinas-de-marchamalo\/\",\"url\":\"https:\/\/www.fundacionanse.org\/resalar\/2025\/07\/10\/comienza-la-retirada-de-la-linea-de-media-tension-que-atraviesa-las-salinas-de-marchamalo\/\",\"name\":\"Comienza la retirada de la l\u00ednea de media tensi\u00f3n que atraviesa las Salinas de Marchamalo - RESALAR\",\"isPartOf\":{\"@id\":\"https:\/\/www.fundacionanse.org\/resalar\/#website\"},\"primaryImageOfPage\":{\"@id\":\"https:\/\/www.fundacionanse.org\/resalar\/2025\/07\/10\/comienza-la-retirada-de-la-linea-de-media-tension-que-atraviesa-las-salinas-de-marchamalo\/#primaryimage\"},\"image\":{\"@id\":\"https:\/\/www.fundacionanse.org\/resalar\/2025\/07\/10\/comienza-la-retirada-de-la-linea-de-media-tension-que-atraviesa-las-salinas-de-marchamalo\/#primaryimage\"},\"thumbnailUrl\":\"https:\/\/www.fundacionanse.org\/resalar\/wp-content\/uploads\/sites\/5\/2025\/07\/soterramiento-tendido-media-tension-marchamalo-foto-perdro-garcia-2.jpg\",\"datePublished\":\"2025-07-10T07:35:38+00:00\",\"dateModified\":\"2025-07-10T07:35:40+00:00\",\"breadcrumb\":{\"@id\":\"https:\/\/www.fundacionanse.org\/resalar\/2025\/07\/10\/comienza-la-retirada-de-la-linea-de-media-tension-que-atraviesa-las-salinas-de-marchamalo\/#breadcrumb\"},\"inLanguage\":\"es\",\"potentialAction\":[{\"@type\":\"ReadAction\",\"target\":[\"https:\/\/www.fundacionanse.org\/resalar\/2025\/07\/10\/comienza-la-retirada-de-la-linea-de-media-tension-que-atraviesa-las-salinas-de-marchamalo\/\"]}]},{\"@type\":\"ImageObject\",\"inLanguage\":\"es\",\"@id\":\"https:\/\/www.fundacionanse.org\/resalar\/2025\/07\/10\/comienza-la-retirada-de-la-linea-de-media-tension-que-atraviesa-las-salinas-de-marchamalo\/#primaryimage\",\"url\":\"https:\/\/www.fundacionanse.org\/resalar\/wp-content\/uploads\/sites\/5\/2025\/07\/soterramiento-tendido-media-tension-marchamalo-foto-perdro-garcia-2.jpg\",\"contentUrl\":\"https:\/\/www.fundacionanse.org\/resalar\/wp-content\/uploads\/sites\/5\/2025\/07\/soterramiento-tendido-media-tension-marchamalo-foto-perdro-garcia-2.jpg\",\"width\":1400,\"height\":933},{\"@type\":\"BreadcrumbList\",\"@id\":\"https:\/\/www.fundacionanse.org\/resalar\/2025\/07\/10\/comienza-la-retirada-de-la-linea-de-media-tension-que-atraviesa-las-salinas-de-marchamalo\/#breadcrumb\",\"itemListElement\":[{\"@type\":\"ListItem\",\"position\":1,\"name\":\"Portada\",\"item\":\"https:\/\/www.fundacionanse.org\/resalar\/\"},{\"@type\":\"ListItem\",\"position\":2,\"name\":\"Comienza la retirada de la l\u00ednea de media tensi\u00f3n que atraviesa las Salinas de Marchamalo\"}]},{\"@type\":\"WebSite\",\"@id\":\"https:\/\/www.fundacionanse.org\/resalar\/#website\",\"url\":\"https:\/\/www.fundacionanse.org\/resalar\/\",\"name\":\"RESALAR\",\"description\":\"Regeneraci\u00f3n de salinas y arenales en el Mar Menor\",\"publisher\":{\"@id\":\"https:\/\/www.fundacionanse.org\/resalar\/#organization\"},\"potentialAction\":[{\"@type\":\"SearchAction\",\"target\":{\"@type\":\"EntryPoint\",\"urlTemplate\":\"https:\/\/www.fundacionanse.org\/resalar\/?s={search_term_string}\"},\"query-input\":{\"@type\":\"PropertyValueSpecification\",\"valueRequired\":true,\"valueName\":\"search_term_string\"}}],\"inLanguage\":\"es\"},{\"@type\":\"Organization\",\"@id\":\"https:\/\/www.fundacionanse.org\/resalar\/#organization\",\"name\":\"RESALAR\",\"url\":\"https:\/\/www.fundacionanse.org\/resalar\/\",\"logo\":{\"@type\":\"ImageObject\",\"inLanguage\":\"es\",\"@id\":\"https:\/\/www.fundacionanse.org\/resalar\/#\/schema\/logo\/image\/\",\"url\":\"https:\/\/www.fundacionanse.org\/resalar\/wp-content\/uploads\/sites\/5\/2024\/02\/resalar-web_vertical-color.svg\",\"contentUrl\":\"https:\/\/www.fundacionanse.org\/resalar\/wp-content\/uploads\/sites\/5\/2024\/02\/resalar-web_vertical-color.svg\",\"width\":168,\"height\":188,\"caption\":\"RESALAR\"},\"image\":{\"@id\":\"https:\/\/www.fundacionanse.org\/resalar\/#\/schema\/logo\/image\/\"},\"sameAs\":[\"https:\/\/www.facebook.com\/FundacionANSE\",\"https:\/\/x.com\/fundacionanse\",\"https:\/\/www.instagram.com\/fundacionanse\/\"]},{\"@type\":\"Person\",\"@id\":\"https:\/\/www.fundacionanse.org\/resalar\/#\/schema\/person\/825d0b66cfeac78d8671653dd99a9823\",\"name\":\"alicia\",\"image\":{\"@type\":\"ImageObject\",\"inLanguage\":\"es\",\"@id\":\"https:\/\/www.fundacionanse.org\/resalar\/#\/schema\/person\/image\/\",\"url\":\"https:\/\/secure.gravatar.com\/avatar\/8ea2aaa5672bd433d40f04b94a58fc94bcebbd601dd2a6a43a24e2e272228529?s=96&d=mm&r=g\",\"contentUrl\":\"https:\/\/secure.gravatar.com\/avatar\/8ea2aaa5672bd433d40f04b94a58fc94bcebbd601dd2a6a43a24e2e272228529?s=96&d=mm&r=g\",\"caption\":\"alicia\"},\"url\":\"https:\/\/www.fundacionanse.org\/resalar\/author\/alicia\/\"}]}<\/script>\n<!-- \/ Yoast SEO plugin. -->","yoast_head_json":{"title":"Comienza la retirada de la l\u00ednea de media tensi\u00f3n que atraviesa las Salinas de Marchamalo - RESALAR","robots":{"index":"index","follow":"follow","max-snippet":"max-snippet:-1","max-image-preview":"max-image-preview:large","max-video-preview":"max-video-preview:-1"},"canonical":"https:\/\/www.fundacionanse.org\/resalar\/2025\/07\/10\/comienza-la-retirada-de-la-linea-de-media-tension-que-atraviesa-las-salinas-de-marchamalo\/","og_locale":"es_ES","og_type":"article","og_title":"Comienza la retirada de la l\u00ednea de media tensi\u00f3n que atraviesa las Salinas de Marchamalo - RESALAR","og_description":"Este martes 8 de julio, han empezado los trabajos para desmantelar la l\u00ednea a\u00e9rea de media tensi\u00f3n que atraviesa las Salinas de Marchamalo (Cabo de Palos) con el objetivo de proteger la fauna y el ecosistema salinero de este entorno de gran valor ecol\u00f3gico.&nbsp;La presencia de este tendido supon\u00eda un grave problema para la avifauna ... Leer m\u00e1s","og_url":"https:\/\/www.fundacionanse.org\/resalar\/2025\/07\/10\/comienza-la-retirada-de-la-linea-de-media-tension-que-atraviesa-las-salinas-de-marchamalo\/","og_site_name":"RESALAR","article_publisher":"https:\/\/www.facebook.com\/FundacionANSE","article_published_time":"2025-07-10T07:35:38+00:00","article_modified_time":"2025-07-10T07:35:40+00:00","og_image":[{"width":1400,"height":933,"url":"https:\/\/www.fundacionanse.org\/resalar\/wp-content\/uploads\/sites\/5\/2025\/07\/soterramiento-tendido-media-tension-marchamalo-foto-perdro-garcia-2.jpg","type":"image\/jpeg"}],"author":"alicia","twitter_card":"summary_large_image","twitter_creator":"@fundacionanse","twitter_site":"@fundacionanse","twitter_misc":{"Escrito por":"alicia","Tiempo de lectura":"3 minutos"},"schema":{"@context":"https:\/\/schema.org","@graph":[{"@type":"Article","@id":"https:\/\/www.fundacionanse.org\/resalar\/2025\/07\/10\/comienza-la-retirada-de-la-linea-de-media-tension-que-atraviesa-las-salinas-de-marchamalo\/#article","isPartOf":{"@id":"https:\/\/www.fundacionanse.org\/resalar\/2025\/07\/10\/comienza-la-retirada-de-la-linea-de-media-tension-que-atraviesa-las-salinas-de-marchamalo\/"},"author":{"name":"alicia","@id":"https:\/\/www.fundacionanse.org\/resalar\/#\/schema\/person\/825d0b66cfeac78d8671653dd99a9823"},"headline":"Comienza la retirada de la l\u00ednea de media tensi\u00f3n que atraviesa las Salinas de Marchamalo","datePublished":"2025-07-10T07:35:38+00:00","dateModified":"2025-07-10T07:35:40+00:00","mainEntityOfPage":{"@id":"https:\/\/www.fundacionanse.org\/resalar\/2025\/07\/10\/comienza-la-retirada-de-la-linea-de-media-tension-que-atraviesa-las-salinas-de-marchamalo\/"},"wordCount":524,"publisher":{"@id":"https:\/\/www.fundacionanse.org\/resalar\/#organization"},"image":{"@id":"https:\/\/www.fundacionanse.org\/resalar\/2025\/07\/10\/comienza-la-retirada-de-la-linea-de-media-tension-que-atraviesa-las-salinas-de-marchamalo\/#primaryimage"},"thumbnailUrl":"https:\/\/www.fundacionanse.org\/resalar\/wp-content\/uploads\/sites\/5\/2025\/07\/soterramiento-tendido-media-tension-marchamalo-foto-perdro-garcia-2.jpg","keywords":["Salinas de Marchamalo"],"articleSection":["Actualidad"],"inLanguage":"es"},{"@type":"WebPage","@id":"https:\/\/www.fundacionanse.org\/resalar\/2025\/07\/10\/comienza-la-retirada-de-la-linea-de-media-tension-que-atraviesa-las-salinas-de-marchamalo\/","url":"https:\/\/www.fundacionanse.org\/resalar\/2025\/07\/10\/comienza-la-retirada-de-la-linea-de-media-tension-que-atraviesa-las-salinas-de-marchamalo\/","name":"Comienza la retirada de la l\u00ednea de media tensi\u00f3n que atraviesa las Salinas de Marchamalo - RESALAR","isPartOf":{"@id":"https:\/\/www.fundacionanse.org\/resalar\/#website"},"primaryImageOfPage":{"@id":"https:\/\/www.fundacionanse.org\/resalar\/2025\/07\/10\/comienza-la-retirada-de-la-linea-de-media-tension-que-atraviesa-las-salinas-de-marchamalo\/#primaryimage"},"image":{"@id":"https:\/\/www.fundacionanse.org\/resalar\/2025\/07\/10\/comienza-la-retirada-de-la-linea-de-media-tension-que-atraviesa-las-salinas-de-marchamalo\/#primaryimage"},"thumbnailUrl":"https:\/\/www.fundacionanse.org\/resalar\/wp-content\/uploads\/sites\/5\/2025\/07\/soterramiento-tendido-media-tension-marchamalo-foto-perdro-garcia-2.jpg","datePublished":"2025-07-10T07:35:38+00:00","dateModified":"2025-07-10T07:35:40+00:00","breadcrumb":{"@id":"https:\/\/www.fundacionanse.org\/resalar\/2025\/07\/10\/comienza-la-retirada-de-la-linea-de-media-tension-que-atraviesa-las-salinas-de-marchamalo\/#breadcrumb"},"inLanguage":"es","potentialAction":[{"@type":"ReadAction","target":["https:\/\/www.fundacionanse.org\/resalar\/2025\/07\/10\/comienza-la-retirada-de-la-linea-de-media-tension-que-atraviesa-las-salinas-de-marchamalo\/"]}]},{"@type":"ImageObject","inLanguage":"es","@id":"https:\/\/www.fundacionanse.org\/resalar\/2025\/07\/10\/comienza-la-retirada-de-la-linea-de-media-tension-que-atraviesa-las-salinas-de-marchamalo\/#primaryimage","url":"https:\/\/www.fundacionanse.org\/resalar\/wp-content\/uploads\/sites\/5\/2025\/07\/soterramiento-tendido-media-tension-marchamalo-foto-perdro-garcia-2.jpg","contentUrl":"https:\/\/www.fundacionanse.org\/resalar\/wp-content\/uploads\/sites\/5\/2025\/07\/soterramiento-tendido-media-tension-marchamalo-foto-perdro-garcia-2.jpg","width":1400,"height":933},{"@type":"BreadcrumbList","@id":"https:\/\/www.fundacionanse.org\/resalar\/2025\/07\/10\/comienza-la-retirada-de-la-linea-de-media-tension-que-atraviesa-las-salinas-de-marchamalo\/#breadcrumb","itemListElement":[{"@type":"ListItem","position":1,"name":"Portada","item":"https:\/\/www.fundacionanse.org\/resalar\/"},{"@type":"ListItem","position":2,"name":"Comienza la retirada de la l\u00ednea de media tensi\u00f3n que atraviesa las Salinas de Marchamalo"}]},{"@type":"WebSite","@id":"https:\/\/www.fundacionanse.org\/resalar\/#website","url":"https:\/\/www.fundacionanse.org\/resalar\/","name":"RESALAR","description":"Regeneraci\u00f3n de salinas y arenales en el Mar Menor","publisher":{"@id":"https:\/\/www.fundacionanse.org\/resalar\/#organization"},"potentialAction":[{"@type":"SearchAction","target":{"@type":"EntryPoint","urlTemplate":"https:\/\/www.fundacionanse.org\/resalar\/?s={search_term_string}"},"query-input":{"@type":"PropertyValueSpecification","valueRequired":true,"valueName":"search_term_string"}}],"inLanguage":"es"},{"@type":"Organization","@id":"https:\/\/www.fundacionanse.org\/resalar\/#organization","name":"RESALAR","url":"https:\/\/www.fundacionanse.org\/resalar\/","logo":{"@type":"ImageObject","inLanguage":"es","@id":"https:\/\/www.fundacionanse.org\/resalar\/#\/schema\/logo\/image\/","url":"https:\/\/www.fundacionanse.org\/resalar\/wp-content\/uploads\/sites\/5\/2024\/02\/resalar-web_vertical-color.svg","contentUrl":"https:\/\/www.fundacionanse.org\/resalar\/wp-content\/uploads\/sites\/5\/2024\/02\/resalar-web_vertical-color.svg","width":168,"height":188,"caption":"RESALAR"},"image":{"@id":"https:\/\/www.fundacionanse.org\/resalar\/#\/schema\/logo\/image\/"},"sameAs":["https:\/\/www.facebook.com\/FundacionANSE","https:\/\/x.com\/fundacionanse","https:\/\/www.instagram.com\/fundacionanse\/"]},{"@type":"Person","@id":"https:\/\/www.fundacionanse.org\/resalar\/#\/schema\/person\/825d0b66cfeac78d8671653dd99a9823","name":"alicia","image":{"@type":"ImageObject","inLanguage":"es","@id":"https:\/\/www.fundacionanse.org\/resalar\/#\/schema\/person\/image\/","url":"https:\/\/secure.gravatar.com\/avatar\/8ea2aaa5672bd433d40f04b94a58fc94bcebbd601dd2a6a43a24e2e272228529?s=96&d=mm&r=g","contentUrl":"https:\/\/secure.gravatar.com\/avatar\/8ea2aaa5672bd433d40f04b94a58fc94bcebbd601dd2a6a43a24e2e272228529?s=96&d=mm&r=g","caption":"alicia"},"url":"https:\/\/www.fundacionanse.org\/resalar\/author\/alicia\/"}]}},"_links":{"self":[{"href":"https:\/\/www.fundacionanse.org\/resalar\/wp-json\/wp\/v2\/posts\/1145","targetHints":{"allow":["GET"]}}],"collection":[{"href":"https:\/\/www.fundacionanse.org\/resalar\/wp-json\/wp\/v2\/posts"}],"about":[{"href":"https:\/\/www.fundacionanse.org\/resalar\/wp-json\/wp\/v2\/types\/post"}],"author":[{"embeddable":true,"href":"https:\/\/www.fundacionanse.org\/resalar\/wp-json\/wp\/v2\/users\/6"}],"replies":[{"embeddable":true,"href":"https:\/\/www.fundacionanse.org\/resalar\/wp-json\/wp\/v2\/comments?post=1145"}],"version-history":[{"count":0,"href":"https:\/\/www.fundacionanse.org\/resalar\/wp-json\/wp\/v2\/posts\/1145\/revisions"}],"wp:featuredmedia":[{"embeddable":true,"href":"https:\/\/www.fundacionanse.org\/resalar\/wp-json\/wp\/v2\/media\/1146"}],"wp:attachment":[{"href":"https:\/\/www.fundacionanse.org\/resalar\/wp-json\/wp\/v2\/media?parent=1145"}],"wp:term":[{"taxonomy":"category","embeddable":true,"href":"https:\/\/www.fundacionanse.org\/resalar\/wp-json\/wp\/v2\/categories?post=1145"},{"taxonomy":"post_tag","embeddable":true,"href":"https:\/\/www.fundacionanse.org\/resalar\/wp-json\/wp\/v2\/tags?post=1145"}],"curies":[{"name":"wp","href":"https:\/\/api.w.org\/{rel}","templated":true}]}}