{"id":1149,"date":"2025-09-10T09:05:27","date_gmt":"2025-09-10T09:05:27","guid":{"rendered":"https:\/\/www.fundacionanse.org\/resalar\/?p=1149"},"modified":"2025-09-10T09:05:29","modified_gmt":"2025-09-10T09:05:29","slug":"la-apertura-accidental-de-una-compuerta-reducira-la-cosecha-de-sal-en-las-salinas-de-marchamalo","status":"publish","type":"post","link":"https:\/\/www.fundacionanse.org\/resalar\/2025\/09\/10\/la-apertura-accidental-de-una-compuerta-reducira-la-cosecha-de-sal-en-las-salinas-de-marchamalo\/","title":{"rendered":"La apertura accidental de una compuerta reducir\u00e1 la cosecha de sal en las Salinas de Marchamalo"},"content":{"rendered":"\n<p>Este a\u00f1o, la cosecha de sal en las Salinas de Marchamalo se ver\u00e1 notablemente reducida respecto a la del a\u00f1o pasado, por causas ajenas a ANSE. El origen tiene que ver con la gesti\u00f3n del agua a trav\u00e9s del canal que conecta el Mar Menor con los estanques salineros que gestiona ANSE en las Salinas de Marchamalo.<\/p>\n\n\n\n<p>El director de ANSE, Pedro Garc\u00eda, explic\u00f3 hace unos d\u00edas en una&nbsp;<strong><a href=\"https:\/\/cadenaser.com\/audio\/1756986970443\/\">entrevista para la cadena Ser de Radio de Cartagena<\/a><\/strong>, que hace pocos fines de semana alguien abri\u00f3 de forma indebida una de las compuertas reguladoras del flujo de agua de entrada desde el Mar Menor, lo que coincidi\u00f3 con un nivel de agua alto en la laguna, que entr\u00f3 por gravedad a trav\u00e9s del canal de alimentaci\u00f3n de las salinas, y de este a las charcas cristalizadoras. Pedro a\u00f1adi\u00f3 que:&nbsp;<em>\u00abla compuerta permaneci\u00f3 abierta hasta el lunes, cuando el personal de ANSE detect\u00f3 que el nivel de agua hab\u00eda alcanzado cotas tan altas que hab\u00eda disuelto la salmuera de las charcas cristalizadoras\u201d<\/em>.<\/p>\n\n\n\n<p>Como consecuencia, este a\u00f1o no se obtendr\u00e1n grandes cantidades de sal, como el a\u00f1o pasado, en que se alcanzaron unas 1300 toneladas, en&nbsp;<strong><a href=\"https:\/\/www.fundacionanse.org\/resalar\/2024\/09\/27\/primera-cosecha-de-sal-en-las-salinas-de-marchamalo-despues-de-30-anos-de-abandono\/\">la primera cosecha tras unos 30 a\u00f1os de abandono de la actividad<\/a><\/strong>. Es probable que la producci\u00f3n de este a\u00f1o se l\u00edmite a los 3.000 y 4.000 kgs de flor de sal, no siendo rentable la recolecci\u00f3n del resto mientras llega la concesi\u00f3n definitiva por parte de la Demarca de Costas en Murcia, y a partir de aqu\u00ed se pueda tramitar la autorizaci\u00f3n de Minas de la Comunidad Aut\u00f3noma y el Registro Sanitario para la venta de sal.<\/p>\n\n\n\n<p>A pesar de los avances en la impermeabilizaci\u00f3n de las balsas y en el circuito salinero, todav\u00eda queda impermeabilizar totalmente las compuertas que conectan el Mar Menor con la parte de las salinas gestionada por ANSE. Adem\u00e1s, hay factores que no dependen de la asociaci\u00f3n, sino directamente de la gesti\u00f3n y supervisi\u00f3n de las compuertas por parte de otras entidades, que gestionan la zona oeste de las salinas.<\/p>\n\n\n\n<p>ANSE espera que en pocas semanas haya finalizado el proceso de concurso de las salinas viejas de Marchamalo, y una vez obtenga la concesi\u00f3n nueva se puedan ejecutar el resto de obras de reparaci\u00f3n de canales y motas previsto en el marco del Proyecto Resalar.<\/p>\n\n\n\n<p>El&nbsp;<a href=\"https:\/\/www.fundacionanse.org\/resalar\/proyecto-resalar\/\"><strong>proyecto&nbsp;RESALAR<\/strong>&nbsp;<\/a>tiene el objetivo de regenerar espacios del litoral del Mar Menor&nbsp;y su biodiversidad para fortalecer la resiliencia del litoral frente al cambio clim\u00e1tico y mejorar e incrementar los servicios ecosist\u00e9micos que proveen a la sociedad.<\/p>\n\n\n\n<p>Este proyecto, que coordina la&nbsp;Fundaci\u00f3n ANSE, y en el que participan la&nbsp;Asociaci\u00f3n de Naturalistas del Sureste,&nbsp;WWF-Espa\u00f1a&nbsp;y el&nbsp;Instituto Espa\u00f1ol de Oceanograf\u00eda,&nbsp;Centro Nacional de la Agencia Estatal Consejo Superior de Investigaciones Cient\u00edficas (IEO-CSIC), cuenta con el apoyo de la&nbsp;Fundaci\u00f3n Biodiversidad&nbsp;del Ministerio para la Transici\u00f3n Ecol\u00f3gica y el Reto Demogr\u00e1fico (MITECO), que aporta el 95% de la financiaci\u00f3n del proyecto, en el marco del Plan de Recuperaci\u00f3n, Transformaci\u00f3n y Resiliencia (PRTR), financiado por la Uni\u00f3n Europea \u2013 NextGenerationEU, y se encuentra vinculado al&nbsp;Marco de Actuaciones Prioritarias para la recuperaci\u00f3n del Mar Menor&nbsp;del Ministerio para la Transici\u00f3n Ecol\u00f3gica y el Reto Demogr\u00e1fico. El proyecto cuenta con la cofinanciaci\u00f3n de la&nbsp;Fundaci\u00f3n Estrella de Levante&nbsp;y con la colaboraci\u00f3n de&nbsp;Salinera Espa\u00f1ola&nbsp;y de&nbsp;Biocyma.<\/p>\n","protected":false},"excerpt":{"rendered":"<p>Este a\u00f1o, la cosecha de sal en las Salinas de Marchamalo se ver\u00e1 notablemente reducida respecto a la del a\u00f1o pasado, por causas ajenas a ANSE. El origen tiene que ver con la gesti\u00f3n del agua a trav\u00e9s del canal que conecta el Mar Menor con los estanques salineros que gestiona ANSE en las Salinas &#8230; <a title=\"La apertura accidental de una compuerta reducir\u00e1 la cosecha de sal en las Salinas de Marchamalo\" class=\"read-more\" href=\"https:\/\/www.fundacionanse.org\/resalar\/2025\/09\/10\/la-apertura-accidental-de-una-compuerta-reducira-la-cosecha-de-sal-en-las-salinas-de-marchamalo\/\" aria-label=\"Leer m\u00e1s sobre La apertura accidental de una compuerta reducir\u00e1 la cosecha de sal en las Salinas de Marchamalo\">Leer m\u00e1s<\/a><\/p>\n","protected":false},"author":6,"featured_media":1016,"comment_status":"closed","ping_status":"closed","sticky":false,"template":"","format":"standard","meta":{"inline_featured_image":false,"footnotes":""},"categories":[1],"tags":[],"class_list":["post-1149","post","type-post","status-publish","format-standard","has-post-thumbnail","hentry","category-actualidad","generate-columns","tablet-grid-50","mobile-grid-100","grid-parent","grid-33","resize-featured-image"],"yoast_head":"<!-- This site is optimized with the Yoast SEO plugin v26.9 - https:\/\/yoast.com\/product\/yoast-seo-wordpress\/ -->\n<title>La apertura accidental de una compuerta reducir\u00e1 la cosecha de sal en las Salinas de Marchamalo - RESALAR<\/title>\n<meta name=\"robots\" content=\"index, follow, max-snippet:-1, max-image-preview:large, max-video-preview:-1\" \/>\n<link rel=\"canonical\" href=\"https:\/\/www.fundacionanse.org\/resalar\/2025\/09\/10\/la-apertura-accidental-de-una-compuerta-reducira-la-cosecha-de-sal-en-las-salinas-de-marchamalo\/\" \/>\n<meta property=\"og:locale\" content=\"es_ES\" \/>\n<meta property=\"og:type\" content=\"article\" \/>\n<meta property=\"og:title\" content=\"La apertura accidental de una compuerta reducir\u00e1 la cosecha de sal en las Salinas de Marchamalo - RESALAR\" \/>\n<meta property=\"og:description\" content=\"Este a\u00f1o, la cosecha de sal en las Salinas de Marchamalo se ver\u00e1 notablemente reducida respecto a la del a\u00f1o pasado, por causas ajenas a ANSE. El origen tiene que ver con la gesti\u00f3n del agua a trav\u00e9s del canal que conecta el Mar Menor con los estanques salineros que gestiona ANSE en las Salinas ... Leer m\u00e1s\" \/>\n<meta property=\"og:url\" content=\"https:\/\/www.fundacionanse.org\/resalar\/2025\/09\/10\/la-apertura-accidental-de-una-compuerta-reducira-la-cosecha-de-sal-en-las-salinas-de-marchamalo\/\" \/>\n<meta property=\"og:site_name\" content=\"RESALAR\" \/>\n<meta property=\"article:publisher\" content=\"https:\/\/www.facebook.com\/FundacionANSE\" \/>\n<meta property=\"article:published_time\" content=\"2025-09-10T09:05:27+00:00\" \/>\n<meta property=\"article:modified_time\" content=\"2025-09-10T09:05:29+00:00\" \/>\n<meta property=\"og:image\" content=\"https:\/\/www.fundacionanse.org\/resalar\/wp-content\/uploads\/sites\/5\/2024\/09\/Primera-cosecha-de-sal-en-las-Salinas-de-Marchamalo-5.jpg\" \/>\n\t<meta property=\"og:image:width\" content=\"1300\" \/>\n\t<meta property=\"og:image:height\" content=\"866\" \/>\n\t<meta property=\"og:image:type\" content=\"image\/jpeg\" \/>\n<meta name=\"author\" content=\"alicia\" \/>\n<meta name=\"twitter:card\" content=\"summary_large_image\" \/>\n<meta name=\"twitter:creator\" content=\"@fundacionanse\" \/>\n<meta name=\"twitter:site\" content=\"@fundacionanse\" \/>\n<meta name=\"twitter:label1\" content=\"Escrito por\" \/>\n\t<meta name=\"twitter:data1\" content=\"alicia\" \/>\n\t<meta name=\"twitter:label2\" content=\"Tiempo de lectura\" \/>\n\t<meta name=\"twitter:data2\" content=\"3 minutos\" \/>\n<script type=\"application\/ld+json\" class=\"yoast-schema-graph\">{\"@context\":\"https:\/\/schema.org\",\"@graph\":[{\"@type\":\"Article\",\"@id\":\"https:\/\/www.fundacionanse.org\/resalar\/2025\/09\/10\/la-apertura-accidental-de-una-compuerta-reducira-la-cosecha-de-sal-en-las-salinas-de-marchamalo\/#article\",\"isPartOf\":{\"@id\":\"https:\/\/www.fundacionanse.org\/resalar\/2025\/09\/10\/la-apertura-accidental-de-una-compuerta-reducira-la-cosecha-de-sal-en-las-salinas-de-marchamalo\/\"},\"author\":{\"name\":\"alicia\",\"@id\":\"https:\/\/www.fundacionanse.org\/resalar\/#\/schema\/person\/825d0b66cfeac78d8671653dd99a9823\"},\"headline\":\"La apertura accidental de una compuerta reducir\u00e1 la cosecha de sal en las Salinas de Marchamalo\",\"datePublished\":\"2025-09-10T09:05:27+00:00\",\"dateModified\":\"2025-09-10T09:05:29+00:00\",\"mainEntityOfPage\":{\"@id\":\"https:\/\/www.fundacionanse.org\/resalar\/2025\/09\/10\/la-apertura-accidental-de-una-compuerta-reducira-la-cosecha-de-sal-en-las-salinas-de-marchamalo\/\"},\"wordCount\":640,\"publisher\":{\"@id\":\"https:\/\/www.fundacionanse.org\/resalar\/#organization\"},\"image\":{\"@id\":\"https:\/\/www.fundacionanse.org\/resalar\/2025\/09\/10\/la-apertura-accidental-de-una-compuerta-reducira-la-cosecha-de-sal-en-las-salinas-de-marchamalo\/#primaryimage\"},\"thumbnailUrl\":\"https:\/\/www.fundacionanse.org\/resalar\/wp-content\/uploads\/sites\/5\/2024\/09\/Primera-cosecha-de-sal-en-las-Salinas-de-Marchamalo-5.jpg\",\"articleSection\":[\"Actualidad\"],\"inLanguage\":\"es\"},{\"@type\":\"WebPage\",\"@id\":\"https:\/\/www.fundacionanse.org\/resalar\/2025\/09\/10\/la-apertura-accidental-de-una-compuerta-reducira-la-cosecha-de-sal-en-las-salinas-de-marchamalo\/\",\"url\":\"https:\/\/www.fundacionanse.org\/resalar\/2025\/09\/10\/la-apertura-accidental-de-una-compuerta-reducira-la-cosecha-de-sal-en-las-salinas-de-marchamalo\/\",\"name\":\"La apertura accidental de una compuerta reducir\u00e1 la cosecha de sal en las Salinas de Marchamalo - RESALAR\",\"isPartOf\":{\"@id\":\"https:\/\/www.fundacionanse.org\/resalar\/#website\"},\"primaryImageOfPage\":{\"@id\":\"https:\/\/www.fundacionanse.org\/resalar\/2025\/09\/10\/la-apertura-accidental-de-una-compuerta-reducira-la-cosecha-de-sal-en-las-salinas-de-marchamalo\/#primaryimage\"},\"image\":{\"@id\":\"https:\/\/www.fundacionanse.org\/resalar\/2025\/09\/10\/la-apertura-accidental-de-una-compuerta-reducira-la-cosecha-de-sal-en-las-salinas-de-marchamalo\/#primaryimage\"},\"thumbnailUrl\":\"https:\/\/www.fundacionanse.org\/resalar\/wp-content\/uploads\/sites\/5\/2024\/09\/Primera-cosecha-de-sal-en-las-Salinas-de-Marchamalo-5.jpg\",\"datePublished\":\"2025-09-10T09:05:27+00:00\",\"dateModified\":\"2025-09-10T09:05:29+00:00\",\"breadcrumb\":{\"@id\":\"https:\/\/www.fundacionanse.org\/resalar\/2025\/09\/10\/la-apertura-accidental-de-una-compuerta-reducira-la-cosecha-de-sal-en-las-salinas-de-marchamalo\/#breadcrumb\"},\"inLanguage\":\"es\",\"potentialAction\":[{\"@type\":\"ReadAction\",\"target\":[\"https:\/\/www.fundacionanse.org\/resalar\/2025\/09\/10\/la-apertura-accidental-de-una-compuerta-reducira-la-cosecha-de-sal-en-las-salinas-de-marchamalo\/\"]}]},{\"@type\":\"ImageObject\",\"inLanguage\":\"es\",\"@id\":\"https:\/\/www.fundacionanse.org\/resalar\/2025\/09\/10\/la-apertura-accidental-de-una-compuerta-reducira-la-cosecha-de-sal-en-las-salinas-de-marchamalo\/#primaryimage\",\"url\":\"https:\/\/www.fundacionanse.org\/resalar\/wp-content\/uploads\/sites\/5\/2024\/09\/Primera-cosecha-de-sal-en-las-Salinas-de-Marchamalo-5.jpg\",\"contentUrl\":\"https:\/\/www.fundacionanse.org\/resalar\/wp-content\/uploads\/sites\/5\/2024\/09\/Primera-cosecha-de-sal-en-las-Salinas-de-Marchamalo-5.jpg\",\"width\":1300,\"height\":866},{\"@type\":\"BreadcrumbList\",\"@id\":\"https:\/\/www.fundacionanse.org\/resalar\/2025\/09\/10\/la-apertura-accidental-de-una-compuerta-reducira-la-cosecha-de-sal-en-las-salinas-de-marchamalo\/#breadcrumb\",\"itemListElement\":[{\"@type\":\"ListItem\",\"position\":1,\"name\":\"Portada\",\"item\":\"https:\/\/www.fundacionanse.org\/resalar\/\"},{\"@type\":\"ListItem\",\"position\":2,\"name\":\"La apertura accidental de una compuerta reducir\u00e1 la cosecha de sal en las Salinas de Marchamalo\"}]},{\"@type\":\"WebSite\",\"@id\":\"https:\/\/www.fundacionanse.org\/resalar\/#website\",\"url\":\"https:\/\/www.fundacionanse.org\/resalar\/\",\"name\":\"RESALAR\",\"description\":\"Regeneraci\u00f3n de salinas y arenales en el Mar Menor\",\"publisher\":{\"@id\":\"https:\/\/www.fundacionanse.org\/resalar\/#organization\"},\"potentialAction\":[{\"@type\":\"SearchAction\",\"target\":{\"@type\":\"EntryPoint\",\"urlTemplate\":\"https:\/\/www.fundacionanse.org\/resalar\/?s={search_term_string}\"},\"query-input\":{\"@type\":\"PropertyValueSpecification\",\"valueRequired\":true,\"valueName\":\"search_term_string\"}}],\"inLanguage\":\"es\"},{\"@type\":\"Organization\",\"@id\":\"https:\/\/www.fundacionanse.org\/resalar\/#organization\",\"name\":\"RESALAR\",\"url\":\"https:\/\/www.fundacionanse.org\/resalar\/\",\"logo\":{\"@type\":\"ImageObject\",\"inLanguage\":\"es\",\"@id\":\"https:\/\/www.fundacionanse.org\/resalar\/#\/schema\/logo\/image\/\",\"url\":\"https:\/\/www.fundacionanse.org\/resalar\/wp-content\/uploads\/sites\/5\/2024\/02\/resalar-web_vertical-color.svg\",\"contentUrl\":\"https:\/\/www.fundacionanse.org\/resalar\/wp-content\/uploads\/sites\/5\/2024\/02\/resalar-web_vertical-color.svg\",\"width\":168,\"height\":188,\"caption\":\"RESALAR\"},\"image\":{\"@id\":\"https:\/\/www.fundacionanse.org\/resalar\/#\/schema\/logo\/image\/\"},\"sameAs\":[\"https:\/\/www.facebook.com\/FundacionANSE\",\"https:\/\/x.com\/fundacionanse\",\"https:\/\/www.instagram.com\/fundacionanse\/\"]},{\"@type\":\"Person\",\"@id\":\"https:\/\/www.fundacionanse.org\/resalar\/#\/schema\/person\/825d0b66cfeac78d8671653dd99a9823\",\"name\":\"alicia\",\"image\":{\"@type\":\"ImageObject\",\"inLanguage\":\"es\",\"@id\":\"https:\/\/www.fundacionanse.org\/resalar\/#\/schema\/person\/image\/\",\"url\":\"https:\/\/secure.gravatar.com\/avatar\/8ea2aaa5672bd433d40f04b94a58fc94bcebbd601dd2a6a43a24e2e272228529?s=96&d=mm&r=g\",\"contentUrl\":\"https:\/\/secure.gravatar.com\/avatar\/8ea2aaa5672bd433d40f04b94a58fc94bcebbd601dd2a6a43a24e2e272228529?s=96&d=mm&r=g\",\"caption\":\"alicia\"},\"url\":\"https:\/\/www.fundacionanse.org\/resalar\/author\/alicia\/\"}]}<\/script>\n<!-- \/ Yoast SEO plugin. -->","yoast_head_json":{"title":"La apertura accidental de una compuerta reducir\u00e1 la cosecha de sal en las Salinas de Marchamalo - RESALAR","robots":{"index":"index","follow":"follow","max-snippet":"max-snippet:-1","max-image-preview":"max-image-preview:large","max-video-preview":"max-video-preview:-1"},"canonical":"https:\/\/www.fundacionanse.org\/resalar\/2025\/09\/10\/la-apertura-accidental-de-una-compuerta-reducira-la-cosecha-de-sal-en-las-salinas-de-marchamalo\/","og_locale":"es_ES","og_type":"article","og_title":"La apertura accidental de una compuerta reducir\u00e1 la cosecha de sal en las Salinas de Marchamalo - RESALAR","og_description":"Este a\u00f1o, la cosecha de sal en las Salinas de Marchamalo se ver\u00e1 notablemente reducida respecto a la del a\u00f1o pasado, por causas ajenas a ANSE. El origen tiene que ver con la gesti\u00f3n del agua a trav\u00e9s del canal que conecta el Mar Menor con los estanques salineros que gestiona ANSE en las Salinas ... Leer m\u00e1s","og_url":"https:\/\/www.fundacionanse.org\/resalar\/2025\/09\/10\/la-apertura-accidental-de-una-compuerta-reducira-la-cosecha-de-sal-en-las-salinas-de-marchamalo\/","og_site_name":"RESALAR","article_publisher":"https:\/\/www.facebook.com\/FundacionANSE","article_published_time":"2025-09-10T09:05:27+00:00","article_modified_time":"2025-09-10T09:05:29+00:00","og_image":[{"width":1300,"height":866,"url":"https:\/\/www.fundacionanse.org\/resalar\/wp-content\/uploads\/sites\/5\/2024\/09\/Primera-cosecha-de-sal-en-las-Salinas-de-Marchamalo-5.jpg","type":"image\/jpeg"}],"author":"alicia","twitter_card":"summary_large_image","twitter_creator":"@fundacionanse","twitter_site":"@fundacionanse","twitter_misc":{"Escrito por":"alicia","Tiempo de lectura":"3 minutos"},"schema":{"@context":"https:\/\/schema.org","@graph":[{"@type":"Article","@id":"https:\/\/www.fundacionanse.org\/resalar\/2025\/09\/10\/la-apertura-accidental-de-una-compuerta-reducira-la-cosecha-de-sal-en-las-salinas-de-marchamalo\/#article","isPartOf":{"@id":"https:\/\/www.fundacionanse.org\/resalar\/2025\/09\/10\/la-apertura-accidental-de-una-compuerta-reducira-la-cosecha-de-sal-en-las-salinas-de-marchamalo\/"},"author":{"name":"alicia","@id":"https:\/\/www.fundacionanse.org\/resalar\/#\/schema\/person\/825d0b66cfeac78d8671653dd99a9823"},"headline":"La apertura accidental de una compuerta reducir\u00e1 la cosecha de sal en las Salinas de Marchamalo","datePublished":"2025-09-10T09:05:27+00:00","dateModified":"2025-09-10T09:05:29+00:00","mainEntityOfPage":{"@id":"https:\/\/www.fundacionanse.org\/resalar\/2025\/09\/10\/la-apertura-accidental-de-una-compuerta-reducira-la-cosecha-de-sal-en-las-salinas-de-marchamalo\/"},"wordCount":640,"publisher":{"@id":"https:\/\/www.fundacionanse.org\/resalar\/#organization"},"image":{"@id":"https:\/\/www.fundacionanse.org\/resalar\/2025\/09\/10\/la-apertura-accidental-de-una-compuerta-reducira-la-cosecha-de-sal-en-las-salinas-de-marchamalo\/#primaryimage"},"thumbnailUrl":"https:\/\/www.fundacionanse.org\/resalar\/wp-content\/uploads\/sites\/5\/2024\/09\/Primera-cosecha-de-sal-en-las-Salinas-de-Marchamalo-5.jpg","articleSection":["Actualidad"],"inLanguage":"es"},{"@type":"WebPage","@id":"https:\/\/www.fundacionanse.org\/resalar\/2025\/09\/10\/la-apertura-accidental-de-una-compuerta-reducira-la-cosecha-de-sal-en-las-salinas-de-marchamalo\/","url":"https:\/\/www.fundacionanse.org\/resalar\/2025\/09\/10\/la-apertura-accidental-de-una-compuerta-reducira-la-cosecha-de-sal-en-las-salinas-de-marchamalo\/","name":"La apertura accidental de una compuerta reducir\u00e1 la cosecha de sal en las Salinas de Marchamalo - RESALAR","isPartOf":{"@id":"https:\/\/www.fundacionanse.org\/resalar\/#website"},"primaryImageOfPage":{"@id":"https:\/\/www.fundacionanse.org\/resalar\/2025\/09\/10\/la-apertura-accidental-de-una-compuerta-reducira-la-cosecha-de-sal-en-las-salinas-de-marchamalo\/#primaryimage"},"image":{"@id":"https:\/\/www.fundacionanse.org\/resalar\/2025\/09\/10\/la-apertura-accidental-de-una-compuerta-reducira-la-cosecha-de-sal-en-las-salinas-de-marchamalo\/#primaryimage"},"thumbnailUrl":"https:\/\/www.fundacionanse.org\/resalar\/wp-content\/uploads\/sites\/5\/2024\/09\/Primera-cosecha-de-sal-en-las-Salinas-de-Marchamalo-5.jpg","datePublished":"2025-09-10T09:05:27+00:00","dateModified":"2025-09-10T09:05:29+00:00","breadcrumb":{"@id":"https:\/\/www.fundacionanse.org\/resalar\/2025\/09\/10\/la-apertura-accidental-de-una-compuerta-reducira-la-cosecha-de-sal-en-las-salinas-de-marchamalo\/#breadcrumb"},"inLanguage":"es","potentialAction":[{"@type":"ReadAction","target":["https:\/\/www.fundacionanse.org\/resalar\/2025\/09\/10\/la-apertura-accidental-de-una-compuerta-reducira-la-cosecha-de-sal-en-las-salinas-de-marchamalo\/"]}]},{"@type":"ImageObject","inLanguage":"es","@id":"https:\/\/www.fundacionanse.org\/resalar\/2025\/09\/10\/la-apertura-accidental-de-una-compuerta-reducira-la-cosecha-de-sal-en-las-salinas-de-marchamalo\/#primaryimage","url":"https:\/\/www.fundacionanse.org\/resalar\/wp-content\/uploads\/sites\/5\/2024\/09\/Primera-cosecha-de-sal-en-las-Salinas-de-Marchamalo-5.jpg","contentUrl":"https:\/\/www.fundacionanse.org\/resalar\/wp-content\/uploads\/sites\/5\/2024\/09\/Primera-cosecha-de-sal-en-las-Salinas-de-Marchamalo-5.jpg","width":1300,"height":866},{"@type":"BreadcrumbList","@id":"https:\/\/www.fundacionanse.org\/resalar\/2025\/09\/10\/la-apertura-accidental-de-una-compuerta-reducira-la-cosecha-de-sal-en-las-salinas-de-marchamalo\/#breadcrumb","itemListElement":[{"@type":"ListItem","position":1,"name":"Portada","item":"https:\/\/www.fundacionanse.org\/resalar\/"},{"@type":"ListItem","position":2,"name":"La apertura accidental de una compuerta reducir\u00e1 la cosecha de sal en las Salinas de Marchamalo"}]},{"@type":"WebSite","@id":"https:\/\/www.fundacionanse.org\/resalar\/#website","url":"https:\/\/www.fundacionanse.org\/resalar\/","name":"RESALAR","description":"Regeneraci\u00f3n de salinas y arenales en el Mar Menor","publisher":{"@id":"https:\/\/www.fundacionanse.org\/resalar\/#organization"},"potentialAction":[{"@type":"SearchAction","target":{"@type":"EntryPoint","urlTemplate":"https:\/\/www.fundacionanse.org\/resalar\/?s={search_term_string}"},"query-input":{"@type":"PropertyValueSpecification","valueRequired":true,"valueName":"search_term_string"}}],"inLanguage":"es"},{"@type":"Organization","@id":"https:\/\/www.fundacionanse.org\/resalar\/#organization","name":"RESALAR","url":"https:\/\/www.fundacionanse.org\/resalar\/","logo":{"@type":"ImageObject","inLanguage":"es","@id":"https:\/\/www.fundacionanse.org\/resalar\/#\/schema\/logo\/image\/","url":"https:\/\/www.fundacionanse.org\/resalar\/wp-content\/uploads\/sites\/5\/2024\/02\/resalar-web_vertical-color.svg","contentUrl":"https:\/\/www.fundacionanse.org\/resalar\/wp-content\/uploads\/sites\/5\/2024\/02\/resalar-web_vertical-color.svg","width":168,"height":188,"caption":"RESALAR"},"image":{"@id":"https:\/\/www.fundacionanse.org\/resalar\/#\/schema\/logo\/image\/"},"sameAs":["https:\/\/www.facebook.com\/FundacionANSE","https:\/\/x.com\/fundacionanse","https:\/\/www.instagram.com\/fundacionanse\/"]},{"@type":"Person","@id":"https:\/\/www.fundacionanse.org\/resalar\/#\/schema\/person\/825d0b66cfeac78d8671653dd99a9823","name":"alicia","image":{"@type":"ImageObject","inLanguage":"es","@id":"https:\/\/www.fundacionanse.org\/resalar\/#\/schema\/person\/image\/","url":"https:\/\/secure.gravatar.com\/avatar\/8ea2aaa5672bd433d40f04b94a58fc94bcebbd601dd2a6a43a24e2e272228529?s=96&d=mm&r=g","contentUrl":"https:\/\/secure.gravatar.com\/avatar\/8ea2aaa5672bd433d40f04b94a58fc94bcebbd601dd2a6a43a24e2e272228529?s=96&d=mm&r=g","caption":"alicia"},"url":"https:\/\/www.fundacionanse.org\/resalar\/author\/alicia\/"}]}},"_links":{"self":[{"href":"https:\/\/www.fundacionanse.org\/resalar\/wp-json\/wp\/v2\/posts\/1149","targetHints":{"allow":["GET"]}}],"collection":[{"href":"https:\/\/www.fundacionanse.org\/resalar\/wp-json\/wp\/v2\/posts"}],"about":[{"href":"https:\/\/www.fundacionanse.org\/resalar\/wp-json\/wp\/v2\/types\/post"}],"author":[{"embeddable":true,"href":"https:\/\/www.fundacionanse.org\/resalar\/wp-json\/wp\/v2\/users\/6"}],"replies":[{"embeddable":true,"href":"https:\/\/www.fundacionanse.org\/resalar\/wp-json\/wp\/v2\/comments?post=1149"}],"version-history":[{"count":0,"href":"https:\/\/www.fundacionanse.org\/resalar\/wp-json\/wp\/v2\/posts\/1149\/revisions"}],"wp:featuredmedia":[{"embeddable":true,"href":"https:\/\/www.fundacionanse.org\/resalar\/wp-json\/wp\/v2\/media\/1016"}],"wp:attachment":[{"href":"https:\/\/www.fundacionanse.org\/resalar\/wp-json\/wp\/v2\/media?parent=1149"}],"wp:term":[{"taxonomy":"category","embeddable":true,"href":"https:\/\/www.fundacionanse.org\/resalar\/wp-json\/wp\/v2\/categories?post=1149"},{"taxonomy":"post_tag","embeddable":true,"href":"https:\/\/www.fundacionanse.org\/resalar\/wp-json\/wp\/v2\/tags?post=1149"}],"curies":[{"name":"wp","href":"https:\/\/api.w.org\/{rel}","templated":true}]}}