{"id":1161,"date":"2025-10-13T11:09:34","date_gmt":"2025-10-13T11:09:34","guid":{"rendered":"https:\/\/www.fundacionanse.org\/resalar\/?p=1161"},"modified":"2025-10-13T11:11:56","modified_gmt":"2025-10-13T11:11:56","slug":"francesca-caldara-las-salinas-van-mas-alla-de-ser-una-industria-salinera-tambien-son-un-testimonio-historico-un-espacio-de-arqueologia-industrial-y-a-la-vez-un-entorno-natural-que-alberga-g","status":"publish","type":"post","link":"https:\/\/www.fundacionanse.org\/resalar\/2025\/10\/13\/francesca-caldara-las-salinas-van-mas-alla-de-ser-una-industria-salinera-tambien-son-un-testimonio-historico-un-espacio-de-arqueologia-industrial-y-a-la-vez-un-entorno-natural-que-alberga-g\/","title":{"rendered":"Francesca Caldara: \u00abLas salinas van m\u00e1s all\u00e1 de ser una industria salinera, tambi\u00e9n son un testimonio hist\u00f3rico, un espacio de arqueolog\u00eda industrial y, a la vez, un entorno natural que alberga gran biodiversidad\u00bb"},"content":{"rendered":"\n<p><strong>Francesca Caldara<\/strong>&nbsp;estudi\u00f3 Econom\u00eda aplicada a la gesti\u00f3n del patrimonio ambiental y cultural. En 2017 se incorpor\u00f3 al FAI \u2013&nbsp;<em>Fondo per l\u2019Ambiente Italiano<\/em>, la principal fundaci\u00f3n privada en Italia, que se dedica a la protecci\u00f3n y puesta en valor del patrimonio cultural y natural. Su labor comenz\u00f3 en las Salinas Conti Vecchi, un complejo hist\u00f3rico-industrial situado en Cagliari, al sur de Cerde\u00f1a.<\/p>\n\n\n\n<p>Desde entonces, el FAI gestiona estas salinas donde cada a\u00f1o se producen cerca de 450.000 toneladas de sal. Adem\u00e1s de mantener la actividad productiva, la fundaci\u00f3n ha restaurado los edificios hist\u00f3ricos y dise\u00f1ado itinerarios tur\u00edsticos y culturales, transformando las salinas en un modelo de gesti\u00f3n tur\u00edstica sostenible y rentable, que integra la preservaci\u00f3n del patrimonio hist\u00f3rico-cultural con la producci\u00f3n industrial de sal, y la protecci\u00f3n y conservaci\u00f3n del ecosistema.<\/p>\n\n\n<div class=\"wp-block-image\">\n<figure class=\"aligncenter size-large is-resized\"><img decoding=\"async\" width=\"1024\" height=\"682\" src=\"https:\/\/www.fundacionanse.org\/resalar\/wp-content\/uploads\/sites\/5\/2025\/10\/Francesca-Caldara-Resalar-10-1024x682.jpg\" alt=\"\" class=\"wp-image-1164\" style=\"width:786px;height:auto\" srcset=\"https:\/\/www.fundacionanse.org\/resalar\/wp-content\/uploads\/sites\/5\/2025\/10\/Francesca-Caldara-Resalar-10-1024x682.jpg 1024w, https:\/\/www.fundacionanse.org\/resalar\/wp-content\/uploads\/sites\/5\/2025\/10\/Francesca-Caldara-Resalar-10-300x200.jpg 300w, https:\/\/www.fundacionanse.org\/resalar\/wp-content\/uploads\/sites\/5\/2025\/10\/Francesca-Caldara-Resalar-10-768x512.jpg 768w, https:\/\/www.fundacionanse.org\/resalar\/wp-content\/uploads\/sites\/5\/2025\/10\/Francesca-Caldara-Resalar-10.jpg 1400w\" sizes=\"(max-width: 1024px) 100vw, 1024px\" \/><figcaption class=\"wp-element-caption\">Francesca Caldara en las Salinas de Marchamalo, con motivo de los \u00abTalleres Internacionales de Restauraci\u00f3n Salinera\u00bb Foto: Alicia Delicado (ANSE)<\/figcaption><\/figure><\/div>\n\n\n<p class=\"has-medium-font-size\"><strong><u>Gesti\u00f3n de las Salinas de Conti Vecchi<\/u><\/strong><\/p>\n\n\n\n<p><strong>\u2013\u00bfC\u00f3mo se logra equilibrar la producci\u00f3n industrial de sal con la conservaci\u00f3n ambiental y la experiencia tur\u00edstica?<\/strong><\/p>\n\n\n\n<p>Lo fascinante de estas salinas es que la producci\u00f3n industrial y la biodiversidad han convivido siempre en armon\u00eda: trabajadores y aves comparten un mismo espacio sin problemas.&nbsp;<\/p>\n\n\n\n<p>Las salinas van m\u00e1s all\u00e1 de ser una industria salinera, tambi\u00e9n son un testimonio hist\u00f3rico, un espacio de arqueolog\u00eda industrial y, a la vez, un entorno natural que alberga gran cantidad de biodiversidad. &nbsp;Adem\u00e1s, representa la identidad de toda una comunidad, la llamada \u201ccomunidad de la sal\u201d. Por todo esto, nos parec\u00eda fundamental protegerlo y contar su historia.<\/p>\n\n\n\n<p>En 2017 comenzamos un proyecto de colaboraci\u00f3n con la hist\u00f3rica empresa productora de sal, que lleva activa m\u00e1s de 100 a\u00f1os y sigue siendo una de las m\u00e1s importantes de Europa. Esta empresa se encarga de la producci\u00f3n de sal, mientras que nosotros (FAI) nos centramos en la dimensi\u00f3n cultural y tur\u00edstica: con m\u00e1s de 25.000 visitantes al a\u00f1o, sensibilizamos al p\u00fablico sobre la importancia de la biodiversidad y reinvertimos los ingresos en restauraci\u00f3n.<\/p>\n\n\n\n<p><strong>\u2013 \u00bfQu\u00e9 es lo que m\u00e1s valoran los turistas cuando visitan las salinas?<\/strong><\/p>\n\n\n\n<p>Creo que los turistas valoran la oferta de visitas tal como la hemos dise\u00f1ado. Al inicio, los visitantes reciben una introducci\u00f3n a trav\u00e9s de dos v\u00eddeos: uno de car\u00e1cter hist\u00f3rico y otro de car\u00e1cter cient\u00edfico.<\/p>\n\n\n\n<p>A continuaci\u00f3n, el recorrido contin\u00faa en tren para adentrarse directamente en las salinas. En esta etapa, mis compa\u00f1eros y yo decidimos incorporar la figura de un gu\u00eda que ofrece una explicaci\u00f3n en directo, con el fin de aportar una dimensi\u00f3n distinta. Adem\u00e1s, hemos dise\u00f1ado actividades complementarias que enriquecen la experiencia, como la observaci\u00f3n de estrellas, cursos de fotograf\u00eda de naturaleza y juegos para ni\u00f1os\/as, entre otras.<\/p>\n\n\n\n<p>Considero que la experiencia de visita est\u00e1 muy bien estructurada. Se trata de una propuesta din\u00e1mica que combina informaci\u00f3n, emoci\u00f3n y vivencia directa. De forma que los visitantes viven plenamente el ambiente salinero.<\/p>\n\n\n\n<p class=\"has-medium-font-size\"><strong><u>Biodiversidad<\/u><\/strong><\/p>\n\n\n\n<p><strong>\u2013 \u00bfC\u00f3mo ha influido la actividad productiva de las salinas de Conti Vecchi en la conservaci\u00f3n de la biodiversidad?<\/strong><\/p>\n\n\n\n<p>Lo sorprendente aqu\u00ed es que la producci\u00f3n industrial ha favorecido la biodiversidad. El movimiento constante del agua, que es necesario para producir sal, ha permitido la conservaci\u00f3n de los ecosistemas durante un siglo.<\/p>\n\n\n\n<p>En la otra salina hist\u00f3rica de Cagliari, la producci\u00f3n se detuvo en los a\u00f1os 90 y eso tuvo un impacto negativo sobre la biodiversidad. En Conti Vecchi, en cambio, la actividad nunca se interrumpi\u00f3, lo que ha permitido la conservaci\u00f3n de los humedales y la fauna asociada a estos.<\/p>\n\n\n\n<p class=\"has-medium-font-size\"><strong><u>Comunidad y memoria hist\u00f3rica<\/u><\/strong><\/p>\n\n\n\n<p><strong>\u2013 \u00bfDe qu\u00e9 manera se involucra la comunidad local en este proyecto?<\/strong><\/p>\n\n\n\n<p>En los a\u00f1os 30 trabajaban aqu\u00ed unas 1.500 personas. Exist\u00eda una comunidad formada por dos pueblos de trabajadores, con casas, servicios compartidos y una vida en com\u00fan sin distinciones sociales.<\/p>\n\n\n\n<p>Para recuperar esa memoria hemos entrevistado a los antiguos trabajadores. Tambi\u00e9n colaboramos con vecinas que preparan platos tradicionales, como&nbsp;<em>empanadas de cordero o pur\u00e9 de anguila<\/em>. Adem\u00e1s, hemos puesto en marcha una tienda donde se venden los productos locales: cestas hechas con junco de la laguna, cer\u00e1mica tradicional\u2026Todo esto permite que la comunidad participe activamente y que el proyecto tenga un impacto positivo en la econom\u00eda local.<\/p>\n\n\n\n<p>Sin embargo, lo m\u00e1s importante de todo ha sido devolver este lugar a la gente, que, durante d\u00e9cadas, estuvo cerrada al p\u00fablico porque era un espacio privado de producci\u00f3n industrial.<\/p>\n\n\n\n<p class=\"has-medium-font-size\"><strong><u>Estrategia de comunicaci\u00f3n<\/u><\/strong><\/p>\n\n\n\n<p><strong>\u2013 \u00bfQu\u00e9 acciones de comunicaci\u00f3n desarrollan para dar visibilidad a las salinas?<\/strong><\/p>\n\n\n\n<p>Nuestra comunicaci\u00f3n combina varios niveles: institucional, conectada con las actividades del FAI en toda Italia; local, con carteler\u00eda en la ciudad de Cagliari, colaboraciones con museos, oficinas de turismo, hoteles y restaurantes; y educativa, enviando propuestas a escuelas de toda Cerde\u00f1a para fomentar la visita de grupos escolares.<\/p>\n\n\n\n<p>Tambi\u00e9n organizamos eventos culturales (conciertos, teatro, cine al aire libre, observaci\u00f3n astron\u00f3mica, etc.) que atraen a todo tipo de p\u00fablicos. Muchos llegan interesados por el evento y terminan descubriendo las salinas.<\/p>\n\n\n\n<p class=\"has-medium-font-size\"><strong><u>Consejo para las Salinas de Marchamalo (Proyecto RESALAR<\/u>)<\/strong><\/p>\n\n\n\n<p><strong>\u2013 Desde tu experiencia, \u00bfqu\u00e9 recomendar\u00edas para la gesti\u00f3n futura de las Salinas de Marchamalo?<\/strong><\/p>\n\n\n\n<p>Lo primero es acercarlas a la comunidad a trav\u00e9s de eventos culturales: El patio frente a las naves me parece un lugar id\u00f3neo. Tambi\u00e9n ser\u00eda \u00fatil dise\u00f1ar actividades educativas para escuelas, talleres para familias y experiencias ligadas a la naturaleza, como la recolecci\u00f3n de sal, la observaci\u00f3n de flora y fauna, o juegos de descubrimiento para ni\u00f1os.<\/p>\n\n\n\n<p>Es importante adem\u00e1s fomentar un sistema de donaciones transparente, mostrar a la gente en qu\u00e9 se invertir\u00e1 su dinero, y crear una red de \u201cAmigos de las Salinas de Marchamalo\u201d que refuerce el v\u00ednculo con el lugar.<\/p>\n\n\n\n<p>Por \u00faltimo, no olvid\u00e9is la importancia de crear una tienda de productos locales o representativos del ambiente salinero, como podr\u00eda ser un peluche de flamenco.<\/p>\n\n\n\n<p>El&nbsp;<a href=\"https:\/\/www.fundacionanse.org\/resalar\/proyecto-resalar\/\"><strong>proyecto&nbsp;RESALAR<\/strong>&nbsp;<\/a>tiene el objetivo de regenerar espacios del litoral del Mar Menor&nbsp;y su biodiversidad para fortalecer la resiliencia del litoral frente al cambio clim\u00e1tico y mejorar e incrementar los servicios ecosist\u00e9micos que proveen a la sociedad.<\/p>\n\n\n\n<p>Este proyecto, que coordina la&nbsp;Fundaci\u00f3n ANSE, y en el que participan la&nbsp;Asociaci\u00f3n de Naturalistas del Sureste,&nbsp;WWF-Espa\u00f1a&nbsp;y el&nbsp;Instituto Espa\u00f1ol de Oceanograf\u00eda,&nbsp;Centro Nacional de la Agencia Estatal Consejo Superior de Investigaciones Cient\u00edficas (IEO-CSIC), cuenta con el apoyo de la&nbsp;Fundaci\u00f3n Biodiversidad&nbsp;del Ministerio para la Transici\u00f3n Ecol\u00f3gica y el Reto Demogr\u00e1fico (MITECO), que aporta el 95% de la financiaci\u00f3n del proyecto, en el marco del Plan de Recuperaci\u00f3n, Transformaci\u00f3n y Resiliencia (PRTR), financiado por la Uni\u00f3n Europea \u2013 NextGenerationEU, y se encuentra vinculado al&nbsp;Marco de Actuaciones Prioritarias para la recuperaci\u00f3n del Mar Menor&nbsp;del Ministerio para la Transici\u00f3n Ecol\u00f3gica y el Reto Demogr\u00e1fico. El proyecto cuenta con la cofinanciaci\u00f3n de la&nbsp;Fundaci\u00f3n Estrella de Levante&nbsp;y con la colaboraci\u00f3n de&nbsp;Salinera Espa\u00f1ola&nbsp;y de&nbsp;Biocyma.<\/p>\n\n\n\n<img decoding=\"async\" src=\"https:\/\/www.fundacionanse.org\/resalar\/wp-content\/uploads\/sites\/5\/2023\/03\/Combo_Web_RESALAR.png\" width=\"800\" height=\"128\" border=\"0\" usemap=\"#map\">\n<map name=\"map\">\n<area shape=\"rect\" coords=\"6,19,209,62\" alt=\"Web Fundaci\u00f3n Biodiversidad\" href=\"https:\/\/fundacion-biodiversidad.es\/\">\n<area shape=\"rect\" coords=\"213,18,369,61\" alt=\"Web PRTR\" href=\"https:\/\/planderecuperacion.gob.es\/\">\n<area shape=\"rect\" coords=\"374,16,511,59\" alt=\"Web NextGeneration UE\" href=\"https:\/\/nexteugeneration.com\/\">\n<area shape=\"rect\" coords=\"522,17,642,64\" alt=\"Web MAP\" href=\"https:\/\/www.miteco.gob.es\/es\/ministerio\/planes-estrategias\/mar-menor\/marco-actuaciones-prioritarias\/\">\n<area shape=\"rect\" coords=\"650,16,796,63\" alt=\"Web Resalar\" href=\"https:\/\/www.fundacionanse.org\/resalar\/\">\n<area shape=\"rect\" coords=\"201,69,361,113\" alt=\"Web Fundaci\u00f3n ANSE\" href=\"https:\/\/www.fundacionanse.org\/\">\n<area shape=\"rect\" coords=\"367,67,450,112\" alt=\"Web ANSE\" href=\"https:\/\/www.asociacionanse.org\/\">\n<area shape=\"rect\" coords=\"454,64,493,115\" alt=\"Web WWF\" href=\"https:\/\/www.wwf.es\/\">\n<area shape=\"rect\" coords=\"495,66,594,112\" alt=\"Web IEO\" href=\"http:\/\/www.ieo.es\/es\/\">\n<\/map>\n<area shape=\"rect\" coords=\"1929,66,2359,221\" alt=\"Web MAP\" href=\"https:\/\/www.miteco.gob.es\/es\/ministerio\/planes-estrategias\/mar-menor\/marco-actuaciones-prioritarias\/\">\n<area shape=\"rect\" coords=\"2396,64,2901,219\" alt=\"Web RESALAR\" href=\"https:\/\/www.fundacionanse.org\/resalar\/\">\n","protected":false},"excerpt":{"rendered":"<p>Francesca Caldara&nbsp;estudi\u00f3 Econom\u00eda aplicada a la gesti\u00f3n del patrimonio ambiental y cultural. En 2017 se incorpor\u00f3 al FAI \u2013&nbsp;Fondo per l\u2019Ambiente Italiano, la principal fundaci\u00f3n privada en Italia, que se dedica a la protecci\u00f3n y puesta en valor del patrimonio cultural y natural. Su labor comenz\u00f3 en las Salinas Conti Vecchi, un complejo hist\u00f3rico-industrial situado &#8230; <a title=\"Francesca Caldara: \u00abLas salinas van m\u00e1s all\u00e1 de ser una industria salinera, tambi\u00e9n son un testimonio hist\u00f3rico, un espacio de arqueolog\u00eda industrial y, a la vez, un entorno natural que alberga gran biodiversidad\u00bb\" class=\"read-more\" href=\"https:\/\/www.fundacionanse.org\/resalar\/2025\/10\/13\/francesca-caldara-las-salinas-van-mas-alla-de-ser-una-industria-salinera-tambien-son-un-testimonio-historico-un-espacio-de-arqueologia-industrial-y-a-la-vez-un-entorno-natural-que-alberga-g\/\" aria-label=\"Leer m\u00e1s sobre Francesca Caldara: \u00abLas salinas van m\u00e1s all\u00e1 de ser una industria salinera, tambi\u00e9n son un testimonio hist\u00f3rico, un espacio de arqueolog\u00eda industrial y, a la vez, un entorno natural que alberga gran biodiversidad\u00bb\">Leer m\u00e1s<\/a><\/p>\n","protected":false},"author":6,"featured_media":1163,"comment_status":"closed","ping_status":"closed","sticky":false,"template":"","format":"standard","meta":{"inline_featured_image":false,"footnotes":""},"categories":[1],"tags":[24,22,16],"class_list":["post-1161","post","type-post","status-publish","format-standard","has-post-thumbnail","hentry","category-actualidad","tag-entrevista","tag-jornadas-internacionales-restauracion-salinera","tag-salinas-de-marchamalo","generate-columns","tablet-grid-50","mobile-grid-100","grid-parent","grid-33","resize-featured-image"],"yoast_head":"<!-- This site is optimized with the Yoast SEO plugin v26.9 - https:\/\/yoast.com\/product\/yoast-seo-wordpress\/ -->\n<title>Francesca Caldara: \u00abLas salinas van m\u00e1s all\u00e1 de ser una industria salinera, tambi\u00e9n son un testimonio hist\u00f3rico, un espacio de arqueolog\u00eda industrial y, a la vez, un entorno natural que alberga gran biodiversidad\u00bb - RESALAR<\/title>\n<meta name=\"robots\" content=\"index, follow, max-snippet:-1, max-image-preview:large, max-video-preview:-1\" \/>\n<link rel=\"canonical\" href=\"https:\/\/www.fundacionanse.org\/resalar\/2025\/10\/13\/francesca-caldara-las-salinas-van-mas-alla-de-ser-una-industria-salinera-tambien-son-un-testimonio-historico-un-espacio-de-arqueologia-industrial-y-a-la-vez-un-entorno-natural-que-alberga-g\/\" \/>\n<meta property=\"og:locale\" content=\"es_ES\" \/>\n<meta property=\"og:type\" content=\"article\" \/>\n<meta property=\"og:title\" content=\"Francesca Caldara: \u00abLas salinas van m\u00e1s all\u00e1 de ser una industria salinera, tambi\u00e9n son un testimonio hist\u00f3rico, un espacio de arqueolog\u00eda industrial y, a la vez, un entorno natural que alberga gran biodiversidad\u00bb - RESALAR\" \/>\n<meta property=\"og:description\" content=\"Francesca Caldara&nbsp;estudi\u00f3 Econom\u00eda aplicada a la gesti\u00f3n del patrimonio ambiental y cultural. En 2017 se incorpor\u00f3 al FAI \u2013&nbsp;Fondo per l\u2019Ambiente Italiano, la principal fundaci\u00f3n privada en Italia, que se dedica a la protecci\u00f3n y puesta en valor del patrimonio cultural y natural. Su labor comenz\u00f3 en las Salinas Conti Vecchi, un complejo hist\u00f3rico-industrial situado ... Leer m\u00e1s\" \/>\n<meta property=\"og:url\" content=\"https:\/\/www.fundacionanse.org\/resalar\/2025\/10\/13\/francesca-caldara-las-salinas-van-mas-alla-de-ser-una-industria-salinera-tambien-son-un-testimonio-historico-un-espacio-de-arqueologia-industrial-y-a-la-vez-un-entorno-natural-que-alberga-g\/\" \/>\n<meta property=\"og:site_name\" content=\"RESALAR\" \/>\n<meta property=\"article:publisher\" content=\"https:\/\/www.facebook.com\/FundacionANSE\" \/>\n<meta property=\"article:published_time\" content=\"2025-10-13T11:09:34+00:00\" \/>\n<meta property=\"article:modified_time\" content=\"2025-10-13T11:11:56+00:00\" \/>\n<meta property=\"og:image\" content=\"https:\/\/www.fundacionanse.org\/resalar\/wp-content\/uploads\/sites\/5\/2025\/10\/Francesca-Caldara-Resalar-7.jpg\" \/>\n\t<meta property=\"og:image:width\" content=\"1500\" \/>\n\t<meta property=\"og:image:height\" content=\"1000\" \/>\n\t<meta property=\"og:image:type\" content=\"image\/jpeg\" \/>\n<meta name=\"author\" content=\"alicia\" \/>\n<meta name=\"twitter:card\" content=\"summary_large_image\" \/>\n<meta name=\"twitter:creator\" content=\"@fundacionanse\" \/>\n<meta name=\"twitter:site\" content=\"@fundacionanse\" \/>\n<meta name=\"twitter:label1\" content=\"Escrito por\" \/>\n\t<meta name=\"twitter:data1\" content=\"alicia\" \/>\n\t<meta name=\"twitter:label2\" content=\"Tiempo de lectura\" \/>\n\t<meta name=\"twitter:data2\" content=\"6 minutos\" \/>\n<script type=\"application\/ld+json\" class=\"yoast-schema-graph\">{\"@context\":\"https:\/\/schema.org\",\"@graph\":[{\"@type\":\"Article\",\"@id\":\"https:\/\/www.fundacionanse.org\/resalar\/2025\/10\/13\/francesca-caldara-las-salinas-van-mas-alla-de-ser-una-industria-salinera-tambien-son-un-testimonio-historico-un-espacio-de-arqueologia-industrial-y-a-la-vez-un-entorno-natural-que-alberga-g\/#article\",\"isPartOf\":{\"@id\":\"https:\/\/www.fundacionanse.org\/resalar\/2025\/10\/13\/francesca-caldara-las-salinas-van-mas-alla-de-ser-una-industria-salinera-tambien-son-un-testimonio-historico-un-espacio-de-arqueologia-industrial-y-a-la-vez-un-entorno-natural-que-alberga-g\/\"},\"author\":{\"name\":\"alicia\",\"@id\":\"https:\/\/www.fundacionanse.org\/resalar\/#\/schema\/person\/825d0b66cfeac78d8671653dd99a9823\"},\"headline\":\"Francesca Caldara: \u00abLas salinas van m\u00e1s all\u00e1 de ser una industria salinera, tambi\u00e9n son un testimonio hist\u00f3rico, un espacio de arqueolog\u00eda industrial y, a la vez, un entorno natural que alberga gran biodiversidad\u00bb\",\"datePublished\":\"2025-10-13T11:09:34+00:00\",\"dateModified\":\"2025-10-13T11:11:56+00:00\",\"mainEntityOfPage\":{\"@id\":\"https:\/\/www.fundacionanse.org\/resalar\/2025\/10\/13\/francesca-caldara-las-salinas-van-mas-alla-de-ser-una-industria-salinera-tambien-son-un-testimonio-historico-un-espacio-de-arqueologia-industrial-y-a-la-vez-un-entorno-natural-que-alberga-g\/\"},\"wordCount\":1315,\"publisher\":{\"@id\":\"https:\/\/www.fundacionanse.org\/resalar\/#organization\"},\"image\":{\"@id\":\"https:\/\/www.fundacionanse.org\/resalar\/2025\/10\/13\/francesca-caldara-las-salinas-van-mas-alla-de-ser-una-industria-salinera-tambien-son-un-testimonio-historico-un-espacio-de-arqueologia-industrial-y-a-la-vez-un-entorno-natural-que-alberga-g\/#primaryimage\"},\"thumbnailUrl\":\"https:\/\/www.fundacionanse.org\/resalar\/wp-content\/uploads\/sites\/5\/2025\/10\/Francesca-Caldara-Resalar-7.jpg\",\"keywords\":[\"Entrevista\",\"Jornadas Internacionales Restauraci\u00f3n Salinera\",\"Salinas de Marchamalo\"],\"articleSection\":[\"Actualidad\"],\"inLanguage\":\"es\"},{\"@type\":\"WebPage\",\"@id\":\"https:\/\/www.fundacionanse.org\/resalar\/2025\/10\/13\/francesca-caldara-las-salinas-van-mas-alla-de-ser-una-industria-salinera-tambien-son-un-testimonio-historico-un-espacio-de-arqueologia-industrial-y-a-la-vez-un-entorno-natural-que-alberga-g\/\",\"url\":\"https:\/\/www.fundacionanse.org\/resalar\/2025\/10\/13\/francesca-caldara-las-salinas-van-mas-alla-de-ser-una-industria-salinera-tambien-son-un-testimonio-historico-un-espacio-de-arqueologia-industrial-y-a-la-vez-un-entorno-natural-que-alberga-g\/\",\"name\":\"Francesca Caldara: \u00abLas salinas van m\u00e1s all\u00e1 de ser una industria salinera, tambi\u00e9n son un testimonio hist\u00f3rico, un espacio de arqueolog\u00eda industrial y, a la vez, un entorno natural que alberga gran biodiversidad\u00bb - RESALAR\",\"isPartOf\":{\"@id\":\"https:\/\/www.fundacionanse.org\/resalar\/#website\"},\"primaryImageOfPage\":{\"@id\":\"https:\/\/www.fundacionanse.org\/resalar\/2025\/10\/13\/francesca-caldara-las-salinas-van-mas-alla-de-ser-una-industria-salinera-tambien-son-un-testimonio-historico-un-espacio-de-arqueologia-industrial-y-a-la-vez-un-entorno-natural-que-alberga-g\/#primaryimage\"},\"image\":{\"@id\":\"https:\/\/www.fundacionanse.org\/resalar\/2025\/10\/13\/francesca-caldara-las-salinas-van-mas-alla-de-ser-una-industria-salinera-tambien-son-un-testimonio-historico-un-espacio-de-arqueologia-industrial-y-a-la-vez-un-entorno-natural-que-alberga-g\/#primaryimage\"},\"thumbnailUrl\":\"https:\/\/www.fundacionanse.org\/resalar\/wp-content\/uploads\/sites\/5\/2025\/10\/Francesca-Caldara-Resalar-7.jpg\",\"datePublished\":\"2025-10-13T11:09:34+00:00\",\"dateModified\":\"2025-10-13T11:11:56+00:00\",\"breadcrumb\":{\"@id\":\"https:\/\/www.fundacionanse.org\/resalar\/2025\/10\/13\/francesca-caldara-las-salinas-van-mas-alla-de-ser-una-industria-salinera-tambien-son-un-testimonio-historico-un-espacio-de-arqueologia-industrial-y-a-la-vez-un-entorno-natural-que-alberga-g\/#breadcrumb\"},\"inLanguage\":\"es\",\"potentialAction\":[{\"@type\":\"ReadAction\",\"target\":[\"https:\/\/www.fundacionanse.org\/resalar\/2025\/10\/13\/francesca-caldara-las-salinas-van-mas-alla-de-ser-una-industria-salinera-tambien-son-un-testimonio-historico-un-espacio-de-arqueologia-industrial-y-a-la-vez-un-entorno-natural-que-alberga-g\/\"]}]},{\"@type\":\"ImageObject\",\"inLanguage\":\"es\",\"@id\":\"https:\/\/www.fundacionanse.org\/resalar\/2025\/10\/13\/francesca-caldara-las-salinas-van-mas-alla-de-ser-una-industria-salinera-tambien-son-un-testimonio-historico-un-espacio-de-arqueologia-industrial-y-a-la-vez-un-entorno-natural-que-alberga-g\/#primaryimage\",\"url\":\"https:\/\/www.fundacionanse.org\/resalar\/wp-content\/uploads\/sites\/5\/2025\/10\/Francesca-Caldara-Resalar-7.jpg\",\"contentUrl\":\"https:\/\/www.fundacionanse.org\/resalar\/wp-content\/uploads\/sites\/5\/2025\/10\/Francesca-Caldara-Resalar-7.jpg\",\"width\":1500,\"height\":1000},{\"@type\":\"BreadcrumbList\",\"@id\":\"https:\/\/www.fundacionanse.org\/resalar\/2025\/10\/13\/francesca-caldara-las-salinas-van-mas-alla-de-ser-una-industria-salinera-tambien-son-un-testimonio-historico-un-espacio-de-arqueologia-industrial-y-a-la-vez-un-entorno-natural-que-alberga-g\/#breadcrumb\",\"itemListElement\":[{\"@type\":\"ListItem\",\"position\":1,\"name\":\"Portada\",\"item\":\"https:\/\/www.fundacionanse.org\/resalar\/\"},{\"@type\":\"ListItem\",\"position\":2,\"name\":\"Francesca Caldara: \u00abLas salinas van m\u00e1s all\u00e1 de ser una industria salinera, tambi\u00e9n son un testimonio hist\u00f3rico, un espacio de arqueolog\u00eda industrial y, a la vez, un entorno natural que alberga gran biodiversidad\u00bb\"}]},{\"@type\":\"WebSite\",\"@id\":\"https:\/\/www.fundacionanse.org\/resalar\/#website\",\"url\":\"https:\/\/www.fundacionanse.org\/resalar\/\",\"name\":\"RESALAR\",\"description\":\"Regeneraci\u00f3n de salinas y arenales en el Mar Menor\",\"publisher\":{\"@id\":\"https:\/\/www.fundacionanse.org\/resalar\/#organization\"},\"potentialAction\":[{\"@type\":\"SearchAction\",\"target\":{\"@type\":\"EntryPoint\",\"urlTemplate\":\"https:\/\/www.fundacionanse.org\/resalar\/?s={search_term_string}\"},\"query-input\":{\"@type\":\"PropertyValueSpecification\",\"valueRequired\":true,\"valueName\":\"search_term_string\"}}],\"inLanguage\":\"es\"},{\"@type\":\"Organization\",\"@id\":\"https:\/\/www.fundacionanse.org\/resalar\/#organization\",\"name\":\"RESALAR\",\"url\":\"https:\/\/www.fundacionanse.org\/resalar\/\",\"logo\":{\"@type\":\"ImageObject\",\"inLanguage\":\"es\",\"@id\":\"https:\/\/www.fundacionanse.org\/resalar\/#\/schema\/logo\/image\/\",\"url\":\"https:\/\/www.fundacionanse.org\/resalar\/wp-content\/uploads\/sites\/5\/2024\/02\/resalar-web_vertical-color.svg\",\"contentUrl\":\"https:\/\/www.fundacionanse.org\/resalar\/wp-content\/uploads\/sites\/5\/2024\/02\/resalar-web_vertical-color.svg\",\"width\":168,\"height\":188,\"caption\":\"RESALAR\"},\"image\":{\"@id\":\"https:\/\/www.fundacionanse.org\/resalar\/#\/schema\/logo\/image\/\"},\"sameAs\":[\"https:\/\/www.facebook.com\/FundacionANSE\",\"https:\/\/x.com\/fundacionanse\",\"https:\/\/www.instagram.com\/fundacionanse\/\"]},{\"@type\":\"Person\",\"@id\":\"https:\/\/www.fundacionanse.org\/resalar\/#\/schema\/person\/825d0b66cfeac78d8671653dd99a9823\",\"name\":\"alicia\",\"image\":{\"@type\":\"ImageObject\",\"inLanguage\":\"es\",\"@id\":\"https:\/\/www.fundacionanse.org\/resalar\/#\/schema\/person\/image\/\",\"url\":\"https:\/\/secure.gravatar.com\/avatar\/8ea2aaa5672bd433d40f04b94a58fc94bcebbd601dd2a6a43a24e2e272228529?s=96&d=mm&r=g\",\"contentUrl\":\"https:\/\/secure.gravatar.com\/avatar\/8ea2aaa5672bd433d40f04b94a58fc94bcebbd601dd2a6a43a24e2e272228529?s=96&d=mm&r=g\",\"caption\":\"alicia\"},\"url\":\"https:\/\/www.fundacionanse.org\/resalar\/author\/alicia\/\"}]}<\/script>\n<!-- \/ Yoast SEO plugin. -->","yoast_head_json":{"title":"Francesca Caldara: \u00abLas salinas van m\u00e1s all\u00e1 de ser una industria salinera, tambi\u00e9n son un testimonio hist\u00f3rico, un espacio de arqueolog\u00eda industrial y, a la vez, un entorno natural que alberga gran biodiversidad\u00bb - RESALAR","robots":{"index":"index","follow":"follow","max-snippet":"max-snippet:-1","max-image-preview":"max-image-preview:large","max-video-preview":"max-video-preview:-1"},"canonical":"https:\/\/www.fundacionanse.org\/resalar\/2025\/10\/13\/francesca-caldara-las-salinas-van-mas-alla-de-ser-una-industria-salinera-tambien-son-un-testimonio-historico-un-espacio-de-arqueologia-industrial-y-a-la-vez-un-entorno-natural-que-alberga-g\/","og_locale":"es_ES","og_type":"article","og_title":"Francesca Caldara: \u00abLas salinas van m\u00e1s all\u00e1 de ser una industria salinera, tambi\u00e9n son un testimonio hist\u00f3rico, un espacio de arqueolog\u00eda industrial y, a la vez, un entorno natural que alberga gran biodiversidad\u00bb - RESALAR","og_description":"Francesca Caldara&nbsp;estudi\u00f3 Econom\u00eda aplicada a la gesti\u00f3n del patrimonio ambiental y cultural. En 2017 se incorpor\u00f3 al FAI \u2013&nbsp;Fondo per l\u2019Ambiente Italiano, la principal fundaci\u00f3n privada en Italia, que se dedica a la protecci\u00f3n y puesta en valor del patrimonio cultural y natural. Su labor comenz\u00f3 en las Salinas Conti Vecchi, un complejo hist\u00f3rico-industrial situado ... Leer m\u00e1s","og_url":"https:\/\/www.fundacionanse.org\/resalar\/2025\/10\/13\/francesca-caldara-las-salinas-van-mas-alla-de-ser-una-industria-salinera-tambien-son-un-testimonio-historico-un-espacio-de-arqueologia-industrial-y-a-la-vez-un-entorno-natural-que-alberga-g\/","og_site_name":"RESALAR","article_publisher":"https:\/\/www.facebook.com\/FundacionANSE","article_published_time":"2025-10-13T11:09:34+00:00","article_modified_time":"2025-10-13T11:11:56+00:00","og_image":[{"width":1500,"height":1000,"url":"https:\/\/www.fundacionanse.org\/resalar\/wp-content\/uploads\/sites\/5\/2025\/10\/Francesca-Caldara-Resalar-7.jpg","type":"image\/jpeg"}],"author":"alicia","twitter_card":"summary_large_image","twitter_creator":"@fundacionanse","twitter_site":"@fundacionanse","twitter_misc":{"Escrito por":"alicia","Tiempo de lectura":"6 minutos"},"schema":{"@context":"https:\/\/schema.org","@graph":[{"@type":"Article","@id":"https:\/\/www.fundacionanse.org\/resalar\/2025\/10\/13\/francesca-caldara-las-salinas-van-mas-alla-de-ser-una-industria-salinera-tambien-son-un-testimonio-historico-un-espacio-de-arqueologia-industrial-y-a-la-vez-un-entorno-natural-que-alberga-g\/#article","isPartOf":{"@id":"https:\/\/www.fundacionanse.org\/resalar\/2025\/10\/13\/francesca-caldara-las-salinas-van-mas-alla-de-ser-una-industria-salinera-tambien-son-un-testimonio-historico-un-espacio-de-arqueologia-industrial-y-a-la-vez-un-entorno-natural-que-alberga-g\/"},"author":{"name":"alicia","@id":"https:\/\/www.fundacionanse.org\/resalar\/#\/schema\/person\/825d0b66cfeac78d8671653dd99a9823"},"headline":"Francesca Caldara: \u00abLas salinas van m\u00e1s all\u00e1 de ser una industria salinera, tambi\u00e9n son un testimonio hist\u00f3rico, un espacio de arqueolog\u00eda industrial y, a la vez, un entorno natural que alberga gran biodiversidad\u00bb","datePublished":"2025-10-13T11:09:34+00:00","dateModified":"2025-10-13T11:11:56+00:00","mainEntityOfPage":{"@id":"https:\/\/www.fundacionanse.org\/resalar\/2025\/10\/13\/francesca-caldara-las-salinas-van-mas-alla-de-ser-una-industria-salinera-tambien-son-un-testimonio-historico-un-espacio-de-arqueologia-industrial-y-a-la-vez-un-entorno-natural-que-alberga-g\/"},"wordCount":1315,"publisher":{"@id":"https:\/\/www.fundacionanse.org\/resalar\/#organization"},"image":{"@id":"https:\/\/www.fundacionanse.org\/resalar\/2025\/10\/13\/francesca-caldara-las-salinas-van-mas-alla-de-ser-una-industria-salinera-tambien-son-un-testimonio-historico-un-espacio-de-arqueologia-industrial-y-a-la-vez-un-entorno-natural-que-alberga-g\/#primaryimage"},"thumbnailUrl":"https:\/\/www.fundacionanse.org\/resalar\/wp-content\/uploads\/sites\/5\/2025\/10\/Francesca-Caldara-Resalar-7.jpg","keywords":["Entrevista","Jornadas Internacionales Restauraci\u00f3n Salinera","Salinas de Marchamalo"],"articleSection":["Actualidad"],"inLanguage":"es"},{"@type":"WebPage","@id":"https:\/\/www.fundacionanse.org\/resalar\/2025\/10\/13\/francesca-caldara-las-salinas-van-mas-alla-de-ser-una-industria-salinera-tambien-son-un-testimonio-historico-un-espacio-de-arqueologia-industrial-y-a-la-vez-un-entorno-natural-que-alberga-g\/","url":"https:\/\/www.fundacionanse.org\/resalar\/2025\/10\/13\/francesca-caldara-las-salinas-van-mas-alla-de-ser-una-industria-salinera-tambien-son-un-testimonio-historico-un-espacio-de-arqueologia-industrial-y-a-la-vez-un-entorno-natural-que-alberga-g\/","name":"Francesca Caldara: \u00abLas salinas van m\u00e1s all\u00e1 de ser una industria salinera, tambi\u00e9n son un testimonio hist\u00f3rico, un espacio de arqueolog\u00eda industrial y, a la vez, un entorno natural que alberga gran biodiversidad\u00bb - RESALAR","isPartOf":{"@id":"https:\/\/www.fundacionanse.org\/resalar\/#website"},"primaryImageOfPage":{"@id":"https:\/\/www.fundacionanse.org\/resalar\/2025\/10\/13\/francesca-caldara-las-salinas-van-mas-alla-de-ser-una-industria-salinera-tambien-son-un-testimonio-historico-un-espacio-de-arqueologia-industrial-y-a-la-vez-un-entorno-natural-que-alberga-g\/#primaryimage"},"image":{"@id":"https:\/\/www.fundacionanse.org\/resalar\/2025\/10\/13\/francesca-caldara-las-salinas-van-mas-alla-de-ser-una-industria-salinera-tambien-son-un-testimonio-historico-un-espacio-de-arqueologia-industrial-y-a-la-vez-un-entorno-natural-que-alberga-g\/#primaryimage"},"thumbnailUrl":"https:\/\/www.fundacionanse.org\/resalar\/wp-content\/uploads\/sites\/5\/2025\/10\/Francesca-Caldara-Resalar-7.jpg","datePublished":"2025-10-13T11:09:34+00:00","dateModified":"2025-10-13T11:11:56+00:00","breadcrumb":{"@id":"https:\/\/www.fundacionanse.org\/resalar\/2025\/10\/13\/francesca-caldara-las-salinas-van-mas-alla-de-ser-una-industria-salinera-tambien-son-un-testimonio-historico-un-espacio-de-arqueologia-industrial-y-a-la-vez-un-entorno-natural-que-alberga-g\/#breadcrumb"},"inLanguage":"es","potentialAction":[{"@type":"ReadAction","target":["https:\/\/www.fundacionanse.org\/resalar\/2025\/10\/13\/francesca-caldara-las-salinas-van-mas-alla-de-ser-una-industria-salinera-tambien-son-un-testimonio-historico-un-espacio-de-arqueologia-industrial-y-a-la-vez-un-entorno-natural-que-alberga-g\/"]}]},{"@type":"ImageObject","inLanguage":"es","@id":"https:\/\/www.fundacionanse.org\/resalar\/2025\/10\/13\/francesca-caldara-las-salinas-van-mas-alla-de-ser-una-industria-salinera-tambien-son-un-testimonio-historico-un-espacio-de-arqueologia-industrial-y-a-la-vez-un-entorno-natural-que-alberga-g\/#primaryimage","url":"https:\/\/www.fundacionanse.org\/resalar\/wp-content\/uploads\/sites\/5\/2025\/10\/Francesca-Caldara-Resalar-7.jpg","contentUrl":"https:\/\/www.fundacionanse.org\/resalar\/wp-content\/uploads\/sites\/5\/2025\/10\/Francesca-Caldara-Resalar-7.jpg","width":1500,"height":1000},{"@type":"BreadcrumbList","@id":"https:\/\/www.fundacionanse.org\/resalar\/2025\/10\/13\/francesca-caldara-las-salinas-van-mas-alla-de-ser-una-industria-salinera-tambien-son-un-testimonio-historico-un-espacio-de-arqueologia-industrial-y-a-la-vez-un-entorno-natural-que-alberga-g\/#breadcrumb","itemListElement":[{"@type":"ListItem","position":1,"name":"Portada","item":"https:\/\/www.fundacionanse.org\/resalar\/"},{"@type":"ListItem","position":2,"name":"Francesca Caldara: \u00abLas salinas van m\u00e1s all\u00e1 de ser una industria salinera, tambi\u00e9n son un testimonio hist\u00f3rico, un espacio de arqueolog\u00eda industrial y, a la vez, un entorno natural que alberga gran biodiversidad\u00bb"}]},{"@type":"WebSite","@id":"https:\/\/www.fundacionanse.org\/resalar\/#website","url":"https:\/\/www.fundacionanse.org\/resalar\/","name":"RESALAR","description":"Regeneraci\u00f3n de salinas y arenales en el Mar Menor","publisher":{"@id":"https:\/\/www.fundacionanse.org\/resalar\/#organization"},"potentialAction":[{"@type":"SearchAction","target":{"@type":"EntryPoint","urlTemplate":"https:\/\/www.fundacionanse.org\/resalar\/?s={search_term_string}"},"query-input":{"@type":"PropertyValueSpecification","valueRequired":true,"valueName":"search_term_string"}}],"inLanguage":"es"},{"@type":"Organization","@id":"https:\/\/www.fundacionanse.org\/resalar\/#organization","name":"RESALAR","url":"https:\/\/www.fundacionanse.org\/resalar\/","logo":{"@type":"ImageObject","inLanguage":"es","@id":"https:\/\/www.fundacionanse.org\/resalar\/#\/schema\/logo\/image\/","url":"https:\/\/www.fundacionanse.org\/resalar\/wp-content\/uploads\/sites\/5\/2024\/02\/resalar-web_vertical-color.svg","contentUrl":"https:\/\/www.fundacionanse.org\/resalar\/wp-content\/uploads\/sites\/5\/2024\/02\/resalar-web_vertical-color.svg","width":168,"height":188,"caption":"RESALAR"},"image":{"@id":"https:\/\/www.fundacionanse.org\/resalar\/#\/schema\/logo\/image\/"},"sameAs":["https:\/\/www.facebook.com\/FundacionANSE","https:\/\/x.com\/fundacionanse","https:\/\/www.instagram.com\/fundacionanse\/"]},{"@type":"Person","@id":"https:\/\/www.fundacionanse.org\/resalar\/#\/schema\/person\/825d0b66cfeac78d8671653dd99a9823","name":"alicia","image":{"@type":"ImageObject","inLanguage":"es","@id":"https:\/\/www.fundacionanse.org\/resalar\/#\/schema\/person\/image\/","url":"https:\/\/secure.gravatar.com\/avatar\/8ea2aaa5672bd433d40f04b94a58fc94bcebbd601dd2a6a43a24e2e272228529?s=96&d=mm&r=g","contentUrl":"https:\/\/secure.gravatar.com\/avatar\/8ea2aaa5672bd433d40f04b94a58fc94bcebbd601dd2a6a43a24e2e272228529?s=96&d=mm&r=g","caption":"alicia"},"url":"https:\/\/www.fundacionanse.org\/resalar\/author\/alicia\/"}]}},"_links":{"self":[{"href":"https:\/\/www.fundacionanse.org\/resalar\/wp-json\/wp\/v2\/posts\/1161","targetHints":{"allow":["GET"]}}],"collection":[{"href":"https:\/\/www.fundacionanse.org\/resalar\/wp-json\/wp\/v2\/posts"}],"about":[{"href":"https:\/\/www.fundacionanse.org\/resalar\/wp-json\/wp\/v2\/types\/post"}],"author":[{"embeddable":true,"href":"https:\/\/www.fundacionanse.org\/resalar\/wp-json\/wp\/v2\/users\/6"}],"replies":[{"embeddable":true,"href":"https:\/\/www.fundacionanse.org\/resalar\/wp-json\/wp\/v2\/comments?post=1161"}],"version-history":[{"count":0,"href":"https:\/\/www.fundacionanse.org\/resalar\/wp-json\/wp\/v2\/posts\/1161\/revisions"}],"wp:featuredmedia":[{"embeddable":true,"href":"https:\/\/www.fundacionanse.org\/resalar\/wp-json\/wp\/v2\/media\/1163"}],"wp:attachment":[{"href":"https:\/\/www.fundacionanse.org\/resalar\/wp-json\/wp\/v2\/media?parent=1161"}],"wp:term":[{"taxonomy":"category","embeddable":true,"href":"https:\/\/www.fundacionanse.org\/resalar\/wp-json\/wp\/v2\/categories?post=1161"},{"taxonomy":"post_tag","embeddable":true,"href":"https:\/\/www.fundacionanse.org\/resalar\/wp-json\/wp\/v2\/tags?post=1161"}],"curies":[{"name":"wp","href":"https:\/\/api.w.org\/{rel}","templated":true}]}}