{"id":1168,"date":"2025-10-16T14:38:54","date_gmt":"2025-10-16T14:38:54","guid":{"rendered":"https:\/\/www.fundacionanse.org\/resalar\/?p=1168"},"modified":"2025-10-16T15:28:09","modified_gmt":"2025-10-16T15:28:09","slug":"la-tormenta-perfecta-inunda-las-salinas-de-marchamalo","status":"publish","type":"post","link":"https:\/\/www.fundacionanse.org\/resalar\/2025\/10\/16\/la-tormenta-perfecta-inunda-las-salinas-de-marchamalo\/","title":{"rendered":"La tormenta perfecta inunda las salinas de Marchamalo"},"content":{"rendered":"\n<p>El pasado d\u00eda 10 de octubre, la tormenta Alice se precipitaba con fuerza sobre la costa pr\u00f3xima a Cabo de Palos y, cumpliendo con las previsiones de la Agencia Espa\u00f1ola de Meteorolog\u00eda (AEMET), arrojaba m\u00e1s de 100 litros de lluvia por m<sup>2<\/sup>\u00a0en menos de 10 h, que convirtieron la zona baja de las salinas de Marchamalo en una laguna uniforme anegando la totalidad de las motas y caminos salineros.<\/p>\n\n\n\n<p>Adem\u00e1s del agua de lluvia, m\u00e1s de 170 litros en menos de 24 horas, las denominadas salinas viejas, objeto de restauraci\u00f3n por parte de la Asociaci\u00f3n de Naturalistas del Sureste, siguieron recibiendo a lo largo del s\u00e1bado d\u00eda 11 y del domingo d\u00eda 12 grandes vol\u00famenes de agua procedente del Mar Menor, cuyo elevado nivel empujaba grandes caudales a trav\u00e9s del canal de comunicaci\u00f3n con las salinas, sin que el sistema de doble compuerta impidiera las filtraciones a trav\u00e9s de las puertas y paredes de los canales hacia el interior de las salinas, a menor nivel que el Mar Menor en situaci\u00f3n de crecida.<\/p>\n\n\n\n<p>La falta de canales de evacuaci\u00f3n directa al Mar Menor de las salinas situadas al oeste de la carretera que cruza el complejo salinero, y su drenaje hacia las salinas viejas, ha provocado la evacuaci\u00f3n del agua de lluvia tambi\u00e9n hacia las salinas viejas, lo que provoc\u00f3 una subida extraordinaria del nivel de agua que sepult\u00f3 la totalidad de los caminos y motas de las salinas, y tambi\u00e9n del canal de comunicaci\u00f3n con el Mar Menor. Por si esto fuera poco, tambi\u00e9n parte del agua de la rambla que drena los cultivos de Los Triolas entraba en las salinas al desbordarse por no poder evacuar al Mar Menor de forma adecuada.<\/p>\n\n\n\n<p>Podr\u00eda decirse que se trat\u00f3 de una tormenta perfecta, y que el agua entr\u00f3 a la parte vieja de las salinas desde todas las v\u00edas posibles, y hasta el martes, en que baj\u00f3 el nivel de las aguas del Mar Menor, no comenz\u00f3 a evacuar lentamente hacia la laguna.<\/p>\n\n\n\n<p>Desde que a finales de 2019 la Asociaci\u00f3n de Naturalistas del Sureste pusiera en marcha el proyecto para recuperaci\u00f3n de una parte de las Salinas de Marchamalo o de Cabo de Palos, al sur del Mar Menor, las dificultades e inconvenientes de todo tipo han convertido la recuperaci\u00f3n de la biodiversidad y la actividad salinera en este emblem\u00e1tico espacio al sur del Mar Menor en una tarea muy complicada.<\/p>\n\n\n\n<p>Aunque contemplar la enorme laguna sepultando las salinas podr\u00eda provocar un cierto des\u00e1nimo, no lo es tanto como las dificultades de financiaci\u00f3n, la lentitud administrativa, y la falta de actuaciones en otras zonas e infraestructuras de las salinas del entorno que no dependen de ANSE. Afortunadamente, las naves restauradas en el marco del Proyecto Resalar no sufrieron da\u00f1os, y funcionaron bien las obras realizadas para aumentar su aislamiento y protecci\u00f3n, y solo se produjeron \u201cgoteras\u201d en algunos puntos.<\/p>\n\n\n\n<p>La inundaci\u00f3n provocada por la tormenta Alice refleja la fragilidad de muchas \u00e1reas costeras ante condiciones meteorol\u00f3gicas extraordinarias, pero que ya han ocurrido en el pasado y lo seguir\u00e1n haciendo en el futuro, y demuestra la necesidad de que diferentes entidades trabajen conjuntamente en la aplicaci\u00f3n de soluciones de espacios naturales con diferentes gestores y propietarios, como ocurre con el Espacio Protegido de las Salinas de Marchamalo y su entorno.<\/p>\n\n\n\n<p>Las lluvias han provocado la p\u00e9rdida de una parte importante de la cosecha de sal acumulada en 2024, que no pudo comercializarse por la falta de tr\u00e1mites administrativos que se prolongan de manera desesperante, pero ANSE y las personas que trabajamos en el proyecto intentamos mantener el \u00e1nimo para seguir adelante con los trabajos de restauraci\u00f3n pendientes, siempre que otras dificultades que no dependen de las fuerzas de la naturaleza nos lo impidan.<\/p>\n\n\n\n<figure class=\"wp-block-embed is-type-video is-provider-youtube wp-block-embed-youtube wp-embed-aspect-16-9 wp-has-aspect-ratio\"><div class=\"wp-block-embed__wrapper\">\n<iframe loading=\"lazy\" title=\"Inundaciones en las Salinas de Marchamalo (Cabo de Palos)\" width=\"1200\" height=\"675\" src=\"https:\/\/www.youtube.com\/embed\/F6D_nqNJ_IA?feature=oembed\" frameborder=\"0\" allow=\"accelerometer; autoplay; clipboard-write; encrypted-media; gyroscope; picture-in-picture; web-share\" referrerpolicy=\"strict-origin-when-cross-origin\" allowfullscreen><\/iframe>\n<\/div><\/figure>\n\n\n\n<p>El&nbsp;<a href=\"https:\/\/www.fundacionanse.org\/resalar\/proyecto-resalar\/\"><strong>proyecto&nbsp;RESALAR<\/strong>&nbsp;<\/a>tiene el objetivo de regenerar espacios del litoral del Mar Menor&nbsp;y su biodiversidad para fortalecer la resiliencia del litoral frente al cambio clim\u00e1tico y mejorar e incrementar los servicios ecosist\u00e9micos que proveen a la sociedad.<\/p>\n\n\n\n<p>Este proyecto, que coordina la&nbsp;Fundaci\u00f3n ANSE, y en el que participan la&nbsp;Asociaci\u00f3n de Naturalistas del Sureste,&nbsp;WWF-Espa\u00f1a&nbsp;y el&nbsp;Instituto Espa\u00f1ol de Oceanograf\u00eda,&nbsp;Centro Nacional de la Agencia Estatal Consejo Superior de Investigaciones Cient\u00edficas (IEO-CSIC), cuenta con el apoyo de la&nbsp;Fundaci\u00f3n Biodiversidad&nbsp;del Ministerio para la Transici\u00f3n Ecol\u00f3gica y el Reto Demogr\u00e1fico (MITECO), que aporta el 95% de la financiaci\u00f3n del proyecto, en el marco del Plan de Recuperaci\u00f3n, Transformaci\u00f3n y Resiliencia (PRTR), financiado por la Uni\u00f3n Europea \u2013 NextGenerationEU, y se encuentra vinculado al&nbsp;Marco de Actuaciones Prioritarias para la recuperaci\u00f3n del Mar Menor&nbsp;del Ministerio para la Transici\u00f3n Ecol\u00f3gica y el Reto Demogr\u00e1fico. El proyecto cuenta con la cofinanciaci\u00f3n de la&nbsp;Fundaci\u00f3n Estrella de Levante&nbsp;y con la colaboraci\u00f3n de&nbsp;Salinera Espa\u00f1ola&nbsp;y de&nbsp;Biocyma.<\/p>\n","protected":false},"excerpt":{"rendered":"<p>El pasado d\u00eda 10 de octubre, la tormenta Alice se precipitaba con fuerza sobre la costa pr\u00f3xima a Cabo de Palos y, cumpliendo con las previsiones de la Agencia Espa\u00f1ola de Meteorolog\u00eda (AEMET), arrojaba m\u00e1s de 100 litros de lluvia por m2\u00a0en menos de 10 h, que convirtieron la zona baja de las salinas de &#8230; <a title=\"La tormenta perfecta inunda las salinas de Marchamalo\" class=\"read-more\" href=\"https:\/\/www.fundacionanse.org\/resalar\/2025\/10\/16\/la-tormenta-perfecta-inunda-las-salinas-de-marchamalo\/\" aria-label=\"Leer m\u00e1s sobre La tormenta perfecta inunda las salinas de Marchamalo\">Leer m\u00e1s<\/a><\/p>\n","protected":false},"author":6,"featured_media":1170,"comment_status":"closed","ping_status":"closed","sticky":false,"template":"","format":"standard","meta":{"inline_featured_image":false,"footnotes":""},"categories":[1],"tags":[16],"class_list":["post-1168","post","type-post","status-publish","format-standard","has-post-thumbnail","hentry","category-actualidad","tag-salinas-de-marchamalo","generate-columns","tablet-grid-50","mobile-grid-100","grid-parent","grid-33","resize-featured-image"],"yoast_head":"<!-- This site is optimized with the Yoast SEO plugin v26.9 - https:\/\/yoast.com\/product\/yoast-seo-wordpress\/ -->\n<title>La tormenta perfecta inunda las salinas de Marchamalo - RESALAR<\/title>\n<meta name=\"robots\" content=\"index, follow, max-snippet:-1, max-image-preview:large, max-video-preview:-1\" \/>\n<link rel=\"canonical\" href=\"https:\/\/www.fundacionanse.org\/resalar\/2025\/10\/16\/la-tormenta-perfecta-inunda-las-salinas-de-marchamalo\/\" \/>\n<meta property=\"og:locale\" content=\"es_ES\" \/>\n<meta property=\"og:type\" content=\"article\" \/>\n<meta property=\"og:title\" content=\"La tormenta perfecta inunda las salinas de Marchamalo - RESALAR\" \/>\n<meta property=\"og:description\" content=\"El pasado d\u00eda 10 de octubre, la tormenta Alice se precipitaba con fuerza sobre la costa pr\u00f3xima a Cabo de Palos y, cumpliendo con las previsiones de la Agencia Espa\u00f1ola de Meteorolog\u00eda (AEMET), arrojaba m\u00e1s de 100 litros de lluvia por m2\u00a0en menos de 10 h, que convirtieron la zona baja de las salinas de ... Leer m\u00e1s\" \/>\n<meta property=\"og:url\" content=\"https:\/\/www.fundacionanse.org\/resalar\/2025\/10\/16\/la-tormenta-perfecta-inunda-las-salinas-de-marchamalo\/\" \/>\n<meta property=\"og:site_name\" content=\"RESALAR\" \/>\n<meta property=\"article:publisher\" content=\"https:\/\/www.facebook.com\/FundacionANSE\" \/>\n<meta property=\"article:published_time\" content=\"2025-10-16T14:38:54+00:00\" \/>\n<meta property=\"article:modified_time\" content=\"2025-10-16T15:28:09+00:00\" \/>\n<meta property=\"og:image\" content=\"https:\/\/www.fundacionanse.org\/resalar\/wp-content\/uploads\/sites\/5\/2025\/10\/salinas-inundadas.jpg\" \/>\n\t<meta property=\"og:image:width\" content=\"1400\" \/>\n\t<meta property=\"og:image:height\" content=\"933\" \/>\n\t<meta property=\"og:image:type\" content=\"image\/jpeg\" \/>\n<meta name=\"author\" content=\"alicia\" \/>\n<meta name=\"twitter:card\" content=\"summary_large_image\" \/>\n<meta name=\"twitter:creator\" content=\"@fundacionanse\" \/>\n<meta name=\"twitter:site\" content=\"@fundacionanse\" \/>\n<meta name=\"twitter:label1\" content=\"Escrito por\" \/>\n\t<meta name=\"twitter:data1\" content=\"alicia\" \/>\n\t<meta name=\"twitter:label2\" content=\"Tiempo de lectura\" \/>\n\t<meta name=\"twitter:data2\" content=\"4 minutos\" \/>\n<script type=\"application\/ld+json\" class=\"yoast-schema-graph\">{\"@context\":\"https:\/\/schema.org\",\"@graph\":[{\"@type\":\"Article\",\"@id\":\"https:\/\/www.fundacionanse.org\/resalar\/2025\/10\/16\/la-tormenta-perfecta-inunda-las-salinas-de-marchamalo\/#article\",\"isPartOf\":{\"@id\":\"https:\/\/www.fundacionanse.org\/resalar\/2025\/10\/16\/la-tormenta-perfecta-inunda-las-salinas-de-marchamalo\/\"},\"author\":{\"name\":\"alicia\",\"@id\":\"https:\/\/www.fundacionanse.org\/resalar\/#\/schema\/person\/825d0b66cfeac78d8671653dd99a9823\"},\"headline\":\"La tormenta perfecta inunda las salinas de Marchamalo\",\"datePublished\":\"2025-10-16T14:38:54+00:00\",\"dateModified\":\"2025-10-16T15:28:09+00:00\",\"mainEntityOfPage\":{\"@id\":\"https:\/\/www.fundacionanse.org\/resalar\/2025\/10\/16\/la-tormenta-perfecta-inunda-las-salinas-de-marchamalo\/\"},\"wordCount\":881,\"publisher\":{\"@id\":\"https:\/\/www.fundacionanse.org\/resalar\/#organization\"},\"image\":{\"@id\":\"https:\/\/www.fundacionanse.org\/resalar\/2025\/10\/16\/la-tormenta-perfecta-inunda-las-salinas-de-marchamalo\/#primaryimage\"},\"thumbnailUrl\":\"https:\/\/www.fundacionanse.org\/resalar\/wp-content\/uploads\/sites\/5\/2025\/10\/salinas-inundadas.jpg\",\"keywords\":[\"Salinas de Marchamalo\"],\"articleSection\":[\"Actualidad\"],\"inLanguage\":\"es\"},{\"@type\":\"WebPage\",\"@id\":\"https:\/\/www.fundacionanse.org\/resalar\/2025\/10\/16\/la-tormenta-perfecta-inunda-las-salinas-de-marchamalo\/\",\"url\":\"https:\/\/www.fundacionanse.org\/resalar\/2025\/10\/16\/la-tormenta-perfecta-inunda-las-salinas-de-marchamalo\/\",\"name\":\"La tormenta perfecta inunda las salinas de Marchamalo - RESALAR\",\"isPartOf\":{\"@id\":\"https:\/\/www.fundacionanse.org\/resalar\/#website\"},\"primaryImageOfPage\":{\"@id\":\"https:\/\/www.fundacionanse.org\/resalar\/2025\/10\/16\/la-tormenta-perfecta-inunda-las-salinas-de-marchamalo\/#primaryimage\"},\"image\":{\"@id\":\"https:\/\/www.fundacionanse.org\/resalar\/2025\/10\/16\/la-tormenta-perfecta-inunda-las-salinas-de-marchamalo\/#primaryimage\"},\"thumbnailUrl\":\"https:\/\/www.fundacionanse.org\/resalar\/wp-content\/uploads\/sites\/5\/2025\/10\/salinas-inundadas.jpg\",\"datePublished\":\"2025-10-16T14:38:54+00:00\",\"dateModified\":\"2025-10-16T15:28:09+00:00\",\"breadcrumb\":{\"@id\":\"https:\/\/www.fundacionanse.org\/resalar\/2025\/10\/16\/la-tormenta-perfecta-inunda-las-salinas-de-marchamalo\/#breadcrumb\"},\"inLanguage\":\"es\",\"potentialAction\":[{\"@type\":\"ReadAction\",\"target\":[\"https:\/\/www.fundacionanse.org\/resalar\/2025\/10\/16\/la-tormenta-perfecta-inunda-las-salinas-de-marchamalo\/\"]}]},{\"@type\":\"ImageObject\",\"inLanguage\":\"es\",\"@id\":\"https:\/\/www.fundacionanse.org\/resalar\/2025\/10\/16\/la-tormenta-perfecta-inunda-las-salinas-de-marchamalo\/#primaryimage\",\"url\":\"https:\/\/www.fundacionanse.org\/resalar\/wp-content\/uploads\/sites\/5\/2025\/10\/salinas-inundadas.jpg\",\"contentUrl\":\"https:\/\/www.fundacionanse.org\/resalar\/wp-content\/uploads\/sites\/5\/2025\/10\/salinas-inundadas.jpg\",\"width\":1400,\"height\":933},{\"@type\":\"BreadcrumbList\",\"@id\":\"https:\/\/www.fundacionanse.org\/resalar\/2025\/10\/16\/la-tormenta-perfecta-inunda-las-salinas-de-marchamalo\/#breadcrumb\",\"itemListElement\":[{\"@type\":\"ListItem\",\"position\":1,\"name\":\"Portada\",\"item\":\"https:\/\/www.fundacionanse.org\/resalar\/\"},{\"@type\":\"ListItem\",\"position\":2,\"name\":\"La tormenta perfecta inunda las salinas de Marchamalo\"}]},{\"@type\":\"WebSite\",\"@id\":\"https:\/\/www.fundacionanse.org\/resalar\/#website\",\"url\":\"https:\/\/www.fundacionanse.org\/resalar\/\",\"name\":\"RESALAR\",\"description\":\"Regeneraci\u00f3n de salinas y arenales en el Mar Menor\",\"publisher\":{\"@id\":\"https:\/\/www.fundacionanse.org\/resalar\/#organization\"},\"potentialAction\":[{\"@type\":\"SearchAction\",\"target\":{\"@type\":\"EntryPoint\",\"urlTemplate\":\"https:\/\/www.fundacionanse.org\/resalar\/?s={search_term_string}\"},\"query-input\":{\"@type\":\"PropertyValueSpecification\",\"valueRequired\":true,\"valueName\":\"search_term_string\"}}],\"inLanguage\":\"es\"},{\"@type\":\"Organization\",\"@id\":\"https:\/\/www.fundacionanse.org\/resalar\/#organization\",\"name\":\"RESALAR\",\"url\":\"https:\/\/www.fundacionanse.org\/resalar\/\",\"logo\":{\"@type\":\"ImageObject\",\"inLanguage\":\"es\",\"@id\":\"https:\/\/www.fundacionanse.org\/resalar\/#\/schema\/logo\/image\/\",\"url\":\"https:\/\/www.fundacionanse.org\/resalar\/wp-content\/uploads\/sites\/5\/2024\/02\/resalar-web_vertical-color.svg\",\"contentUrl\":\"https:\/\/www.fundacionanse.org\/resalar\/wp-content\/uploads\/sites\/5\/2024\/02\/resalar-web_vertical-color.svg\",\"width\":168,\"height\":188,\"caption\":\"RESALAR\"},\"image\":{\"@id\":\"https:\/\/www.fundacionanse.org\/resalar\/#\/schema\/logo\/image\/\"},\"sameAs\":[\"https:\/\/www.facebook.com\/FundacionANSE\",\"https:\/\/x.com\/fundacionanse\",\"https:\/\/www.instagram.com\/fundacionanse\/\"]},{\"@type\":\"Person\",\"@id\":\"https:\/\/www.fundacionanse.org\/resalar\/#\/schema\/person\/825d0b66cfeac78d8671653dd99a9823\",\"name\":\"alicia\",\"image\":{\"@type\":\"ImageObject\",\"inLanguage\":\"es\",\"@id\":\"https:\/\/www.fundacionanse.org\/resalar\/#\/schema\/person\/image\/\",\"url\":\"https:\/\/secure.gravatar.com\/avatar\/8ea2aaa5672bd433d40f04b94a58fc94bcebbd601dd2a6a43a24e2e272228529?s=96&d=mm&r=g\",\"contentUrl\":\"https:\/\/secure.gravatar.com\/avatar\/8ea2aaa5672bd433d40f04b94a58fc94bcebbd601dd2a6a43a24e2e272228529?s=96&d=mm&r=g\",\"caption\":\"alicia\"},\"url\":\"https:\/\/www.fundacionanse.org\/resalar\/author\/alicia\/\"}]}<\/script>\n<!-- \/ Yoast SEO plugin. -->","yoast_head_json":{"title":"La tormenta perfecta inunda las salinas de Marchamalo - RESALAR","robots":{"index":"index","follow":"follow","max-snippet":"max-snippet:-1","max-image-preview":"max-image-preview:large","max-video-preview":"max-video-preview:-1"},"canonical":"https:\/\/www.fundacionanse.org\/resalar\/2025\/10\/16\/la-tormenta-perfecta-inunda-las-salinas-de-marchamalo\/","og_locale":"es_ES","og_type":"article","og_title":"La tormenta perfecta inunda las salinas de Marchamalo - RESALAR","og_description":"El pasado d\u00eda 10 de octubre, la tormenta Alice se precipitaba con fuerza sobre la costa pr\u00f3xima a Cabo de Palos y, cumpliendo con las previsiones de la Agencia Espa\u00f1ola de Meteorolog\u00eda (AEMET), arrojaba m\u00e1s de 100 litros de lluvia por m2\u00a0en menos de 10 h, que convirtieron la zona baja de las salinas de ... Leer m\u00e1s","og_url":"https:\/\/www.fundacionanse.org\/resalar\/2025\/10\/16\/la-tormenta-perfecta-inunda-las-salinas-de-marchamalo\/","og_site_name":"RESALAR","article_publisher":"https:\/\/www.facebook.com\/FundacionANSE","article_published_time":"2025-10-16T14:38:54+00:00","article_modified_time":"2025-10-16T15:28:09+00:00","og_image":[{"width":1400,"height":933,"url":"https:\/\/www.fundacionanse.org\/resalar\/wp-content\/uploads\/sites\/5\/2025\/10\/salinas-inundadas.jpg","type":"image\/jpeg"}],"author":"alicia","twitter_card":"summary_large_image","twitter_creator":"@fundacionanse","twitter_site":"@fundacionanse","twitter_misc":{"Escrito por":"alicia","Tiempo de lectura":"4 minutos"},"schema":{"@context":"https:\/\/schema.org","@graph":[{"@type":"Article","@id":"https:\/\/www.fundacionanse.org\/resalar\/2025\/10\/16\/la-tormenta-perfecta-inunda-las-salinas-de-marchamalo\/#article","isPartOf":{"@id":"https:\/\/www.fundacionanse.org\/resalar\/2025\/10\/16\/la-tormenta-perfecta-inunda-las-salinas-de-marchamalo\/"},"author":{"name":"alicia","@id":"https:\/\/www.fundacionanse.org\/resalar\/#\/schema\/person\/825d0b66cfeac78d8671653dd99a9823"},"headline":"La tormenta perfecta inunda las salinas de Marchamalo","datePublished":"2025-10-16T14:38:54+00:00","dateModified":"2025-10-16T15:28:09+00:00","mainEntityOfPage":{"@id":"https:\/\/www.fundacionanse.org\/resalar\/2025\/10\/16\/la-tormenta-perfecta-inunda-las-salinas-de-marchamalo\/"},"wordCount":881,"publisher":{"@id":"https:\/\/www.fundacionanse.org\/resalar\/#organization"},"image":{"@id":"https:\/\/www.fundacionanse.org\/resalar\/2025\/10\/16\/la-tormenta-perfecta-inunda-las-salinas-de-marchamalo\/#primaryimage"},"thumbnailUrl":"https:\/\/www.fundacionanse.org\/resalar\/wp-content\/uploads\/sites\/5\/2025\/10\/salinas-inundadas.jpg","keywords":["Salinas de Marchamalo"],"articleSection":["Actualidad"],"inLanguage":"es"},{"@type":"WebPage","@id":"https:\/\/www.fundacionanse.org\/resalar\/2025\/10\/16\/la-tormenta-perfecta-inunda-las-salinas-de-marchamalo\/","url":"https:\/\/www.fundacionanse.org\/resalar\/2025\/10\/16\/la-tormenta-perfecta-inunda-las-salinas-de-marchamalo\/","name":"La tormenta perfecta inunda las salinas de Marchamalo - RESALAR","isPartOf":{"@id":"https:\/\/www.fundacionanse.org\/resalar\/#website"},"primaryImageOfPage":{"@id":"https:\/\/www.fundacionanse.org\/resalar\/2025\/10\/16\/la-tormenta-perfecta-inunda-las-salinas-de-marchamalo\/#primaryimage"},"image":{"@id":"https:\/\/www.fundacionanse.org\/resalar\/2025\/10\/16\/la-tormenta-perfecta-inunda-las-salinas-de-marchamalo\/#primaryimage"},"thumbnailUrl":"https:\/\/www.fundacionanse.org\/resalar\/wp-content\/uploads\/sites\/5\/2025\/10\/salinas-inundadas.jpg","datePublished":"2025-10-16T14:38:54+00:00","dateModified":"2025-10-16T15:28:09+00:00","breadcrumb":{"@id":"https:\/\/www.fundacionanse.org\/resalar\/2025\/10\/16\/la-tormenta-perfecta-inunda-las-salinas-de-marchamalo\/#breadcrumb"},"inLanguage":"es","potentialAction":[{"@type":"ReadAction","target":["https:\/\/www.fundacionanse.org\/resalar\/2025\/10\/16\/la-tormenta-perfecta-inunda-las-salinas-de-marchamalo\/"]}]},{"@type":"ImageObject","inLanguage":"es","@id":"https:\/\/www.fundacionanse.org\/resalar\/2025\/10\/16\/la-tormenta-perfecta-inunda-las-salinas-de-marchamalo\/#primaryimage","url":"https:\/\/www.fundacionanse.org\/resalar\/wp-content\/uploads\/sites\/5\/2025\/10\/salinas-inundadas.jpg","contentUrl":"https:\/\/www.fundacionanse.org\/resalar\/wp-content\/uploads\/sites\/5\/2025\/10\/salinas-inundadas.jpg","width":1400,"height":933},{"@type":"BreadcrumbList","@id":"https:\/\/www.fundacionanse.org\/resalar\/2025\/10\/16\/la-tormenta-perfecta-inunda-las-salinas-de-marchamalo\/#breadcrumb","itemListElement":[{"@type":"ListItem","position":1,"name":"Portada","item":"https:\/\/www.fundacionanse.org\/resalar\/"},{"@type":"ListItem","position":2,"name":"La tormenta perfecta inunda las salinas de Marchamalo"}]},{"@type":"WebSite","@id":"https:\/\/www.fundacionanse.org\/resalar\/#website","url":"https:\/\/www.fundacionanse.org\/resalar\/","name":"RESALAR","description":"Regeneraci\u00f3n de salinas y arenales en el Mar Menor","publisher":{"@id":"https:\/\/www.fundacionanse.org\/resalar\/#organization"},"potentialAction":[{"@type":"SearchAction","target":{"@type":"EntryPoint","urlTemplate":"https:\/\/www.fundacionanse.org\/resalar\/?s={search_term_string}"},"query-input":{"@type":"PropertyValueSpecification","valueRequired":true,"valueName":"search_term_string"}}],"inLanguage":"es"},{"@type":"Organization","@id":"https:\/\/www.fundacionanse.org\/resalar\/#organization","name":"RESALAR","url":"https:\/\/www.fundacionanse.org\/resalar\/","logo":{"@type":"ImageObject","inLanguage":"es","@id":"https:\/\/www.fundacionanse.org\/resalar\/#\/schema\/logo\/image\/","url":"https:\/\/www.fundacionanse.org\/resalar\/wp-content\/uploads\/sites\/5\/2024\/02\/resalar-web_vertical-color.svg","contentUrl":"https:\/\/www.fundacionanse.org\/resalar\/wp-content\/uploads\/sites\/5\/2024\/02\/resalar-web_vertical-color.svg","width":168,"height":188,"caption":"RESALAR"},"image":{"@id":"https:\/\/www.fundacionanse.org\/resalar\/#\/schema\/logo\/image\/"},"sameAs":["https:\/\/www.facebook.com\/FundacionANSE","https:\/\/x.com\/fundacionanse","https:\/\/www.instagram.com\/fundacionanse\/"]},{"@type":"Person","@id":"https:\/\/www.fundacionanse.org\/resalar\/#\/schema\/person\/825d0b66cfeac78d8671653dd99a9823","name":"alicia","image":{"@type":"ImageObject","inLanguage":"es","@id":"https:\/\/www.fundacionanse.org\/resalar\/#\/schema\/person\/image\/","url":"https:\/\/secure.gravatar.com\/avatar\/8ea2aaa5672bd433d40f04b94a58fc94bcebbd601dd2a6a43a24e2e272228529?s=96&d=mm&r=g","contentUrl":"https:\/\/secure.gravatar.com\/avatar\/8ea2aaa5672bd433d40f04b94a58fc94bcebbd601dd2a6a43a24e2e272228529?s=96&d=mm&r=g","caption":"alicia"},"url":"https:\/\/www.fundacionanse.org\/resalar\/author\/alicia\/"}]}},"_links":{"self":[{"href":"https:\/\/www.fundacionanse.org\/resalar\/wp-json\/wp\/v2\/posts\/1168","targetHints":{"allow":["GET"]}}],"collection":[{"href":"https:\/\/www.fundacionanse.org\/resalar\/wp-json\/wp\/v2\/posts"}],"about":[{"href":"https:\/\/www.fundacionanse.org\/resalar\/wp-json\/wp\/v2\/types\/post"}],"author":[{"embeddable":true,"href":"https:\/\/www.fundacionanse.org\/resalar\/wp-json\/wp\/v2\/users\/6"}],"replies":[{"embeddable":true,"href":"https:\/\/www.fundacionanse.org\/resalar\/wp-json\/wp\/v2\/comments?post=1168"}],"version-history":[{"count":0,"href":"https:\/\/www.fundacionanse.org\/resalar\/wp-json\/wp\/v2\/posts\/1168\/revisions"}],"wp:featuredmedia":[{"embeddable":true,"href":"https:\/\/www.fundacionanse.org\/resalar\/wp-json\/wp\/v2\/media\/1170"}],"wp:attachment":[{"href":"https:\/\/www.fundacionanse.org\/resalar\/wp-json\/wp\/v2\/media?parent=1168"}],"wp:term":[{"taxonomy":"category","embeddable":true,"href":"https:\/\/www.fundacionanse.org\/resalar\/wp-json\/wp\/v2\/categories?post=1168"},{"taxonomy":"post_tag","embeddable":true,"href":"https:\/\/www.fundacionanse.org\/resalar\/wp-json\/wp\/v2\/tags?post=1168"}],"curies":[{"name":"wp","href":"https:\/\/api.w.org\/{rel}","templated":true}]}}