{"id":126,"date":"2022-12-07T11:00:45","date_gmt":"2022-12-07T11:00:45","guid":{"rendered":"https:\/\/www.fundacionanse.org\/resalar\/?p=126"},"modified":"2025-11-17T09:59:32","modified_gmt":"2025-11-17T09:59:32","slug":"plantacion-de-flora-dunar-y-retirada-de-eei-en-caleta-del-estacio","status":"publish","type":"post","link":"https:\/\/www.fundacionanse.org\/resalar\/2022\/12\/07\/plantacion-de-flora-dunar-y-retirada-de-eei-en-caleta-del-estacio\/","title":{"rendered":"Plantaci\u00f3n de flora dunar y retirada de EEI en Caleta del Estacio"},"content":{"rendered":"\n<p><strong>El Proyecto Resalar sigue trabajando en la recuperaci\u00f3n de arenales litorales en el entorno del Mar Menor, esta vez a trav\u00e9s de la realizaci\u00f3n de una jornada de voluntariado en Caleta del Estacio junto al personal de Navantia.<\/strong><\/p>\n\n\n\n<p>El pasado s\u00e1bado 3 de diciembre se realiz\u00f3 una nueva actividad de voluntariado en Caleta del Estacio, dentro de las acciones de recuperaci\u00f3n de arenales que se est\u00e1n desarrollando en el Proyecto Resalar.<\/p>\n\n\n\n<p>En la actividad de voluntariado participaron m\u00e1s de 50 voluntarios de la empresa Navantia, que a lo largo de la ma\u00f1ana estuvieron retirando germinados de acacia (<em>Acacia cyclops<\/em>) y plantaron 500 plantones de especies de flora t\u00edpicas de arenales litorales.<\/p>\n\n\n\n<p>Durante la ma\u00f1ana tambi\u00e9n se eliminaron una gran cantidad de residuos, destacando una gran cantidad de manguera de riego, que fueron llevados posteriormente a punto limpio para su gesti\u00f3n<\/p>\n\n\n\n<p>El proyecto RESALAR tiene el objetivo de regenerar espacios del litoral del Mar Menor\u00a0 y su biodiversidad, fortalecer la resiliencia del litoral frente al cambio clim\u00e1tico y mejorar e incrementar los servicios ecosist\u00e9micos que proveen a la sociedad.<\/p>\n\n\n\n<p>Este proyecto, que coordina la Fundaci\u00f3n ANSE, y en el que participan la Asociaci\u00f3n de Naturalistas del Sureste, WWF-Espa\u00f1a y el Instituto Espa\u00f1ol de Oceanograf\u00eda, Centro Nacional de la Agencia Estatal Consejo Superior de Investigaciones Cient\u00edficas (IEO-CSIC), cuenta con el apoyo de la Fundaci\u00f3n Biodiversidad del Ministerio para la Transici\u00f3n Ecol\u00f3gica y el Reto Demogr\u00e1fico (MITECO) en el marco del Plan de Recuperaci\u00f3n, Transformaci\u00f3n y Resiliencia (PRTR), financiado por la Uni\u00f3n Europea \u2013 NextGenerationEU y se encuentra vinculado al Marco de Actuaciones Prioritarias para la recuperaci\u00f3n del Mar Menor del Ministerio para la Transici\u00f3n Ecol\u00f3gica y el Reto Demogr\u00e1fico.<\/p>\n","protected":false},"excerpt":{"rendered":"<p>El Proyecto Resalar sigue trabajando en la recuperaci\u00f3n de arenales litorales en el entorno del Mar Menor, esta vez a trav\u00e9s de la realizaci\u00f3n de una jornada de voluntariado en Caleta del Estacio junto al personal de Navantia. El pasado s\u00e1bado 3 de diciembre se realiz\u00f3 una nueva actividad de voluntariado en Caleta del Estacio, &#8230; <a title=\"Plantaci\u00f3n de flora dunar y retirada de EEI en Caleta del Estacio\" class=\"read-more\" href=\"https:\/\/www.fundacionanse.org\/resalar\/2022\/12\/07\/plantacion-de-flora-dunar-y-retirada-de-eei-en-caleta-del-estacio\/\" aria-label=\"Leer m\u00e1s sobre Plantaci\u00f3n de flora dunar y retirada de EEI en Caleta del Estacio\">Leer m\u00e1s<\/a><\/p>\n","protected":false},"author":2,"featured_media":821,"comment_status":"open","ping_status":"open","sticky":false,"template":"","format":"standard","meta":{"inline_featured_image":false,"footnotes":""},"categories":[1],"tags":[],"class_list":["post-126","post","type-post","status-publish","format-standard","has-post-thumbnail","hentry","category-actualidad","generate-columns","tablet-grid-50","mobile-grid-100","grid-parent","grid-33","resize-featured-image"],"yoast_head":"<!-- This site is optimized with the Yoast SEO plugin v26.9 - https:\/\/yoast.com\/product\/yoast-seo-wordpress\/ -->\n<title>Plantaci\u00f3n de flora dunar y retirada de EEI en Caleta del Estacio - RESALAR<\/title>\n<meta name=\"robots\" content=\"index, follow, max-snippet:-1, max-image-preview:large, max-video-preview:-1\" \/>\n<link rel=\"canonical\" href=\"https:\/\/www.fundacionanse.org\/resalar\/2022\/12\/07\/plantacion-de-flora-dunar-y-retirada-de-eei-en-caleta-del-estacio\/\" \/>\n<meta property=\"og:locale\" content=\"es_ES\" \/>\n<meta property=\"og:type\" content=\"article\" \/>\n<meta property=\"og:title\" content=\"Plantaci\u00f3n de flora dunar y retirada de EEI en Caleta del Estacio - RESALAR\" \/>\n<meta property=\"og:description\" content=\"El Proyecto Resalar sigue trabajando en la recuperaci\u00f3n de arenales litorales en el entorno del Mar Menor, esta vez a trav\u00e9s de la realizaci\u00f3n de una jornada de voluntariado en Caleta del Estacio junto al personal de Navantia. El pasado s\u00e1bado 3 de diciembre se realiz\u00f3 una nueva actividad de voluntariado en Caleta del Estacio, ... Leer m\u00e1s\" \/>\n<meta property=\"og:url\" content=\"https:\/\/www.fundacionanse.org\/resalar\/2022\/12\/07\/plantacion-de-flora-dunar-y-retirada-de-eei-en-caleta-del-estacio\/\" \/>\n<meta property=\"og:site_name\" content=\"RESALAR\" \/>\n<meta property=\"article:publisher\" content=\"https:\/\/www.facebook.com\/FundacionANSE\" \/>\n<meta property=\"article:published_time\" content=\"2022-12-07T11:00:45+00:00\" \/>\n<meta property=\"article:modified_time\" content=\"2025-11-17T09:59:32+00:00\" \/>\n<meta property=\"og:image\" content=\"https:\/\/www.fundacionanse.org\/resalar\/wp-content\/uploads\/sites\/5\/2022\/12\/voluntarios-navantia.jpg\" \/>\n\t<meta property=\"og:image:width\" content=\"1024\" \/>\n\t<meta property=\"og:image:height\" content=\"584\" \/>\n\t<meta property=\"og:image:type\" content=\"image\/jpeg\" \/>\n<meta name=\"author\" content=\"fundacion\" \/>\n<meta name=\"twitter:card\" content=\"summary_large_image\" \/>\n<meta name=\"twitter:creator\" content=\"@fundacionanse\" \/>\n<meta name=\"twitter:site\" content=\"@fundacionanse\" \/>\n<meta name=\"twitter:label1\" content=\"Escrito por\" \/>\n\t<meta name=\"twitter:data1\" content=\"fundacion\" \/>\n\t<meta name=\"twitter:label2\" content=\"Tiempo de lectura\" \/>\n\t<meta name=\"twitter:data2\" content=\"2 minutos\" \/>\n<script type=\"application\/ld+json\" class=\"yoast-schema-graph\">{\"@context\":\"https:\/\/schema.org\",\"@graph\":[{\"@type\":\"Article\",\"@id\":\"https:\/\/www.fundacionanse.org\/resalar\/2022\/12\/07\/plantacion-de-flora-dunar-y-retirada-de-eei-en-caleta-del-estacio\/#article\",\"isPartOf\":{\"@id\":\"https:\/\/www.fundacionanse.org\/resalar\/2022\/12\/07\/plantacion-de-flora-dunar-y-retirada-de-eei-en-caleta-del-estacio\/\"},\"author\":{\"name\":\"fundacion\",\"@id\":\"https:\/\/www.fundacionanse.org\/resalar\/#\/schema\/person\/5719c1a8aa1c54a3c7f0d42d26627275\"},\"headline\":\"Plantaci\u00f3n de flora dunar y retirada de EEI en Caleta del Estacio\",\"datePublished\":\"2022-12-07T11:00:45+00:00\",\"dateModified\":\"2025-11-17T09:59:32+00:00\",\"mainEntityOfPage\":{\"@id\":\"https:\/\/www.fundacionanse.org\/resalar\/2022\/12\/07\/plantacion-de-flora-dunar-y-retirada-de-eei-en-caleta-del-estacio\/\"},\"wordCount\":317,\"commentCount\":0,\"publisher\":{\"@id\":\"https:\/\/www.fundacionanse.org\/resalar\/#organization\"},\"image\":{\"@id\":\"https:\/\/www.fundacionanse.org\/resalar\/2022\/12\/07\/plantacion-de-flora-dunar-y-retirada-de-eei-en-caleta-del-estacio\/#primaryimage\"},\"thumbnailUrl\":\"https:\/\/www.fundacionanse.org\/resalar\/wp-content\/uploads\/sites\/5\/2022\/12\/voluntarios-navantia.jpg\",\"articleSection\":[\"Actualidad\"],\"inLanguage\":\"es\"},{\"@type\":\"WebPage\",\"@id\":\"https:\/\/www.fundacionanse.org\/resalar\/2022\/12\/07\/plantacion-de-flora-dunar-y-retirada-de-eei-en-caleta-del-estacio\/\",\"url\":\"https:\/\/www.fundacionanse.org\/resalar\/2022\/12\/07\/plantacion-de-flora-dunar-y-retirada-de-eei-en-caleta-del-estacio\/\",\"name\":\"Plantaci\u00f3n de flora dunar y retirada de EEI en Caleta del Estacio - RESALAR\",\"isPartOf\":{\"@id\":\"https:\/\/www.fundacionanse.org\/resalar\/#website\"},\"primaryImageOfPage\":{\"@id\":\"https:\/\/www.fundacionanse.org\/resalar\/2022\/12\/07\/plantacion-de-flora-dunar-y-retirada-de-eei-en-caleta-del-estacio\/#primaryimage\"},\"image\":{\"@id\":\"https:\/\/www.fundacionanse.org\/resalar\/2022\/12\/07\/plantacion-de-flora-dunar-y-retirada-de-eei-en-caleta-del-estacio\/#primaryimage\"},\"thumbnailUrl\":\"https:\/\/www.fundacionanse.org\/resalar\/wp-content\/uploads\/sites\/5\/2022\/12\/voluntarios-navantia.jpg\",\"datePublished\":\"2022-12-07T11:00:45+00:00\",\"dateModified\":\"2025-11-17T09:59:32+00:00\",\"breadcrumb\":{\"@id\":\"https:\/\/www.fundacionanse.org\/resalar\/2022\/12\/07\/plantacion-de-flora-dunar-y-retirada-de-eei-en-caleta-del-estacio\/#breadcrumb\"},\"inLanguage\":\"es\",\"potentialAction\":[{\"@type\":\"ReadAction\",\"target\":[\"https:\/\/www.fundacionanse.org\/resalar\/2022\/12\/07\/plantacion-de-flora-dunar-y-retirada-de-eei-en-caleta-del-estacio\/\"]}]},{\"@type\":\"ImageObject\",\"inLanguage\":\"es\",\"@id\":\"https:\/\/www.fundacionanse.org\/resalar\/2022\/12\/07\/plantacion-de-flora-dunar-y-retirada-de-eei-en-caleta-del-estacio\/#primaryimage\",\"url\":\"https:\/\/www.fundacionanse.org\/resalar\/wp-content\/uploads\/sites\/5\/2022\/12\/voluntarios-navantia.jpg\",\"contentUrl\":\"https:\/\/www.fundacionanse.org\/resalar\/wp-content\/uploads\/sites\/5\/2022\/12\/voluntarios-navantia.jpg\",\"width\":1024,\"height\":584,\"caption\":\"Voluntarios de Navantia en Caleta del Estacio\"},{\"@type\":\"BreadcrumbList\",\"@id\":\"https:\/\/www.fundacionanse.org\/resalar\/2022\/12\/07\/plantacion-de-flora-dunar-y-retirada-de-eei-en-caleta-del-estacio\/#breadcrumb\",\"itemListElement\":[{\"@type\":\"ListItem\",\"position\":1,\"name\":\"Portada\",\"item\":\"https:\/\/www.fundacionanse.org\/resalar\/\"},{\"@type\":\"ListItem\",\"position\":2,\"name\":\"Plantaci\u00f3n de flora dunar y retirada de EEI en Caleta del Estacio\"}]},{\"@type\":\"WebSite\",\"@id\":\"https:\/\/www.fundacionanse.org\/resalar\/#website\",\"url\":\"https:\/\/www.fundacionanse.org\/resalar\/\",\"name\":\"RESALAR\",\"description\":\"Regeneraci\u00f3n de salinas y arenales en el Mar Menor\",\"publisher\":{\"@id\":\"https:\/\/www.fundacionanse.org\/resalar\/#organization\"},\"potentialAction\":[{\"@type\":\"SearchAction\",\"target\":{\"@type\":\"EntryPoint\",\"urlTemplate\":\"https:\/\/www.fundacionanse.org\/resalar\/?s={search_term_string}\"},\"query-input\":{\"@type\":\"PropertyValueSpecification\",\"valueRequired\":true,\"valueName\":\"search_term_string\"}}],\"inLanguage\":\"es\"},{\"@type\":\"Organization\",\"@id\":\"https:\/\/www.fundacionanse.org\/resalar\/#organization\",\"name\":\"RESALAR\",\"url\":\"https:\/\/www.fundacionanse.org\/resalar\/\",\"logo\":{\"@type\":\"ImageObject\",\"inLanguage\":\"es\",\"@id\":\"https:\/\/www.fundacionanse.org\/resalar\/#\/schema\/logo\/image\/\",\"url\":\"https:\/\/www.fundacionanse.org\/resalar\/wp-content\/uploads\/sites\/5\/2024\/02\/resalar-web_vertical-color.svg\",\"contentUrl\":\"https:\/\/www.fundacionanse.org\/resalar\/wp-content\/uploads\/sites\/5\/2024\/02\/resalar-web_vertical-color.svg\",\"width\":168,\"height\":188,\"caption\":\"RESALAR\"},\"image\":{\"@id\":\"https:\/\/www.fundacionanse.org\/resalar\/#\/schema\/logo\/image\/\"},\"sameAs\":[\"https:\/\/www.facebook.com\/FundacionANSE\",\"https:\/\/x.com\/fundacionanse\",\"https:\/\/www.instagram.com\/fundacionanse\/\"]},{\"@type\":\"Person\",\"@id\":\"https:\/\/www.fundacionanse.org\/resalar\/#\/schema\/person\/5719c1a8aa1c54a3c7f0d42d26627275\",\"name\":\"fundacion\",\"image\":{\"@type\":\"ImageObject\",\"inLanguage\":\"es\",\"@id\":\"https:\/\/www.fundacionanse.org\/resalar\/#\/schema\/person\/image\/\",\"url\":\"https:\/\/secure.gravatar.com\/avatar\/dec98970ed84c8fce89dd2c37c22164e7b4320cbf181bd9cbd9e99b05768686f?s=96&d=mm&r=g\",\"contentUrl\":\"https:\/\/secure.gravatar.com\/avatar\/dec98970ed84c8fce89dd2c37c22164e7b4320cbf181bd9cbd9e99b05768686f?s=96&d=mm&r=g\",\"caption\":\"fundacion\"},\"url\":\"https:\/\/www.fundacionanse.org\/resalar\/author\/fundacion\/\"}]}<\/script>\n<!-- \/ Yoast SEO plugin. -->","yoast_head_json":{"title":"Plantaci\u00f3n de flora dunar y retirada de EEI en Caleta del Estacio - RESALAR","robots":{"index":"index","follow":"follow","max-snippet":"max-snippet:-1","max-image-preview":"max-image-preview:large","max-video-preview":"max-video-preview:-1"},"canonical":"https:\/\/www.fundacionanse.org\/resalar\/2022\/12\/07\/plantacion-de-flora-dunar-y-retirada-de-eei-en-caleta-del-estacio\/","og_locale":"es_ES","og_type":"article","og_title":"Plantaci\u00f3n de flora dunar y retirada de EEI en Caleta del Estacio - RESALAR","og_description":"El Proyecto Resalar sigue trabajando en la recuperaci\u00f3n de arenales litorales en el entorno del Mar Menor, esta vez a trav\u00e9s de la realizaci\u00f3n de una jornada de voluntariado en Caleta del Estacio junto al personal de Navantia. El pasado s\u00e1bado 3 de diciembre se realiz\u00f3 una nueva actividad de voluntariado en Caleta del Estacio, ... Leer m\u00e1s","og_url":"https:\/\/www.fundacionanse.org\/resalar\/2022\/12\/07\/plantacion-de-flora-dunar-y-retirada-de-eei-en-caleta-del-estacio\/","og_site_name":"RESALAR","article_publisher":"https:\/\/www.facebook.com\/FundacionANSE","article_published_time":"2022-12-07T11:00:45+00:00","article_modified_time":"2025-11-17T09:59:32+00:00","og_image":[{"width":1024,"height":584,"url":"https:\/\/www.fundacionanse.org\/resalar\/wp-content\/uploads\/sites\/5\/2022\/12\/voluntarios-navantia.jpg","type":"image\/jpeg"}],"author":"fundacion","twitter_card":"summary_large_image","twitter_creator":"@fundacionanse","twitter_site":"@fundacionanse","twitter_misc":{"Escrito por":"fundacion","Tiempo de lectura":"2 minutos"},"schema":{"@context":"https:\/\/schema.org","@graph":[{"@type":"Article","@id":"https:\/\/www.fundacionanse.org\/resalar\/2022\/12\/07\/plantacion-de-flora-dunar-y-retirada-de-eei-en-caleta-del-estacio\/#article","isPartOf":{"@id":"https:\/\/www.fundacionanse.org\/resalar\/2022\/12\/07\/plantacion-de-flora-dunar-y-retirada-de-eei-en-caleta-del-estacio\/"},"author":{"name":"fundacion","@id":"https:\/\/www.fundacionanse.org\/resalar\/#\/schema\/person\/5719c1a8aa1c54a3c7f0d42d26627275"},"headline":"Plantaci\u00f3n de flora dunar y retirada de EEI en Caleta del Estacio","datePublished":"2022-12-07T11:00:45+00:00","dateModified":"2025-11-17T09:59:32+00:00","mainEntityOfPage":{"@id":"https:\/\/www.fundacionanse.org\/resalar\/2022\/12\/07\/plantacion-de-flora-dunar-y-retirada-de-eei-en-caleta-del-estacio\/"},"wordCount":317,"commentCount":0,"publisher":{"@id":"https:\/\/www.fundacionanse.org\/resalar\/#organization"},"image":{"@id":"https:\/\/www.fundacionanse.org\/resalar\/2022\/12\/07\/plantacion-de-flora-dunar-y-retirada-de-eei-en-caleta-del-estacio\/#primaryimage"},"thumbnailUrl":"https:\/\/www.fundacionanse.org\/resalar\/wp-content\/uploads\/sites\/5\/2022\/12\/voluntarios-navantia.jpg","articleSection":["Actualidad"],"inLanguage":"es"},{"@type":"WebPage","@id":"https:\/\/www.fundacionanse.org\/resalar\/2022\/12\/07\/plantacion-de-flora-dunar-y-retirada-de-eei-en-caleta-del-estacio\/","url":"https:\/\/www.fundacionanse.org\/resalar\/2022\/12\/07\/plantacion-de-flora-dunar-y-retirada-de-eei-en-caleta-del-estacio\/","name":"Plantaci\u00f3n de flora dunar y retirada de EEI en Caleta del Estacio - RESALAR","isPartOf":{"@id":"https:\/\/www.fundacionanse.org\/resalar\/#website"},"primaryImageOfPage":{"@id":"https:\/\/www.fundacionanse.org\/resalar\/2022\/12\/07\/plantacion-de-flora-dunar-y-retirada-de-eei-en-caleta-del-estacio\/#primaryimage"},"image":{"@id":"https:\/\/www.fundacionanse.org\/resalar\/2022\/12\/07\/plantacion-de-flora-dunar-y-retirada-de-eei-en-caleta-del-estacio\/#primaryimage"},"thumbnailUrl":"https:\/\/www.fundacionanse.org\/resalar\/wp-content\/uploads\/sites\/5\/2022\/12\/voluntarios-navantia.jpg","datePublished":"2022-12-07T11:00:45+00:00","dateModified":"2025-11-17T09:59:32+00:00","breadcrumb":{"@id":"https:\/\/www.fundacionanse.org\/resalar\/2022\/12\/07\/plantacion-de-flora-dunar-y-retirada-de-eei-en-caleta-del-estacio\/#breadcrumb"},"inLanguage":"es","potentialAction":[{"@type":"ReadAction","target":["https:\/\/www.fundacionanse.org\/resalar\/2022\/12\/07\/plantacion-de-flora-dunar-y-retirada-de-eei-en-caleta-del-estacio\/"]}]},{"@type":"ImageObject","inLanguage":"es","@id":"https:\/\/www.fundacionanse.org\/resalar\/2022\/12\/07\/plantacion-de-flora-dunar-y-retirada-de-eei-en-caleta-del-estacio\/#primaryimage","url":"https:\/\/www.fundacionanse.org\/resalar\/wp-content\/uploads\/sites\/5\/2022\/12\/voluntarios-navantia.jpg","contentUrl":"https:\/\/www.fundacionanse.org\/resalar\/wp-content\/uploads\/sites\/5\/2022\/12\/voluntarios-navantia.jpg","width":1024,"height":584,"caption":"Voluntarios de Navantia en Caleta del Estacio"},{"@type":"BreadcrumbList","@id":"https:\/\/www.fundacionanse.org\/resalar\/2022\/12\/07\/plantacion-de-flora-dunar-y-retirada-de-eei-en-caleta-del-estacio\/#breadcrumb","itemListElement":[{"@type":"ListItem","position":1,"name":"Portada","item":"https:\/\/www.fundacionanse.org\/resalar\/"},{"@type":"ListItem","position":2,"name":"Plantaci\u00f3n de flora dunar y retirada de EEI en Caleta del Estacio"}]},{"@type":"WebSite","@id":"https:\/\/www.fundacionanse.org\/resalar\/#website","url":"https:\/\/www.fundacionanse.org\/resalar\/","name":"RESALAR","description":"Regeneraci\u00f3n de salinas y arenales en el Mar Menor","publisher":{"@id":"https:\/\/www.fundacionanse.org\/resalar\/#organization"},"potentialAction":[{"@type":"SearchAction","target":{"@type":"EntryPoint","urlTemplate":"https:\/\/www.fundacionanse.org\/resalar\/?s={search_term_string}"},"query-input":{"@type":"PropertyValueSpecification","valueRequired":true,"valueName":"search_term_string"}}],"inLanguage":"es"},{"@type":"Organization","@id":"https:\/\/www.fundacionanse.org\/resalar\/#organization","name":"RESALAR","url":"https:\/\/www.fundacionanse.org\/resalar\/","logo":{"@type":"ImageObject","inLanguage":"es","@id":"https:\/\/www.fundacionanse.org\/resalar\/#\/schema\/logo\/image\/","url":"https:\/\/www.fundacionanse.org\/resalar\/wp-content\/uploads\/sites\/5\/2024\/02\/resalar-web_vertical-color.svg","contentUrl":"https:\/\/www.fundacionanse.org\/resalar\/wp-content\/uploads\/sites\/5\/2024\/02\/resalar-web_vertical-color.svg","width":168,"height":188,"caption":"RESALAR"},"image":{"@id":"https:\/\/www.fundacionanse.org\/resalar\/#\/schema\/logo\/image\/"},"sameAs":["https:\/\/www.facebook.com\/FundacionANSE","https:\/\/x.com\/fundacionanse","https:\/\/www.instagram.com\/fundacionanse\/"]},{"@type":"Person","@id":"https:\/\/www.fundacionanse.org\/resalar\/#\/schema\/person\/5719c1a8aa1c54a3c7f0d42d26627275","name":"fundacion","image":{"@type":"ImageObject","inLanguage":"es","@id":"https:\/\/www.fundacionanse.org\/resalar\/#\/schema\/person\/image\/","url":"https:\/\/secure.gravatar.com\/avatar\/dec98970ed84c8fce89dd2c37c22164e7b4320cbf181bd9cbd9e99b05768686f?s=96&d=mm&r=g","contentUrl":"https:\/\/secure.gravatar.com\/avatar\/dec98970ed84c8fce89dd2c37c22164e7b4320cbf181bd9cbd9e99b05768686f?s=96&d=mm&r=g","caption":"fundacion"},"url":"https:\/\/www.fundacionanse.org\/resalar\/author\/fundacion\/"}]}},"_links":{"self":[{"href":"https:\/\/www.fundacionanse.org\/resalar\/wp-json\/wp\/v2\/posts\/126","targetHints":{"allow":["GET"]}}],"collection":[{"href":"https:\/\/www.fundacionanse.org\/resalar\/wp-json\/wp\/v2\/posts"}],"about":[{"href":"https:\/\/www.fundacionanse.org\/resalar\/wp-json\/wp\/v2\/types\/post"}],"author":[{"embeddable":true,"href":"https:\/\/www.fundacionanse.org\/resalar\/wp-json\/wp\/v2\/users\/2"}],"replies":[{"embeddable":true,"href":"https:\/\/www.fundacionanse.org\/resalar\/wp-json\/wp\/v2\/comments?post=126"}],"version-history":[{"count":0,"href":"https:\/\/www.fundacionanse.org\/resalar\/wp-json\/wp\/v2\/posts\/126\/revisions"}],"wp:featuredmedia":[{"embeddable":true,"href":"https:\/\/www.fundacionanse.org\/resalar\/wp-json\/wp\/v2\/media\/821"}],"wp:attachment":[{"href":"https:\/\/www.fundacionanse.org\/resalar\/wp-json\/wp\/v2\/media?parent=126"}],"wp:term":[{"taxonomy":"category","embeddable":true,"href":"https:\/\/www.fundacionanse.org\/resalar\/wp-json\/wp\/v2\/categories?post=126"},{"taxonomy":"post_tag","embeddable":true,"href":"https:\/\/www.fundacionanse.org\/resalar\/wp-json\/wp\/v2\/tags?post=126"}],"curies":[{"name":"wp","href":"https:\/\/api.w.org\/{rel}","templated":true}]}}