{"id":128,"date":"2022-12-05T16:46:00","date_gmt":"2022-12-05T16:46:00","guid":{"rendered":"https:\/\/www.fundacionanse.org\/resalar\/?p=128"},"modified":"2025-11-17T09:59:32","modified_gmt":"2025-11-17T09:59:32","slug":"presentacion-del-proyecto-resalar-en-las-salinas-de-marchamalo","status":"publish","type":"post","link":"https:\/\/www.fundacionanse.org\/resalar\/2022\/12\/05\/presentacion-del-proyecto-resalar-en-las-salinas-de-marchamalo\/","title":{"rendered":"Presentaci\u00f3n del proyecto RESALAR en las Salinas de Marchamalo"},"content":{"rendered":"\n<p>El pasado s\u00e1bado 26 de noviembre tuvo lugar en las Salinas de Marchamalo la presentaci\u00f3n de este proyecto en el que se pretenden restaurar 16 hect\u00e1reas de litoral del Mar Menor entre arenales y salinas. El acto fue organizado por la Fundaci\u00f3n ANSE y sus socios en el proyecto RESALAR: WWF Espa\u00f1a, IEO-CSIC y la propia Asociaci\u00f3n de Naturalistas del Sureste, en la nave salinera recientemente adquirida por la Fundaci\u00f3n ANSE que se encuentran en Marchamalo.<\/p>\n\n\n\n<p>A la presentaci\u00f3n asistieron medio centenar de personas entre los que se encontraban representantes de asociaciones vecinales de Cabo de Palos y La Manga, asociaciones de empresarios, asociaciones de  defensa de la naturaleza y salineros, entre otros, y que asistieron al acto en el que los socios del proyecto expusieron las acciones del proyecto, como es la regeneraci\u00f3n de los arenales de Monte Blanco y la Caleta del Estacio, la restauraci\u00f3n de la actividad salinera en 8 hect\u00e1reas de las salinas de Marchamalo o, el cultivo experimental de ostra para evaluar su capacidad como biofiltrador de nitratos en el Mar Menor. Tambi\u00e9n pudimos conocer la experiencia de la Asociaci\u00f3n Calblanque en las salinas del Rasall.dd<\/p>\n\n\n\n<p>Paralelamente, se realiz\u00f3 una acci\u00f3n de limpieza en la Caleta del Estacio coordinada por WWF Espa\u00f1a, en la que 13 voluntarios participaron en la recogida de basuras en los arenales donde se pretende actuar, adem\u00e1s de retirar rebrotes de acacias, especie ex\u00f3tica invasora cuya retirada se esta llevando a cabo como primera medida para recuperar este espacio.<\/p>\n\n\n\n<figure class=\"wp-block-image size-large\"><img decoding=\"async\" src=\"https:\/\/www.asociacionanse.org\/wp-content\/uploads\/2022\/12\/WhatsApp-Image-2022-11-26-at-14.43.232-1024x768.jpeg\" alt=\"\" class=\"wp-image-42450\"\/><figcaption class=\"wp-element-caption\">Red de grandes dimensiones encontrada en la caleta del Estacio durante la actividad de limpieza y que fue desenterrada y llevada a punto limpio.<\/figcaption><\/figure>\n\n\n\n<p>Adem\u00e1s del proyecto RESALAR, el proyecto de restauraci\u00f3n de las Salinas de Marchamalo ha contado con la ayuda de varias entidades que han permitido dar los primeros pasos en la restauraci\u00f3n de estas salinas, entre las que se encuentra la Fundaci\u00f3n Estrella de Levante, la Fundaci\u00f3n NOMEN, la Uni\u00f3n Internacional para la Conservaci\u00f3n de la Naturaleza, CaixaBank, la Fundaci\u00f3n Primafr\u00edo y numerosas donaciones de particulares que han permitido realizar la adquisici\u00f3n de la concesi\u00f3n de las salinas, de parte de los terrenos y de muchas de las necesarias tramitaciones. Adem\u00e1s, La Fundaci\u00f3n Estrella de Levante invit\u00f3 a los asistentes a una bebida al finalizar el acto.<\/p>\n\n\n\n<p>El proyecto RESALAR tiene el objetivo de regenerar espacios del litoral del Mar Menor&nbsp; y su biodiversidad, fortalecer la resiliencia del litoral frente al cambio clim\u00e1tico y mejorar e incrementar los servicios ecosist\u00e9micos que proveen a la sociedad.<\/p>\n\n\n\n<p>Este proyecto, que coordina la Fundaci\u00f3n ANSE, y en el que participan la Asociaci\u00f3n de Naturalistas del Sureste, WWF-Espa\u00f1a y el Instituto Espa\u00f1ol de Oceanograf\u00eda, Centro Nacional de la Agencia Estatal Consejo Superior de Investigaciones Cient\u00edficas (IEO-CSIC), cuenta con el apoyo de la Fundaci\u00f3n Biodiversidad del Ministerio para la Transici\u00f3n Ecol\u00f3gica y el Reto Demogr\u00e1fico (MITECO) en el marco del Plan de Recuperaci\u00f3n, Transformaci\u00f3n y Resiliencia (PRTR), financiado por la Uni\u00f3n Europea \u2013 NextGenerationEU y se encuentra vinculado al Marco de Actuaciones Prioritarias para la recuperaci\u00f3n del Mar Menor del Ministerio para la Transici\u00f3n Ecol\u00f3gica y el Reto Demogr\u00e1fico.<\/p>\n\n\n\n<figure class=\"wp-block-image size-large\"><img decoding=\"async\" src=\"https:\/\/www.asociacionanse.org\/wp-content\/uploads\/2022\/12\/WhatsApp-Image-2022-12-05-at-15.48.54-1024x768.jpeg\" alt=\"\" class=\"wp-image-42452\"\/><figcaption class=\"wp-element-caption\">Marina Albentosa (IEO-CSIC) durante la presentaci\u00f3n del proyecto RESALAR.<\/figcaption><\/figure>\n","protected":false},"excerpt":{"rendered":"<p>El pasado s\u00e1bado 26 de noviembre tuvo lugar en las Salinas de Marchamalo la presentaci\u00f3n de este proyecto en el que se pretenden restaurar 16 hect\u00e1reas de litoral del Mar Menor entre arenales y salinas. El acto fue organizado por la Fundaci\u00f3n ANSE y sus socios en el proyecto RESALAR: WWF Espa\u00f1a, IEO-CSIC y la &#8230; <a title=\"Presentaci\u00f3n del proyecto RESALAR en las Salinas de Marchamalo\" class=\"read-more\" href=\"https:\/\/www.fundacionanse.org\/resalar\/2022\/12\/05\/presentacion-del-proyecto-resalar-en-las-salinas-de-marchamalo\/\" aria-label=\"Leer m\u00e1s sobre Presentaci\u00f3n del proyecto RESALAR en las Salinas de Marchamalo\">Leer m\u00e1s<\/a><\/p>\n","protected":false},"author":2,"featured_media":0,"comment_status":"open","ping_status":"open","sticky":false,"template":"","format":"standard","meta":{"inline_featured_image":false,"footnotes":""},"categories":[1],"tags":[],"class_list":["post-128","post","type-post","status-publish","format-standard","hentry","category-actualidad","generate-columns","tablet-grid-50","mobile-grid-100","grid-parent","grid-33"],"yoast_head":"<!-- This site is optimized with the Yoast SEO plugin v26.9 - https:\/\/yoast.com\/product\/yoast-seo-wordpress\/ -->\n<title>Presentaci\u00f3n del proyecto RESALAR en las Salinas de Marchamalo - RESALAR<\/title>\n<meta name=\"robots\" content=\"index, follow, max-snippet:-1, max-image-preview:large, max-video-preview:-1\" \/>\n<link rel=\"canonical\" href=\"https:\/\/www.fundacionanse.org\/resalar\/2022\/12\/05\/presentacion-del-proyecto-resalar-en-las-salinas-de-marchamalo\/\" \/>\n<meta property=\"og:locale\" content=\"es_ES\" \/>\n<meta property=\"og:type\" content=\"article\" \/>\n<meta property=\"og:title\" content=\"Presentaci\u00f3n del proyecto RESALAR en las Salinas de Marchamalo - RESALAR\" \/>\n<meta property=\"og:description\" content=\"El pasado s\u00e1bado 26 de noviembre tuvo lugar en las Salinas de Marchamalo la presentaci\u00f3n de este proyecto en el que se pretenden restaurar 16 hect\u00e1reas de litoral del Mar Menor entre arenales y salinas. El acto fue organizado por la Fundaci\u00f3n ANSE y sus socios en el proyecto RESALAR: WWF Espa\u00f1a, IEO-CSIC y la ... Leer m\u00e1s\" \/>\n<meta property=\"og:url\" content=\"https:\/\/www.fundacionanse.org\/resalar\/2022\/12\/05\/presentacion-del-proyecto-resalar-en-las-salinas-de-marchamalo\/\" \/>\n<meta property=\"og:site_name\" content=\"RESALAR\" \/>\n<meta property=\"article:publisher\" content=\"https:\/\/www.facebook.com\/FundacionANSE\" \/>\n<meta property=\"article:published_time\" content=\"2022-12-05T16:46:00+00:00\" \/>\n<meta property=\"article:modified_time\" content=\"2025-11-17T09:59:32+00:00\" \/>\n<meta property=\"og:image\" content=\"https:\/\/www.fundacionanse.org\/resalar\/wp-content\/uploads\/sites\/5\/2024\/02\/Naves-Marchamalo-restauradas.jpg\" \/>\n\t<meta property=\"og:image:width\" content=\"1500\" \/>\n\t<meta property=\"og:image:height\" content=\"911\" \/>\n\t<meta property=\"og:image:type\" content=\"image\/jpeg\" \/>\n<meta name=\"author\" content=\"fundacion\" \/>\n<meta name=\"twitter:card\" content=\"summary_large_image\" \/>\n<meta name=\"twitter:creator\" content=\"@fundacionanse\" \/>\n<meta name=\"twitter:site\" content=\"@fundacionanse\" \/>\n<meta name=\"twitter:label1\" content=\"Escrito por\" \/>\n\t<meta name=\"twitter:data1\" content=\"fundacion\" \/>\n\t<meta name=\"twitter:label2\" content=\"Tiempo de lectura\" \/>\n\t<meta name=\"twitter:data2\" content=\"3 minutos\" \/>\n<script type=\"application\/ld+json\" class=\"yoast-schema-graph\">{\"@context\":\"https:\/\/schema.org\",\"@graph\":[{\"@type\":\"Article\",\"@id\":\"https:\/\/www.fundacionanse.org\/resalar\/2022\/12\/05\/presentacion-del-proyecto-resalar-en-las-salinas-de-marchamalo\/#article\",\"isPartOf\":{\"@id\":\"https:\/\/www.fundacionanse.org\/resalar\/2022\/12\/05\/presentacion-del-proyecto-resalar-en-las-salinas-de-marchamalo\/\"},\"author\":{\"name\":\"fundacion\",\"@id\":\"https:\/\/www.fundacionanse.org\/resalar\/#\/schema\/person\/5719c1a8aa1c54a3c7f0d42d26627275\"},\"headline\":\"Presentaci\u00f3n del proyecto RESALAR en las Salinas de Marchamalo\",\"datePublished\":\"2022-12-05T16:46:00+00:00\",\"dateModified\":\"2025-11-17T09:59:32+00:00\",\"mainEntityOfPage\":{\"@id\":\"https:\/\/www.fundacionanse.org\/resalar\/2022\/12\/05\/presentacion-del-proyecto-resalar-en-las-salinas-de-marchamalo\/\"},\"wordCount\":581,\"commentCount\":0,\"publisher\":{\"@id\":\"https:\/\/www.fundacionanse.org\/resalar\/#organization\"},\"image\":{\"@id\":\"https:\/\/www.fundacionanse.org\/resalar\/2022\/12\/05\/presentacion-del-proyecto-resalar-en-las-salinas-de-marchamalo\/#primaryimage\"},\"thumbnailUrl\":\"https:\/\/www.asociacionanse.org\/wp-content\/uploads\/2022\/12\/WhatsApp-Image-2022-11-26-at-14.43.232-1024x768.jpeg\",\"articleSection\":[\"Actualidad\"],\"inLanguage\":\"es\"},{\"@type\":\"WebPage\",\"@id\":\"https:\/\/www.fundacionanse.org\/resalar\/2022\/12\/05\/presentacion-del-proyecto-resalar-en-las-salinas-de-marchamalo\/\",\"url\":\"https:\/\/www.fundacionanse.org\/resalar\/2022\/12\/05\/presentacion-del-proyecto-resalar-en-las-salinas-de-marchamalo\/\",\"name\":\"Presentaci\u00f3n del proyecto RESALAR en las Salinas de Marchamalo - RESALAR\",\"isPartOf\":{\"@id\":\"https:\/\/www.fundacionanse.org\/resalar\/#website\"},\"primaryImageOfPage\":{\"@id\":\"https:\/\/www.fundacionanse.org\/resalar\/2022\/12\/05\/presentacion-del-proyecto-resalar-en-las-salinas-de-marchamalo\/#primaryimage\"},\"image\":{\"@id\":\"https:\/\/www.fundacionanse.org\/resalar\/2022\/12\/05\/presentacion-del-proyecto-resalar-en-las-salinas-de-marchamalo\/#primaryimage\"},\"thumbnailUrl\":\"https:\/\/www.asociacionanse.org\/wp-content\/uploads\/2022\/12\/WhatsApp-Image-2022-11-26-at-14.43.232-1024x768.jpeg\",\"datePublished\":\"2022-12-05T16:46:00+00:00\",\"dateModified\":\"2025-11-17T09:59:32+00:00\",\"breadcrumb\":{\"@id\":\"https:\/\/www.fundacionanse.org\/resalar\/2022\/12\/05\/presentacion-del-proyecto-resalar-en-las-salinas-de-marchamalo\/#breadcrumb\"},\"inLanguage\":\"es\",\"potentialAction\":[{\"@type\":\"ReadAction\",\"target\":[\"https:\/\/www.fundacionanse.org\/resalar\/2022\/12\/05\/presentacion-del-proyecto-resalar-en-las-salinas-de-marchamalo\/\"]}]},{\"@type\":\"ImageObject\",\"inLanguage\":\"es\",\"@id\":\"https:\/\/www.fundacionanse.org\/resalar\/2022\/12\/05\/presentacion-del-proyecto-resalar-en-las-salinas-de-marchamalo\/#primaryimage\",\"url\":\"https:\/\/www.asociacionanse.org\/wp-content\/uploads\/2022\/12\/WhatsApp-Image-2022-11-26-at-14.43.232-1024x768.jpeg\",\"contentUrl\":\"https:\/\/www.asociacionanse.org\/wp-content\/uploads\/2022\/12\/WhatsApp-Image-2022-11-26-at-14.43.232-1024x768.jpeg\"},{\"@type\":\"BreadcrumbList\",\"@id\":\"https:\/\/www.fundacionanse.org\/resalar\/2022\/12\/05\/presentacion-del-proyecto-resalar-en-las-salinas-de-marchamalo\/#breadcrumb\",\"itemListElement\":[{\"@type\":\"ListItem\",\"position\":1,\"name\":\"Portada\",\"item\":\"https:\/\/www.fundacionanse.org\/resalar\/\"},{\"@type\":\"ListItem\",\"position\":2,\"name\":\"Presentaci\u00f3n del proyecto RESALAR en las Salinas de Marchamalo\"}]},{\"@type\":\"WebSite\",\"@id\":\"https:\/\/www.fundacionanse.org\/resalar\/#website\",\"url\":\"https:\/\/www.fundacionanse.org\/resalar\/\",\"name\":\"RESALAR\",\"description\":\"Regeneraci\u00f3n de salinas y arenales en el Mar Menor\",\"publisher\":{\"@id\":\"https:\/\/www.fundacionanse.org\/resalar\/#organization\"},\"potentialAction\":[{\"@type\":\"SearchAction\",\"target\":{\"@type\":\"EntryPoint\",\"urlTemplate\":\"https:\/\/www.fundacionanse.org\/resalar\/?s={search_term_string}\"},\"query-input\":{\"@type\":\"PropertyValueSpecification\",\"valueRequired\":true,\"valueName\":\"search_term_string\"}}],\"inLanguage\":\"es\"},{\"@type\":\"Organization\",\"@id\":\"https:\/\/www.fundacionanse.org\/resalar\/#organization\",\"name\":\"RESALAR\",\"url\":\"https:\/\/www.fundacionanse.org\/resalar\/\",\"logo\":{\"@type\":\"ImageObject\",\"inLanguage\":\"es\",\"@id\":\"https:\/\/www.fundacionanse.org\/resalar\/#\/schema\/logo\/image\/\",\"url\":\"https:\/\/www.fundacionanse.org\/resalar\/wp-content\/uploads\/sites\/5\/2024\/02\/resalar-web_vertical-color.svg\",\"contentUrl\":\"https:\/\/www.fundacionanse.org\/resalar\/wp-content\/uploads\/sites\/5\/2024\/02\/resalar-web_vertical-color.svg\",\"width\":168,\"height\":188,\"caption\":\"RESALAR\"},\"image\":{\"@id\":\"https:\/\/www.fundacionanse.org\/resalar\/#\/schema\/logo\/image\/\"},\"sameAs\":[\"https:\/\/www.facebook.com\/FundacionANSE\",\"https:\/\/x.com\/fundacionanse\",\"https:\/\/www.instagram.com\/fundacionanse\/\"]},{\"@type\":\"Person\",\"@id\":\"https:\/\/www.fundacionanse.org\/resalar\/#\/schema\/person\/5719c1a8aa1c54a3c7f0d42d26627275\",\"name\":\"fundacion\",\"image\":{\"@type\":\"ImageObject\",\"inLanguage\":\"es\",\"@id\":\"https:\/\/www.fundacionanse.org\/resalar\/#\/schema\/person\/image\/\",\"url\":\"https:\/\/secure.gravatar.com\/avatar\/dec98970ed84c8fce89dd2c37c22164e7b4320cbf181bd9cbd9e99b05768686f?s=96&d=mm&r=g\",\"contentUrl\":\"https:\/\/secure.gravatar.com\/avatar\/dec98970ed84c8fce89dd2c37c22164e7b4320cbf181bd9cbd9e99b05768686f?s=96&d=mm&r=g\",\"caption\":\"fundacion\"},\"url\":\"https:\/\/www.fundacionanse.org\/resalar\/author\/fundacion\/\"}]}<\/script>\n<!-- \/ Yoast SEO plugin. -->","yoast_head_json":{"title":"Presentaci\u00f3n del proyecto RESALAR en las Salinas de Marchamalo - RESALAR","robots":{"index":"index","follow":"follow","max-snippet":"max-snippet:-1","max-image-preview":"max-image-preview:large","max-video-preview":"max-video-preview:-1"},"canonical":"https:\/\/www.fundacionanse.org\/resalar\/2022\/12\/05\/presentacion-del-proyecto-resalar-en-las-salinas-de-marchamalo\/","og_locale":"es_ES","og_type":"article","og_title":"Presentaci\u00f3n del proyecto RESALAR en las Salinas de Marchamalo - RESALAR","og_description":"El pasado s\u00e1bado 26 de noviembre tuvo lugar en las Salinas de Marchamalo la presentaci\u00f3n de este proyecto en el que se pretenden restaurar 16 hect\u00e1reas de litoral del Mar Menor entre arenales y salinas. El acto fue organizado por la Fundaci\u00f3n ANSE y sus socios en el proyecto RESALAR: WWF Espa\u00f1a, IEO-CSIC y la ... Leer m\u00e1s","og_url":"https:\/\/www.fundacionanse.org\/resalar\/2022\/12\/05\/presentacion-del-proyecto-resalar-en-las-salinas-de-marchamalo\/","og_site_name":"RESALAR","article_publisher":"https:\/\/www.facebook.com\/FundacionANSE","article_published_time":"2022-12-05T16:46:00+00:00","article_modified_time":"2025-11-17T09:59:32+00:00","og_image":[{"width":1500,"height":911,"url":"https:\/\/www.fundacionanse.org\/resalar\/wp-content\/uploads\/sites\/5\/2024\/02\/Naves-Marchamalo-restauradas.jpg","type":"image\/jpeg"}],"author":"fundacion","twitter_card":"summary_large_image","twitter_creator":"@fundacionanse","twitter_site":"@fundacionanse","twitter_misc":{"Escrito por":"fundacion","Tiempo de lectura":"3 minutos"},"schema":{"@context":"https:\/\/schema.org","@graph":[{"@type":"Article","@id":"https:\/\/www.fundacionanse.org\/resalar\/2022\/12\/05\/presentacion-del-proyecto-resalar-en-las-salinas-de-marchamalo\/#article","isPartOf":{"@id":"https:\/\/www.fundacionanse.org\/resalar\/2022\/12\/05\/presentacion-del-proyecto-resalar-en-las-salinas-de-marchamalo\/"},"author":{"name":"fundacion","@id":"https:\/\/www.fundacionanse.org\/resalar\/#\/schema\/person\/5719c1a8aa1c54a3c7f0d42d26627275"},"headline":"Presentaci\u00f3n del proyecto RESALAR en las Salinas de Marchamalo","datePublished":"2022-12-05T16:46:00+00:00","dateModified":"2025-11-17T09:59:32+00:00","mainEntityOfPage":{"@id":"https:\/\/www.fundacionanse.org\/resalar\/2022\/12\/05\/presentacion-del-proyecto-resalar-en-las-salinas-de-marchamalo\/"},"wordCount":581,"commentCount":0,"publisher":{"@id":"https:\/\/www.fundacionanse.org\/resalar\/#organization"},"image":{"@id":"https:\/\/www.fundacionanse.org\/resalar\/2022\/12\/05\/presentacion-del-proyecto-resalar-en-las-salinas-de-marchamalo\/#primaryimage"},"thumbnailUrl":"https:\/\/www.asociacionanse.org\/wp-content\/uploads\/2022\/12\/WhatsApp-Image-2022-11-26-at-14.43.232-1024x768.jpeg","articleSection":["Actualidad"],"inLanguage":"es"},{"@type":"WebPage","@id":"https:\/\/www.fundacionanse.org\/resalar\/2022\/12\/05\/presentacion-del-proyecto-resalar-en-las-salinas-de-marchamalo\/","url":"https:\/\/www.fundacionanse.org\/resalar\/2022\/12\/05\/presentacion-del-proyecto-resalar-en-las-salinas-de-marchamalo\/","name":"Presentaci\u00f3n del proyecto RESALAR en las Salinas de Marchamalo - RESALAR","isPartOf":{"@id":"https:\/\/www.fundacionanse.org\/resalar\/#website"},"primaryImageOfPage":{"@id":"https:\/\/www.fundacionanse.org\/resalar\/2022\/12\/05\/presentacion-del-proyecto-resalar-en-las-salinas-de-marchamalo\/#primaryimage"},"image":{"@id":"https:\/\/www.fundacionanse.org\/resalar\/2022\/12\/05\/presentacion-del-proyecto-resalar-en-las-salinas-de-marchamalo\/#primaryimage"},"thumbnailUrl":"https:\/\/www.asociacionanse.org\/wp-content\/uploads\/2022\/12\/WhatsApp-Image-2022-11-26-at-14.43.232-1024x768.jpeg","datePublished":"2022-12-05T16:46:00+00:00","dateModified":"2025-11-17T09:59:32+00:00","breadcrumb":{"@id":"https:\/\/www.fundacionanse.org\/resalar\/2022\/12\/05\/presentacion-del-proyecto-resalar-en-las-salinas-de-marchamalo\/#breadcrumb"},"inLanguage":"es","potentialAction":[{"@type":"ReadAction","target":["https:\/\/www.fundacionanse.org\/resalar\/2022\/12\/05\/presentacion-del-proyecto-resalar-en-las-salinas-de-marchamalo\/"]}]},{"@type":"ImageObject","inLanguage":"es","@id":"https:\/\/www.fundacionanse.org\/resalar\/2022\/12\/05\/presentacion-del-proyecto-resalar-en-las-salinas-de-marchamalo\/#primaryimage","url":"https:\/\/www.asociacionanse.org\/wp-content\/uploads\/2022\/12\/WhatsApp-Image-2022-11-26-at-14.43.232-1024x768.jpeg","contentUrl":"https:\/\/www.asociacionanse.org\/wp-content\/uploads\/2022\/12\/WhatsApp-Image-2022-11-26-at-14.43.232-1024x768.jpeg"},{"@type":"BreadcrumbList","@id":"https:\/\/www.fundacionanse.org\/resalar\/2022\/12\/05\/presentacion-del-proyecto-resalar-en-las-salinas-de-marchamalo\/#breadcrumb","itemListElement":[{"@type":"ListItem","position":1,"name":"Portada","item":"https:\/\/www.fundacionanse.org\/resalar\/"},{"@type":"ListItem","position":2,"name":"Presentaci\u00f3n del proyecto RESALAR en las Salinas de Marchamalo"}]},{"@type":"WebSite","@id":"https:\/\/www.fundacionanse.org\/resalar\/#website","url":"https:\/\/www.fundacionanse.org\/resalar\/","name":"RESALAR","description":"Regeneraci\u00f3n de salinas y arenales en el Mar Menor","publisher":{"@id":"https:\/\/www.fundacionanse.org\/resalar\/#organization"},"potentialAction":[{"@type":"SearchAction","target":{"@type":"EntryPoint","urlTemplate":"https:\/\/www.fundacionanse.org\/resalar\/?s={search_term_string}"},"query-input":{"@type":"PropertyValueSpecification","valueRequired":true,"valueName":"search_term_string"}}],"inLanguage":"es"},{"@type":"Organization","@id":"https:\/\/www.fundacionanse.org\/resalar\/#organization","name":"RESALAR","url":"https:\/\/www.fundacionanse.org\/resalar\/","logo":{"@type":"ImageObject","inLanguage":"es","@id":"https:\/\/www.fundacionanse.org\/resalar\/#\/schema\/logo\/image\/","url":"https:\/\/www.fundacionanse.org\/resalar\/wp-content\/uploads\/sites\/5\/2024\/02\/resalar-web_vertical-color.svg","contentUrl":"https:\/\/www.fundacionanse.org\/resalar\/wp-content\/uploads\/sites\/5\/2024\/02\/resalar-web_vertical-color.svg","width":168,"height":188,"caption":"RESALAR"},"image":{"@id":"https:\/\/www.fundacionanse.org\/resalar\/#\/schema\/logo\/image\/"},"sameAs":["https:\/\/www.facebook.com\/FundacionANSE","https:\/\/x.com\/fundacionanse","https:\/\/www.instagram.com\/fundacionanse\/"]},{"@type":"Person","@id":"https:\/\/www.fundacionanse.org\/resalar\/#\/schema\/person\/5719c1a8aa1c54a3c7f0d42d26627275","name":"fundacion","image":{"@type":"ImageObject","inLanguage":"es","@id":"https:\/\/www.fundacionanse.org\/resalar\/#\/schema\/person\/image\/","url":"https:\/\/secure.gravatar.com\/avatar\/dec98970ed84c8fce89dd2c37c22164e7b4320cbf181bd9cbd9e99b05768686f?s=96&d=mm&r=g","contentUrl":"https:\/\/secure.gravatar.com\/avatar\/dec98970ed84c8fce89dd2c37c22164e7b4320cbf181bd9cbd9e99b05768686f?s=96&d=mm&r=g","caption":"fundacion"},"url":"https:\/\/www.fundacionanse.org\/resalar\/author\/fundacion\/"}]}},"_links":{"self":[{"href":"https:\/\/www.fundacionanse.org\/resalar\/wp-json\/wp\/v2\/posts\/128","targetHints":{"allow":["GET"]}}],"collection":[{"href":"https:\/\/www.fundacionanse.org\/resalar\/wp-json\/wp\/v2\/posts"}],"about":[{"href":"https:\/\/www.fundacionanse.org\/resalar\/wp-json\/wp\/v2\/types\/post"}],"author":[{"embeddable":true,"href":"https:\/\/www.fundacionanse.org\/resalar\/wp-json\/wp\/v2\/users\/2"}],"replies":[{"embeddable":true,"href":"https:\/\/www.fundacionanse.org\/resalar\/wp-json\/wp\/v2\/comments?post=128"}],"version-history":[{"count":0,"href":"https:\/\/www.fundacionanse.org\/resalar\/wp-json\/wp\/v2\/posts\/128\/revisions"}],"wp:attachment":[{"href":"https:\/\/www.fundacionanse.org\/resalar\/wp-json\/wp\/v2\/media?parent=128"}],"wp:term":[{"taxonomy":"category","embeddable":true,"href":"https:\/\/www.fundacionanse.org\/resalar\/wp-json\/wp\/v2\/categories?post=128"},{"taxonomy":"post_tag","embeddable":true,"href":"https:\/\/www.fundacionanse.org\/resalar\/wp-json\/wp\/v2\/tags?post=128"}],"curies":[{"name":"wp","href":"https:\/\/api.w.org\/{rel}","templated":true}]}}