{"id":170,"date":"2022-07-18T12:00:41","date_gmt":"2022-07-18T12:00:41","guid":{"rendered":"https:\/\/www.fundacionanse.org\/resalar\/?p=170"},"modified":"2025-11-17T09:59:33","modified_gmt":"2025-11-17T09:59:33","slug":"el-proyecto-resalar-permitira-recuperar-la-actividad-salinera-y-biodiversidad-de-marchamalo-en-el-mar-menor","status":"publish","type":"post","link":"https:\/\/www.fundacionanse.org\/resalar\/2022\/07\/18\/el-proyecto-resalar-permitira-recuperar-la-actividad-salinera-y-biodiversidad-de-marchamalo-en-el-mar-menor\/","title":{"rendered":"El proyecto Resalar permitir\u00e1 recuperar la actividad salinera y biodiversidad de Marchamalo en el Mar Menor"},"content":{"rendered":"\n<p><strong>La Fundaci\u00f3n ANSE acaba de adquirir un nuevo terreno de casi 4.000 m2 y dos viejas naves industriales de las antiguas salinas, con unos 500 m2 de superficie construida, que permitir\u00e1n contar con la infraestructura necesaria para la recuperaci\u00f3n de la actividad salinera en la zona oriental de las salinas. El proyecto est\u00e1 coordinado por la Fundaci\u00f3n ANSE, y cuenta con la participaci\u00f3n como socios de la misma asociaci\u00f3n, de WWF-Espa\u00f1a y del Instituto Espa\u00f1ol de Oceanograf\u00eda (IEO).<\/strong><\/p>\n\n\n\n<p>Mar Menor, 18 de Julio de 2022- La Fundaci\u00f3n Biodiversidad, del Ministerio para la Transici\u00f3n Ecol\u00f3gica y el Reto Demogr\u00e1fico, ha seleccionado recientemente el proyecto \u201cRegeneraci\u00f3n de salinas y arenales en el Mar Menor\u201d (Resalar) dentro de la convocatoria de subvenciones para apoyo a grandes proyectos transformadores de \u00edndole cient\u00edfico-t\u00e9cnica para la promoci\u00f3n de la bioeconom\u00eda y la contribuci\u00f3n a la transici\u00f3n ecol\u00f3gica, en el marco del Plan de Recuperaci\u00f3n, Transformaci\u00f3n y Resiliencia (PRTR) financiado con los fondos por la Uni\u00f3n Europea &#8211; NextGenerationEU. El proyecto, que cuenta con un presupuesto de algo m\u00e1s de 1.700.000 \u20ac se prolongar\u00e1 hasta finales de 2025, y generar\u00e1 varios puestos de trabajo.<\/p>\n\n\n\n<p>Este proyecto promueve la recuperaci\u00f3n de una parte de las salinas de Marchamalo (8 hect\u00e1reas de la zona oriental) para la producci\u00f3n de sal de forma artesanal, manteniendo y aumentando la biodiversidad, la restauraci\u00f3n de las naves adquiridas y la demolici\u00f3n de otras construcciones en ruinas, y la conservaci\u00f3n y recuperaci\u00f3n de la vegetaci\u00f3n natural y la biodiversidad en el Monte Blanco y en la Caleta del Estacio. En el primero se prev\u00e9 continuar con la restauraci\u00f3n iniciada hace algunos a\u00f1os, incorporando nuevos terrenos propiedad del Ayuntamiento de Cartagena, y en la Caleta del Estacio se ampliar\u00e1 a 5 hect\u00e1reas la recuperaci\u00f3n de la vegetaci\u00f3n de arenales as\u00ed como la eliminaci\u00f3n de flora ex\u00f3tica invasora en la zona de dominio p\u00fablico mar\u00edtimo terrestre.<\/p>\n\n\n\n<figure class=\"wp-block-gallery has-nested-images columns-default is-cropped wp-block-gallery-1 is-layout-flex wp-block-gallery-is-layout-flex\">\n<figure class=\"wp-block-image size-full\"><img decoding=\"async\" width=\"1024\" height=\"682\" data-id=\"172\" src=\"https:\/\/www.fundacionanse.org\/resalar\/wp-content\/uploads\/sites\/5\/2023\/06\/WhatsApp-Image-2022-07-18-at-10.36.00-AM-1-1024x682-1.jpeg\" alt=\"\" class=\"wp-image-172\" srcset=\"https:\/\/www.fundacionanse.org\/resalar\/wp-content\/uploads\/sites\/5\/2023\/06\/WhatsApp-Image-2022-07-18-at-10.36.00-AM-1-1024x682-1.jpeg 1024w, https:\/\/www.fundacionanse.org\/resalar\/wp-content\/uploads\/sites\/5\/2023\/06\/WhatsApp-Image-2022-07-18-at-10.36.00-AM-1-1024x682-1-300x200.jpeg 300w, https:\/\/www.fundacionanse.org\/resalar\/wp-content\/uploads\/sites\/5\/2023\/06\/WhatsApp-Image-2022-07-18-at-10.36.00-AM-1-1024x682-1-768x512.jpeg 768w\" sizes=\"(max-width: 1024px) 100vw, 1024px\" \/><figcaption class=\"wp-element-caption\">Terrenos y Naves de las Salinas de Marchamalo. Foto:P.G.M<\/figcaption><\/figure>\n<\/figure>\n\n\n\n<p>Por otra parte, el proyecto permitir\u00e1 continuar con la investigaci\u00f3n coordinada por el IEO para evaluar la posible contribuci\u00f3n de la ostra plana a la mejora de la calidad de las aguas del Mar Menor utilizadas para la obtenci\u00f3n de sal, y a las del conjunto de la laguna.<\/p>\n\n\n\n<p>Las naves industriales adquiridas por la Fundaci\u00f3n de ANSE para la Custodia del Territorio son las \u00fanicas de todas las instalaciones de las antiguas salinas que no se encuentran en ruinas, y conservan las cubiertas originales de teja. Adem\u00e1s de para el manejo de las salinas, las naves y los terrenos anexos ser\u00e1n destinados al desarrollo de actividades educativas y divulgativas as\u00ed como de apoyo a otros trabajos y proyectos relacionados con la conservaci\u00f3n y recuperaci\u00f3n del Mar Menor.<\/p>\n\n\n\n<p>Este proyecto, adem\u00e1s del apoyo de la Fundaci\u00f3n Biodiversidad, ha contado con la ayuda de donaciones particulares, as\u00ed como del premio Fundaci\u00f3n Nomen, una peque\u00f1a ayuda de la oficina de Cooperaci\u00f3n en el Mediterr\u00e1neo de la Uni\u00f3n Internacional para la Conservaci\u00f3n de la Naturaleza y un convenio con la Fundaci\u00f3n Estrella; algunos a\u00fan pendientes de recibir.<\/p>\n\n\n\n<p>La Demarcaci\u00f3n de Costas en Murcia est\u00e1 a la espera tan solo de la respuesta de la Direcci\u00f3n General del Medio Natural para trasladar al Ministerio la resoluci\u00f3n de la concesi\u00f3n definitiva a la Fundaci\u00f3n ANSE del dominio p\u00fablico de las salinas orientales. Otros departamentos de la Comunidad Aut\u00f3noma como Cultura y Minas, ya han informado favorablemente, al igual que el Ayuntamiento de Cartagena.<\/p>\n\n\n\n<p>Este proyecto, que coordina la Fundaci\u00f3n ANSE, y en el que participan la Asociaci\u00f3n de Naturalistas del Sureste, WWF-Espa\u00f1a y el Instituto Espa\u00f1ol de Oceanograf\u00eda, Centro Nacional de la Agencia Estatal Consejo Superior de Investigaciones Cient\u00edficas (IEO-CSIC), cuenta con el apoyo de la Fundaci\u00f3n Biodiversidad del Ministerio para la Transici\u00f3n Ecol\u00f3gica y el Reto Demogr\u00e1fico (MITECO) en el marco del Plan de Recuperaci\u00f3n, Transformaci\u00f3n y Resiliencia (PRTR), financiado por la Uni\u00f3n Europea \u2013 NextGenerationEU y se encuentra vinculado al Marco de Actuaciones Prioritarias para la recuperaci\u00f3n del Mar Menor del Ministerio para la Transici\u00f3n Ecol\u00f3gica y el Reto Demogr\u00e1fico.<\/p>\n","protected":false},"excerpt":{"rendered":"<p>La Fundaci\u00f3n ANSE acaba de adquirir un nuevo terreno de casi 4.000 m2 y dos viejas naves industriales de las antiguas salinas, con unos 500 m2 de superficie construida, que permitir\u00e1n contar con la infraestructura necesaria para la recuperaci\u00f3n de la actividad salinera en la zona oriental de las salinas. El proyecto est\u00e1 coordinado por &#8230; <a title=\"El proyecto Resalar permitir\u00e1 recuperar la actividad salinera y biodiversidad de Marchamalo en el Mar Menor\" class=\"read-more\" href=\"https:\/\/www.fundacionanse.org\/resalar\/2022\/07\/18\/el-proyecto-resalar-permitira-recuperar-la-actividad-salinera-y-biodiversidad-de-marchamalo-en-el-mar-menor\/\" aria-label=\"Leer m\u00e1s sobre El proyecto Resalar permitir\u00e1 recuperar la actividad salinera y biodiversidad de Marchamalo en el Mar Menor\">Leer m\u00e1s<\/a><\/p>\n","protected":false},"author":2,"featured_media":171,"comment_status":"open","ping_status":"open","sticky":false,"template":"","format":"standard","meta":{"inline_featured_image":false,"footnotes":""},"categories":[1],"tags":[],"class_list":["post-170","post","type-post","status-publish","format-standard","has-post-thumbnail","hentry","category-actualidad","generate-columns","tablet-grid-50","mobile-grid-100","grid-parent","grid-33","resize-featured-image"],"yoast_head":"<!-- This site is optimized with the Yoast SEO plugin v26.9 - https:\/\/yoast.com\/product\/yoast-seo-wordpress\/ -->\n<title>El proyecto Resalar permitir\u00e1 recuperar la actividad salinera y biodiversidad de Marchamalo en el Mar Menor - RESALAR<\/title>\n<meta name=\"robots\" content=\"index, follow, max-snippet:-1, max-image-preview:large, max-video-preview:-1\" \/>\n<link rel=\"canonical\" href=\"https:\/\/www.fundacionanse.org\/resalar\/2022\/07\/18\/el-proyecto-resalar-permitira-recuperar-la-actividad-salinera-y-biodiversidad-de-marchamalo-en-el-mar-menor\/\" \/>\n<meta property=\"og:locale\" content=\"es_ES\" \/>\n<meta property=\"og:type\" content=\"article\" \/>\n<meta property=\"og:title\" content=\"El proyecto Resalar permitir\u00e1 recuperar la actividad salinera y biodiversidad de Marchamalo en el Mar Menor - RESALAR\" \/>\n<meta property=\"og:description\" content=\"La Fundaci\u00f3n ANSE acaba de adquirir un nuevo terreno de casi 4.000 m2 y dos viejas naves industriales de las antiguas salinas, con unos 500 m2 de superficie construida, que permitir\u00e1n contar con la infraestructura necesaria para la recuperaci\u00f3n de la actividad salinera en la zona oriental de las salinas. El proyecto est\u00e1 coordinado por ... Leer m\u00e1s\" \/>\n<meta property=\"og:url\" content=\"https:\/\/www.fundacionanse.org\/resalar\/2022\/07\/18\/el-proyecto-resalar-permitira-recuperar-la-actividad-salinera-y-biodiversidad-de-marchamalo-en-el-mar-menor\/\" \/>\n<meta property=\"og:site_name\" content=\"RESALAR\" \/>\n<meta property=\"article:publisher\" content=\"https:\/\/www.facebook.com\/FundacionANSE\" \/>\n<meta property=\"article:published_time\" content=\"2022-07-18T12:00:41+00:00\" \/>\n<meta property=\"article:modified_time\" content=\"2025-11-17T09:59:33+00:00\" \/>\n<meta property=\"og:image\" content=\"https:\/\/www.fundacionanse.org\/resalar\/wp-content\/uploads\/sites\/5\/2023\/06\/WhatsApp-Image-2022-07-18-at-10.36.00-AM-1024x682-1.jpeg\" \/>\n\t<meta property=\"og:image:width\" content=\"1024\" \/>\n\t<meta property=\"og:image:height\" content=\"682\" \/>\n\t<meta property=\"og:image:type\" content=\"image\/jpeg\" \/>\n<meta name=\"author\" content=\"fundacion\" \/>\n<meta name=\"twitter:card\" content=\"summary_large_image\" \/>\n<meta name=\"twitter:creator\" content=\"@fundacionanse\" \/>\n<meta name=\"twitter:site\" content=\"@fundacionanse\" \/>\n<meta name=\"twitter:label1\" content=\"Escrito por\" \/>\n\t<meta name=\"twitter:data1\" content=\"fundacion\" \/>\n\t<meta name=\"twitter:label2\" content=\"Tiempo de lectura\" \/>\n\t<meta name=\"twitter:data2\" content=\"4 minutos\" \/>\n<script type=\"application\/ld+json\" class=\"yoast-schema-graph\">{\"@context\":\"https:\/\/schema.org\",\"@graph\":[{\"@type\":\"Article\",\"@id\":\"https:\/\/www.fundacionanse.org\/resalar\/2022\/07\/18\/el-proyecto-resalar-permitira-recuperar-la-actividad-salinera-y-biodiversidad-de-marchamalo-en-el-mar-menor\/#article\",\"isPartOf\":{\"@id\":\"https:\/\/www.fundacionanse.org\/resalar\/2022\/07\/18\/el-proyecto-resalar-permitira-recuperar-la-actividad-salinera-y-biodiversidad-de-marchamalo-en-el-mar-menor\/\"},\"author\":{\"name\":\"fundacion\",\"@id\":\"https:\/\/www.fundacionanse.org\/resalar\/#\/schema\/person\/5719c1a8aa1c54a3c7f0d42d26627275\"},\"headline\":\"El proyecto Resalar permitir\u00e1 recuperar la actividad salinera y biodiversidad de Marchamalo en el Mar Menor\",\"datePublished\":\"2022-07-18T12:00:41+00:00\",\"dateModified\":\"2025-11-17T09:59:33+00:00\",\"mainEntityOfPage\":{\"@id\":\"https:\/\/www.fundacionanse.org\/resalar\/2022\/07\/18\/el-proyecto-resalar-permitira-recuperar-la-actividad-salinera-y-biodiversidad-de-marchamalo-en-el-mar-menor\/\"},\"wordCount\":760,\"commentCount\":0,\"publisher\":{\"@id\":\"https:\/\/www.fundacionanse.org\/resalar\/#organization\"},\"image\":{\"@id\":\"https:\/\/www.fundacionanse.org\/resalar\/2022\/07\/18\/el-proyecto-resalar-permitira-recuperar-la-actividad-salinera-y-biodiversidad-de-marchamalo-en-el-mar-menor\/#primaryimage\"},\"thumbnailUrl\":\"https:\/\/www.fundacionanse.org\/resalar\/wp-content\/uploads\/sites\/5\/2023\/06\/WhatsApp-Image-2022-07-18-at-10.36.00-AM-1024x682-1.jpeg\",\"articleSection\":[\"Actualidad\"],\"inLanguage\":\"es\"},{\"@type\":\"WebPage\",\"@id\":\"https:\/\/www.fundacionanse.org\/resalar\/2022\/07\/18\/el-proyecto-resalar-permitira-recuperar-la-actividad-salinera-y-biodiversidad-de-marchamalo-en-el-mar-menor\/\",\"url\":\"https:\/\/www.fundacionanse.org\/resalar\/2022\/07\/18\/el-proyecto-resalar-permitira-recuperar-la-actividad-salinera-y-biodiversidad-de-marchamalo-en-el-mar-menor\/\",\"name\":\"El proyecto Resalar permitir\u00e1 recuperar la actividad salinera y biodiversidad de Marchamalo en el Mar Menor - RESALAR\",\"isPartOf\":{\"@id\":\"https:\/\/www.fundacionanse.org\/resalar\/#website\"},\"primaryImageOfPage\":{\"@id\":\"https:\/\/www.fundacionanse.org\/resalar\/2022\/07\/18\/el-proyecto-resalar-permitira-recuperar-la-actividad-salinera-y-biodiversidad-de-marchamalo-en-el-mar-menor\/#primaryimage\"},\"image\":{\"@id\":\"https:\/\/www.fundacionanse.org\/resalar\/2022\/07\/18\/el-proyecto-resalar-permitira-recuperar-la-actividad-salinera-y-biodiversidad-de-marchamalo-en-el-mar-menor\/#primaryimage\"},\"thumbnailUrl\":\"https:\/\/www.fundacionanse.org\/resalar\/wp-content\/uploads\/sites\/5\/2023\/06\/WhatsApp-Image-2022-07-18-at-10.36.00-AM-1024x682-1.jpeg\",\"datePublished\":\"2022-07-18T12:00:41+00:00\",\"dateModified\":\"2025-11-17T09:59:33+00:00\",\"breadcrumb\":{\"@id\":\"https:\/\/www.fundacionanse.org\/resalar\/2022\/07\/18\/el-proyecto-resalar-permitira-recuperar-la-actividad-salinera-y-biodiversidad-de-marchamalo-en-el-mar-menor\/#breadcrumb\"},\"inLanguage\":\"es\",\"potentialAction\":[{\"@type\":\"ReadAction\",\"target\":[\"https:\/\/www.fundacionanse.org\/resalar\/2022\/07\/18\/el-proyecto-resalar-permitira-recuperar-la-actividad-salinera-y-biodiversidad-de-marchamalo-en-el-mar-menor\/\"]}]},{\"@type\":\"ImageObject\",\"inLanguage\":\"es\",\"@id\":\"https:\/\/www.fundacionanse.org\/resalar\/2022\/07\/18\/el-proyecto-resalar-permitira-recuperar-la-actividad-salinera-y-biodiversidad-de-marchamalo-en-el-mar-menor\/#primaryimage\",\"url\":\"https:\/\/www.fundacionanse.org\/resalar\/wp-content\/uploads\/sites\/5\/2023\/06\/WhatsApp-Image-2022-07-18-at-10.36.00-AM-1024x682-1.jpeg\",\"contentUrl\":\"https:\/\/www.fundacionanse.org\/resalar\/wp-content\/uploads\/sites\/5\/2023\/06\/WhatsApp-Image-2022-07-18-at-10.36.00-AM-1024x682-1.jpeg\",\"width\":1024,\"height\":682},{\"@type\":\"BreadcrumbList\",\"@id\":\"https:\/\/www.fundacionanse.org\/resalar\/2022\/07\/18\/el-proyecto-resalar-permitira-recuperar-la-actividad-salinera-y-biodiversidad-de-marchamalo-en-el-mar-menor\/#breadcrumb\",\"itemListElement\":[{\"@type\":\"ListItem\",\"position\":1,\"name\":\"Portada\",\"item\":\"https:\/\/www.fundacionanse.org\/resalar\/\"},{\"@type\":\"ListItem\",\"position\":2,\"name\":\"El proyecto Resalar permitir\u00e1 recuperar la actividad salinera y biodiversidad de Marchamalo en el Mar Menor\"}]},{\"@type\":\"WebSite\",\"@id\":\"https:\/\/www.fundacionanse.org\/resalar\/#website\",\"url\":\"https:\/\/www.fundacionanse.org\/resalar\/\",\"name\":\"RESALAR\",\"description\":\"Regeneraci\u00f3n de salinas y arenales en el Mar Menor\",\"publisher\":{\"@id\":\"https:\/\/www.fundacionanse.org\/resalar\/#organization\"},\"potentialAction\":[{\"@type\":\"SearchAction\",\"target\":{\"@type\":\"EntryPoint\",\"urlTemplate\":\"https:\/\/www.fundacionanse.org\/resalar\/?s={search_term_string}\"},\"query-input\":{\"@type\":\"PropertyValueSpecification\",\"valueRequired\":true,\"valueName\":\"search_term_string\"}}],\"inLanguage\":\"es\"},{\"@type\":\"Organization\",\"@id\":\"https:\/\/www.fundacionanse.org\/resalar\/#organization\",\"name\":\"RESALAR\",\"url\":\"https:\/\/www.fundacionanse.org\/resalar\/\",\"logo\":{\"@type\":\"ImageObject\",\"inLanguage\":\"es\",\"@id\":\"https:\/\/www.fundacionanse.org\/resalar\/#\/schema\/logo\/image\/\",\"url\":\"https:\/\/www.fundacionanse.org\/resalar\/wp-content\/uploads\/sites\/5\/2024\/02\/resalar-web_vertical-color.svg\",\"contentUrl\":\"https:\/\/www.fundacionanse.org\/resalar\/wp-content\/uploads\/sites\/5\/2024\/02\/resalar-web_vertical-color.svg\",\"width\":168,\"height\":188,\"caption\":\"RESALAR\"},\"image\":{\"@id\":\"https:\/\/www.fundacionanse.org\/resalar\/#\/schema\/logo\/image\/\"},\"sameAs\":[\"https:\/\/www.facebook.com\/FundacionANSE\",\"https:\/\/x.com\/fundacionanse\",\"https:\/\/www.instagram.com\/fundacionanse\/\"]},{\"@type\":\"Person\",\"@id\":\"https:\/\/www.fundacionanse.org\/resalar\/#\/schema\/person\/5719c1a8aa1c54a3c7f0d42d26627275\",\"name\":\"fundacion\",\"image\":{\"@type\":\"ImageObject\",\"inLanguage\":\"es\",\"@id\":\"https:\/\/www.fundacionanse.org\/resalar\/#\/schema\/person\/image\/\",\"url\":\"https:\/\/secure.gravatar.com\/avatar\/dec98970ed84c8fce89dd2c37c22164e7b4320cbf181bd9cbd9e99b05768686f?s=96&d=mm&r=g\",\"contentUrl\":\"https:\/\/secure.gravatar.com\/avatar\/dec98970ed84c8fce89dd2c37c22164e7b4320cbf181bd9cbd9e99b05768686f?s=96&d=mm&r=g\",\"caption\":\"fundacion\"},\"url\":\"https:\/\/www.fundacionanse.org\/resalar\/author\/fundacion\/\"}]}<\/script>\n<!-- \/ Yoast SEO plugin. -->","yoast_head_json":{"title":"El proyecto Resalar permitir\u00e1 recuperar la actividad salinera y biodiversidad de Marchamalo en el Mar Menor - RESALAR","robots":{"index":"index","follow":"follow","max-snippet":"max-snippet:-1","max-image-preview":"max-image-preview:large","max-video-preview":"max-video-preview:-1"},"canonical":"https:\/\/www.fundacionanse.org\/resalar\/2022\/07\/18\/el-proyecto-resalar-permitira-recuperar-la-actividad-salinera-y-biodiversidad-de-marchamalo-en-el-mar-menor\/","og_locale":"es_ES","og_type":"article","og_title":"El proyecto Resalar permitir\u00e1 recuperar la actividad salinera y biodiversidad de Marchamalo en el Mar Menor - RESALAR","og_description":"La Fundaci\u00f3n ANSE acaba de adquirir un nuevo terreno de casi 4.000 m2 y dos viejas naves industriales de las antiguas salinas, con unos 500 m2 de superficie construida, que permitir\u00e1n contar con la infraestructura necesaria para la recuperaci\u00f3n de la actividad salinera en la zona oriental de las salinas. El proyecto est\u00e1 coordinado por ... Leer m\u00e1s","og_url":"https:\/\/www.fundacionanse.org\/resalar\/2022\/07\/18\/el-proyecto-resalar-permitira-recuperar-la-actividad-salinera-y-biodiversidad-de-marchamalo-en-el-mar-menor\/","og_site_name":"RESALAR","article_publisher":"https:\/\/www.facebook.com\/FundacionANSE","article_published_time":"2022-07-18T12:00:41+00:00","article_modified_time":"2025-11-17T09:59:33+00:00","og_image":[{"width":1024,"height":682,"url":"https:\/\/www.fundacionanse.org\/resalar\/wp-content\/uploads\/sites\/5\/2023\/06\/WhatsApp-Image-2022-07-18-at-10.36.00-AM-1024x682-1.jpeg","type":"image\/jpeg"}],"author":"fundacion","twitter_card":"summary_large_image","twitter_creator":"@fundacionanse","twitter_site":"@fundacionanse","twitter_misc":{"Escrito por":"fundacion","Tiempo de lectura":"4 minutos"},"schema":{"@context":"https:\/\/schema.org","@graph":[{"@type":"Article","@id":"https:\/\/www.fundacionanse.org\/resalar\/2022\/07\/18\/el-proyecto-resalar-permitira-recuperar-la-actividad-salinera-y-biodiversidad-de-marchamalo-en-el-mar-menor\/#article","isPartOf":{"@id":"https:\/\/www.fundacionanse.org\/resalar\/2022\/07\/18\/el-proyecto-resalar-permitira-recuperar-la-actividad-salinera-y-biodiversidad-de-marchamalo-en-el-mar-menor\/"},"author":{"name":"fundacion","@id":"https:\/\/www.fundacionanse.org\/resalar\/#\/schema\/person\/5719c1a8aa1c54a3c7f0d42d26627275"},"headline":"El proyecto Resalar permitir\u00e1 recuperar la actividad salinera y biodiversidad de Marchamalo en el Mar Menor","datePublished":"2022-07-18T12:00:41+00:00","dateModified":"2025-11-17T09:59:33+00:00","mainEntityOfPage":{"@id":"https:\/\/www.fundacionanse.org\/resalar\/2022\/07\/18\/el-proyecto-resalar-permitira-recuperar-la-actividad-salinera-y-biodiversidad-de-marchamalo-en-el-mar-menor\/"},"wordCount":760,"commentCount":0,"publisher":{"@id":"https:\/\/www.fundacionanse.org\/resalar\/#organization"},"image":{"@id":"https:\/\/www.fundacionanse.org\/resalar\/2022\/07\/18\/el-proyecto-resalar-permitira-recuperar-la-actividad-salinera-y-biodiversidad-de-marchamalo-en-el-mar-menor\/#primaryimage"},"thumbnailUrl":"https:\/\/www.fundacionanse.org\/resalar\/wp-content\/uploads\/sites\/5\/2023\/06\/WhatsApp-Image-2022-07-18-at-10.36.00-AM-1024x682-1.jpeg","articleSection":["Actualidad"],"inLanguage":"es"},{"@type":"WebPage","@id":"https:\/\/www.fundacionanse.org\/resalar\/2022\/07\/18\/el-proyecto-resalar-permitira-recuperar-la-actividad-salinera-y-biodiversidad-de-marchamalo-en-el-mar-menor\/","url":"https:\/\/www.fundacionanse.org\/resalar\/2022\/07\/18\/el-proyecto-resalar-permitira-recuperar-la-actividad-salinera-y-biodiversidad-de-marchamalo-en-el-mar-menor\/","name":"El proyecto Resalar permitir\u00e1 recuperar la actividad salinera y biodiversidad de Marchamalo en el Mar Menor - RESALAR","isPartOf":{"@id":"https:\/\/www.fundacionanse.org\/resalar\/#website"},"primaryImageOfPage":{"@id":"https:\/\/www.fundacionanse.org\/resalar\/2022\/07\/18\/el-proyecto-resalar-permitira-recuperar-la-actividad-salinera-y-biodiversidad-de-marchamalo-en-el-mar-menor\/#primaryimage"},"image":{"@id":"https:\/\/www.fundacionanse.org\/resalar\/2022\/07\/18\/el-proyecto-resalar-permitira-recuperar-la-actividad-salinera-y-biodiversidad-de-marchamalo-en-el-mar-menor\/#primaryimage"},"thumbnailUrl":"https:\/\/www.fundacionanse.org\/resalar\/wp-content\/uploads\/sites\/5\/2023\/06\/WhatsApp-Image-2022-07-18-at-10.36.00-AM-1024x682-1.jpeg","datePublished":"2022-07-18T12:00:41+00:00","dateModified":"2025-11-17T09:59:33+00:00","breadcrumb":{"@id":"https:\/\/www.fundacionanse.org\/resalar\/2022\/07\/18\/el-proyecto-resalar-permitira-recuperar-la-actividad-salinera-y-biodiversidad-de-marchamalo-en-el-mar-menor\/#breadcrumb"},"inLanguage":"es","potentialAction":[{"@type":"ReadAction","target":["https:\/\/www.fundacionanse.org\/resalar\/2022\/07\/18\/el-proyecto-resalar-permitira-recuperar-la-actividad-salinera-y-biodiversidad-de-marchamalo-en-el-mar-menor\/"]}]},{"@type":"ImageObject","inLanguage":"es","@id":"https:\/\/www.fundacionanse.org\/resalar\/2022\/07\/18\/el-proyecto-resalar-permitira-recuperar-la-actividad-salinera-y-biodiversidad-de-marchamalo-en-el-mar-menor\/#primaryimage","url":"https:\/\/www.fundacionanse.org\/resalar\/wp-content\/uploads\/sites\/5\/2023\/06\/WhatsApp-Image-2022-07-18-at-10.36.00-AM-1024x682-1.jpeg","contentUrl":"https:\/\/www.fundacionanse.org\/resalar\/wp-content\/uploads\/sites\/5\/2023\/06\/WhatsApp-Image-2022-07-18-at-10.36.00-AM-1024x682-1.jpeg","width":1024,"height":682},{"@type":"BreadcrumbList","@id":"https:\/\/www.fundacionanse.org\/resalar\/2022\/07\/18\/el-proyecto-resalar-permitira-recuperar-la-actividad-salinera-y-biodiversidad-de-marchamalo-en-el-mar-menor\/#breadcrumb","itemListElement":[{"@type":"ListItem","position":1,"name":"Portada","item":"https:\/\/www.fundacionanse.org\/resalar\/"},{"@type":"ListItem","position":2,"name":"El proyecto Resalar permitir\u00e1 recuperar la actividad salinera y biodiversidad de Marchamalo en el Mar Menor"}]},{"@type":"WebSite","@id":"https:\/\/www.fundacionanse.org\/resalar\/#website","url":"https:\/\/www.fundacionanse.org\/resalar\/","name":"RESALAR","description":"Regeneraci\u00f3n de salinas y arenales en el Mar Menor","publisher":{"@id":"https:\/\/www.fundacionanse.org\/resalar\/#organization"},"potentialAction":[{"@type":"SearchAction","target":{"@type":"EntryPoint","urlTemplate":"https:\/\/www.fundacionanse.org\/resalar\/?s={search_term_string}"},"query-input":{"@type":"PropertyValueSpecification","valueRequired":true,"valueName":"search_term_string"}}],"inLanguage":"es"},{"@type":"Organization","@id":"https:\/\/www.fundacionanse.org\/resalar\/#organization","name":"RESALAR","url":"https:\/\/www.fundacionanse.org\/resalar\/","logo":{"@type":"ImageObject","inLanguage":"es","@id":"https:\/\/www.fundacionanse.org\/resalar\/#\/schema\/logo\/image\/","url":"https:\/\/www.fundacionanse.org\/resalar\/wp-content\/uploads\/sites\/5\/2024\/02\/resalar-web_vertical-color.svg","contentUrl":"https:\/\/www.fundacionanse.org\/resalar\/wp-content\/uploads\/sites\/5\/2024\/02\/resalar-web_vertical-color.svg","width":168,"height":188,"caption":"RESALAR"},"image":{"@id":"https:\/\/www.fundacionanse.org\/resalar\/#\/schema\/logo\/image\/"},"sameAs":["https:\/\/www.facebook.com\/FundacionANSE","https:\/\/x.com\/fundacionanse","https:\/\/www.instagram.com\/fundacionanse\/"]},{"@type":"Person","@id":"https:\/\/www.fundacionanse.org\/resalar\/#\/schema\/person\/5719c1a8aa1c54a3c7f0d42d26627275","name":"fundacion","image":{"@type":"ImageObject","inLanguage":"es","@id":"https:\/\/www.fundacionanse.org\/resalar\/#\/schema\/person\/image\/","url":"https:\/\/secure.gravatar.com\/avatar\/dec98970ed84c8fce89dd2c37c22164e7b4320cbf181bd9cbd9e99b05768686f?s=96&d=mm&r=g","contentUrl":"https:\/\/secure.gravatar.com\/avatar\/dec98970ed84c8fce89dd2c37c22164e7b4320cbf181bd9cbd9e99b05768686f?s=96&d=mm&r=g","caption":"fundacion"},"url":"https:\/\/www.fundacionanse.org\/resalar\/author\/fundacion\/"}]}},"_links":{"self":[{"href":"https:\/\/www.fundacionanse.org\/resalar\/wp-json\/wp\/v2\/posts\/170","targetHints":{"allow":["GET"]}}],"collection":[{"href":"https:\/\/www.fundacionanse.org\/resalar\/wp-json\/wp\/v2\/posts"}],"about":[{"href":"https:\/\/www.fundacionanse.org\/resalar\/wp-json\/wp\/v2\/types\/post"}],"author":[{"embeddable":true,"href":"https:\/\/www.fundacionanse.org\/resalar\/wp-json\/wp\/v2\/users\/2"}],"replies":[{"embeddable":true,"href":"https:\/\/www.fundacionanse.org\/resalar\/wp-json\/wp\/v2\/comments?post=170"}],"version-history":[{"count":0,"href":"https:\/\/www.fundacionanse.org\/resalar\/wp-json\/wp\/v2\/posts\/170\/revisions"}],"wp:featuredmedia":[{"embeddable":true,"href":"https:\/\/www.fundacionanse.org\/resalar\/wp-json\/wp\/v2\/media\/171"}],"wp:attachment":[{"href":"https:\/\/www.fundacionanse.org\/resalar\/wp-json\/wp\/v2\/media?parent=170"}],"wp:term":[{"taxonomy":"category","embeddable":true,"href":"https:\/\/www.fundacionanse.org\/resalar\/wp-json\/wp\/v2\/categories?post=170"},{"taxonomy":"post_tag","embeddable":true,"href":"https:\/\/www.fundacionanse.org\/resalar\/wp-json\/wp\/v2\/tags?post=170"}],"curies":[{"name":"wp","href":"https:\/\/api.w.org\/{rel}","templated":true}]}}