{"id":180,"date":"2022-12-23T12:36:00","date_gmt":"2022-12-23T12:36:00","guid":{"rendered":"https:\/\/www.fundacionanse.org\/resalar\/?p=180"},"modified":"2025-11-17T09:59:32","modified_gmt":"2025-11-17T09:59:32","slug":"taller-participativo-de-anse-en-el-proyecto-palabras-y-flores-del-ies-pedro-penalver","status":"publish","type":"post","link":"https:\/\/www.fundacionanse.org\/resalar\/2022\/12\/23\/taller-participativo-de-anse-en-el-proyecto-palabras-y-flores-del-ies-pedro-penalver\/","title":{"rendered":"Taller participativo de ANSE en el proyecto palabras y flores del IES Pedro Pe\u00f1alver"},"content":{"rendered":"\n<p><strong>El proyecto Resalar sigue participando en actividades de educaci\u00f3n ambiental, a trav\u00e9s de la participaci\u00f3n de ANSE de una jornada inmersiva en el proyecto palabras y flores del IES Pedro Pe\u00f1alver con la FPB Innova.<\/strong><\/p>\n\n\n\n<p>El pasado jueves 22 de diciembre se realiz\u00f3 una nueva actividad de educaci\u00f3n ambiental con la FPB Innova del IES Pedro Pe\u00f1alver dentro de las acciones que se est\u00e1n desarrollando en el Proyecto Resalar.<\/p>\n\n\n\n<p>En la actividad participaron 60 alumnos y 15 profesores del FPB Innova, que a lo largo de la ma\u00f1ana estuvieron desarrollando el proyecto Palabras y Flores, en el que se hizo la integraci\u00f3n de distintas asociaciones y colectivos para sensibilizar a los alumnos\/as sobre patrimonio, igualdad, inclusi\u00f3n, medio ambiente .<\/p>\n\n\n<div class=\"wp-block-image\">\n<figure class=\"aligncenter size-full\"><img decoding=\"async\" width=\"591\" height=\"443\" src=\"https:\/\/www.fundacionanse.org\/resalar\/wp-content\/uploads\/sites\/5\/2023\/06\/IMG_20221222_085446-1.jpg\" alt=\"\" class=\"wp-image-181\" srcset=\"https:\/\/www.fundacionanse.org\/resalar\/wp-content\/uploads\/sites\/5\/2023\/06\/IMG_20221222_085446-1.jpg 591w, https:\/\/www.fundacionanse.org\/resalar\/wp-content\/uploads\/sites\/5\/2023\/06\/IMG_20221222_085446-1-300x225.jpg 300w\" sizes=\"(max-width: 591px) 100vw, 591px\" \/><\/figure><\/div>\n\n\n<p>Durante la ma\u00f1ana se desarroll\u00f3&nbsp;un cuento interactivo con la participaci\u00f3n e integraci\u00f3n de una alumna con par\u00e1lisis cerebral, que fue incluyendo junto con su int\u00e9rprete&nbsp;los diferentes colectivos que pertenecen a distintos reinos de colores. En estos talleres cada colectivo desarroll\u00f3 la labor que llevan a cabo. Estos alumnos\/as participaron en la continuaci\u00f3n del cuento y distintos talleres de creaci\u00f3n florales, ya que este proyecto se desarrolla con Formaci\u00f3n Profesional B\u00e1sica de Agrojardiner\u00eda y Florister\u00eda. En estos talleres se desarrollaron distintos tipos de plantas incluyendo el color asignado para el colectivo y sensibilizando sobre \u00e9l. ANSE particip\u00f3 como medio&nbsp; ambiente siendo el color verde, sensibilizando con los espacios salinos de la zona y la importancia de c\u00f3mo&nbsp;determinar cu\u00e1ndo son saludables. Finalmente ANSE particip\u00f3 en el desarrollo de Kokedamas completando el color asignado y dando sensibilizaci\u00f3n sobre el medio ambiente.<\/p>\n\n\n\n<p>El proyecto RESALAR tiene el objetivo de regenerar espacios del litoral del Mar Menor&nbsp; y su biodiversidad para reducir el impacto de la agricultura intensiva, fortalecer la resiliencia del litoral frente al cambio clim\u00e1tico y mejorar e incrementar los servicios ecosist\u00e9micos que proveen a la sociedad.<\/p>\n\n\n\n<p>Este proyecto, que coordina la Fundaci\u00f3n ANSE, y en el que participan la Asociaci\u00f3n de Naturalistas del Sureste, WWF Espa\u00f1a y el Instituto Espa\u00f1ol de Oceanograf\u00eda, Centro Nacional de la Agencia Estatal Consejo Superior de Investigaciones Cient\u00edficas (IEO-CSIC), cuenta con el apoyo de la Fundaci\u00f3n Biodiversidad del Ministerio para la Transici\u00f3n Ecol\u00f3gica y el Reto Demogr\u00e1fico (MITECO) en el marco del Plan de Recuperaci\u00f3n, Transformaci\u00f3n y Resiliencia (PRTR), financiado por la Uni\u00f3n Europea \u2013 NextGenerationEU y se encuentra vinculado al Marco de Actuaciones Prioritarias para la recuperaci\u00f3n del Mar Menor del Ministerio para la Transici\u00f3n Ecol\u00f3gica y el Reto Demogr\u00e1fico.<\/p>\n","protected":false},"excerpt":{"rendered":"<p>El proyecto Resalar sigue participando en actividades de educaci\u00f3n ambiental, a trav\u00e9s de la participaci\u00f3n de ANSE de una jornada inmersiva en el proyecto palabras y flores del IES Pedro Pe\u00f1alver con la FPB Innova. El pasado jueves 22 de diciembre se realiz\u00f3 una nueva actividad de educaci\u00f3n ambiental con la FPB Innova del IES &#8230; <a title=\"Taller participativo de ANSE en el proyecto palabras y flores del IES Pedro Pe\u00f1alver\" class=\"read-more\" href=\"https:\/\/www.fundacionanse.org\/resalar\/2022\/12\/23\/taller-participativo-de-anse-en-el-proyecto-palabras-y-flores-del-ies-pedro-penalver\/\" aria-label=\"Leer m\u00e1s sobre Taller participativo de ANSE en el proyecto palabras y flores del IES Pedro Pe\u00f1alver\">Leer m\u00e1s<\/a><\/p>\n","protected":false},"author":2,"featured_media":0,"comment_status":"open","ping_status":"open","sticky":false,"template":"","format":"standard","meta":{"inline_featured_image":false,"footnotes":""},"categories":[1],"tags":[],"class_list":["post-180","post","type-post","status-publish","format-standard","hentry","category-actualidad","generate-columns","tablet-grid-50","mobile-grid-100","grid-parent","grid-33"],"yoast_head":"<!-- This site is optimized with the Yoast SEO plugin v26.9 - https:\/\/yoast.com\/product\/yoast-seo-wordpress\/ -->\n<title>Taller participativo de ANSE en el proyecto palabras y flores del IES Pedro Pe\u00f1alver - RESALAR<\/title>\n<meta name=\"robots\" content=\"index, follow, max-snippet:-1, max-image-preview:large, max-video-preview:-1\" \/>\n<link rel=\"canonical\" href=\"https:\/\/www.fundacionanse.org\/resalar\/2022\/12\/23\/taller-participativo-de-anse-en-el-proyecto-palabras-y-flores-del-ies-pedro-penalver\/\" \/>\n<meta property=\"og:locale\" content=\"es_ES\" \/>\n<meta property=\"og:type\" content=\"article\" \/>\n<meta property=\"og:title\" content=\"Taller participativo de ANSE en el proyecto palabras y flores del IES Pedro Pe\u00f1alver - RESALAR\" \/>\n<meta property=\"og:description\" content=\"El proyecto Resalar sigue participando en actividades de educaci\u00f3n ambiental, a trav\u00e9s de la participaci\u00f3n de ANSE de una jornada inmersiva en el proyecto palabras y flores del IES Pedro Pe\u00f1alver con la FPB Innova. El pasado jueves 22 de diciembre se realiz\u00f3 una nueva actividad de educaci\u00f3n ambiental con la FPB Innova del IES ... Leer m\u00e1s\" \/>\n<meta property=\"og:url\" content=\"https:\/\/www.fundacionanse.org\/resalar\/2022\/12\/23\/taller-participativo-de-anse-en-el-proyecto-palabras-y-flores-del-ies-pedro-penalver\/\" \/>\n<meta property=\"og:site_name\" content=\"RESALAR\" \/>\n<meta property=\"article:publisher\" content=\"https:\/\/www.facebook.com\/FundacionANSE\" \/>\n<meta property=\"article:published_time\" content=\"2022-12-23T12:36:00+00:00\" \/>\n<meta property=\"article:modified_time\" content=\"2025-11-17T09:59:32+00:00\" \/>\n<meta property=\"og:image\" content=\"https:\/\/www.fundacionanse.org\/resalar\/wp-content\/uploads\/sites\/5\/2023\/06\/IMG_20221222_085446-1.jpg\" \/>\n\t<meta property=\"og:image:width\" content=\"591\" \/>\n\t<meta property=\"og:image:height\" content=\"443\" \/>\n\t<meta property=\"og:image:type\" content=\"image\/jpeg\" \/>\n<meta name=\"author\" content=\"fundacion\" \/>\n<meta name=\"twitter:card\" content=\"summary_large_image\" \/>\n<meta name=\"twitter:creator\" content=\"@fundacionanse\" \/>\n<meta name=\"twitter:site\" content=\"@fundacionanse\" \/>\n<meta name=\"twitter:label1\" content=\"Escrito por\" \/>\n\t<meta name=\"twitter:data1\" content=\"fundacion\" \/>\n\t<meta name=\"twitter:label2\" content=\"Tiempo de lectura\" \/>\n\t<meta name=\"twitter:data2\" content=\"3 minutos\" \/>\n<script type=\"application\/ld+json\" class=\"yoast-schema-graph\">{\"@context\":\"https:\/\/schema.org\",\"@graph\":[{\"@type\":\"Article\",\"@id\":\"https:\/\/www.fundacionanse.org\/resalar\/2022\/12\/23\/taller-participativo-de-anse-en-el-proyecto-palabras-y-flores-del-ies-pedro-penalver\/#article\",\"isPartOf\":{\"@id\":\"https:\/\/www.fundacionanse.org\/resalar\/2022\/12\/23\/taller-participativo-de-anse-en-el-proyecto-palabras-y-flores-del-ies-pedro-penalver\/\"},\"author\":{\"name\":\"fundacion\",\"@id\":\"https:\/\/www.fundacionanse.org\/resalar\/#\/schema\/person\/5719c1a8aa1c54a3c7f0d42d26627275\"},\"headline\":\"Taller participativo de ANSE en el proyecto palabras y flores del IES Pedro Pe\u00f1alver\",\"datePublished\":\"2022-12-23T12:36:00+00:00\",\"dateModified\":\"2025-11-17T09:59:32+00:00\",\"mainEntityOfPage\":{\"@id\":\"https:\/\/www.fundacionanse.org\/resalar\/2022\/12\/23\/taller-participativo-de-anse-en-el-proyecto-palabras-y-flores-del-ies-pedro-penalver\/\"},\"wordCount\":466,\"commentCount\":0,\"publisher\":{\"@id\":\"https:\/\/www.fundacionanse.org\/resalar\/#organization\"},\"image\":{\"@id\":\"https:\/\/www.fundacionanse.org\/resalar\/2022\/12\/23\/taller-participativo-de-anse-en-el-proyecto-palabras-y-flores-del-ies-pedro-penalver\/#primaryimage\"},\"thumbnailUrl\":\"https:\/\/www.fundacionanse.org\/resalar\/wp-content\/uploads\/sites\/5\/2023\/06\/IMG_20221222_085446-1.jpg\",\"articleSection\":[\"Actualidad\"],\"inLanguage\":\"es\"},{\"@type\":\"WebPage\",\"@id\":\"https:\/\/www.fundacionanse.org\/resalar\/2022\/12\/23\/taller-participativo-de-anse-en-el-proyecto-palabras-y-flores-del-ies-pedro-penalver\/\",\"url\":\"https:\/\/www.fundacionanse.org\/resalar\/2022\/12\/23\/taller-participativo-de-anse-en-el-proyecto-palabras-y-flores-del-ies-pedro-penalver\/\",\"name\":\"Taller participativo de ANSE en el proyecto palabras y flores del IES Pedro Pe\u00f1alver - RESALAR\",\"isPartOf\":{\"@id\":\"https:\/\/www.fundacionanse.org\/resalar\/#website\"},\"primaryImageOfPage\":{\"@id\":\"https:\/\/www.fundacionanse.org\/resalar\/2022\/12\/23\/taller-participativo-de-anse-en-el-proyecto-palabras-y-flores-del-ies-pedro-penalver\/#primaryimage\"},\"image\":{\"@id\":\"https:\/\/www.fundacionanse.org\/resalar\/2022\/12\/23\/taller-participativo-de-anse-en-el-proyecto-palabras-y-flores-del-ies-pedro-penalver\/#primaryimage\"},\"thumbnailUrl\":\"https:\/\/www.fundacionanse.org\/resalar\/wp-content\/uploads\/sites\/5\/2023\/06\/IMG_20221222_085446-1.jpg\",\"datePublished\":\"2022-12-23T12:36:00+00:00\",\"dateModified\":\"2025-11-17T09:59:32+00:00\",\"breadcrumb\":{\"@id\":\"https:\/\/www.fundacionanse.org\/resalar\/2022\/12\/23\/taller-participativo-de-anse-en-el-proyecto-palabras-y-flores-del-ies-pedro-penalver\/#breadcrumb\"},\"inLanguage\":\"es\",\"potentialAction\":[{\"@type\":\"ReadAction\",\"target\":[\"https:\/\/www.fundacionanse.org\/resalar\/2022\/12\/23\/taller-participativo-de-anse-en-el-proyecto-palabras-y-flores-del-ies-pedro-penalver\/\"]}]},{\"@type\":\"ImageObject\",\"inLanguage\":\"es\",\"@id\":\"https:\/\/www.fundacionanse.org\/resalar\/2022\/12\/23\/taller-participativo-de-anse-en-el-proyecto-palabras-y-flores-del-ies-pedro-penalver\/#primaryimage\",\"url\":\"https:\/\/www.fundacionanse.org\/resalar\/wp-content\/uploads\/sites\/5\/2023\/06\/IMG_20221222_085446-1.jpg\",\"contentUrl\":\"https:\/\/www.fundacionanse.org\/resalar\/wp-content\/uploads\/sites\/5\/2023\/06\/IMG_20221222_085446-1.jpg\",\"width\":591,\"height\":443},{\"@type\":\"BreadcrumbList\",\"@id\":\"https:\/\/www.fundacionanse.org\/resalar\/2022\/12\/23\/taller-participativo-de-anse-en-el-proyecto-palabras-y-flores-del-ies-pedro-penalver\/#breadcrumb\",\"itemListElement\":[{\"@type\":\"ListItem\",\"position\":1,\"name\":\"Portada\",\"item\":\"https:\/\/www.fundacionanse.org\/resalar\/\"},{\"@type\":\"ListItem\",\"position\":2,\"name\":\"Taller participativo de ANSE en el proyecto palabras y flores del IES Pedro Pe\u00f1alver\"}]},{\"@type\":\"WebSite\",\"@id\":\"https:\/\/www.fundacionanse.org\/resalar\/#website\",\"url\":\"https:\/\/www.fundacionanse.org\/resalar\/\",\"name\":\"RESALAR\",\"description\":\"Regeneraci\u00f3n de salinas y arenales en el Mar Menor\",\"publisher\":{\"@id\":\"https:\/\/www.fundacionanse.org\/resalar\/#organization\"},\"potentialAction\":[{\"@type\":\"SearchAction\",\"target\":{\"@type\":\"EntryPoint\",\"urlTemplate\":\"https:\/\/www.fundacionanse.org\/resalar\/?s={search_term_string}\"},\"query-input\":{\"@type\":\"PropertyValueSpecification\",\"valueRequired\":true,\"valueName\":\"search_term_string\"}}],\"inLanguage\":\"es\"},{\"@type\":\"Organization\",\"@id\":\"https:\/\/www.fundacionanse.org\/resalar\/#organization\",\"name\":\"RESALAR\",\"url\":\"https:\/\/www.fundacionanse.org\/resalar\/\",\"logo\":{\"@type\":\"ImageObject\",\"inLanguage\":\"es\",\"@id\":\"https:\/\/www.fundacionanse.org\/resalar\/#\/schema\/logo\/image\/\",\"url\":\"https:\/\/www.fundacionanse.org\/resalar\/wp-content\/uploads\/sites\/5\/2024\/02\/resalar-web_vertical-color.svg\",\"contentUrl\":\"https:\/\/www.fundacionanse.org\/resalar\/wp-content\/uploads\/sites\/5\/2024\/02\/resalar-web_vertical-color.svg\",\"width\":168,\"height\":188,\"caption\":\"RESALAR\"},\"image\":{\"@id\":\"https:\/\/www.fundacionanse.org\/resalar\/#\/schema\/logo\/image\/\"},\"sameAs\":[\"https:\/\/www.facebook.com\/FundacionANSE\",\"https:\/\/x.com\/fundacionanse\",\"https:\/\/www.instagram.com\/fundacionanse\/\"]},{\"@type\":\"Person\",\"@id\":\"https:\/\/www.fundacionanse.org\/resalar\/#\/schema\/person\/5719c1a8aa1c54a3c7f0d42d26627275\",\"name\":\"fundacion\",\"image\":{\"@type\":\"ImageObject\",\"inLanguage\":\"es\",\"@id\":\"https:\/\/www.fundacionanse.org\/resalar\/#\/schema\/person\/image\/\",\"url\":\"https:\/\/secure.gravatar.com\/avatar\/dec98970ed84c8fce89dd2c37c22164e7b4320cbf181bd9cbd9e99b05768686f?s=96&d=mm&r=g\",\"contentUrl\":\"https:\/\/secure.gravatar.com\/avatar\/dec98970ed84c8fce89dd2c37c22164e7b4320cbf181bd9cbd9e99b05768686f?s=96&d=mm&r=g\",\"caption\":\"fundacion\"},\"url\":\"https:\/\/www.fundacionanse.org\/resalar\/author\/fundacion\/\"}]}<\/script>\n<!-- \/ Yoast SEO plugin. -->","yoast_head_json":{"title":"Taller participativo de ANSE en el proyecto palabras y flores del IES Pedro Pe\u00f1alver - RESALAR","robots":{"index":"index","follow":"follow","max-snippet":"max-snippet:-1","max-image-preview":"max-image-preview:large","max-video-preview":"max-video-preview:-1"},"canonical":"https:\/\/www.fundacionanse.org\/resalar\/2022\/12\/23\/taller-participativo-de-anse-en-el-proyecto-palabras-y-flores-del-ies-pedro-penalver\/","og_locale":"es_ES","og_type":"article","og_title":"Taller participativo de ANSE en el proyecto palabras y flores del IES Pedro Pe\u00f1alver - RESALAR","og_description":"El proyecto Resalar sigue participando en actividades de educaci\u00f3n ambiental, a trav\u00e9s de la participaci\u00f3n de ANSE de una jornada inmersiva en el proyecto palabras y flores del IES Pedro Pe\u00f1alver con la FPB Innova. El pasado jueves 22 de diciembre se realiz\u00f3 una nueva actividad de educaci\u00f3n ambiental con la FPB Innova del IES ... Leer m\u00e1s","og_url":"https:\/\/www.fundacionanse.org\/resalar\/2022\/12\/23\/taller-participativo-de-anse-en-el-proyecto-palabras-y-flores-del-ies-pedro-penalver\/","og_site_name":"RESALAR","article_publisher":"https:\/\/www.facebook.com\/FundacionANSE","article_published_time":"2022-12-23T12:36:00+00:00","article_modified_time":"2025-11-17T09:59:32+00:00","og_image":[{"width":591,"height":443,"url":"https:\/\/www.fundacionanse.org\/resalar\/wp-content\/uploads\/sites\/5\/2023\/06\/IMG_20221222_085446-1.jpg","type":"image\/jpeg"}],"author":"fundacion","twitter_card":"summary_large_image","twitter_creator":"@fundacionanse","twitter_site":"@fundacionanse","twitter_misc":{"Escrito por":"fundacion","Tiempo de lectura":"3 minutos"},"schema":{"@context":"https:\/\/schema.org","@graph":[{"@type":"Article","@id":"https:\/\/www.fundacionanse.org\/resalar\/2022\/12\/23\/taller-participativo-de-anse-en-el-proyecto-palabras-y-flores-del-ies-pedro-penalver\/#article","isPartOf":{"@id":"https:\/\/www.fundacionanse.org\/resalar\/2022\/12\/23\/taller-participativo-de-anse-en-el-proyecto-palabras-y-flores-del-ies-pedro-penalver\/"},"author":{"name":"fundacion","@id":"https:\/\/www.fundacionanse.org\/resalar\/#\/schema\/person\/5719c1a8aa1c54a3c7f0d42d26627275"},"headline":"Taller participativo de ANSE en el proyecto palabras y flores del IES Pedro Pe\u00f1alver","datePublished":"2022-12-23T12:36:00+00:00","dateModified":"2025-11-17T09:59:32+00:00","mainEntityOfPage":{"@id":"https:\/\/www.fundacionanse.org\/resalar\/2022\/12\/23\/taller-participativo-de-anse-en-el-proyecto-palabras-y-flores-del-ies-pedro-penalver\/"},"wordCount":466,"commentCount":0,"publisher":{"@id":"https:\/\/www.fundacionanse.org\/resalar\/#organization"},"image":{"@id":"https:\/\/www.fundacionanse.org\/resalar\/2022\/12\/23\/taller-participativo-de-anse-en-el-proyecto-palabras-y-flores-del-ies-pedro-penalver\/#primaryimage"},"thumbnailUrl":"https:\/\/www.fundacionanse.org\/resalar\/wp-content\/uploads\/sites\/5\/2023\/06\/IMG_20221222_085446-1.jpg","articleSection":["Actualidad"],"inLanguage":"es"},{"@type":"WebPage","@id":"https:\/\/www.fundacionanse.org\/resalar\/2022\/12\/23\/taller-participativo-de-anse-en-el-proyecto-palabras-y-flores-del-ies-pedro-penalver\/","url":"https:\/\/www.fundacionanse.org\/resalar\/2022\/12\/23\/taller-participativo-de-anse-en-el-proyecto-palabras-y-flores-del-ies-pedro-penalver\/","name":"Taller participativo de ANSE en el proyecto palabras y flores del IES Pedro Pe\u00f1alver - RESALAR","isPartOf":{"@id":"https:\/\/www.fundacionanse.org\/resalar\/#website"},"primaryImageOfPage":{"@id":"https:\/\/www.fundacionanse.org\/resalar\/2022\/12\/23\/taller-participativo-de-anse-en-el-proyecto-palabras-y-flores-del-ies-pedro-penalver\/#primaryimage"},"image":{"@id":"https:\/\/www.fundacionanse.org\/resalar\/2022\/12\/23\/taller-participativo-de-anse-en-el-proyecto-palabras-y-flores-del-ies-pedro-penalver\/#primaryimage"},"thumbnailUrl":"https:\/\/www.fundacionanse.org\/resalar\/wp-content\/uploads\/sites\/5\/2023\/06\/IMG_20221222_085446-1.jpg","datePublished":"2022-12-23T12:36:00+00:00","dateModified":"2025-11-17T09:59:32+00:00","breadcrumb":{"@id":"https:\/\/www.fundacionanse.org\/resalar\/2022\/12\/23\/taller-participativo-de-anse-en-el-proyecto-palabras-y-flores-del-ies-pedro-penalver\/#breadcrumb"},"inLanguage":"es","potentialAction":[{"@type":"ReadAction","target":["https:\/\/www.fundacionanse.org\/resalar\/2022\/12\/23\/taller-participativo-de-anse-en-el-proyecto-palabras-y-flores-del-ies-pedro-penalver\/"]}]},{"@type":"ImageObject","inLanguage":"es","@id":"https:\/\/www.fundacionanse.org\/resalar\/2022\/12\/23\/taller-participativo-de-anse-en-el-proyecto-palabras-y-flores-del-ies-pedro-penalver\/#primaryimage","url":"https:\/\/www.fundacionanse.org\/resalar\/wp-content\/uploads\/sites\/5\/2023\/06\/IMG_20221222_085446-1.jpg","contentUrl":"https:\/\/www.fundacionanse.org\/resalar\/wp-content\/uploads\/sites\/5\/2023\/06\/IMG_20221222_085446-1.jpg","width":591,"height":443},{"@type":"BreadcrumbList","@id":"https:\/\/www.fundacionanse.org\/resalar\/2022\/12\/23\/taller-participativo-de-anse-en-el-proyecto-palabras-y-flores-del-ies-pedro-penalver\/#breadcrumb","itemListElement":[{"@type":"ListItem","position":1,"name":"Portada","item":"https:\/\/www.fundacionanse.org\/resalar\/"},{"@type":"ListItem","position":2,"name":"Taller participativo de ANSE en el proyecto palabras y flores del IES Pedro Pe\u00f1alver"}]},{"@type":"WebSite","@id":"https:\/\/www.fundacionanse.org\/resalar\/#website","url":"https:\/\/www.fundacionanse.org\/resalar\/","name":"RESALAR","description":"Regeneraci\u00f3n de salinas y arenales en el Mar Menor","publisher":{"@id":"https:\/\/www.fundacionanse.org\/resalar\/#organization"},"potentialAction":[{"@type":"SearchAction","target":{"@type":"EntryPoint","urlTemplate":"https:\/\/www.fundacionanse.org\/resalar\/?s={search_term_string}"},"query-input":{"@type":"PropertyValueSpecification","valueRequired":true,"valueName":"search_term_string"}}],"inLanguage":"es"},{"@type":"Organization","@id":"https:\/\/www.fundacionanse.org\/resalar\/#organization","name":"RESALAR","url":"https:\/\/www.fundacionanse.org\/resalar\/","logo":{"@type":"ImageObject","inLanguage":"es","@id":"https:\/\/www.fundacionanse.org\/resalar\/#\/schema\/logo\/image\/","url":"https:\/\/www.fundacionanse.org\/resalar\/wp-content\/uploads\/sites\/5\/2024\/02\/resalar-web_vertical-color.svg","contentUrl":"https:\/\/www.fundacionanse.org\/resalar\/wp-content\/uploads\/sites\/5\/2024\/02\/resalar-web_vertical-color.svg","width":168,"height":188,"caption":"RESALAR"},"image":{"@id":"https:\/\/www.fundacionanse.org\/resalar\/#\/schema\/logo\/image\/"},"sameAs":["https:\/\/www.facebook.com\/FundacionANSE","https:\/\/x.com\/fundacionanse","https:\/\/www.instagram.com\/fundacionanse\/"]},{"@type":"Person","@id":"https:\/\/www.fundacionanse.org\/resalar\/#\/schema\/person\/5719c1a8aa1c54a3c7f0d42d26627275","name":"fundacion","image":{"@type":"ImageObject","inLanguage":"es","@id":"https:\/\/www.fundacionanse.org\/resalar\/#\/schema\/person\/image\/","url":"https:\/\/secure.gravatar.com\/avatar\/dec98970ed84c8fce89dd2c37c22164e7b4320cbf181bd9cbd9e99b05768686f?s=96&d=mm&r=g","contentUrl":"https:\/\/secure.gravatar.com\/avatar\/dec98970ed84c8fce89dd2c37c22164e7b4320cbf181bd9cbd9e99b05768686f?s=96&d=mm&r=g","caption":"fundacion"},"url":"https:\/\/www.fundacionanse.org\/resalar\/author\/fundacion\/"}]}},"_links":{"self":[{"href":"https:\/\/www.fundacionanse.org\/resalar\/wp-json\/wp\/v2\/posts\/180","targetHints":{"allow":["GET"]}}],"collection":[{"href":"https:\/\/www.fundacionanse.org\/resalar\/wp-json\/wp\/v2\/posts"}],"about":[{"href":"https:\/\/www.fundacionanse.org\/resalar\/wp-json\/wp\/v2\/types\/post"}],"author":[{"embeddable":true,"href":"https:\/\/www.fundacionanse.org\/resalar\/wp-json\/wp\/v2\/users\/2"}],"replies":[{"embeddable":true,"href":"https:\/\/www.fundacionanse.org\/resalar\/wp-json\/wp\/v2\/comments?post=180"}],"version-history":[{"count":0,"href":"https:\/\/www.fundacionanse.org\/resalar\/wp-json\/wp\/v2\/posts\/180\/revisions"}],"wp:attachment":[{"href":"https:\/\/www.fundacionanse.org\/resalar\/wp-json\/wp\/v2\/media?parent=180"}],"wp:term":[{"taxonomy":"category","embeddable":true,"href":"https:\/\/www.fundacionanse.org\/resalar\/wp-json\/wp\/v2\/categories?post=180"},{"taxonomy":"post_tag","embeddable":true,"href":"https:\/\/www.fundacionanse.org\/resalar\/wp-json\/wp\/v2\/tags?post=180"}],"curies":[{"name":"wp","href":"https:\/\/api.w.org\/{rel}","templated":true}]}}