{"id":190,"date":"2023-02-14T12:54:00","date_gmt":"2023-02-14T12:54:00","guid":{"rendered":"https:\/\/www.fundacionanse.org\/resalar\/?p=190"},"modified":"2025-11-17T09:59:32","modified_gmt":"2025-11-17T09:59:32","slug":"plantacion-y-retirada-de-especies-exoticas-invasoras-en-la-caleta-del-estacio","status":"publish","type":"post","link":"https:\/\/www.fundacionanse.org\/resalar\/2023\/02\/14\/plantacion-y-retirada-de-especies-exoticas-invasoras-en-la-caleta-del-estacio\/","title":{"rendered":"Plantaci\u00f3n y retirada de especies ex\u00f3ticas invasoras en la Caleta del Estacio"},"content":{"rendered":"\n<p><strong>El pr\u00f3ximo s\u00e1bado 18 de febrero realizaremos un voluntariado ambiental enmarcado dentro del Proyecto RESALAR. Se realizar\u00e1 una repoblaci\u00f3n con flora aut\u00f3ctona en Caleta del Estacio con la intenci\u00f3n de recuperar la cubierta vegetal de este emblem\u00e1tico espacio, y se eliminar\u00e1 la flora ex\u00f3tica invasora.<\/strong><\/p>\n\n\n\n<p>El pr\u00f3ximo s\u00e1bado 18 de febrero se realizar\u00e1 una repoblaci\u00f3n con flora aut\u00f3ctona en Caleta del Estacio, La Manga-San Javier la zona de mayor tama\u00f1o sin urbanizar que queda en toda La Manga con&nbsp;<strong>1,5 km de playas y unas 25 hect\u00e1reas de arenales<\/strong>. Durante la actividad se realizar\u00e1n dos acciones, por un lado se eliminar\u00e1n brotes de acacia (<em>Acacia ssp.<\/em>) liberando el espacio sobre el que despu\u00e9s se va a llevar a cabo la repoblaci\u00f3n con distintas especies aut\u00f3ctonas.<\/p>\n\n\n\n<p>Esta repoblaci\u00f3n busca recuperar la cubierta vegetal original de los arenales litorales, en este caso muy mermada debido a la proliferaci\u00f3n de especies ex\u00f3ticas invasoras como las acacias, que llegaron a cubrir casi toda la superficie del arenal, y hoy eliminadas en algunas zonas de este espacio, y por los movimientos de tierra y rellenos con restos mineros debido a las obras que se desarrollaron para la construcci\u00f3n de Puerto Mayor.<\/p>\n\n\n\n<div class=\"wp-block-group has-base-background-color has-background\"><div class=\"wp-block-group__inner-container is-layout-constrained wp-block-group-is-layout-constrained\">\n<h2 class=\"wp-block-heading\"><strong>Datos de la actividad<\/strong><\/h2>\n\n\n\n<p><strong>D\u00eda: <\/strong>18 de febrero de 2023.<\/p>\n\n\n\n<p><strong>Horario:<\/strong> de 10:00 h a 13:00 h.<\/p>\n\n\n\n<p><strong>Lugar:<\/strong> Caleta del Estacio (se concretar\u00e1 ubicaci\u00f3n al cumplimentar formulario).<\/p>\n\n\n\n<p><strong>Es necesaria inscripci\u00f3n previa<\/strong> en el <a href=\"https:\/\/forms.gle\/y3rF1i4atAutyrDU8\">formulario<\/a>\u00a0o enviando un correo a\u00a0<a href=\"mailto:voluntariado@asociacionanse.org\" target=\"_blank\" rel=\"noreferrer noopener\">voluntariado@asociacionanse.org<\/a><\/p>\n<\/div><\/div>\n\n\n\n<p>El proyecto RESALAR tiene el objetivo de regenerar espacios del litoral del Mar Menor&nbsp; y su biodiversidad para reducir el impacto de la agricultura intensiva, fortalecer la resiliencia del litoral frente al cambio clim\u00e1tico y mejorar e incrementar los servicios ecosist\u00e9micos que proveen a la sociedad.<\/p>\n\n\n\n<p>Este proyecto, que coordina la Fundaci\u00f3n ANSE, y en el que participan la Asociaci\u00f3n de Naturalistas del Sureste, WWF-Espa\u00f1a y el Instituto Espa\u00f1ol de Oceanograf\u00eda, Centro Nacional de la Agencia Estatal Consejo Superior de Investigaciones Cient\u00edficas (IEO-CSIC), cuenta con el apoyo de la Fundaci\u00f3n Biodiversidad del Ministerio para la Transici\u00f3n Ecol\u00f3gica y el Reto Demogr\u00e1fico (MITECO) en el marco del Plan de Recuperaci\u00f3n, Transformaci\u00f3n y Resiliencia (PRTR), financiado por la Uni\u00f3n Europea \u2013 NextGenerationEU y se encuentra vinculado al Marco de Actuaciones Prioritarias para la recuperaci\u00f3n del Mar Menor del Ministerio para la Transici\u00f3n Ecol\u00f3gica y el Reto Demogr\u00e1fico.<\/p>\n","protected":false},"excerpt":{"rendered":"<p>El pr\u00f3ximo s\u00e1bado 18 de febrero realizaremos un voluntariado ambiental enmarcado dentro del Proyecto RESALAR. Se realizar\u00e1 una repoblaci\u00f3n con flora aut\u00f3ctona en Caleta del Estacio con la intenci\u00f3n de recuperar la cubierta vegetal de este emblem\u00e1tico espacio, y se eliminar\u00e1 la flora ex\u00f3tica invasora. El pr\u00f3ximo s\u00e1bado 18 de febrero se realizar\u00e1 una repoblaci\u00f3n &#8230; <a title=\"Plantaci\u00f3n y retirada de especies ex\u00f3ticas invasoras en la Caleta del Estacio\" class=\"read-more\" href=\"https:\/\/www.fundacionanse.org\/resalar\/2023\/02\/14\/plantacion-y-retirada-de-especies-exoticas-invasoras-en-la-caleta-del-estacio\/\" aria-label=\"Leer m\u00e1s sobre Plantaci\u00f3n y retirada de especies ex\u00f3ticas invasoras en la Caleta del Estacio\">Leer m\u00e1s<\/a><\/p>\n","protected":false},"author":2,"featured_media":817,"comment_status":"open","ping_status":"open","sticky":false,"template":"","format":"standard","meta":{"inline_featured_image":false,"footnotes":""},"categories":[1],"tags":[],"class_list":["post-190","post","type-post","status-publish","format-standard","has-post-thumbnail","hentry","category-actualidad","generate-columns","tablet-grid-50","mobile-grid-100","grid-parent","grid-33","resize-featured-image"],"yoast_head":"<!-- This site is optimized with the Yoast SEO plugin v26.9 - https:\/\/yoast.com\/product\/yoast-seo-wordpress\/ -->\n<title>Plantaci\u00f3n y retirada de especies ex\u00f3ticas invasoras en la Caleta del Estacio - RESALAR<\/title>\n<meta name=\"robots\" content=\"index, follow, max-snippet:-1, max-image-preview:large, max-video-preview:-1\" \/>\n<link rel=\"canonical\" href=\"https:\/\/www.fundacionanse.org\/resalar\/2023\/02\/14\/plantacion-y-retirada-de-especies-exoticas-invasoras-en-la-caleta-del-estacio\/\" \/>\n<meta property=\"og:locale\" content=\"es_ES\" \/>\n<meta property=\"og:type\" content=\"article\" \/>\n<meta property=\"og:title\" content=\"Plantaci\u00f3n y retirada de especies ex\u00f3ticas invasoras en la Caleta del Estacio - RESALAR\" \/>\n<meta property=\"og:description\" content=\"El pr\u00f3ximo s\u00e1bado 18 de febrero realizaremos un voluntariado ambiental enmarcado dentro del Proyecto RESALAR. Se realizar\u00e1 una repoblaci\u00f3n con flora aut\u00f3ctona en Caleta del Estacio con la intenci\u00f3n de recuperar la cubierta vegetal de este emblem\u00e1tico espacio, y se eliminar\u00e1 la flora ex\u00f3tica invasora. El pr\u00f3ximo s\u00e1bado 18 de febrero se realizar\u00e1 una repoblaci\u00f3n ... Leer m\u00e1s\" \/>\n<meta property=\"og:url\" content=\"https:\/\/www.fundacionanse.org\/resalar\/2023\/02\/14\/plantacion-y-retirada-de-especies-exoticas-invasoras-en-la-caleta-del-estacio\/\" \/>\n<meta property=\"og:site_name\" content=\"RESALAR\" \/>\n<meta property=\"article:publisher\" content=\"https:\/\/www.facebook.com\/FundacionANSE\" \/>\n<meta property=\"article:published_time\" content=\"2023-02-14T12:54:00+00:00\" \/>\n<meta property=\"article:modified_time\" content=\"2025-11-17T09:59:32+00:00\" \/>\n<meta property=\"og:image\" content=\"https:\/\/www.fundacionanse.org\/resalar\/wp-content\/uploads\/sites\/5\/2023\/02\/VoluntariadoResalar02.jpg\" \/>\n\t<meta property=\"og:image:width\" content=\"700\" \/>\n\t<meta property=\"og:image:height\" content=\"891\" \/>\n\t<meta property=\"og:image:type\" content=\"image\/jpeg\" \/>\n<meta name=\"author\" content=\"fundacion\" \/>\n<meta name=\"twitter:card\" content=\"summary_large_image\" \/>\n<meta name=\"twitter:creator\" content=\"@fundacionanse\" \/>\n<meta name=\"twitter:site\" content=\"@fundacionanse\" \/>\n<meta name=\"twitter:label1\" content=\"Escrito por\" \/>\n\t<meta name=\"twitter:data1\" content=\"fundacion\" \/>\n\t<meta name=\"twitter:label2\" content=\"Tiempo de lectura\" \/>\n\t<meta name=\"twitter:data2\" content=\"2 minutos\" \/>\n<script type=\"application\/ld+json\" class=\"yoast-schema-graph\">{\"@context\":\"https:\/\/schema.org\",\"@graph\":[{\"@type\":\"Article\",\"@id\":\"https:\/\/www.fundacionanse.org\/resalar\/2023\/02\/14\/plantacion-y-retirada-de-especies-exoticas-invasoras-en-la-caleta-del-estacio\/#article\",\"isPartOf\":{\"@id\":\"https:\/\/www.fundacionanse.org\/resalar\/2023\/02\/14\/plantacion-y-retirada-de-especies-exoticas-invasoras-en-la-caleta-del-estacio\/\"},\"author\":{\"name\":\"fundacion\",\"@id\":\"https:\/\/www.fundacionanse.org\/resalar\/#\/schema\/person\/5719c1a8aa1c54a3c7f0d42d26627275\"},\"headline\":\"Plantaci\u00f3n y retirada de especies ex\u00f3ticas invasoras en la Caleta del Estacio\",\"datePublished\":\"2023-02-14T12:54:00+00:00\",\"dateModified\":\"2025-11-17T09:59:32+00:00\",\"mainEntityOfPage\":{\"@id\":\"https:\/\/www.fundacionanse.org\/resalar\/2023\/02\/14\/plantacion-y-retirada-de-especies-exoticas-invasoras-en-la-caleta-del-estacio\/\"},\"wordCount\":434,\"commentCount\":0,\"publisher\":{\"@id\":\"https:\/\/www.fundacionanse.org\/resalar\/#organization\"},\"image\":{\"@id\":\"https:\/\/www.fundacionanse.org\/resalar\/2023\/02\/14\/plantacion-y-retirada-de-especies-exoticas-invasoras-en-la-caleta-del-estacio\/#primaryimage\"},\"thumbnailUrl\":\"https:\/\/www.fundacionanse.org\/resalar\/wp-content\/uploads\/sites\/5\/2023\/02\/VoluntariadoResalar02.jpg\",\"articleSection\":[\"Actualidad\"],\"inLanguage\":\"es\"},{\"@type\":\"WebPage\",\"@id\":\"https:\/\/www.fundacionanse.org\/resalar\/2023\/02\/14\/plantacion-y-retirada-de-especies-exoticas-invasoras-en-la-caleta-del-estacio\/\",\"url\":\"https:\/\/www.fundacionanse.org\/resalar\/2023\/02\/14\/plantacion-y-retirada-de-especies-exoticas-invasoras-en-la-caleta-del-estacio\/\",\"name\":\"Plantaci\u00f3n y retirada de especies ex\u00f3ticas invasoras en la Caleta del Estacio - RESALAR\",\"isPartOf\":{\"@id\":\"https:\/\/www.fundacionanse.org\/resalar\/#website\"},\"primaryImageOfPage\":{\"@id\":\"https:\/\/www.fundacionanse.org\/resalar\/2023\/02\/14\/plantacion-y-retirada-de-especies-exoticas-invasoras-en-la-caleta-del-estacio\/#primaryimage\"},\"image\":{\"@id\":\"https:\/\/www.fundacionanse.org\/resalar\/2023\/02\/14\/plantacion-y-retirada-de-especies-exoticas-invasoras-en-la-caleta-del-estacio\/#primaryimage\"},\"thumbnailUrl\":\"https:\/\/www.fundacionanse.org\/resalar\/wp-content\/uploads\/sites\/5\/2023\/02\/VoluntariadoResalar02.jpg\",\"datePublished\":\"2023-02-14T12:54:00+00:00\",\"dateModified\":\"2025-11-17T09:59:32+00:00\",\"breadcrumb\":{\"@id\":\"https:\/\/www.fundacionanse.org\/resalar\/2023\/02\/14\/plantacion-y-retirada-de-especies-exoticas-invasoras-en-la-caleta-del-estacio\/#breadcrumb\"},\"inLanguage\":\"es\",\"potentialAction\":[{\"@type\":\"ReadAction\",\"target\":[\"https:\/\/www.fundacionanse.org\/resalar\/2023\/02\/14\/plantacion-y-retirada-de-especies-exoticas-invasoras-en-la-caleta-del-estacio\/\"]}]},{\"@type\":\"ImageObject\",\"inLanguage\":\"es\",\"@id\":\"https:\/\/www.fundacionanse.org\/resalar\/2023\/02\/14\/plantacion-y-retirada-de-especies-exoticas-invasoras-en-la-caleta-del-estacio\/#primaryimage\",\"url\":\"https:\/\/www.fundacionanse.org\/resalar\/wp-content\/uploads\/sites\/5\/2023\/02\/VoluntariadoResalar02.jpg\",\"contentUrl\":\"https:\/\/www.fundacionanse.org\/resalar\/wp-content\/uploads\/sites\/5\/2023\/02\/VoluntariadoResalar02.jpg\",\"width\":700,\"height\":891,\"caption\":\"Cartel\"},{\"@type\":\"BreadcrumbList\",\"@id\":\"https:\/\/www.fundacionanse.org\/resalar\/2023\/02\/14\/plantacion-y-retirada-de-especies-exoticas-invasoras-en-la-caleta-del-estacio\/#breadcrumb\",\"itemListElement\":[{\"@type\":\"ListItem\",\"position\":1,\"name\":\"Portada\",\"item\":\"https:\/\/www.fundacionanse.org\/resalar\/\"},{\"@type\":\"ListItem\",\"position\":2,\"name\":\"Plantaci\u00f3n y retirada de especies ex\u00f3ticas invasoras en la Caleta del Estacio\"}]},{\"@type\":\"WebSite\",\"@id\":\"https:\/\/www.fundacionanse.org\/resalar\/#website\",\"url\":\"https:\/\/www.fundacionanse.org\/resalar\/\",\"name\":\"RESALAR\",\"description\":\"Regeneraci\u00f3n de salinas y arenales en el Mar Menor\",\"publisher\":{\"@id\":\"https:\/\/www.fundacionanse.org\/resalar\/#organization\"},\"potentialAction\":[{\"@type\":\"SearchAction\",\"target\":{\"@type\":\"EntryPoint\",\"urlTemplate\":\"https:\/\/www.fundacionanse.org\/resalar\/?s={search_term_string}\"},\"query-input\":{\"@type\":\"PropertyValueSpecification\",\"valueRequired\":true,\"valueName\":\"search_term_string\"}}],\"inLanguage\":\"es\"},{\"@type\":\"Organization\",\"@id\":\"https:\/\/www.fundacionanse.org\/resalar\/#organization\",\"name\":\"RESALAR\",\"url\":\"https:\/\/www.fundacionanse.org\/resalar\/\",\"logo\":{\"@type\":\"ImageObject\",\"inLanguage\":\"es\",\"@id\":\"https:\/\/www.fundacionanse.org\/resalar\/#\/schema\/logo\/image\/\",\"url\":\"https:\/\/www.fundacionanse.org\/resalar\/wp-content\/uploads\/sites\/5\/2024\/02\/resalar-web_vertical-color.svg\",\"contentUrl\":\"https:\/\/www.fundacionanse.org\/resalar\/wp-content\/uploads\/sites\/5\/2024\/02\/resalar-web_vertical-color.svg\",\"width\":168,\"height\":188,\"caption\":\"RESALAR\"},\"image\":{\"@id\":\"https:\/\/www.fundacionanse.org\/resalar\/#\/schema\/logo\/image\/\"},\"sameAs\":[\"https:\/\/www.facebook.com\/FundacionANSE\",\"https:\/\/x.com\/fundacionanse\",\"https:\/\/www.instagram.com\/fundacionanse\/\"]},{\"@type\":\"Person\",\"@id\":\"https:\/\/www.fundacionanse.org\/resalar\/#\/schema\/person\/5719c1a8aa1c54a3c7f0d42d26627275\",\"name\":\"fundacion\",\"image\":{\"@type\":\"ImageObject\",\"inLanguage\":\"es\",\"@id\":\"https:\/\/www.fundacionanse.org\/resalar\/#\/schema\/person\/image\/\",\"url\":\"https:\/\/secure.gravatar.com\/avatar\/dec98970ed84c8fce89dd2c37c22164e7b4320cbf181bd9cbd9e99b05768686f?s=96&d=mm&r=g\",\"contentUrl\":\"https:\/\/secure.gravatar.com\/avatar\/dec98970ed84c8fce89dd2c37c22164e7b4320cbf181bd9cbd9e99b05768686f?s=96&d=mm&r=g\",\"caption\":\"fundacion\"},\"url\":\"https:\/\/www.fundacionanse.org\/resalar\/author\/fundacion\/\"}]}<\/script>\n<!-- \/ Yoast SEO plugin. -->","yoast_head_json":{"title":"Plantaci\u00f3n y retirada de especies ex\u00f3ticas invasoras en la Caleta del Estacio - RESALAR","robots":{"index":"index","follow":"follow","max-snippet":"max-snippet:-1","max-image-preview":"max-image-preview:large","max-video-preview":"max-video-preview:-1"},"canonical":"https:\/\/www.fundacionanse.org\/resalar\/2023\/02\/14\/plantacion-y-retirada-de-especies-exoticas-invasoras-en-la-caleta-del-estacio\/","og_locale":"es_ES","og_type":"article","og_title":"Plantaci\u00f3n y retirada de especies ex\u00f3ticas invasoras en la Caleta del Estacio - RESALAR","og_description":"El pr\u00f3ximo s\u00e1bado 18 de febrero realizaremos un voluntariado ambiental enmarcado dentro del Proyecto RESALAR. Se realizar\u00e1 una repoblaci\u00f3n con flora aut\u00f3ctona en Caleta del Estacio con la intenci\u00f3n de recuperar la cubierta vegetal de este emblem\u00e1tico espacio, y se eliminar\u00e1 la flora ex\u00f3tica invasora. El pr\u00f3ximo s\u00e1bado 18 de febrero se realizar\u00e1 una repoblaci\u00f3n ... Leer m\u00e1s","og_url":"https:\/\/www.fundacionanse.org\/resalar\/2023\/02\/14\/plantacion-y-retirada-de-especies-exoticas-invasoras-en-la-caleta-del-estacio\/","og_site_name":"RESALAR","article_publisher":"https:\/\/www.facebook.com\/FundacionANSE","article_published_time":"2023-02-14T12:54:00+00:00","article_modified_time":"2025-11-17T09:59:32+00:00","og_image":[{"width":700,"height":891,"url":"https:\/\/www.fundacionanse.org\/resalar\/wp-content\/uploads\/sites\/5\/2023\/02\/VoluntariadoResalar02.jpg","type":"image\/jpeg"}],"author":"fundacion","twitter_card":"summary_large_image","twitter_creator":"@fundacionanse","twitter_site":"@fundacionanse","twitter_misc":{"Escrito por":"fundacion","Tiempo de lectura":"2 minutos"},"schema":{"@context":"https:\/\/schema.org","@graph":[{"@type":"Article","@id":"https:\/\/www.fundacionanse.org\/resalar\/2023\/02\/14\/plantacion-y-retirada-de-especies-exoticas-invasoras-en-la-caleta-del-estacio\/#article","isPartOf":{"@id":"https:\/\/www.fundacionanse.org\/resalar\/2023\/02\/14\/plantacion-y-retirada-de-especies-exoticas-invasoras-en-la-caleta-del-estacio\/"},"author":{"name":"fundacion","@id":"https:\/\/www.fundacionanse.org\/resalar\/#\/schema\/person\/5719c1a8aa1c54a3c7f0d42d26627275"},"headline":"Plantaci\u00f3n y retirada de especies ex\u00f3ticas invasoras en la Caleta del Estacio","datePublished":"2023-02-14T12:54:00+00:00","dateModified":"2025-11-17T09:59:32+00:00","mainEntityOfPage":{"@id":"https:\/\/www.fundacionanse.org\/resalar\/2023\/02\/14\/plantacion-y-retirada-de-especies-exoticas-invasoras-en-la-caleta-del-estacio\/"},"wordCount":434,"commentCount":0,"publisher":{"@id":"https:\/\/www.fundacionanse.org\/resalar\/#organization"},"image":{"@id":"https:\/\/www.fundacionanse.org\/resalar\/2023\/02\/14\/plantacion-y-retirada-de-especies-exoticas-invasoras-en-la-caleta-del-estacio\/#primaryimage"},"thumbnailUrl":"https:\/\/www.fundacionanse.org\/resalar\/wp-content\/uploads\/sites\/5\/2023\/02\/VoluntariadoResalar02.jpg","articleSection":["Actualidad"],"inLanguage":"es"},{"@type":"WebPage","@id":"https:\/\/www.fundacionanse.org\/resalar\/2023\/02\/14\/plantacion-y-retirada-de-especies-exoticas-invasoras-en-la-caleta-del-estacio\/","url":"https:\/\/www.fundacionanse.org\/resalar\/2023\/02\/14\/plantacion-y-retirada-de-especies-exoticas-invasoras-en-la-caleta-del-estacio\/","name":"Plantaci\u00f3n y retirada de especies ex\u00f3ticas invasoras en la Caleta del Estacio - RESALAR","isPartOf":{"@id":"https:\/\/www.fundacionanse.org\/resalar\/#website"},"primaryImageOfPage":{"@id":"https:\/\/www.fundacionanse.org\/resalar\/2023\/02\/14\/plantacion-y-retirada-de-especies-exoticas-invasoras-en-la-caleta-del-estacio\/#primaryimage"},"image":{"@id":"https:\/\/www.fundacionanse.org\/resalar\/2023\/02\/14\/plantacion-y-retirada-de-especies-exoticas-invasoras-en-la-caleta-del-estacio\/#primaryimage"},"thumbnailUrl":"https:\/\/www.fundacionanse.org\/resalar\/wp-content\/uploads\/sites\/5\/2023\/02\/VoluntariadoResalar02.jpg","datePublished":"2023-02-14T12:54:00+00:00","dateModified":"2025-11-17T09:59:32+00:00","breadcrumb":{"@id":"https:\/\/www.fundacionanse.org\/resalar\/2023\/02\/14\/plantacion-y-retirada-de-especies-exoticas-invasoras-en-la-caleta-del-estacio\/#breadcrumb"},"inLanguage":"es","potentialAction":[{"@type":"ReadAction","target":["https:\/\/www.fundacionanse.org\/resalar\/2023\/02\/14\/plantacion-y-retirada-de-especies-exoticas-invasoras-en-la-caleta-del-estacio\/"]}]},{"@type":"ImageObject","inLanguage":"es","@id":"https:\/\/www.fundacionanse.org\/resalar\/2023\/02\/14\/plantacion-y-retirada-de-especies-exoticas-invasoras-en-la-caleta-del-estacio\/#primaryimage","url":"https:\/\/www.fundacionanse.org\/resalar\/wp-content\/uploads\/sites\/5\/2023\/02\/VoluntariadoResalar02.jpg","contentUrl":"https:\/\/www.fundacionanse.org\/resalar\/wp-content\/uploads\/sites\/5\/2023\/02\/VoluntariadoResalar02.jpg","width":700,"height":891,"caption":"Cartel"},{"@type":"BreadcrumbList","@id":"https:\/\/www.fundacionanse.org\/resalar\/2023\/02\/14\/plantacion-y-retirada-de-especies-exoticas-invasoras-en-la-caleta-del-estacio\/#breadcrumb","itemListElement":[{"@type":"ListItem","position":1,"name":"Portada","item":"https:\/\/www.fundacionanse.org\/resalar\/"},{"@type":"ListItem","position":2,"name":"Plantaci\u00f3n y retirada de especies ex\u00f3ticas invasoras en la Caleta del Estacio"}]},{"@type":"WebSite","@id":"https:\/\/www.fundacionanse.org\/resalar\/#website","url":"https:\/\/www.fundacionanse.org\/resalar\/","name":"RESALAR","description":"Regeneraci\u00f3n de salinas y arenales en el Mar Menor","publisher":{"@id":"https:\/\/www.fundacionanse.org\/resalar\/#organization"},"potentialAction":[{"@type":"SearchAction","target":{"@type":"EntryPoint","urlTemplate":"https:\/\/www.fundacionanse.org\/resalar\/?s={search_term_string}"},"query-input":{"@type":"PropertyValueSpecification","valueRequired":true,"valueName":"search_term_string"}}],"inLanguage":"es"},{"@type":"Organization","@id":"https:\/\/www.fundacionanse.org\/resalar\/#organization","name":"RESALAR","url":"https:\/\/www.fundacionanse.org\/resalar\/","logo":{"@type":"ImageObject","inLanguage":"es","@id":"https:\/\/www.fundacionanse.org\/resalar\/#\/schema\/logo\/image\/","url":"https:\/\/www.fundacionanse.org\/resalar\/wp-content\/uploads\/sites\/5\/2024\/02\/resalar-web_vertical-color.svg","contentUrl":"https:\/\/www.fundacionanse.org\/resalar\/wp-content\/uploads\/sites\/5\/2024\/02\/resalar-web_vertical-color.svg","width":168,"height":188,"caption":"RESALAR"},"image":{"@id":"https:\/\/www.fundacionanse.org\/resalar\/#\/schema\/logo\/image\/"},"sameAs":["https:\/\/www.facebook.com\/FundacionANSE","https:\/\/x.com\/fundacionanse","https:\/\/www.instagram.com\/fundacionanse\/"]},{"@type":"Person","@id":"https:\/\/www.fundacionanse.org\/resalar\/#\/schema\/person\/5719c1a8aa1c54a3c7f0d42d26627275","name":"fundacion","image":{"@type":"ImageObject","inLanguage":"es","@id":"https:\/\/www.fundacionanse.org\/resalar\/#\/schema\/person\/image\/","url":"https:\/\/secure.gravatar.com\/avatar\/dec98970ed84c8fce89dd2c37c22164e7b4320cbf181bd9cbd9e99b05768686f?s=96&d=mm&r=g","contentUrl":"https:\/\/secure.gravatar.com\/avatar\/dec98970ed84c8fce89dd2c37c22164e7b4320cbf181bd9cbd9e99b05768686f?s=96&d=mm&r=g","caption":"fundacion"},"url":"https:\/\/www.fundacionanse.org\/resalar\/author\/fundacion\/"}]}},"_links":{"self":[{"href":"https:\/\/www.fundacionanse.org\/resalar\/wp-json\/wp\/v2\/posts\/190","targetHints":{"allow":["GET"]}}],"collection":[{"href":"https:\/\/www.fundacionanse.org\/resalar\/wp-json\/wp\/v2\/posts"}],"about":[{"href":"https:\/\/www.fundacionanse.org\/resalar\/wp-json\/wp\/v2\/types\/post"}],"author":[{"embeddable":true,"href":"https:\/\/www.fundacionanse.org\/resalar\/wp-json\/wp\/v2\/users\/2"}],"replies":[{"embeddable":true,"href":"https:\/\/www.fundacionanse.org\/resalar\/wp-json\/wp\/v2\/comments?post=190"}],"version-history":[{"count":0,"href":"https:\/\/www.fundacionanse.org\/resalar\/wp-json\/wp\/v2\/posts\/190\/revisions"}],"wp:featuredmedia":[{"embeddable":true,"href":"https:\/\/www.fundacionanse.org\/resalar\/wp-json\/wp\/v2\/media\/817"}],"wp:attachment":[{"href":"https:\/\/www.fundacionanse.org\/resalar\/wp-json\/wp\/v2\/media?parent=190"}],"wp:term":[{"taxonomy":"category","embeddable":true,"href":"https:\/\/www.fundacionanse.org\/resalar\/wp-json\/wp\/v2\/categories?post=190"},{"taxonomy":"post_tag","embeddable":true,"href":"https:\/\/www.fundacionanse.org\/resalar\/wp-json\/wp\/v2\/tags?post=190"}],"curies":[{"name":"wp","href":"https:\/\/api.w.org\/{rel}","templated":true}]}}