{"id":193,"date":"2023-04-18T12:56:00","date_gmt":"2023-04-18T12:56:00","guid":{"rendered":"https:\/\/www.fundacionanse.org\/resalar\/?p=193"},"modified":"2025-11-17T09:59:32","modified_gmt":"2025-11-17T09:59:32","slug":"oferta-de-operario-para-trabajar-en-salinas","status":"publish","type":"post","link":"https:\/\/www.fundacionanse.org\/resalar\/2023\/04\/18\/oferta-de-operario-para-trabajar-en-salinas\/","title":{"rendered":"Oferta de operario para trabajar en salinas"},"content":{"rendered":"\n<p><strong>N\u00famero de plazas:<\/strong> 2<\/p>\n\n\n\n<p><strong>Perfil-requisitos<\/strong><\/p>\n\n\n\n<ul class=\"wp-block-list\">\n<li>Operario para labores de reconstrucci\u00f3n y mantenimiento de salinas y restauraci\u00f3n de vegetaci\u00f3n y espacios naturales<\/li>\n\n\n\n<li>Formaci\u00f3n: Ciclo formativo \u00abGesti\u00f3n Forestal y del Medio Natural\u00bb o similar<\/li>\n\n\n\n<li>Experiencia demostrable<\/li>\n\n\n\n<li>Carnet de conducir y veh\u00edculo propio<\/li>\n<\/ul>\n\n\n\n<p><strong>Condiciones y descripci\u00f3n del puesto<\/strong><\/p>\n\n\n\n<ul class=\"wp-block-list\">\n<li>Contrato indefinido a tiempo completo (40 horas semanales)<\/li>\n\n\n\n<li>Incorporaci\u00f3n inmediata con periodo de prueba de dos meses<\/li>\n\n\n\n<li>Lugar de Trabajo: Salinas de Marchamalo, Cabo de Palos, Cartagena<\/li>\n\n\n\n<li>Retribuciones: bruto 16.215,12 \u20ac anuales en 12 pagas (1.351,26 euros\/mes) + (0,19 \u20ac\/km en caso de desplazamientos adicionales fuera de las Salinas de Marchamalo)<\/li>\n\n\n\n<li>Trabajos de mantenimiento de las salinas, restauraci\u00f3n de muros de piedra, mantenimiento de compuertas de madera.<\/li>\n\n\n\n<li>Trabajo con personal de ANSE, con voluntarios y con personas en cumplimiento de Trabajos en Beneficio de la Comunidad<\/li>\n<\/ul>\n\n\n\n<p><strong>Se valora<\/strong><\/p>\n\n\n\n<ul class=\"wp-block-list\">\n<li>Persona comprometida con la conservaci\u00f3n del Medio Ambiente<\/li>\n\n\n\n<li>Residente en el entorno (Cabo de Palos, La Manga, Los Belones, etc.)<\/li>\n\n\n\n<li>Experiencia en la producci\u00f3n de sal<\/li>\n\n\n\n<li>Formaci\u00f3n y experiencia en restauraci\u00f3n y mantenimiento de infraestructuras hidr\u00e1ulicas (canales, compuertas, balsas)<\/li>\n\n\n\n<li>Formaci\u00f3n y experiencia en restauraci\u00f3n de muros de piedra<\/li>\n\n\n\n<li>Formaci\u00f3n y experiencia en carpinter\u00eda<\/li>\n\n\n\n<li>Formaci\u00f3n y experiencia en trabajos con maquinaria jardiner\u00eda y forestal (motosierra, desbrozadora, etc)<\/li>\n\n\n\n<li>Conocimiento en flora y fauna aut\u00f3ctona y manejo de vegetaci\u00f3n<\/li>\n\n\n\n<li>apacidad de trabajar en equipo<\/li>\n<\/ul>\n\n\n\n<p><strong>Plazo de env\u00edo de CV hasta 23:59 h del 28 de abril, remitir a empleo@asociacionanse.org indicando en el asunto: \u00abOperario_Salinas\u00bb<\/strong><\/p>\n\n\n\n<p>Contrato en el marco del proyecto RESALAR. RESALAR cuenta con el apoyo de la Fundaci\u00f3n Biodiversidad del Ministerio para la Transici\u00f3n Ecol\u00f3gica y el Reto Demogr\u00e1fico (MITECO) en el marco del Plan de Recuperaci\u00f3n, Transformaci\u00f3n y Resiliencia (PRTR), financiado por la Uni\u00f3n Europea \u2013 NextGenerationEU y se encuentra vinculado al Marco de Actuaciones Prioritarias para la recuperaci\u00f3n del Mar Menor del Ministerio para la Transici\u00f3n Ecol\u00f3gica y el Reto Demogr\u00e1fico.<\/p>\n","protected":false},"excerpt":{"rendered":"<p>N\u00famero de plazas: 2 Perfil-requisitos Condiciones y descripci\u00f3n del puesto Se valora Plazo de env\u00edo de CV hasta 23:59 h del 28 de abril, remitir a empleo@asociacionanse.org indicando en el asunto: \u00abOperario_Salinas\u00bb Contrato en el marco del proyecto RESALAR. RESALAR cuenta con el apoyo de la Fundaci\u00f3n Biodiversidad del Ministerio para la Transici\u00f3n Ecol\u00f3gica y &#8230; <a title=\"Oferta de operario para trabajar en salinas\" class=\"read-more\" href=\"https:\/\/www.fundacionanse.org\/resalar\/2023\/04\/18\/oferta-de-operario-para-trabajar-en-salinas\/\" aria-label=\"Leer m\u00e1s sobre Oferta de operario para trabajar en salinas\">Leer m\u00e1s<\/a><\/p>\n","protected":false},"author":2,"featured_media":505,"comment_status":"open","ping_status":"open","sticky":false,"template":"","format":"standard","meta":{"inline_featured_image":false,"footnotes":""},"categories":[1],"tags":[],"class_list":["post-193","post","type-post","status-publish","format-standard","has-post-thumbnail","hentry","category-actualidad","generate-columns","tablet-grid-50","mobile-grid-100","grid-parent","grid-33","resize-featured-image"],"yoast_head":"<!-- This site is optimized with the Yoast SEO plugin v26.9 - https:\/\/yoast.com\/product\/yoast-seo-wordpress\/ -->\n<title>Oferta de operario para trabajar en salinas - RESALAR<\/title>\n<meta name=\"robots\" content=\"index, follow, max-snippet:-1, max-image-preview:large, max-video-preview:-1\" \/>\n<link rel=\"canonical\" href=\"https:\/\/www.fundacionanse.org\/resalar\/2023\/04\/18\/oferta-de-operario-para-trabajar-en-salinas\/\" \/>\n<meta property=\"og:locale\" content=\"es_ES\" \/>\n<meta property=\"og:type\" content=\"article\" \/>\n<meta property=\"og:title\" content=\"Oferta de operario para trabajar en salinas - RESALAR\" \/>\n<meta property=\"og:description\" content=\"N\u00famero de plazas: 2 Perfil-requisitos Condiciones y descripci\u00f3n del puesto Se valora Plazo de env\u00edo de CV hasta 23:59 h del 28 de abril, remitir a empleo@asociacionanse.org indicando en el asunto: \u00abOperario_Salinas\u00bb Contrato en el marco del proyecto RESALAR. RESALAR cuenta con el apoyo de la Fundaci\u00f3n Biodiversidad del Ministerio para la Transici\u00f3n Ecol\u00f3gica y ... Leer m\u00e1s\" \/>\n<meta property=\"og:url\" content=\"https:\/\/www.fundacionanse.org\/resalar\/2023\/04\/18\/oferta-de-operario-para-trabajar-en-salinas\/\" \/>\n<meta property=\"og:site_name\" content=\"RESALAR\" \/>\n<meta property=\"article:publisher\" content=\"https:\/\/www.facebook.com\/FundacionANSE\" \/>\n<meta property=\"article:published_time\" content=\"2023-04-18T12:56:00+00:00\" \/>\n<meta property=\"article:modified_time\" content=\"2025-11-17T09:59:32+00:00\" \/>\n<meta property=\"og:image\" content=\"https:\/\/www.fundacionanse.org\/resalar\/wp-content\/uploads\/sites\/5\/2024\/02\/Naves-Marchamalo-restauradas.jpg\" \/>\n\t<meta property=\"og:image:width\" content=\"1500\" \/>\n\t<meta property=\"og:image:height\" content=\"911\" \/>\n\t<meta property=\"og:image:type\" content=\"image\/jpeg\" \/>\n<meta name=\"author\" content=\"fundacion\" \/>\n<meta name=\"twitter:card\" content=\"summary_large_image\" \/>\n<meta name=\"twitter:creator\" content=\"@fundacionanse\" \/>\n<meta name=\"twitter:site\" content=\"@fundacionanse\" \/>\n<meta name=\"twitter:label1\" content=\"Escrito por\" \/>\n\t<meta name=\"twitter:data1\" content=\"fundacion\" \/>\n\t<meta name=\"twitter:label2\" content=\"Tiempo de lectura\" \/>\n\t<meta name=\"twitter:data2\" content=\"2 minutos\" \/>\n<script type=\"application\/ld+json\" class=\"yoast-schema-graph\">{\"@context\":\"https:\/\/schema.org\",\"@graph\":[{\"@type\":\"Article\",\"@id\":\"https:\/\/www.fundacionanse.org\/resalar\/2023\/04\/18\/oferta-de-operario-para-trabajar-en-salinas\/#article\",\"isPartOf\":{\"@id\":\"https:\/\/www.fundacionanse.org\/resalar\/2023\/04\/18\/oferta-de-operario-para-trabajar-en-salinas\/\"},\"author\":{\"name\":\"fundacion\",\"@id\":\"https:\/\/www.fundacionanse.org\/resalar\/#\/schema\/person\/5719c1a8aa1c54a3c7f0d42d26627275\"},\"headline\":\"Oferta de operario para trabajar en salinas\",\"datePublished\":\"2023-04-18T12:56:00+00:00\",\"dateModified\":\"2025-11-17T09:59:32+00:00\",\"mainEntityOfPage\":{\"@id\":\"https:\/\/www.fundacionanse.org\/resalar\/2023\/04\/18\/oferta-de-operario-para-trabajar-en-salinas\/\"},\"wordCount\":339,\"commentCount\":0,\"publisher\":{\"@id\":\"https:\/\/www.fundacionanse.org\/resalar\/#organization\"},\"image\":{\"@id\":\"https:\/\/www.fundacionanse.org\/resalar\/2023\/04\/18\/oferta-de-operario-para-trabajar-en-salinas\/#primaryimage\"},\"thumbnailUrl\":\"https:\/\/www.fundacionanse.org\/resalar\/wp-content\/uploads\/sites\/5\/2024\/02\/resalar-web_simbolo-color.svg\",\"articleSection\":[\"Actualidad\"],\"inLanguage\":\"es\"},{\"@type\":\"WebPage\",\"@id\":\"https:\/\/www.fundacionanse.org\/resalar\/2023\/04\/18\/oferta-de-operario-para-trabajar-en-salinas\/\",\"url\":\"https:\/\/www.fundacionanse.org\/resalar\/2023\/04\/18\/oferta-de-operario-para-trabajar-en-salinas\/\",\"name\":\"Oferta de operario para trabajar en salinas - RESALAR\",\"isPartOf\":{\"@id\":\"https:\/\/www.fundacionanse.org\/resalar\/#website\"},\"primaryImageOfPage\":{\"@id\":\"https:\/\/www.fundacionanse.org\/resalar\/2023\/04\/18\/oferta-de-operario-para-trabajar-en-salinas\/#primaryimage\"},\"image\":{\"@id\":\"https:\/\/www.fundacionanse.org\/resalar\/2023\/04\/18\/oferta-de-operario-para-trabajar-en-salinas\/#primaryimage\"},\"thumbnailUrl\":\"https:\/\/www.fundacionanse.org\/resalar\/wp-content\/uploads\/sites\/5\/2024\/02\/resalar-web_simbolo-color.svg\",\"datePublished\":\"2023-04-18T12:56:00+00:00\",\"dateModified\":\"2025-11-17T09:59:32+00:00\",\"breadcrumb\":{\"@id\":\"https:\/\/www.fundacionanse.org\/resalar\/2023\/04\/18\/oferta-de-operario-para-trabajar-en-salinas\/#breadcrumb\"},\"inLanguage\":\"es\",\"potentialAction\":[{\"@type\":\"ReadAction\",\"target\":[\"https:\/\/www.fundacionanse.org\/resalar\/2023\/04\/18\/oferta-de-operario-para-trabajar-en-salinas\/\"]}]},{\"@type\":\"ImageObject\",\"inLanguage\":\"es\",\"@id\":\"https:\/\/www.fundacionanse.org\/resalar\/2023\/04\/18\/oferta-de-operario-para-trabajar-en-salinas\/#primaryimage\",\"url\":\"https:\/\/www.fundacionanse.org\/resalar\/wp-content\/uploads\/sites\/5\/2024\/02\/resalar-web_simbolo-color.svg\",\"contentUrl\":\"https:\/\/www.fundacionanse.org\/resalar\/wp-content\/uploads\/sites\/5\/2024\/02\/resalar-web_simbolo-color.svg\",\"width\":168,\"height\":163,\"caption\":\"Proyecto resalar\"},{\"@type\":\"BreadcrumbList\",\"@id\":\"https:\/\/www.fundacionanse.org\/resalar\/2023\/04\/18\/oferta-de-operario-para-trabajar-en-salinas\/#breadcrumb\",\"itemListElement\":[{\"@type\":\"ListItem\",\"position\":1,\"name\":\"Portada\",\"item\":\"https:\/\/www.fundacionanse.org\/resalar\/\"},{\"@type\":\"ListItem\",\"position\":2,\"name\":\"Oferta de operario para trabajar en salinas\"}]},{\"@type\":\"WebSite\",\"@id\":\"https:\/\/www.fundacionanse.org\/resalar\/#website\",\"url\":\"https:\/\/www.fundacionanse.org\/resalar\/\",\"name\":\"RESALAR\",\"description\":\"Regeneraci\u00f3n de salinas y arenales en el Mar Menor\",\"publisher\":{\"@id\":\"https:\/\/www.fundacionanse.org\/resalar\/#organization\"},\"potentialAction\":[{\"@type\":\"SearchAction\",\"target\":{\"@type\":\"EntryPoint\",\"urlTemplate\":\"https:\/\/www.fundacionanse.org\/resalar\/?s={search_term_string}\"},\"query-input\":{\"@type\":\"PropertyValueSpecification\",\"valueRequired\":true,\"valueName\":\"search_term_string\"}}],\"inLanguage\":\"es\"},{\"@type\":\"Organization\",\"@id\":\"https:\/\/www.fundacionanse.org\/resalar\/#organization\",\"name\":\"RESALAR\",\"url\":\"https:\/\/www.fundacionanse.org\/resalar\/\",\"logo\":{\"@type\":\"ImageObject\",\"inLanguage\":\"es\",\"@id\":\"https:\/\/www.fundacionanse.org\/resalar\/#\/schema\/logo\/image\/\",\"url\":\"https:\/\/www.fundacionanse.org\/resalar\/wp-content\/uploads\/sites\/5\/2024\/02\/resalar-web_vertical-color.svg\",\"contentUrl\":\"https:\/\/www.fundacionanse.org\/resalar\/wp-content\/uploads\/sites\/5\/2024\/02\/resalar-web_vertical-color.svg\",\"width\":168,\"height\":188,\"caption\":\"RESALAR\"},\"image\":{\"@id\":\"https:\/\/www.fundacionanse.org\/resalar\/#\/schema\/logo\/image\/\"},\"sameAs\":[\"https:\/\/www.facebook.com\/FundacionANSE\",\"https:\/\/x.com\/fundacionanse\",\"https:\/\/www.instagram.com\/fundacionanse\/\"]},{\"@type\":\"Person\",\"@id\":\"https:\/\/www.fundacionanse.org\/resalar\/#\/schema\/person\/5719c1a8aa1c54a3c7f0d42d26627275\",\"name\":\"fundacion\",\"image\":{\"@type\":\"ImageObject\",\"inLanguage\":\"es\",\"@id\":\"https:\/\/www.fundacionanse.org\/resalar\/#\/schema\/person\/image\/\",\"url\":\"https:\/\/secure.gravatar.com\/avatar\/dec98970ed84c8fce89dd2c37c22164e7b4320cbf181bd9cbd9e99b05768686f?s=96&d=mm&r=g\",\"contentUrl\":\"https:\/\/secure.gravatar.com\/avatar\/dec98970ed84c8fce89dd2c37c22164e7b4320cbf181bd9cbd9e99b05768686f?s=96&d=mm&r=g\",\"caption\":\"fundacion\"},\"url\":\"https:\/\/www.fundacionanse.org\/resalar\/author\/fundacion\/\"}]}<\/script>\n<!-- \/ Yoast SEO plugin. -->","yoast_head_json":{"title":"Oferta de operario para trabajar en salinas - RESALAR","robots":{"index":"index","follow":"follow","max-snippet":"max-snippet:-1","max-image-preview":"max-image-preview:large","max-video-preview":"max-video-preview:-1"},"canonical":"https:\/\/www.fundacionanse.org\/resalar\/2023\/04\/18\/oferta-de-operario-para-trabajar-en-salinas\/","og_locale":"es_ES","og_type":"article","og_title":"Oferta de operario para trabajar en salinas - RESALAR","og_description":"N\u00famero de plazas: 2 Perfil-requisitos Condiciones y descripci\u00f3n del puesto Se valora Plazo de env\u00edo de CV hasta 23:59 h del 28 de abril, remitir a empleo@asociacionanse.org indicando en el asunto: \u00abOperario_Salinas\u00bb Contrato en el marco del proyecto RESALAR. RESALAR cuenta con el apoyo de la Fundaci\u00f3n Biodiversidad del Ministerio para la Transici\u00f3n Ecol\u00f3gica y ... Leer m\u00e1s","og_url":"https:\/\/www.fundacionanse.org\/resalar\/2023\/04\/18\/oferta-de-operario-para-trabajar-en-salinas\/","og_site_name":"RESALAR","article_publisher":"https:\/\/www.facebook.com\/FundacionANSE","article_published_time":"2023-04-18T12:56:00+00:00","article_modified_time":"2025-11-17T09:59:32+00:00","og_image":[{"width":1500,"height":911,"url":"https:\/\/www.fundacionanse.org\/resalar\/wp-content\/uploads\/sites\/5\/2024\/02\/Naves-Marchamalo-restauradas.jpg","type":"image\/jpeg"}],"author":"fundacion","twitter_card":"summary_large_image","twitter_creator":"@fundacionanse","twitter_site":"@fundacionanse","twitter_misc":{"Escrito por":"fundacion","Tiempo de lectura":"2 minutos"},"schema":{"@context":"https:\/\/schema.org","@graph":[{"@type":"Article","@id":"https:\/\/www.fundacionanse.org\/resalar\/2023\/04\/18\/oferta-de-operario-para-trabajar-en-salinas\/#article","isPartOf":{"@id":"https:\/\/www.fundacionanse.org\/resalar\/2023\/04\/18\/oferta-de-operario-para-trabajar-en-salinas\/"},"author":{"name":"fundacion","@id":"https:\/\/www.fundacionanse.org\/resalar\/#\/schema\/person\/5719c1a8aa1c54a3c7f0d42d26627275"},"headline":"Oferta de operario para trabajar en salinas","datePublished":"2023-04-18T12:56:00+00:00","dateModified":"2025-11-17T09:59:32+00:00","mainEntityOfPage":{"@id":"https:\/\/www.fundacionanse.org\/resalar\/2023\/04\/18\/oferta-de-operario-para-trabajar-en-salinas\/"},"wordCount":339,"commentCount":0,"publisher":{"@id":"https:\/\/www.fundacionanse.org\/resalar\/#organization"},"image":{"@id":"https:\/\/www.fundacionanse.org\/resalar\/2023\/04\/18\/oferta-de-operario-para-trabajar-en-salinas\/#primaryimage"},"thumbnailUrl":"https:\/\/www.fundacionanse.org\/resalar\/wp-content\/uploads\/sites\/5\/2024\/02\/resalar-web_simbolo-color.svg","articleSection":["Actualidad"],"inLanguage":"es"},{"@type":"WebPage","@id":"https:\/\/www.fundacionanse.org\/resalar\/2023\/04\/18\/oferta-de-operario-para-trabajar-en-salinas\/","url":"https:\/\/www.fundacionanse.org\/resalar\/2023\/04\/18\/oferta-de-operario-para-trabajar-en-salinas\/","name":"Oferta de operario para trabajar en salinas - RESALAR","isPartOf":{"@id":"https:\/\/www.fundacionanse.org\/resalar\/#website"},"primaryImageOfPage":{"@id":"https:\/\/www.fundacionanse.org\/resalar\/2023\/04\/18\/oferta-de-operario-para-trabajar-en-salinas\/#primaryimage"},"image":{"@id":"https:\/\/www.fundacionanse.org\/resalar\/2023\/04\/18\/oferta-de-operario-para-trabajar-en-salinas\/#primaryimage"},"thumbnailUrl":"https:\/\/www.fundacionanse.org\/resalar\/wp-content\/uploads\/sites\/5\/2024\/02\/resalar-web_simbolo-color.svg","datePublished":"2023-04-18T12:56:00+00:00","dateModified":"2025-11-17T09:59:32+00:00","breadcrumb":{"@id":"https:\/\/www.fundacionanse.org\/resalar\/2023\/04\/18\/oferta-de-operario-para-trabajar-en-salinas\/#breadcrumb"},"inLanguage":"es","potentialAction":[{"@type":"ReadAction","target":["https:\/\/www.fundacionanse.org\/resalar\/2023\/04\/18\/oferta-de-operario-para-trabajar-en-salinas\/"]}]},{"@type":"ImageObject","inLanguage":"es","@id":"https:\/\/www.fundacionanse.org\/resalar\/2023\/04\/18\/oferta-de-operario-para-trabajar-en-salinas\/#primaryimage","url":"https:\/\/www.fundacionanse.org\/resalar\/wp-content\/uploads\/sites\/5\/2024\/02\/resalar-web_simbolo-color.svg","contentUrl":"https:\/\/www.fundacionanse.org\/resalar\/wp-content\/uploads\/sites\/5\/2024\/02\/resalar-web_simbolo-color.svg","width":168,"height":163,"caption":"Proyecto resalar"},{"@type":"BreadcrumbList","@id":"https:\/\/www.fundacionanse.org\/resalar\/2023\/04\/18\/oferta-de-operario-para-trabajar-en-salinas\/#breadcrumb","itemListElement":[{"@type":"ListItem","position":1,"name":"Portada","item":"https:\/\/www.fundacionanse.org\/resalar\/"},{"@type":"ListItem","position":2,"name":"Oferta de operario para trabajar en salinas"}]},{"@type":"WebSite","@id":"https:\/\/www.fundacionanse.org\/resalar\/#website","url":"https:\/\/www.fundacionanse.org\/resalar\/","name":"RESALAR","description":"Regeneraci\u00f3n de salinas y arenales en el Mar Menor","publisher":{"@id":"https:\/\/www.fundacionanse.org\/resalar\/#organization"},"potentialAction":[{"@type":"SearchAction","target":{"@type":"EntryPoint","urlTemplate":"https:\/\/www.fundacionanse.org\/resalar\/?s={search_term_string}"},"query-input":{"@type":"PropertyValueSpecification","valueRequired":true,"valueName":"search_term_string"}}],"inLanguage":"es"},{"@type":"Organization","@id":"https:\/\/www.fundacionanse.org\/resalar\/#organization","name":"RESALAR","url":"https:\/\/www.fundacionanse.org\/resalar\/","logo":{"@type":"ImageObject","inLanguage":"es","@id":"https:\/\/www.fundacionanse.org\/resalar\/#\/schema\/logo\/image\/","url":"https:\/\/www.fundacionanse.org\/resalar\/wp-content\/uploads\/sites\/5\/2024\/02\/resalar-web_vertical-color.svg","contentUrl":"https:\/\/www.fundacionanse.org\/resalar\/wp-content\/uploads\/sites\/5\/2024\/02\/resalar-web_vertical-color.svg","width":168,"height":188,"caption":"RESALAR"},"image":{"@id":"https:\/\/www.fundacionanse.org\/resalar\/#\/schema\/logo\/image\/"},"sameAs":["https:\/\/www.facebook.com\/FundacionANSE","https:\/\/x.com\/fundacionanse","https:\/\/www.instagram.com\/fundacionanse\/"]},{"@type":"Person","@id":"https:\/\/www.fundacionanse.org\/resalar\/#\/schema\/person\/5719c1a8aa1c54a3c7f0d42d26627275","name":"fundacion","image":{"@type":"ImageObject","inLanguage":"es","@id":"https:\/\/www.fundacionanse.org\/resalar\/#\/schema\/person\/image\/","url":"https:\/\/secure.gravatar.com\/avatar\/dec98970ed84c8fce89dd2c37c22164e7b4320cbf181bd9cbd9e99b05768686f?s=96&d=mm&r=g","contentUrl":"https:\/\/secure.gravatar.com\/avatar\/dec98970ed84c8fce89dd2c37c22164e7b4320cbf181bd9cbd9e99b05768686f?s=96&d=mm&r=g","caption":"fundacion"},"url":"https:\/\/www.fundacionanse.org\/resalar\/author\/fundacion\/"}]}},"_links":{"self":[{"href":"https:\/\/www.fundacionanse.org\/resalar\/wp-json\/wp\/v2\/posts\/193","targetHints":{"allow":["GET"]}}],"collection":[{"href":"https:\/\/www.fundacionanse.org\/resalar\/wp-json\/wp\/v2\/posts"}],"about":[{"href":"https:\/\/www.fundacionanse.org\/resalar\/wp-json\/wp\/v2\/types\/post"}],"author":[{"embeddable":true,"href":"https:\/\/www.fundacionanse.org\/resalar\/wp-json\/wp\/v2\/users\/2"}],"replies":[{"embeddable":true,"href":"https:\/\/www.fundacionanse.org\/resalar\/wp-json\/wp\/v2\/comments?post=193"}],"version-history":[{"count":0,"href":"https:\/\/www.fundacionanse.org\/resalar\/wp-json\/wp\/v2\/posts\/193\/revisions"}],"wp:featuredmedia":[{"embeddable":true,"href":"https:\/\/www.fundacionanse.org\/resalar\/wp-json\/wp\/v2\/media\/505"}],"wp:attachment":[{"href":"https:\/\/www.fundacionanse.org\/resalar\/wp-json\/wp\/v2\/media?parent=193"}],"wp:term":[{"taxonomy":"category","embeddable":true,"href":"https:\/\/www.fundacionanse.org\/resalar\/wp-json\/wp\/v2\/categories?post=193"},{"taxonomy":"post_tag","embeddable":true,"href":"https:\/\/www.fundacionanse.org\/resalar\/wp-json\/wp\/v2\/tags?post=193"}],"curies":[{"name":"wp","href":"https:\/\/api.w.org\/{rel}","templated":true}]}}