{"id":195,"date":"2023-05-29T13:00:00","date_gmt":"2023-05-29T13:00:00","guid":{"rendered":"https:\/\/www.fundacionanse.org\/resalar\/?p=195"},"modified":"2025-11-17T09:59:32","modified_gmt":"2025-11-17T09:59:32","slug":"limpieza-del-canal-de-las-salinas-de-marchamalo-y-creacion-de-cajas-nidos-para-cernicalo","status":"publish","type":"post","link":"https:\/\/www.fundacionanse.org\/resalar\/2023\/05\/29\/limpieza-del-canal-de-las-salinas-de-marchamalo-y-creacion-de-cajas-nidos-para-cernicalo\/","title":{"rendered":"Limpieza del canal de las salinas de Marchamalo y creaci\u00f3n de cajas nidos para cern\u00edcalo"},"content":{"rendered":"\n<p><strong>El proyecto Resalar sigue trabajando en la recuperaci\u00f3n de las salinas de Marchamalo, esta vez a trav\u00e9s de la realizaci\u00f3n de una jornada de voluntariado junto al personal de Navantia.<\/strong><\/p>\n\n\n<div class=\"wp-block-image\">\n<figure class=\"alignright size-full is-resized\"><img decoding=\"async\" width=\"1024\" height=\"768\" src=\"https:\/\/www.fundacionanse.org\/resalar\/wp-content\/uploads\/sites\/5\/2023\/06\/Navantia01.jpg\" alt=\"\" class=\"wp-image-198\" style=\"width:389px;height:290px\" srcset=\"https:\/\/www.fundacionanse.org\/resalar\/wp-content\/uploads\/sites\/5\/2023\/06\/Navantia01.jpg 1024w, https:\/\/www.fundacionanse.org\/resalar\/wp-content\/uploads\/sites\/5\/2023\/06\/Navantia01-300x225.jpg 300w, https:\/\/www.fundacionanse.org\/resalar\/wp-content\/uploads\/sites\/5\/2023\/06\/Navantia01-768x576.jpg 768w\" sizes=\"(max-width: 1024px) 100vw, 1024px\" \/><\/figure><\/div>\n\n\n<p>El pasado s\u00e1bado 27 de mayo se realiz\u00f3 una nueva actividad de voluntariado en las Salinas de Marchamalo, dentro de las actuaciones de recuperaci\u00f3n que se est\u00e1n desarrollando en el proyecto Resalar.<\/p>\n\n\n\n<p>En la actividad de voluntariado participaron las familias de los trabajadores de la empresa Navantia, con un total 28 personas.<\/p>\n\n\n\n<p>A lo largo de la ma\u00f1ana, pudieron conocer las acciones realizadas hasta la fecha, y todo el trabajo que queda por desarrollar. <\/p>\n\n\n\n<p>Los voluntarios ayudaron a limpiar los canales de acceso a las salinas, ya que debido a las grandes lluvias acontecidas los d\u00edas previos, se acumularon gran cantidad de residuos en la zona, siendo prioritaria su retirada para evitar la colmataci\u00f3n de los canales.<\/p>\n\n\n\n<p>Los voluntarios tambi\u00e9n participaron en la realizaci\u00f3n de cajas nido para cern\u00edcalos. Esta actividad se llev\u00f3 a cabo en las naves propiedad de ANSE, donde se realiz\u00f3 el montaje y posterior barnizado.<\/p>\n\n\n<div class=\"wp-block-image\">\n<figure class=\"alignleft size-full is-resized\"><img decoding=\"async\" width=\"768\" height=\"1024\" src=\"https:\/\/www.fundacionanse.org\/resalar\/wp-content\/uploads\/sites\/5\/2023\/06\/Navantia02.jpg\" alt=\"\" class=\"wp-image-197\" style=\"width:315px;height:420px\" srcset=\"https:\/\/www.fundacionanse.org\/resalar\/wp-content\/uploads\/sites\/5\/2023\/06\/Navantia02.jpg 768w, https:\/\/www.fundacionanse.org\/resalar\/wp-content\/uploads\/sites\/5\/2023\/06\/Navantia02-225x300.jpg 225w\" sizes=\"(max-width: 768px) 100vw, 768px\" \/><\/figure><\/div>\n\n\n<p>En el futuro, estas cajas ser\u00e1n colocadas en las distintas zonas de actuaci\u00f3n del proyecto, arenales y salinas, excepto una, que ser\u00e1 colocada en las naves de Navantia para facilitar a esta especie un lugar de anidamiento en la zona.<\/p>\n\n\n\n<p>El proyecto RESALAR tiene el objetivo de regenerar espacios del litoral del Mar Menor &nbsp;y su biodiversidad, fortalecer la resiliencia del litoral frente al cambio clim\u00e1tico y mejorar e incrementar los servicios ecosist\u00e9micos que proveen a la sociedad.<\/p>\n\n\n\n<p>Este proyecto, que coordina la Fundaci\u00f3n ANSE, y en el que participan la Asociaci\u00f3n de Naturalistas del Sureste, WWF-Espa\u00f1a y el Instituto Espa\u00f1ol de Oceanograf\u00eda, Centro Nacional de la Agencia Estatal Consejo Superior de Investigaciones Cient\u00edficas (IEO-CSIC), cuenta con el apoyo de la Fundaci\u00f3n Biodiversidad del Ministerio para la Transici\u00f3n Ecol\u00f3gica y el Reto Demogr\u00e1fico (MITECO) en el marco del Plan de Recuperaci\u00f3n, Transformaci\u00f3n y Resiliencia (PRTR), financiado por la Uni\u00f3n Europea \u2013 NextGenerationEU y se encuentra vinculado al Marco de Actuaciones Prioritarias para la recuperaci\u00f3n del Mar Menor del Ministerio para la Transici\u00f3n Ecol\u00f3gica y el Reto Demogr\u00e1fico.<\/p>\n","protected":false},"excerpt":{"rendered":"<p>El proyecto Resalar sigue trabajando en la recuperaci\u00f3n de las salinas de Marchamalo, esta vez a trav\u00e9s de la realizaci\u00f3n de una jornada de voluntariado junto al personal de Navantia. El pasado s\u00e1bado 27 de mayo se realiz\u00f3 una nueva actividad de voluntariado en las Salinas de Marchamalo, dentro de las actuaciones de recuperaci\u00f3n que &#8230; <a title=\"Limpieza del canal de las salinas de Marchamalo y creaci\u00f3n de cajas nidos para cern\u00edcalo\" class=\"read-more\" href=\"https:\/\/www.fundacionanse.org\/resalar\/2023\/05\/29\/limpieza-del-canal-de-las-salinas-de-marchamalo-y-creacion-de-cajas-nidos-para-cernicalo\/\" aria-label=\"Leer m\u00e1s sobre Limpieza del canal de las salinas de Marchamalo y creaci\u00f3n de cajas nidos para cern\u00edcalo\">Leer m\u00e1s<\/a><\/p>\n","protected":false},"author":2,"featured_media":196,"comment_status":"open","ping_status":"open","sticky":false,"template":"","format":"standard","meta":{"inline_featured_image":false,"footnotes":""},"categories":[1],"tags":[],"class_list":["post-195","post","type-post","status-publish","format-standard","has-post-thumbnail","hentry","category-actualidad","generate-columns","tablet-grid-50","mobile-grid-100","grid-parent","grid-33","resize-featured-image"],"yoast_head":"<!-- This site is optimized with the Yoast SEO plugin v26.9 - https:\/\/yoast.com\/product\/yoast-seo-wordpress\/ -->\n<title>Limpieza del canal de las salinas de Marchamalo y creaci\u00f3n de cajas nidos para cern\u00edcalo - RESALAR<\/title>\n<meta name=\"robots\" content=\"index, follow, max-snippet:-1, max-image-preview:large, max-video-preview:-1\" \/>\n<link rel=\"canonical\" href=\"https:\/\/www.fundacionanse.org\/resalar\/2023\/05\/29\/limpieza-del-canal-de-las-salinas-de-marchamalo-y-creacion-de-cajas-nidos-para-cernicalo\/\" \/>\n<meta property=\"og:locale\" content=\"es_ES\" \/>\n<meta property=\"og:type\" content=\"article\" \/>\n<meta property=\"og:title\" content=\"Limpieza del canal de las salinas de Marchamalo y creaci\u00f3n de cajas nidos para cern\u00edcalo - RESALAR\" \/>\n<meta property=\"og:description\" content=\"El proyecto Resalar sigue trabajando en la recuperaci\u00f3n de las salinas de Marchamalo, esta vez a trav\u00e9s de la realizaci\u00f3n de una jornada de voluntariado junto al personal de Navantia. El pasado s\u00e1bado 27 de mayo se realiz\u00f3 una nueva actividad de voluntariado en las Salinas de Marchamalo, dentro de las actuaciones de recuperaci\u00f3n que ... Leer m\u00e1s\" \/>\n<meta property=\"og:url\" content=\"https:\/\/www.fundacionanse.org\/resalar\/2023\/05\/29\/limpieza-del-canal-de-las-salinas-de-marchamalo-y-creacion-de-cajas-nidos-para-cernicalo\/\" \/>\n<meta property=\"og:site_name\" content=\"RESALAR\" \/>\n<meta property=\"article:publisher\" content=\"https:\/\/www.facebook.com\/FundacionANSE\" \/>\n<meta property=\"article:published_time\" content=\"2023-05-29T13:00:00+00:00\" \/>\n<meta property=\"article:modified_time\" content=\"2025-11-17T09:59:32+00:00\" \/>\n<meta property=\"og:image\" content=\"https:\/\/www.fundacionanse.org\/resalar\/wp-content\/uploads\/sites\/5\/2023\/06\/Navantia04.jpg\" \/>\n\t<meta property=\"og:image:width\" content=\"300\" \/>\n\t<meta property=\"og:image:height\" content=\"264\" \/>\n\t<meta property=\"og:image:type\" content=\"image\/jpeg\" \/>\n<meta name=\"author\" content=\"fundacion\" \/>\n<meta name=\"twitter:card\" content=\"summary_large_image\" \/>\n<meta name=\"twitter:creator\" content=\"@fundacionanse\" \/>\n<meta name=\"twitter:site\" content=\"@fundacionanse\" \/>\n<meta name=\"twitter:label1\" content=\"Escrito por\" \/>\n\t<meta name=\"twitter:data1\" content=\"fundacion\" \/>\n\t<meta name=\"twitter:label2\" content=\"Tiempo de lectura\" \/>\n\t<meta name=\"twitter:data2\" content=\"3 minutos\" \/>\n<script type=\"application\/ld+json\" class=\"yoast-schema-graph\">{\"@context\":\"https:\/\/schema.org\",\"@graph\":[{\"@type\":\"Article\",\"@id\":\"https:\/\/www.fundacionanse.org\/resalar\/2023\/05\/29\/limpieza-del-canal-de-las-salinas-de-marchamalo-y-creacion-de-cajas-nidos-para-cernicalo\/#article\",\"isPartOf\":{\"@id\":\"https:\/\/www.fundacionanse.org\/resalar\/2023\/05\/29\/limpieza-del-canal-de-las-salinas-de-marchamalo-y-creacion-de-cajas-nidos-para-cernicalo\/\"},\"author\":{\"name\":\"fundacion\",\"@id\":\"https:\/\/www.fundacionanse.org\/resalar\/#\/schema\/person\/5719c1a8aa1c54a3c7f0d42d26627275\"},\"headline\":\"Limpieza del canal de las salinas de Marchamalo y creaci\u00f3n de cajas nidos para cern\u00edcalo\",\"datePublished\":\"2023-05-29T13:00:00+00:00\",\"dateModified\":\"2025-11-17T09:59:32+00:00\",\"mainEntityOfPage\":{\"@id\":\"https:\/\/www.fundacionanse.org\/resalar\/2023\/05\/29\/limpieza-del-canal-de-las-salinas-de-marchamalo-y-creacion-de-cajas-nidos-para-cernicalo\/\"},\"wordCount\":404,\"commentCount\":0,\"publisher\":{\"@id\":\"https:\/\/www.fundacionanse.org\/resalar\/#organization\"},\"image\":{\"@id\":\"https:\/\/www.fundacionanse.org\/resalar\/2023\/05\/29\/limpieza-del-canal-de-las-salinas-de-marchamalo-y-creacion-de-cajas-nidos-para-cernicalo\/#primaryimage\"},\"thumbnailUrl\":\"https:\/\/www.fundacionanse.org\/resalar\/wp-content\/uploads\/sites\/5\/2023\/06\/Navantia04.jpg\",\"articleSection\":[\"Actualidad\"],\"inLanguage\":\"es\"},{\"@type\":\"WebPage\",\"@id\":\"https:\/\/www.fundacionanse.org\/resalar\/2023\/05\/29\/limpieza-del-canal-de-las-salinas-de-marchamalo-y-creacion-de-cajas-nidos-para-cernicalo\/\",\"url\":\"https:\/\/www.fundacionanse.org\/resalar\/2023\/05\/29\/limpieza-del-canal-de-las-salinas-de-marchamalo-y-creacion-de-cajas-nidos-para-cernicalo\/\",\"name\":\"Limpieza del canal de las salinas de Marchamalo y creaci\u00f3n de cajas nidos para cern\u00edcalo - RESALAR\",\"isPartOf\":{\"@id\":\"https:\/\/www.fundacionanse.org\/resalar\/#website\"},\"primaryImageOfPage\":{\"@id\":\"https:\/\/www.fundacionanse.org\/resalar\/2023\/05\/29\/limpieza-del-canal-de-las-salinas-de-marchamalo-y-creacion-de-cajas-nidos-para-cernicalo\/#primaryimage\"},\"image\":{\"@id\":\"https:\/\/www.fundacionanse.org\/resalar\/2023\/05\/29\/limpieza-del-canal-de-las-salinas-de-marchamalo-y-creacion-de-cajas-nidos-para-cernicalo\/#primaryimage\"},\"thumbnailUrl\":\"https:\/\/www.fundacionanse.org\/resalar\/wp-content\/uploads\/sites\/5\/2023\/06\/Navantia04.jpg\",\"datePublished\":\"2023-05-29T13:00:00+00:00\",\"dateModified\":\"2025-11-17T09:59:32+00:00\",\"breadcrumb\":{\"@id\":\"https:\/\/www.fundacionanse.org\/resalar\/2023\/05\/29\/limpieza-del-canal-de-las-salinas-de-marchamalo-y-creacion-de-cajas-nidos-para-cernicalo\/#breadcrumb\"},\"inLanguage\":\"es\",\"potentialAction\":[{\"@type\":\"ReadAction\",\"target\":[\"https:\/\/www.fundacionanse.org\/resalar\/2023\/05\/29\/limpieza-del-canal-de-las-salinas-de-marchamalo-y-creacion-de-cajas-nidos-para-cernicalo\/\"]}]},{\"@type\":\"ImageObject\",\"inLanguage\":\"es\",\"@id\":\"https:\/\/www.fundacionanse.org\/resalar\/2023\/05\/29\/limpieza-del-canal-de-las-salinas-de-marchamalo-y-creacion-de-cajas-nidos-para-cernicalo\/#primaryimage\",\"url\":\"https:\/\/www.fundacionanse.org\/resalar\/wp-content\/uploads\/sites\/5\/2023\/06\/Navantia04.jpg\",\"contentUrl\":\"https:\/\/www.fundacionanse.org\/resalar\/wp-content\/uploads\/sites\/5\/2023\/06\/Navantia04.jpg\",\"width\":300,\"height\":264},{\"@type\":\"BreadcrumbList\",\"@id\":\"https:\/\/www.fundacionanse.org\/resalar\/2023\/05\/29\/limpieza-del-canal-de-las-salinas-de-marchamalo-y-creacion-de-cajas-nidos-para-cernicalo\/#breadcrumb\",\"itemListElement\":[{\"@type\":\"ListItem\",\"position\":1,\"name\":\"Portada\",\"item\":\"https:\/\/www.fundacionanse.org\/resalar\/\"},{\"@type\":\"ListItem\",\"position\":2,\"name\":\"Limpieza del canal de las salinas de Marchamalo y creaci\u00f3n de cajas nidos para cern\u00edcalo\"}]},{\"@type\":\"WebSite\",\"@id\":\"https:\/\/www.fundacionanse.org\/resalar\/#website\",\"url\":\"https:\/\/www.fundacionanse.org\/resalar\/\",\"name\":\"RESALAR\",\"description\":\"Regeneraci\u00f3n de salinas y arenales en el Mar Menor\",\"publisher\":{\"@id\":\"https:\/\/www.fundacionanse.org\/resalar\/#organization\"},\"potentialAction\":[{\"@type\":\"SearchAction\",\"target\":{\"@type\":\"EntryPoint\",\"urlTemplate\":\"https:\/\/www.fundacionanse.org\/resalar\/?s={search_term_string}\"},\"query-input\":{\"@type\":\"PropertyValueSpecification\",\"valueRequired\":true,\"valueName\":\"search_term_string\"}}],\"inLanguage\":\"es\"},{\"@type\":\"Organization\",\"@id\":\"https:\/\/www.fundacionanse.org\/resalar\/#organization\",\"name\":\"RESALAR\",\"url\":\"https:\/\/www.fundacionanse.org\/resalar\/\",\"logo\":{\"@type\":\"ImageObject\",\"inLanguage\":\"es\",\"@id\":\"https:\/\/www.fundacionanse.org\/resalar\/#\/schema\/logo\/image\/\",\"url\":\"https:\/\/www.fundacionanse.org\/resalar\/wp-content\/uploads\/sites\/5\/2024\/02\/resalar-web_vertical-color.svg\",\"contentUrl\":\"https:\/\/www.fundacionanse.org\/resalar\/wp-content\/uploads\/sites\/5\/2024\/02\/resalar-web_vertical-color.svg\",\"width\":168,\"height\":188,\"caption\":\"RESALAR\"},\"image\":{\"@id\":\"https:\/\/www.fundacionanse.org\/resalar\/#\/schema\/logo\/image\/\"},\"sameAs\":[\"https:\/\/www.facebook.com\/FundacionANSE\",\"https:\/\/x.com\/fundacionanse\",\"https:\/\/www.instagram.com\/fundacionanse\/\"]},{\"@type\":\"Person\",\"@id\":\"https:\/\/www.fundacionanse.org\/resalar\/#\/schema\/person\/5719c1a8aa1c54a3c7f0d42d26627275\",\"name\":\"fundacion\",\"image\":{\"@type\":\"ImageObject\",\"inLanguage\":\"es\",\"@id\":\"https:\/\/www.fundacionanse.org\/resalar\/#\/schema\/person\/image\/\",\"url\":\"https:\/\/secure.gravatar.com\/avatar\/dec98970ed84c8fce89dd2c37c22164e7b4320cbf181bd9cbd9e99b05768686f?s=96&d=mm&r=g\",\"contentUrl\":\"https:\/\/secure.gravatar.com\/avatar\/dec98970ed84c8fce89dd2c37c22164e7b4320cbf181bd9cbd9e99b05768686f?s=96&d=mm&r=g\",\"caption\":\"fundacion\"},\"url\":\"https:\/\/www.fundacionanse.org\/resalar\/author\/fundacion\/\"}]}<\/script>\n<!-- \/ Yoast SEO plugin. -->","yoast_head_json":{"title":"Limpieza del canal de las salinas de Marchamalo y creaci\u00f3n de cajas nidos para cern\u00edcalo - RESALAR","robots":{"index":"index","follow":"follow","max-snippet":"max-snippet:-1","max-image-preview":"max-image-preview:large","max-video-preview":"max-video-preview:-1"},"canonical":"https:\/\/www.fundacionanse.org\/resalar\/2023\/05\/29\/limpieza-del-canal-de-las-salinas-de-marchamalo-y-creacion-de-cajas-nidos-para-cernicalo\/","og_locale":"es_ES","og_type":"article","og_title":"Limpieza del canal de las salinas de Marchamalo y creaci\u00f3n de cajas nidos para cern\u00edcalo - RESALAR","og_description":"El proyecto Resalar sigue trabajando en la recuperaci\u00f3n de las salinas de Marchamalo, esta vez a trav\u00e9s de la realizaci\u00f3n de una jornada de voluntariado junto al personal de Navantia. El pasado s\u00e1bado 27 de mayo se realiz\u00f3 una nueva actividad de voluntariado en las Salinas de Marchamalo, dentro de las actuaciones de recuperaci\u00f3n que ... Leer m\u00e1s","og_url":"https:\/\/www.fundacionanse.org\/resalar\/2023\/05\/29\/limpieza-del-canal-de-las-salinas-de-marchamalo-y-creacion-de-cajas-nidos-para-cernicalo\/","og_site_name":"RESALAR","article_publisher":"https:\/\/www.facebook.com\/FundacionANSE","article_published_time":"2023-05-29T13:00:00+00:00","article_modified_time":"2025-11-17T09:59:32+00:00","og_image":[{"width":300,"height":264,"url":"https:\/\/www.fundacionanse.org\/resalar\/wp-content\/uploads\/sites\/5\/2023\/06\/Navantia04.jpg","type":"image\/jpeg"}],"author":"fundacion","twitter_card":"summary_large_image","twitter_creator":"@fundacionanse","twitter_site":"@fundacionanse","twitter_misc":{"Escrito por":"fundacion","Tiempo de lectura":"3 minutos"},"schema":{"@context":"https:\/\/schema.org","@graph":[{"@type":"Article","@id":"https:\/\/www.fundacionanse.org\/resalar\/2023\/05\/29\/limpieza-del-canal-de-las-salinas-de-marchamalo-y-creacion-de-cajas-nidos-para-cernicalo\/#article","isPartOf":{"@id":"https:\/\/www.fundacionanse.org\/resalar\/2023\/05\/29\/limpieza-del-canal-de-las-salinas-de-marchamalo-y-creacion-de-cajas-nidos-para-cernicalo\/"},"author":{"name":"fundacion","@id":"https:\/\/www.fundacionanse.org\/resalar\/#\/schema\/person\/5719c1a8aa1c54a3c7f0d42d26627275"},"headline":"Limpieza del canal de las salinas de Marchamalo y creaci\u00f3n de cajas nidos para cern\u00edcalo","datePublished":"2023-05-29T13:00:00+00:00","dateModified":"2025-11-17T09:59:32+00:00","mainEntityOfPage":{"@id":"https:\/\/www.fundacionanse.org\/resalar\/2023\/05\/29\/limpieza-del-canal-de-las-salinas-de-marchamalo-y-creacion-de-cajas-nidos-para-cernicalo\/"},"wordCount":404,"commentCount":0,"publisher":{"@id":"https:\/\/www.fundacionanse.org\/resalar\/#organization"},"image":{"@id":"https:\/\/www.fundacionanse.org\/resalar\/2023\/05\/29\/limpieza-del-canal-de-las-salinas-de-marchamalo-y-creacion-de-cajas-nidos-para-cernicalo\/#primaryimage"},"thumbnailUrl":"https:\/\/www.fundacionanse.org\/resalar\/wp-content\/uploads\/sites\/5\/2023\/06\/Navantia04.jpg","articleSection":["Actualidad"],"inLanguage":"es"},{"@type":"WebPage","@id":"https:\/\/www.fundacionanse.org\/resalar\/2023\/05\/29\/limpieza-del-canal-de-las-salinas-de-marchamalo-y-creacion-de-cajas-nidos-para-cernicalo\/","url":"https:\/\/www.fundacionanse.org\/resalar\/2023\/05\/29\/limpieza-del-canal-de-las-salinas-de-marchamalo-y-creacion-de-cajas-nidos-para-cernicalo\/","name":"Limpieza del canal de las salinas de Marchamalo y creaci\u00f3n de cajas nidos para cern\u00edcalo - RESALAR","isPartOf":{"@id":"https:\/\/www.fundacionanse.org\/resalar\/#website"},"primaryImageOfPage":{"@id":"https:\/\/www.fundacionanse.org\/resalar\/2023\/05\/29\/limpieza-del-canal-de-las-salinas-de-marchamalo-y-creacion-de-cajas-nidos-para-cernicalo\/#primaryimage"},"image":{"@id":"https:\/\/www.fundacionanse.org\/resalar\/2023\/05\/29\/limpieza-del-canal-de-las-salinas-de-marchamalo-y-creacion-de-cajas-nidos-para-cernicalo\/#primaryimage"},"thumbnailUrl":"https:\/\/www.fundacionanse.org\/resalar\/wp-content\/uploads\/sites\/5\/2023\/06\/Navantia04.jpg","datePublished":"2023-05-29T13:00:00+00:00","dateModified":"2025-11-17T09:59:32+00:00","breadcrumb":{"@id":"https:\/\/www.fundacionanse.org\/resalar\/2023\/05\/29\/limpieza-del-canal-de-las-salinas-de-marchamalo-y-creacion-de-cajas-nidos-para-cernicalo\/#breadcrumb"},"inLanguage":"es","potentialAction":[{"@type":"ReadAction","target":["https:\/\/www.fundacionanse.org\/resalar\/2023\/05\/29\/limpieza-del-canal-de-las-salinas-de-marchamalo-y-creacion-de-cajas-nidos-para-cernicalo\/"]}]},{"@type":"ImageObject","inLanguage":"es","@id":"https:\/\/www.fundacionanse.org\/resalar\/2023\/05\/29\/limpieza-del-canal-de-las-salinas-de-marchamalo-y-creacion-de-cajas-nidos-para-cernicalo\/#primaryimage","url":"https:\/\/www.fundacionanse.org\/resalar\/wp-content\/uploads\/sites\/5\/2023\/06\/Navantia04.jpg","contentUrl":"https:\/\/www.fundacionanse.org\/resalar\/wp-content\/uploads\/sites\/5\/2023\/06\/Navantia04.jpg","width":300,"height":264},{"@type":"BreadcrumbList","@id":"https:\/\/www.fundacionanse.org\/resalar\/2023\/05\/29\/limpieza-del-canal-de-las-salinas-de-marchamalo-y-creacion-de-cajas-nidos-para-cernicalo\/#breadcrumb","itemListElement":[{"@type":"ListItem","position":1,"name":"Portada","item":"https:\/\/www.fundacionanse.org\/resalar\/"},{"@type":"ListItem","position":2,"name":"Limpieza del canal de las salinas de Marchamalo y creaci\u00f3n de cajas nidos para cern\u00edcalo"}]},{"@type":"WebSite","@id":"https:\/\/www.fundacionanse.org\/resalar\/#website","url":"https:\/\/www.fundacionanse.org\/resalar\/","name":"RESALAR","description":"Regeneraci\u00f3n de salinas y arenales en el Mar Menor","publisher":{"@id":"https:\/\/www.fundacionanse.org\/resalar\/#organization"},"potentialAction":[{"@type":"SearchAction","target":{"@type":"EntryPoint","urlTemplate":"https:\/\/www.fundacionanse.org\/resalar\/?s={search_term_string}"},"query-input":{"@type":"PropertyValueSpecification","valueRequired":true,"valueName":"search_term_string"}}],"inLanguage":"es"},{"@type":"Organization","@id":"https:\/\/www.fundacionanse.org\/resalar\/#organization","name":"RESALAR","url":"https:\/\/www.fundacionanse.org\/resalar\/","logo":{"@type":"ImageObject","inLanguage":"es","@id":"https:\/\/www.fundacionanse.org\/resalar\/#\/schema\/logo\/image\/","url":"https:\/\/www.fundacionanse.org\/resalar\/wp-content\/uploads\/sites\/5\/2024\/02\/resalar-web_vertical-color.svg","contentUrl":"https:\/\/www.fundacionanse.org\/resalar\/wp-content\/uploads\/sites\/5\/2024\/02\/resalar-web_vertical-color.svg","width":168,"height":188,"caption":"RESALAR"},"image":{"@id":"https:\/\/www.fundacionanse.org\/resalar\/#\/schema\/logo\/image\/"},"sameAs":["https:\/\/www.facebook.com\/FundacionANSE","https:\/\/x.com\/fundacionanse","https:\/\/www.instagram.com\/fundacionanse\/"]},{"@type":"Person","@id":"https:\/\/www.fundacionanse.org\/resalar\/#\/schema\/person\/5719c1a8aa1c54a3c7f0d42d26627275","name":"fundacion","image":{"@type":"ImageObject","inLanguage":"es","@id":"https:\/\/www.fundacionanse.org\/resalar\/#\/schema\/person\/image\/","url":"https:\/\/secure.gravatar.com\/avatar\/dec98970ed84c8fce89dd2c37c22164e7b4320cbf181bd9cbd9e99b05768686f?s=96&d=mm&r=g","contentUrl":"https:\/\/secure.gravatar.com\/avatar\/dec98970ed84c8fce89dd2c37c22164e7b4320cbf181bd9cbd9e99b05768686f?s=96&d=mm&r=g","caption":"fundacion"},"url":"https:\/\/www.fundacionanse.org\/resalar\/author\/fundacion\/"}]}},"_links":{"self":[{"href":"https:\/\/www.fundacionanse.org\/resalar\/wp-json\/wp\/v2\/posts\/195","targetHints":{"allow":["GET"]}}],"collection":[{"href":"https:\/\/www.fundacionanse.org\/resalar\/wp-json\/wp\/v2\/posts"}],"about":[{"href":"https:\/\/www.fundacionanse.org\/resalar\/wp-json\/wp\/v2\/types\/post"}],"author":[{"embeddable":true,"href":"https:\/\/www.fundacionanse.org\/resalar\/wp-json\/wp\/v2\/users\/2"}],"replies":[{"embeddable":true,"href":"https:\/\/www.fundacionanse.org\/resalar\/wp-json\/wp\/v2\/comments?post=195"}],"version-history":[{"count":0,"href":"https:\/\/www.fundacionanse.org\/resalar\/wp-json\/wp\/v2\/posts\/195\/revisions"}],"wp:featuredmedia":[{"embeddable":true,"href":"https:\/\/www.fundacionanse.org\/resalar\/wp-json\/wp\/v2\/media\/196"}],"wp:attachment":[{"href":"https:\/\/www.fundacionanse.org\/resalar\/wp-json\/wp\/v2\/media?parent=195"}],"wp:term":[{"taxonomy":"category","embeddable":true,"href":"https:\/\/www.fundacionanse.org\/resalar\/wp-json\/wp\/v2\/categories?post=195"},{"taxonomy":"post_tag","embeddable":true,"href":"https:\/\/www.fundacionanse.org\/resalar\/wp-json\/wp\/v2\/tags?post=195"}],"curies":[{"name":"wp","href":"https:\/\/api.w.org\/{rel}","templated":true}]}}