{"id":200,"date":"2023-06-05T13:04:00","date_gmt":"2023-06-05T13:04:00","guid":{"rendered":"https:\/\/www.fundacionanse.org\/resalar\/?p=200"},"modified":"2025-11-17T09:59:32","modified_gmt":"2025-11-17T09:59:32","slug":"anse-con-poesia-a-mares","status":"publish","type":"post","link":"https:\/\/www.fundacionanse.org\/resalar\/2023\/06\/05\/anse-con-poesia-a-mares\/","title":{"rendered":"ANSE con Poes\u00eda a Mares"},"content":{"rendered":"\n<p><strong>ANSE tuvo la suerte de participar en \u00abPoes\u00eda a Mares\u00bb, un evento organizado en la bocana de cabo de palos con motivo del \u00abD\u00eda Internacional del Medio Ambiente\u00bb. Una idea innovadora que pretende unir cultura con naturaleza. Como plato fuerte de cultura, la poes\u00eda, tan en desuso en nuestros d\u00edas.<\/strong><\/p>\n\n\n\n<p>ANSE particip\u00f3 en este evento junto a otras organizaciones de medio ambiente como Reservas Marinas, Huerto Pio- Fundaci\u00f3n Sierra Minera, Ulula, Ecologistas en Acci\u00f3n, AASS de mujeres Virgen del Mar, Asociaci\u00f3n Ecociudadana por un Mar Menor vivo, Asociaci\u00f3n Muro de Arte.<\/p>\n\n\n<div class=\"wp-block-image\">\n<figure class=\"alignleft size-full is-resized\"><img decoding=\"async\" width=\"647\" height=\"863\" src=\"https:\/\/www.fundacionanse.org\/resalar\/wp-content\/uploads\/sites\/5\/2023\/06\/poesia03.jpg\" alt=\"\" class=\"wp-image-201\" style=\"width:339px;height:452px\" srcset=\"https:\/\/www.fundacionanse.org\/resalar\/wp-content\/uploads\/sites\/5\/2023\/06\/poesia03.jpg 647w, https:\/\/www.fundacionanse.org\/resalar\/wp-content\/uploads\/sites\/5\/2023\/06\/poesia03-225x300.jpg 225w\" sizes=\"(max-width: 647px) 100vw, 647px\" \/><\/figure><\/div>\n\n\n<p>En este espacio, los asistentes pudieron disfrutar de una feria de arte y artesan\u00eda, amenizada con talleres de las distintas organizaciones, un dj y recital de poes\u00eda.<\/p>\n\n\n\n<p>En la jornada dominical, ANSE difundi\u00f3 entre los asistentes la labor que lleva a cabo en los distintos proyectos, pero de forma m\u00e1s intensa en los proyectos de RESALAR y Bosque Romano. Ambos proyectos est\u00e1n activos en la zona y se desarrollan en las proximidades del enclave de Poes\u00eda a Mares. Por el stand de ANSE pasaron un sinf\u00edn de personas de muy diversa \u00edndole. Los participantes viajaron en el tiempo gracias a las fotograf\u00edas de Cabo de Palos de 1942 y a toda la historia del muro de la sal.<\/p>\n\n\n\n<p>Este proyecto, que coordina la Fundaci\u00f3n ANSE, y en el que participan la Asociaci\u00f3n de Naturalistas del Sureste, WWF-Espa\u00f1a y el Instituto Espa\u00f1ol de Oceanograf\u00eda, Centro Nacional de la Agencia Estatal Consejo Superior de Investigaciones Cient\u00edficas (IEO-CSIC), cuenta con el apoyo de la Fundaci\u00f3n Biodiversidad del Ministerio para la Transici\u00f3n Ecol\u00f3gica y el Reto Demogr\u00e1fico (MITECO) en el marco del Plan de Recuperaci\u00f3n, Transformaci\u00f3n y Resiliencia (PRTR), financiado por la Uni\u00f3n Europea \u2013 NextGenerationEU y se encuentra vinculado al Marco de Actuaciones Prioritarias para la recuperaci\u00f3n del Mar Menor del Ministerio para la Transici\u00f3n Ecol\u00f3gica y el Reto Demogr\u00e1fico.<\/p>\n\n\n\n<figure class=\"wp-block-image size-large\"><img decoding=\"async\" width=\"1024\" height=\"768\" src=\"https:\/\/www.fundacionanse.org\/resalar\/wp-content\/uploads\/sites\/5\/2023\/06\/poesia02-1024x768.jpg\" alt=\"\" class=\"wp-image-202\" srcset=\"https:\/\/www.fundacionanse.org\/resalar\/wp-content\/uploads\/sites\/5\/2023\/06\/poesia02-1024x768.jpg 1024w, https:\/\/www.fundacionanse.org\/resalar\/wp-content\/uploads\/sites\/5\/2023\/06\/poesia02-300x225.jpg 300w, https:\/\/www.fundacionanse.org\/resalar\/wp-content\/uploads\/sites\/5\/2023\/06\/poesia02-768x576.jpg 768w, https:\/\/www.fundacionanse.org\/resalar\/wp-content\/uploads\/sites\/5\/2023\/06\/poesia02.jpg 1490w\" sizes=\"(max-width: 1024px) 100vw, 1024px\" \/><\/figure>\n","protected":false},"excerpt":{"rendered":"<p>ANSE tuvo la suerte de participar en \u00abPoes\u00eda a Mares\u00bb, un evento organizado en la bocana de cabo de palos con motivo del \u00abD\u00eda Internacional del Medio Ambiente\u00bb. Una idea innovadora que pretende unir cultura con naturaleza. Como plato fuerte de cultura, la poes\u00eda, tan en desuso en nuestros d\u00edas. ANSE particip\u00f3 en este evento &#8230; <a title=\"ANSE con Poes\u00eda a Mares\" class=\"read-more\" href=\"https:\/\/www.fundacionanse.org\/resalar\/2023\/06\/05\/anse-con-poesia-a-mares\/\" aria-label=\"Leer m\u00e1s sobre ANSE con Poes\u00eda a Mares\">Leer m\u00e1s<\/a><\/p>\n","protected":false},"author":2,"featured_media":203,"comment_status":"open","ping_status":"open","sticky":false,"template":"","format":"standard","meta":{"inline_featured_image":false,"footnotes":""},"categories":[1],"tags":[],"class_list":["post-200","post","type-post","status-publish","format-standard","has-post-thumbnail","hentry","category-actualidad","generate-columns","tablet-grid-50","mobile-grid-100","grid-parent","grid-33","resize-featured-image"],"yoast_head":"<!-- This site is optimized with the Yoast SEO plugin v26.9 - https:\/\/yoast.com\/product\/yoast-seo-wordpress\/ -->\n<title>ANSE con Poes\u00eda a Mares - RESALAR<\/title>\n<meta name=\"robots\" content=\"index, follow, max-snippet:-1, max-image-preview:large, max-video-preview:-1\" \/>\n<link rel=\"canonical\" href=\"https:\/\/www.fundacionanse.org\/resalar\/2023\/06\/05\/anse-con-poesia-a-mares\/\" \/>\n<meta property=\"og:locale\" content=\"es_ES\" \/>\n<meta property=\"og:type\" content=\"article\" \/>\n<meta property=\"og:title\" content=\"ANSE con Poes\u00eda a Mares - RESALAR\" \/>\n<meta property=\"og:description\" content=\"ANSE tuvo la suerte de participar en \u00abPoes\u00eda a Mares\u00bb, un evento organizado en la bocana de cabo de palos con motivo del \u00abD\u00eda Internacional del Medio Ambiente\u00bb. Una idea innovadora que pretende unir cultura con naturaleza. Como plato fuerte de cultura, la poes\u00eda, tan en desuso en nuestros d\u00edas. ANSE particip\u00f3 en este evento ... Leer m\u00e1s\" \/>\n<meta property=\"og:url\" content=\"https:\/\/www.fundacionanse.org\/resalar\/2023\/06\/05\/anse-con-poesia-a-mares\/\" \/>\n<meta property=\"og:site_name\" content=\"RESALAR\" \/>\n<meta property=\"article:publisher\" content=\"https:\/\/www.facebook.com\/FundacionANSE\" \/>\n<meta property=\"article:published_time\" content=\"2023-06-05T13:04:00+00:00\" \/>\n<meta property=\"article:modified_time\" content=\"2025-11-17T09:59:32+00:00\" \/>\n<meta property=\"og:image\" content=\"https:\/\/www.fundacionanse.org\/resalar\/wp-content\/uploads\/sites\/5\/2023\/06\/poesia01.jpg\" \/>\n\t<meta property=\"og:image:width\" content=\"1599\" \/>\n\t<meta property=\"og:image:height\" content=\"899\" \/>\n\t<meta property=\"og:image:type\" content=\"image\/jpeg\" \/>\n<meta name=\"author\" content=\"fundacion\" \/>\n<meta name=\"twitter:card\" content=\"summary_large_image\" \/>\n<meta name=\"twitter:creator\" content=\"@fundacionanse\" \/>\n<meta name=\"twitter:site\" content=\"@fundacionanse\" \/>\n<meta name=\"twitter:label1\" content=\"Escrito por\" \/>\n\t<meta name=\"twitter:data1\" content=\"fundacion\" \/>\n\t<meta name=\"twitter:label2\" content=\"Tiempo de lectura\" \/>\n\t<meta name=\"twitter:data2\" content=\"1 minuto\" \/>\n<script type=\"application\/ld+json\" class=\"yoast-schema-graph\">{\"@context\":\"https:\/\/schema.org\",\"@graph\":[{\"@type\":\"Article\",\"@id\":\"https:\/\/www.fundacionanse.org\/resalar\/2023\/06\/05\/anse-con-poesia-a-mares\/#article\",\"isPartOf\":{\"@id\":\"https:\/\/www.fundacionanse.org\/resalar\/2023\/06\/05\/anse-con-poesia-a-mares\/\"},\"author\":{\"name\":\"fundacion\",\"@id\":\"https:\/\/www.fundacionanse.org\/resalar\/#\/schema\/person\/5719c1a8aa1c54a3c7f0d42d26627275\"},\"headline\":\"ANSE con Poes\u00eda a Mares\",\"datePublished\":\"2023-06-05T13:04:00+00:00\",\"dateModified\":\"2025-11-17T09:59:32+00:00\",\"mainEntityOfPage\":{\"@id\":\"https:\/\/www.fundacionanse.org\/resalar\/2023\/06\/05\/anse-con-poesia-a-mares\/\"},\"wordCount\":344,\"commentCount\":0,\"publisher\":{\"@id\":\"https:\/\/www.fundacionanse.org\/resalar\/#organization\"},\"image\":{\"@id\":\"https:\/\/www.fundacionanse.org\/resalar\/2023\/06\/05\/anse-con-poesia-a-mares\/#primaryimage\"},\"thumbnailUrl\":\"https:\/\/www.fundacionanse.org\/resalar\/wp-content\/uploads\/sites\/5\/2023\/06\/poesia01.jpg\",\"articleSection\":[\"Actualidad\"],\"inLanguage\":\"es\"},{\"@type\":\"WebPage\",\"@id\":\"https:\/\/www.fundacionanse.org\/resalar\/2023\/06\/05\/anse-con-poesia-a-mares\/\",\"url\":\"https:\/\/www.fundacionanse.org\/resalar\/2023\/06\/05\/anse-con-poesia-a-mares\/\",\"name\":\"ANSE con Poes\u00eda a Mares - RESALAR\",\"isPartOf\":{\"@id\":\"https:\/\/www.fundacionanse.org\/resalar\/#website\"},\"primaryImageOfPage\":{\"@id\":\"https:\/\/www.fundacionanse.org\/resalar\/2023\/06\/05\/anse-con-poesia-a-mares\/#primaryimage\"},\"image\":{\"@id\":\"https:\/\/www.fundacionanse.org\/resalar\/2023\/06\/05\/anse-con-poesia-a-mares\/#primaryimage\"},\"thumbnailUrl\":\"https:\/\/www.fundacionanse.org\/resalar\/wp-content\/uploads\/sites\/5\/2023\/06\/poesia01.jpg\",\"datePublished\":\"2023-06-05T13:04:00+00:00\",\"dateModified\":\"2025-11-17T09:59:32+00:00\",\"breadcrumb\":{\"@id\":\"https:\/\/www.fundacionanse.org\/resalar\/2023\/06\/05\/anse-con-poesia-a-mares\/#breadcrumb\"},\"inLanguage\":\"es\",\"potentialAction\":[{\"@type\":\"ReadAction\",\"target\":[\"https:\/\/www.fundacionanse.org\/resalar\/2023\/06\/05\/anse-con-poesia-a-mares\/\"]}]},{\"@type\":\"ImageObject\",\"inLanguage\":\"es\",\"@id\":\"https:\/\/www.fundacionanse.org\/resalar\/2023\/06\/05\/anse-con-poesia-a-mares\/#primaryimage\",\"url\":\"https:\/\/www.fundacionanse.org\/resalar\/wp-content\/uploads\/sites\/5\/2023\/06\/poesia01.jpg\",\"contentUrl\":\"https:\/\/www.fundacionanse.org\/resalar\/wp-content\/uploads\/sites\/5\/2023\/06\/poesia01.jpg\",\"width\":1599,\"height\":899},{\"@type\":\"BreadcrumbList\",\"@id\":\"https:\/\/www.fundacionanse.org\/resalar\/2023\/06\/05\/anse-con-poesia-a-mares\/#breadcrumb\",\"itemListElement\":[{\"@type\":\"ListItem\",\"position\":1,\"name\":\"Portada\",\"item\":\"https:\/\/www.fundacionanse.org\/resalar\/\"},{\"@type\":\"ListItem\",\"position\":2,\"name\":\"ANSE con Poes\u00eda a Mares\"}]},{\"@type\":\"WebSite\",\"@id\":\"https:\/\/www.fundacionanse.org\/resalar\/#website\",\"url\":\"https:\/\/www.fundacionanse.org\/resalar\/\",\"name\":\"RESALAR\",\"description\":\"Regeneraci\u00f3n de salinas y arenales en el Mar Menor\",\"publisher\":{\"@id\":\"https:\/\/www.fundacionanse.org\/resalar\/#organization\"},\"potentialAction\":[{\"@type\":\"SearchAction\",\"target\":{\"@type\":\"EntryPoint\",\"urlTemplate\":\"https:\/\/www.fundacionanse.org\/resalar\/?s={search_term_string}\"},\"query-input\":{\"@type\":\"PropertyValueSpecification\",\"valueRequired\":true,\"valueName\":\"search_term_string\"}}],\"inLanguage\":\"es\"},{\"@type\":\"Organization\",\"@id\":\"https:\/\/www.fundacionanse.org\/resalar\/#organization\",\"name\":\"RESALAR\",\"url\":\"https:\/\/www.fundacionanse.org\/resalar\/\",\"logo\":{\"@type\":\"ImageObject\",\"inLanguage\":\"es\",\"@id\":\"https:\/\/www.fundacionanse.org\/resalar\/#\/schema\/logo\/image\/\",\"url\":\"https:\/\/www.fundacionanse.org\/resalar\/wp-content\/uploads\/sites\/5\/2024\/02\/resalar-web_vertical-color.svg\",\"contentUrl\":\"https:\/\/www.fundacionanse.org\/resalar\/wp-content\/uploads\/sites\/5\/2024\/02\/resalar-web_vertical-color.svg\",\"width\":168,\"height\":188,\"caption\":\"RESALAR\"},\"image\":{\"@id\":\"https:\/\/www.fundacionanse.org\/resalar\/#\/schema\/logo\/image\/\"},\"sameAs\":[\"https:\/\/www.facebook.com\/FundacionANSE\",\"https:\/\/x.com\/fundacionanse\",\"https:\/\/www.instagram.com\/fundacionanse\/\"]},{\"@type\":\"Person\",\"@id\":\"https:\/\/www.fundacionanse.org\/resalar\/#\/schema\/person\/5719c1a8aa1c54a3c7f0d42d26627275\",\"name\":\"fundacion\",\"image\":{\"@type\":\"ImageObject\",\"inLanguage\":\"es\",\"@id\":\"https:\/\/www.fundacionanse.org\/resalar\/#\/schema\/person\/image\/\",\"url\":\"https:\/\/secure.gravatar.com\/avatar\/dec98970ed84c8fce89dd2c37c22164e7b4320cbf181bd9cbd9e99b05768686f?s=96&d=mm&r=g\",\"contentUrl\":\"https:\/\/secure.gravatar.com\/avatar\/dec98970ed84c8fce89dd2c37c22164e7b4320cbf181bd9cbd9e99b05768686f?s=96&d=mm&r=g\",\"caption\":\"fundacion\"},\"url\":\"https:\/\/www.fundacionanse.org\/resalar\/author\/fundacion\/\"}]}<\/script>\n<!-- \/ Yoast SEO plugin. -->","yoast_head_json":{"title":"ANSE con Poes\u00eda a Mares - RESALAR","robots":{"index":"index","follow":"follow","max-snippet":"max-snippet:-1","max-image-preview":"max-image-preview:large","max-video-preview":"max-video-preview:-1"},"canonical":"https:\/\/www.fundacionanse.org\/resalar\/2023\/06\/05\/anse-con-poesia-a-mares\/","og_locale":"es_ES","og_type":"article","og_title":"ANSE con Poes\u00eda a Mares - RESALAR","og_description":"ANSE tuvo la suerte de participar en \u00abPoes\u00eda a Mares\u00bb, un evento organizado en la bocana de cabo de palos con motivo del \u00abD\u00eda Internacional del Medio Ambiente\u00bb. Una idea innovadora que pretende unir cultura con naturaleza. Como plato fuerte de cultura, la poes\u00eda, tan en desuso en nuestros d\u00edas. ANSE particip\u00f3 en este evento ... Leer m\u00e1s","og_url":"https:\/\/www.fundacionanse.org\/resalar\/2023\/06\/05\/anse-con-poesia-a-mares\/","og_site_name":"RESALAR","article_publisher":"https:\/\/www.facebook.com\/FundacionANSE","article_published_time":"2023-06-05T13:04:00+00:00","article_modified_time":"2025-11-17T09:59:32+00:00","og_image":[{"width":1599,"height":899,"url":"https:\/\/www.fundacionanse.org\/resalar\/wp-content\/uploads\/sites\/5\/2023\/06\/poesia01.jpg","type":"image\/jpeg"}],"author":"fundacion","twitter_card":"summary_large_image","twitter_creator":"@fundacionanse","twitter_site":"@fundacionanse","twitter_misc":{"Escrito por":"fundacion","Tiempo de lectura":"1 minuto"},"schema":{"@context":"https:\/\/schema.org","@graph":[{"@type":"Article","@id":"https:\/\/www.fundacionanse.org\/resalar\/2023\/06\/05\/anse-con-poesia-a-mares\/#article","isPartOf":{"@id":"https:\/\/www.fundacionanse.org\/resalar\/2023\/06\/05\/anse-con-poesia-a-mares\/"},"author":{"name":"fundacion","@id":"https:\/\/www.fundacionanse.org\/resalar\/#\/schema\/person\/5719c1a8aa1c54a3c7f0d42d26627275"},"headline":"ANSE con Poes\u00eda a Mares","datePublished":"2023-06-05T13:04:00+00:00","dateModified":"2025-11-17T09:59:32+00:00","mainEntityOfPage":{"@id":"https:\/\/www.fundacionanse.org\/resalar\/2023\/06\/05\/anse-con-poesia-a-mares\/"},"wordCount":344,"commentCount":0,"publisher":{"@id":"https:\/\/www.fundacionanse.org\/resalar\/#organization"},"image":{"@id":"https:\/\/www.fundacionanse.org\/resalar\/2023\/06\/05\/anse-con-poesia-a-mares\/#primaryimage"},"thumbnailUrl":"https:\/\/www.fundacionanse.org\/resalar\/wp-content\/uploads\/sites\/5\/2023\/06\/poesia01.jpg","articleSection":["Actualidad"],"inLanguage":"es"},{"@type":"WebPage","@id":"https:\/\/www.fundacionanse.org\/resalar\/2023\/06\/05\/anse-con-poesia-a-mares\/","url":"https:\/\/www.fundacionanse.org\/resalar\/2023\/06\/05\/anse-con-poesia-a-mares\/","name":"ANSE con Poes\u00eda a Mares - RESALAR","isPartOf":{"@id":"https:\/\/www.fundacionanse.org\/resalar\/#website"},"primaryImageOfPage":{"@id":"https:\/\/www.fundacionanse.org\/resalar\/2023\/06\/05\/anse-con-poesia-a-mares\/#primaryimage"},"image":{"@id":"https:\/\/www.fundacionanse.org\/resalar\/2023\/06\/05\/anse-con-poesia-a-mares\/#primaryimage"},"thumbnailUrl":"https:\/\/www.fundacionanse.org\/resalar\/wp-content\/uploads\/sites\/5\/2023\/06\/poesia01.jpg","datePublished":"2023-06-05T13:04:00+00:00","dateModified":"2025-11-17T09:59:32+00:00","breadcrumb":{"@id":"https:\/\/www.fundacionanse.org\/resalar\/2023\/06\/05\/anse-con-poesia-a-mares\/#breadcrumb"},"inLanguage":"es","potentialAction":[{"@type":"ReadAction","target":["https:\/\/www.fundacionanse.org\/resalar\/2023\/06\/05\/anse-con-poesia-a-mares\/"]}]},{"@type":"ImageObject","inLanguage":"es","@id":"https:\/\/www.fundacionanse.org\/resalar\/2023\/06\/05\/anse-con-poesia-a-mares\/#primaryimage","url":"https:\/\/www.fundacionanse.org\/resalar\/wp-content\/uploads\/sites\/5\/2023\/06\/poesia01.jpg","contentUrl":"https:\/\/www.fundacionanse.org\/resalar\/wp-content\/uploads\/sites\/5\/2023\/06\/poesia01.jpg","width":1599,"height":899},{"@type":"BreadcrumbList","@id":"https:\/\/www.fundacionanse.org\/resalar\/2023\/06\/05\/anse-con-poesia-a-mares\/#breadcrumb","itemListElement":[{"@type":"ListItem","position":1,"name":"Portada","item":"https:\/\/www.fundacionanse.org\/resalar\/"},{"@type":"ListItem","position":2,"name":"ANSE con Poes\u00eda a Mares"}]},{"@type":"WebSite","@id":"https:\/\/www.fundacionanse.org\/resalar\/#website","url":"https:\/\/www.fundacionanse.org\/resalar\/","name":"RESALAR","description":"Regeneraci\u00f3n de salinas y arenales en el Mar Menor","publisher":{"@id":"https:\/\/www.fundacionanse.org\/resalar\/#organization"},"potentialAction":[{"@type":"SearchAction","target":{"@type":"EntryPoint","urlTemplate":"https:\/\/www.fundacionanse.org\/resalar\/?s={search_term_string}"},"query-input":{"@type":"PropertyValueSpecification","valueRequired":true,"valueName":"search_term_string"}}],"inLanguage":"es"},{"@type":"Organization","@id":"https:\/\/www.fundacionanse.org\/resalar\/#organization","name":"RESALAR","url":"https:\/\/www.fundacionanse.org\/resalar\/","logo":{"@type":"ImageObject","inLanguage":"es","@id":"https:\/\/www.fundacionanse.org\/resalar\/#\/schema\/logo\/image\/","url":"https:\/\/www.fundacionanse.org\/resalar\/wp-content\/uploads\/sites\/5\/2024\/02\/resalar-web_vertical-color.svg","contentUrl":"https:\/\/www.fundacionanse.org\/resalar\/wp-content\/uploads\/sites\/5\/2024\/02\/resalar-web_vertical-color.svg","width":168,"height":188,"caption":"RESALAR"},"image":{"@id":"https:\/\/www.fundacionanse.org\/resalar\/#\/schema\/logo\/image\/"},"sameAs":["https:\/\/www.facebook.com\/FundacionANSE","https:\/\/x.com\/fundacionanse","https:\/\/www.instagram.com\/fundacionanse\/"]},{"@type":"Person","@id":"https:\/\/www.fundacionanse.org\/resalar\/#\/schema\/person\/5719c1a8aa1c54a3c7f0d42d26627275","name":"fundacion","image":{"@type":"ImageObject","inLanguage":"es","@id":"https:\/\/www.fundacionanse.org\/resalar\/#\/schema\/person\/image\/","url":"https:\/\/secure.gravatar.com\/avatar\/dec98970ed84c8fce89dd2c37c22164e7b4320cbf181bd9cbd9e99b05768686f?s=96&d=mm&r=g","contentUrl":"https:\/\/secure.gravatar.com\/avatar\/dec98970ed84c8fce89dd2c37c22164e7b4320cbf181bd9cbd9e99b05768686f?s=96&d=mm&r=g","caption":"fundacion"},"url":"https:\/\/www.fundacionanse.org\/resalar\/author\/fundacion\/"}]}},"_links":{"self":[{"href":"https:\/\/www.fundacionanse.org\/resalar\/wp-json\/wp\/v2\/posts\/200","targetHints":{"allow":["GET"]}}],"collection":[{"href":"https:\/\/www.fundacionanse.org\/resalar\/wp-json\/wp\/v2\/posts"}],"about":[{"href":"https:\/\/www.fundacionanse.org\/resalar\/wp-json\/wp\/v2\/types\/post"}],"author":[{"embeddable":true,"href":"https:\/\/www.fundacionanse.org\/resalar\/wp-json\/wp\/v2\/users\/2"}],"replies":[{"embeddable":true,"href":"https:\/\/www.fundacionanse.org\/resalar\/wp-json\/wp\/v2\/comments?post=200"}],"version-history":[{"count":0,"href":"https:\/\/www.fundacionanse.org\/resalar\/wp-json\/wp\/v2\/posts\/200\/revisions"}],"wp:featuredmedia":[{"embeddable":true,"href":"https:\/\/www.fundacionanse.org\/resalar\/wp-json\/wp\/v2\/media\/203"}],"wp:attachment":[{"href":"https:\/\/www.fundacionanse.org\/resalar\/wp-json\/wp\/v2\/media?parent=200"}],"wp:term":[{"taxonomy":"category","embeddable":true,"href":"https:\/\/www.fundacionanse.org\/resalar\/wp-json\/wp\/v2\/categories?post=200"},{"taxonomy":"post_tag","embeddable":true,"href":"https:\/\/www.fundacionanse.org\/resalar\/wp-json\/wp\/v2\/tags?post=200"}],"curies":[{"name":"wp","href":"https:\/\/api.w.org\/{rel}","templated":true}]}}