{"id":205,"date":"2023-06-23T10:00:00","date_gmt":"2023-06-23T10:00:00","guid":{"rendered":"https:\/\/www.fundacionanse.org\/resalar\/?p=205"},"modified":"2025-11-17T09:59:32","modified_gmt":"2025-11-17T09:59:32","slug":"ostras-y-restauracion-de-habitats-costeros-en-un-taller-de-investigacion","status":"publish","type":"post","link":"https:\/\/www.fundacionanse.org\/resalar\/2023\/06\/23\/ostras-y-restauracion-de-habitats-costeros-en-un-taller-de-investigacion\/","title":{"rendered":"Ostras y restauraci\u00f3n de h\u00e1bitats costeros en un taller de investigaci\u00f3n"},"content":{"rendered":"\n<p><strong>El IEO-CSIC organiza un taller t\u00e9cnico sobre restauraci\u00f3n de h\u00e1bitats mediante el uso de ostras en el marco del proyecto RESALAR, en el que se han reunido expertos en diferentes disciplinas de la biolog\u00eda y ecolog\u00eda de bivalvos.<\/strong><\/p>\n\n\n<div class=\"wp-block-image\">\n<figure class=\"alignright size-full is-resized\"><img decoding=\"async\" width=\"1024\" height=\"576\" src=\"https:\/\/www.fundacionanse.org\/resalar\/wp-content\/uploads\/sites\/5\/2023\/06\/P1040692.jpg\" alt=\"\" class=\"wp-image-208\" style=\"width:395px;height:222px\" srcset=\"https:\/\/www.fundacionanse.org\/resalar\/wp-content\/uploads\/sites\/5\/2023\/06\/P1040692.jpg 1024w, https:\/\/www.fundacionanse.org\/resalar\/wp-content\/uploads\/sites\/5\/2023\/06\/P1040692-300x169.jpg 300w, https:\/\/www.fundacionanse.org\/resalar\/wp-content\/uploads\/sites\/5\/2023\/06\/P1040692-768x432.jpg 768w\" sizes=\"(max-width: 1024px) 100vw, 1024px\" \/><\/figure><\/div>\n\n\n<p>Durante cinco d\u00edas y en el marco del proyecto RESALAR liderado por la Fundaci\u00f3n ANSE, cient\u00edficos pertenecientes a diferentes centros del IEO, el Instituto de Ciencias del Mar (ICM-CSIC), la Universidad del Pa\u00eds Vasco, la Dalhousie University de Canad\u00e1, la Fisheries and Oceans (DFO) de Canad\u00e1, el Instituto de Investigaciones Marinas (IIM-CSIC) y la Universidad de Murcia han puesto en com\u00fan su conocimiento y las diferentes t\u00e9cnicas y herramientas para la cuantificaci\u00f3n de los servicios ecosist\u00e9micos de las ostras. Este encuentro ha servido tambi\u00e9n para establecer colaboraciones entre RESALAR y el proyecto ThinkinAzul (<a href=\"https:\/\/thinkinazul.es\">https:\/\/thinkinazul.es<\/a>, Planes Complementarios de Ciencias Marinas) en el que participan la Universidad de Murcia y el IEO.<\/p>\n\n\n\n<p>En el taller se han presentado trabajos de sensorizaci\u00f3n del agua como complemento a las acciones de restauraci\u00f3n y se han puesto en valor el uso de los bivalvos como biosensores de la calidad ambiental de ecosistemas.<\/p>\n\n\n\n<p>Los resultados de este taller permitir\u00e1n mejorar el conocimiento y las t\u00e9cnicas empleadas en el cultivo experimental de ostras llevado a cabo dentro del proyecto RESALAR en el que el IEO investiga el potencial bioextractor de nutrientes y contaminantes de las aguas del Mar Menor en general y su aprovechamiento salinero en particular, as\u00ed como evaluar el uso de las salinas para la reproducci\u00f3n y el engorde de esta especie.&nbsp;<\/p>\n\n\n<div class=\"wp-block-image\">\n<figure class=\"alignleft size-full\"><img decoding=\"async\" width=\"1024\" height=\"576\" src=\"https:\/\/www.fundacionanse.org\/resalar\/wp-content\/uploads\/sites\/5\/2023\/06\/P1040755.jpg\" alt=\"\" class=\"wp-image-207\" srcset=\"https:\/\/www.fundacionanse.org\/resalar\/wp-content\/uploads\/sites\/5\/2023\/06\/P1040755.jpg 1024w, https:\/\/www.fundacionanse.org\/resalar\/wp-content\/uploads\/sites\/5\/2023\/06\/P1040755-300x169.jpg 300w, https:\/\/www.fundacionanse.org\/resalar\/wp-content\/uploads\/sites\/5\/2023\/06\/P1040755-768x432.jpg 768w\" sizes=\"(max-width: 1024px) 100vw, 1024px\" \/><\/figure><\/div>\n\n\n<p>Durante el taller, los asistentes visitaron el cultivo de ostras que actualmente se realiza en las instalaciones de Salinera Espa\u00f1ola, S.A. sitas en las salinas de San Pedro del Pinatar, as\u00ed c\u00f3mo las obras de restauraci\u00f3n de las salinas de Marchamalo que est\u00e1 llevando a cabo ANSE, donde se pretende continuar los experimentos.<\/p>\n\n\n\n<p><strong>El proyecto RESALAR<\/strong><\/p>\n\n\n\n<p>El objetivo principal del proyecto es regenerar espacios del litoral del Mar Menor&nbsp;y su biodiversidad para reducir el impacto de la agricultura intensiva, fortalecer la resiliencia del litoral frente al cambio clim\u00e1tico y mejorar e incrementar los servicios ecosist\u00e9micos que proveen a la sociedad.<\/p>\n\n\n\n<p>Este proyecto, coordinado por la Fundaci\u00f3n ANSE, y en el que participan la Asociaci\u00f3n de Naturalistas del Sureste, WWF-Espa\u00f1a y el Instituto Espa\u00f1ol de Oceanograf\u00eda, cuenta con el apoyo de la Fundaci\u00f3n Biodiversidad del Ministerio para la Transici\u00f3n Ecol\u00f3gica y el Reto Demogr\u00e1fico (MITECO) en el marco del Plan de Recuperaci\u00f3n, Transformaci\u00f3n y Resiliencia (PRTR), financiado por la Uni\u00f3n Europea \u2013 NextGenerationEU y se encuentra vinculado al Marco de Actuaciones Prioritarias para la recuperaci\u00f3n del Mar Menor del Ministerio para la Transici\u00f3n Ecol\u00f3gica y el Reto Demogr\u00e1fico.<\/p>\n","protected":false},"excerpt":{"rendered":"<p>El IEO-CSIC organiza un taller t\u00e9cnico sobre restauraci\u00f3n de h\u00e1bitats mediante el uso de ostras en el marco del proyecto RESALAR, en el que se han reunido expertos en diferentes disciplinas de la biolog\u00eda y ecolog\u00eda de bivalvos. Durante cinco d\u00edas y en el marco del proyecto RESALAR liderado por la Fundaci\u00f3n ANSE, cient\u00edficos pertenecientes &#8230; <a title=\"Ostras y restauraci\u00f3n de h\u00e1bitats costeros en un taller de investigaci\u00f3n\" class=\"read-more\" href=\"https:\/\/www.fundacionanse.org\/resalar\/2023\/06\/23\/ostras-y-restauracion-de-habitats-costeros-en-un-taller-de-investigacion\/\" aria-label=\"Leer m\u00e1s sobre Ostras y restauraci\u00f3n de h\u00e1bitats costeros en un taller de investigaci\u00f3n\">Leer m\u00e1s<\/a><\/p>\n","protected":false},"author":2,"featured_media":206,"comment_status":"open","ping_status":"open","sticky":false,"template":"","format":"standard","meta":{"inline_featured_image":false,"footnotes":""},"categories":[1],"tags":[],"class_list":["post-205","post","type-post","status-publish","format-standard","has-post-thumbnail","hentry","category-actualidad","generate-columns","tablet-grid-50","mobile-grid-100","grid-parent","grid-33","resize-featured-image"],"yoast_head":"<!-- This site is optimized with the Yoast SEO plugin v26.9 - https:\/\/yoast.com\/product\/yoast-seo-wordpress\/ -->\n<title>Ostras y restauraci\u00f3n de h\u00e1bitats costeros en un taller de investigaci\u00f3n - RESALAR<\/title>\n<meta name=\"robots\" content=\"index, follow, max-snippet:-1, max-image-preview:large, max-video-preview:-1\" \/>\n<link rel=\"canonical\" href=\"https:\/\/www.fundacionanse.org\/resalar\/2023\/06\/23\/ostras-y-restauracion-de-habitats-costeros-en-un-taller-de-investigacion\/\" \/>\n<meta property=\"og:locale\" content=\"es_ES\" \/>\n<meta property=\"og:type\" content=\"article\" \/>\n<meta property=\"og:title\" content=\"Ostras y restauraci\u00f3n de h\u00e1bitats costeros en un taller de investigaci\u00f3n - RESALAR\" \/>\n<meta property=\"og:description\" content=\"El IEO-CSIC organiza un taller t\u00e9cnico sobre restauraci\u00f3n de h\u00e1bitats mediante el uso de ostras en el marco del proyecto RESALAR, en el que se han reunido expertos en diferentes disciplinas de la biolog\u00eda y ecolog\u00eda de bivalvos. Durante cinco d\u00edas y en el marco del proyecto RESALAR liderado por la Fundaci\u00f3n ANSE, cient\u00edficos pertenecientes ... Leer m\u00e1s\" \/>\n<meta property=\"og:url\" content=\"https:\/\/www.fundacionanse.org\/resalar\/2023\/06\/23\/ostras-y-restauracion-de-habitats-costeros-en-un-taller-de-investigacion\/\" \/>\n<meta property=\"og:site_name\" content=\"RESALAR\" \/>\n<meta property=\"article:publisher\" content=\"https:\/\/www.facebook.com\/FundacionANSE\" \/>\n<meta property=\"article:published_time\" content=\"2023-06-23T10:00:00+00:00\" \/>\n<meta property=\"article:modified_time\" content=\"2025-11-17T09:59:32+00:00\" \/>\n<meta property=\"og:image\" content=\"https:\/\/www.fundacionanse.org\/resalar\/wp-content\/uploads\/sites\/5\/2023\/06\/P1040665.jpg\" \/>\n\t<meta property=\"og:image:width\" content=\"1024\" \/>\n\t<meta property=\"og:image:height\" content=\"576\" \/>\n\t<meta property=\"og:image:type\" content=\"image\/jpeg\" \/>\n<meta name=\"author\" content=\"fundacion\" \/>\n<meta name=\"twitter:card\" content=\"summary_large_image\" \/>\n<meta name=\"twitter:creator\" content=\"@fundacionanse\" \/>\n<meta name=\"twitter:site\" content=\"@fundacionanse\" \/>\n<meta name=\"twitter:label1\" content=\"Escrito por\" \/>\n\t<meta name=\"twitter:data1\" content=\"fundacion\" \/>\n\t<meta name=\"twitter:label2\" content=\"Tiempo de lectura\" \/>\n\t<meta name=\"twitter:data2\" content=\"3 minutos\" \/>\n<script type=\"application\/ld+json\" class=\"yoast-schema-graph\">{\"@context\":\"https:\/\/schema.org\",\"@graph\":[{\"@type\":\"Article\",\"@id\":\"https:\/\/www.fundacionanse.org\/resalar\/2023\/06\/23\/ostras-y-restauracion-de-habitats-costeros-en-un-taller-de-investigacion\/#article\",\"isPartOf\":{\"@id\":\"https:\/\/www.fundacionanse.org\/resalar\/2023\/06\/23\/ostras-y-restauracion-de-habitats-costeros-en-un-taller-de-investigacion\/\"},\"author\":{\"name\":\"fundacion\",\"@id\":\"https:\/\/www.fundacionanse.org\/resalar\/#\/schema\/person\/5719c1a8aa1c54a3c7f0d42d26627275\"},\"headline\":\"Ostras y restauraci\u00f3n de h\u00e1bitats costeros en un taller de investigaci\u00f3n\",\"datePublished\":\"2023-06-23T10:00:00+00:00\",\"dateModified\":\"2025-11-17T09:59:32+00:00\",\"mainEntityOfPage\":{\"@id\":\"https:\/\/www.fundacionanse.org\/resalar\/2023\/06\/23\/ostras-y-restauracion-de-habitats-costeros-en-un-taller-de-investigacion\/\"},\"wordCount\":501,\"commentCount\":0,\"publisher\":{\"@id\":\"https:\/\/www.fundacionanse.org\/resalar\/#organization\"},\"image\":{\"@id\":\"https:\/\/www.fundacionanse.org\/resalar\/2023\/06\/23\/ostras-y-restauracion-de-habitats-costeros-en-un-taller-de-investigacion\/#primaryimage\"},\"thumbnailUrl\":\"https:\/\/www.fundacionanse.org\/resalar\/wp-content\/uploads\/sites\/5\/2023\/06\/P1040665.jpg\",\"articleSection\":[\"Actualidad\"],\"inLanguage\":\"es\"},{\"@type\":\"WebPage\",\"@id\":\"https:\/\/www.fundacionanse.org\/resalar\/2023\/06\/23\/ostras-y-restauracion-de-habitats-costeros-en-un-taller-de-investigacion\/\",\"url\":\"https:\/\/www.fundacionanse.org\/resalar\/2023\/06\/23\/ostras-y-restauracion-de-habitats-costeros-en-un-taller-de-investigacion\/\",\"name\":\"Ostras y restauraci\u00f3n de h\u00e1bitats costeros en un taller de investigaci\u00f3n - RESALAR\",\"isPartOf\":{\"@id\":\"https:\/\/www.fundacionanse.org\/resalar\/#website\"},\"primaryImageOfPage\":{\"@id\":\"https:\/\/www.fundacionanse.org\/resalar\/2023\/06\/23\/ostras-y-restauracion-de-habitats-costeros-en-un-taller-de-investigacion\/#primaryimage\"},\"image\":{\"@id\":\"https:\/\/www.fundacionanse.org\/resalar\/2023\/06\/23\/ostras-y-restauracion-de-habitats-costeros-en-un-taller-de-investigacion\/#primaryimage\"},\"thumbnailUrl\":\"https:\/\/www.fundacionanse.org\/resalar\/wp-content\/uploads\/sites\/5\/2023\/06\/P1040665.jpg\",\"datePublished\":\"2023-06-23T10:00:00+00:00\",\"dateModified\":\"2025-11-17T09:59:32+00:00\",\"breadcrumb\":{\"@id\":\"https:\/\/www.fundacionanse.org\/resalar\/2023\/06\/23\/ostras-y-restauracion-de-habitats-costeros-en-un-taller-de-investigacion\/#breadcrumb\"},\"inLanguage\":\"es\",\"potentialAction\":[{\"@type\":\"ReadAction\",\"target\":[\"https:\/\/www.fundacionanse.org\/resalar\/2023\/06\/23\/ostras-y-restauracion-de-habitats-costeros-en-un-taller-de-investigacion\/\"]}]},{\"@type\":\"ImageObject\",\"inLanguage\":\"es\",\"@id\":\"https:\/\/www.fundacionanse.org\/resalar\/2023\/06\/23\/ostras-y-restauracion-de-habitats-costeros-en-un-taller-de-investigacion\/#primaryimage\",\"url\":\"https:\/\/www.fundacionanse.org\/resalar\/wp-content\/uploads\/sites\/5\/2023\/06\/P1040665.jpg\",\"contentUrl\":\"https:\/\/www.fundacionanse.org\/resalar\/wp-content\/uploads\/sites\/5\/2023\/06\/P1040665.jpg\",\"width\":1024,\"height\":576},{\"@type\":\"BreadcrumbList\",\"@id\":\"https:\/\/www.fundacionanse.org\/resalar\/2023\/06\/23\/ostras-y-restauracion-de-habitats-costeros-en-un-taller-de-investigacion\/#breadcrumb\",\"itemListElement\":[{\"@type\":\"ListItem\",\"position\":1,\"name\":\"Portada\",\"item\":\"https:\/\/www.fundacionanse.org\/resalar\/\"},{\"@type\":\"ListItem\",\"position\":2,\"name\":\"Ostras y restauraci\u00f3n de h\u00e1bitats costeros en un taller de investigaci\u00f3n\"}]},{\"@type\":\"WebSite\",\"@id\":\"https:\/\/www.fundacionanse.org\/resalar\/#website\",\"url\":\"https:\/\/www.fundacionanse.org\/resalar\/\",\"name\":\"RESALAR\",\"description\":\"Regeneraci\u00f3n de salinas y arenales en el Mar Menor\",\"publisher\":{\"@id\":\"https:\/\/www.fundacionanse.org\/resalar\/#organization\"},\"potentialAction\":[{\"@type\":\"SearchAction\",\"target\":{\"@type\":\"EntryPoint\",\"urlTemplate\":\"https:\/\/www.fundacionanse.org\/resalar\/?s={search_term_string}\"},\"query-input\":{\"@type\":\"PropertyValueSpecification\",\"valueRequired\":true,\"valueName\":\"search_term_string\"}}],\"inLanguage\":\"es\"},{\"@type\":\"Organization\",\"@id\":\"https:\/\/www.fundacionanse.org\/resalar\/#organization\",\"name\":\"RESALAR\",\"url\":\"https:\/\/www.fundacionanse.org\/resalar\/\",\"logo\":{\"@type\":\"ImageObject\",\"inLanguage\":\"es\",\"@id\":\"https:\/\/www.fundacionanse.org\/resalar\/#\/schema\/logo\/image\/\",\"url\":\"https:\/\/www.fundacionanse.org\/resalar\/wp-content\/uploads\/sites\/5\/2024\/02\/resalar-web_vertical-color.svg\",\"contentUrl\":\"https:\/\/www.fundacionanse.org\/resalar\/wp-content\/uploads\/sites\/5\/2024\/02\/resalar-web_vertical-color.svg\",\"width\":168,\"height\":188,\"caption\":\"RESALAR\"},\"image\":{\"@id\":\"https:\/\/www.fundacionanse.org\/resalar\/#\/schema\/logo\/image\/\"},\"sameAs\":[\"https:\/\/www.facebook.com\/FundacionANSE\",\"https:\/\/x.com\/fundacionanse\",\"https:\/\/www.instagram.com\/fundacionanse\/\"]},{\"@type\":\"Person\",\"@id\":\"https:\/\/www.fundacionanse.org\/resalar\/#\/schema\/person\/5719c1a8aa1c54a3c7f0d42d26627275\",\"name\":\"fundacion\",\"image\":{\"@type\":\"ImageObject\",\"inLanguage\":\"es\",\"@id\":\"https:\/\/www.fundacionanse.org\/resalar\/#\/schema\/person\/image\/\",\"url\":\"https:\/\/secure.gravatar.com\/avatar\/dec98970ed84c8fce89dd2c37c22164e7b4320cbf181bd9cbd9e99b05768686f?s=96&d=mm&r=g\",\"contentUrl\":\"https:\/\/secure.gravatar.com\/avatar\/dec98970ed84c8fce89dd2c37c22164e7b4320cbf181bd9cbd9e99b05768686f?s=96&d=mm&r=g\",\"caption\":\"fundacion\"},\"url\":\"https:\/\/www.fundacionanse.org\/resalar\/author\/fundacion\/\"}]}<\/script>\n<!-- \/ Yoast SEO plugin. -->","yoast_head_json":{"title":"Ostras y restauraci\u00f3n de h\u00e1bitats costeros en un taller de investigaci\u00f3n - RESALAR","robots":{"index":"index","follow":"follow","max-snippet":"max-snippet:-1","max-image-preview":"max-image-preview:large","max-video-preview":"max-video-preview:-1"},"canonical":"https:\/\/www.fundacionanse.org\/resalar\/2023\/06\/23\/ostras-y-restauracion-de-habitats-costeros-en-un-taller-de-investigacion\/","og_locale":"es_ES","og_type":"article","og_title":"Ostras y restauraci\u00f3n de h\u00e1bitats costeros en un taller de investigaci\u00f3n - RESALAR","og_description":"El IEO-CSIC organiza un taller t\u00e9cnico sobre restauraci\u00f3n de h\u00e1bitats mediante el uso de ostras en el marco del proyecto RESALAR, en el que se han reunido expertos en diferentes disciplinas de la biolog\u00eda y ecolog\u00eda de bivalvos. Durante cinco d\u00edas y en el marco del proyecto RESALAR liderado por la Fundaci\u00f3n ANSE, cient\u00edficos pertenecientes ... Leer m\u00e1s","og_url":"https:\/\/www.fundacionanse.org\/resalar\/2023\/06\/23\/ostras-y-restauracion-de-habitats-costeros-en-un-taller-de-investigacion\/","og_site_name":"RESALAR","article_publisher":"https:\/\/www.facebook.com\/FundacionANSE","article_published_time":"2023-06-23T10:00:00+00:00","article_modified_time":"2025-11-17T09:59:32+00:00","og_image":[{"width":1024,"height":576,"url":"https:\/\/www.fundacionanse.org\/resalar\/wp-content\/uploads\/sites\/5\/2023\/06\/P1040665.jpg","type":"image\/jpeg"}],"author":"fundacion","twitter_card":"summary_large_image","twitter_creator":"@fundacionanse","twitter_site":"@fundacionanse","twitter_misc":{"Escrito por":"fundacion","Tiempo de lectura":"3 minutos"},"schema":{"@context":"https:\/\/schema.org","@graph":[{"@type":"Article","@id":"https:\/\/www.fundacionanse.org\/resalar\/2023\/06\/23\/ostras-y-restauracion-de-habitats-costeros-en-un-taller-de-investigacion\/#article","isPartOf":{"@id":"https:\/\/www.fundacionanse.org\/resalar\/2023\/06\/23\/ostras-y-restauracion-de-habitats-costeros-en-un-taller-de-investigacion\/"},"author":{"name":"fundacion","@id":"https:\/\/www.fundacionanse.org\/resalar\/#\/schema\/person\/5719c1a8aa1c54a3c7f0d42d26627275"},"headline":"Ostras y restauraci\u00f3n de h\u00e1bitats costeros en un taller de investigaci\u00f3n","datePublished":"2023-06-23T10:00:00+00:00","dateModified":"2025-11-17T09:59:32+00:00","mainEntityOfPage":{"@id":"https:\/\/www.fundacionanse.org\/resalar\/2023\/06\/23\/ostras-y-restauracion-de-habitats-costeros-en-un-taller-de-investigacion\/"},"wordCount":501,"commentCount":0,"publisher":{"@id":"https:\/\/www.fundacionanse.org\/resalar\/#organization"},"image":{"@id":"https:\/\/www.fundacionanse.org\/resalar\/2023\/06\/23\/ostras-y-restauracion-de-habitats-costeros-en-un-taller-de-investigacion\/#primaryimage"},"thumbnailUrl":"https:\/\/www.fundacionanse.org\/resalar\/wp-content\/uploads\/sites\/5\/2023\/06\/P1040665.jpg","articleSection":["Actualidad"],"inLanguage":"es"},{"@type":"WebPage","@id":"https:\/\/www.fundacionanse.org\/resalar\/2023\/06\/23\/ostras-y-restauracion-de-habitats-costeros-en-un-taller-de-investigacion\/","url":"https:\/\/www.fundacionanse.org\/resalar\/2023\/06\/23\/ostras-y-restauracion-de-habitats-costeros-en-un-taller-de-investigacion\/","name":"Ostras y restauraci\u00f3n de h\u00e1bitats costeros en un taller de investigaci\u00f3n - RESALAR","isPartOf":{"@id":"https:\/\/www.fundacionanse.org\/resalar\/#website"},"primaryImageOfPage":{"@id":"https:\/\/www.fundacionanse.org\/resalar\/2023\/06\/23\/ostras-y-restauracion-de-habitats-costeros-en-un-taller-de-investigacion\/#primaryimage"},"image":{"@id":"https:\/\/www.fundacionanse.org\/resalar\/2023\/06\/23\/ostras-y-restauracion-de-habitats-costeros-en-un-taller-de-investigacion\/#primaryimage"},"thumbnailUrl":"https:\/\/www.fundacionanse.org\/resalar\/wp-content\/uploads\/sites\/5\/2023\/06\/P1040665.jpg","datePublished":"2023-06-23T10:00:00+00:00","dateModified":"2025-11-17T09:59:32+00:00","breadcrumb":{"@id":"https:\/\/www.fundacionanse.org\/resalar\/2023\/06\/23\/ostras-y-restauracion-de-habitats-costeros-en-un-taller-de-investigacion\/#breadcrumb"},"inLanguage":"es","potentialAction":[{"@type":"ReadAction","target":["https:\/\/www.fundacionanse.org\/resalar\/2023\/06\/23\/ostras-y-restauracion-de-habitats-costeros-en-un-taller-de-investigacion\/"]}]},{"@type":"ImageObject","inLanguage":"es","@id":"https:\/\/www.fundacionanse.org\/resalar\/2023\/06\/23\/ostras-y-restauracion-de-habitats-costeros-en-un-taller-de-investigacion\/#primaryimage","url":"https:\/\/www.fundacionanse.org\/resalar\/wp-content\/uploads\/sites\/5\/2023\/06\/P1040665.jpg","contentUrl":"https:\/\/www.fundacionanse.org\/resalar\/wp-content\/uploads\/sites\/5\/2023\/06\/P1040665.jpg","width":1024,"height":576},{"@type":"BreadcrumbList","@id":"https:\/\/www.fundacionanse.org\/resalar\/2023\/06\/23\/ostras-y-restauracion-de-habitats-costeros-en-un-taller-de-investigacion\/#breadcrumb","itemListElement":[{"@type":"ListItem","position":1,"name":"Portada","item":"https:\/\/www.fundacionanse.org\/resalar\/"},{"@type":"ListItem","position":2,"name":"Ostras y restauraci\u00f3n de h\u00e1bitats costeros en un taller de investigaci\u00f3n"}]},{"@type":"WebSite","@id":"https:\/\/www.fundacionanse.org\/resalar\/#website","url":"https:\/\/www.fundacionanse.org\/resalar\/","name":"RESALAR","description":"Regeneraci\u00f3n de salinas y arenales en el Mar Menor","publisher":{"@id":"https:\/\/www.fundacionanse.org\/resalar\/#organization"},"potentialAction":[{"@type":"SearchAction","target":{"@type":"EntryPoint","urlTemplate":"https:\/\/www.fundacionanse.org\/resalar\/?s={search_term_string}"},"query-input":{"@type":"PropertyValueSpecification","valueRequired":true,"valueName":"search_term_string"}}],"inLanguage":"es"},{"@type":"Organization","@id":"https:\/\/www.fundacionanse.org\/resalar\/#organization","name":"RESALAR","url":"https:\/\/www.fundacionanse.org\/resalar\/","logo":{"@type":"ImageObject","inLanguage":"es","@id":"https:\/\/www.fundacionanse.org\/resalar\/#\/schema\/logo\/image\/","url":"https:\/\/www.fundacionanse.org\/resalar\/wp-content\/uploads\/sites\/5\/2024\/02\/resalar-web_vertical-color.svg","contentUrl":"https:\/\/www.fundacionanse.org\/resalar\/wp-content\/uploads\/sites\/5\/2024\/02\/resalar-web_vertical-color.svg","width":168,"height":188,"caption":"RESALAR"},"image":{"@id":"https:\/\/www.fundacionanse.org\/resalar\/#\/schema\/logo\/image\/"},"sameAs":["https:\/\/www.facebook.com\/FundacionANSE","https:\/\/x.com\/fundacionanse","https:\/\/www.instagram.com\/fundacionanse\/"]},{"@type":"Person","@id":"https:\/\/www.fundacionanse.org\/resalar\/#\/schema\/person\/5719c1a8aa1c54a3c7f0d42d26627275","name":"fundacion","image":{"@type":"ImageObject","inLanguage":"es","@id":"https:\/\/www.fundacionanse.org\/resalar\/#\/schema\/person\/image\/","url":"https:\/\/secure.gravatar.com\/avatar\/dec98970ed84c8fce89dd2c37c22164e7b4320cbf181bd9cbd9e99b05768686f?s=96&d=mm&r=g","contentUrl":"https:\/\/secure.gravatar.com\/avatar\/dec98970ed84c8fce89dd2c37c22164e7b4320cbf181bd9cbd9e99b05768686f?s=96&d=mm&r=g","caption":"fundacion"},"url":"https:\/\/www.fundacionanse.org\/resalar\/author\/fundacion\/"}]}},"_links":{"self":[{"href":"https:\/\/www.fundacionanse.org\/resalar\/wp-json\/wp\/v2\/posts\/205","targetHints":{"allow":["GET"]}}],"collection":[{"href":"https:\/\/www.fundacionanse.org\/resalar\/wp-json\/wp\/v2\/posts"}],"about":[{"href":"https:\/\/www.fundacionanse.org\/resalar\/wp-json\/wp\/v2\/types\/post"}],"author":[{"embeddable":true,"href":"https:\/\/www.fundacionanse.org\/resalar\/wp-json\/wp\/v2\/users\/2"}],"replies":[{"embeddable":true,"href":"https:\/\/www.fundacionanse.org\/resalar\/wp-json\/wp\/v2\/comments?post=205"}],"version-history":[{"count":0,"href":"https:\/\/www.fundacionanse.org\/resalar\/wp-json\/wp\/v2\/posts\/205\/revisions"}],"wp:featuredmedia":[{"embeddable":true,"href":"https:\/\/www.fundacionanse.org\/resalar\/wp-json\/wp\/v2\/media\/206"}],"wp:attachment":[{"href":"https:\/\/www.fundacionanse.org\/resalar\/wp-json\/wp\/v2\/media?parent=205"}],"wp:term":[{"taxonomy":"category","embeddable":true,"href":"https:\/\/www.fundacionanse.org\/resalar\/wp-json\/wp\/v2\/categories?post=205"},{"taxonomy":"post_tag","embeddable":true,"href":"https:\/\/www.fundacionanse.org\/resalar\/wp-json\/wp\/v2\/tags?post=205"}],"curies":[{"name":"wp","href":"https:\/\/api.w.org\/{rel}","templated":true}]}}