{"id":385,"date":"2023-09-13T10:18:00","date_gmt":"2023-09-13T10:18:00","guid":{"rendered":"https:\/\/www.fundacionanse.org\/resalar\/?p=385"},"modified":"2025-11-17T09:59:32","modified_gmt":"2025-11-17T09:59:32","slug":"avanzamos-en-la-restauracion-de-las-naves-salineras-de-marchamalo-mar-menor","status":"publish","type":"post","link":"https:\/\/www.fundacionanse.org\/resalar\/2023\/09\/13\/avanzamos-en-la-restauracion-de-las-naves-salineras-de-marchamalo-mar-menor\/","title":{"rendered":"Avanzamos en la restauraci\u00f3n de las naves salineras de Marchamalo (Mar Menor)"},"content":{"rendered":"\n<p><strong>Durante las \u00faltimas semanas, el trabajo de restauraci\u00f3n de las naves salineras de Marchamalo (Mar Menor) ha experimentado importantes avances, tanto en su interior como en el exterior, y ya comienza a vislumbrarse la profunda mejora de las salinas viejas gracias a la ayuda de muchas personas y entidades, y a la puesta en marcha del Proyecto Resalar<\/strong>.<\/p>\n\n\n\n<p>Hemos cambiado la casi totalidad de las cerchas de madera de la nave m\u00e1s grande, que albergar\u00e1 los tanques para investigaci\u00f3n y conservaci\u00f3n de bivalvos y la oficina de las salinas, en un trabajo de carpinter\u00eda nada frecuente, pues no existen apenas naves con este tipo de techos en la comarca.<\/p>\n\n\n\n<figure class=\"wp-block-gallery has-nested-images columns-default is-cropped wp-block-gallery-1 is-layout-flex wp-block-gallery-is-layout-flex\">\n<figure class=\"wp-block-image size-large\"><img decoding=\"async\" width=\"1024\" height=\"576\" data-id=\"387\" src=\"https:\/\/www.fundacionanse.org\/resalar\/wp-content\/uploads\/sites\/5\/2023\/09\/Naves_sinrestaurar-1024x576.jpg\" alt=\"\" class=\"wp-image-387\" srcset=\"https:\/\/www.fundacionanse.org\/resalar\/wp-content\/uploads\/sites\/5\/2023\/09\/Naves_sinrestaurar-1024x576.jpg 1024w, https:\/\/www.fundacionanse.org\/resalar\/wp-content\/uploads\/sites\/5\/2023\/09\/Naves_sinrestaurar-300x169.jpg 300w, https:\/\/www.fundacionanse.org\/resalar\/wp-content\/uploads\/sites\/5\/2023\/09\/Naves_sinrestaurar-768x432.jpg 768w, https:\/\/www.fundacionanse.org\/resalar\/wp-content\/uploads\/sites\/5\/2023\/09\/Naves_sinrestaurar-1536x864.jpg 1536w, https:\/\/www.fundacionanse.org\/resalar\/wp-content\/uploads\/sites\/5\/2023\/09\/Naves_sinrestaurar-2048x1152.jpg 2048w\" sizes=\"(max-width: 1024px) 100vw, 1024px\" \/><\/figure>\n\n\n\n<figure class=\"wp-block-image size-large\"><img decoding=\"async\" width=\"1024\" height=\"622\" data-id=\"708\" src=\"https:\/\/www.fundacionanse.org\/resalar\/wp-content\/uploads\/sites\/5\/2024\/02\/Naves-Marchamalo-restauradas-1024x622.jpg\" alt=\"Naves Marchamalo\" class=\"wp-image-708\" srcset=\"https:\/\/www.fundacionanse.org\/resalar\/wp-content\/uploads\/sites\/5\/2024\/02\/Naves-Marchamalo-restauradas-1024x622.jpg 1024w, https:\/\/www.fundacionanse.org\/resalar\/wp-content\/uploads\/sites\/5\/2024\/02\/Naves-Marchamalo-restauradas-300x182.jpg 300w, https:\/\/www.fundacionanse.org\/resalar\/wp-content\/uploads\/sites\/5\/2024\/02\/Naves-Marchamalo-restauradas-768x466.jpg 768w, https:\/\/www.fundacionanse.org\/resalar\/wp-content\/uploads\/sites\/5\/2024\/02\/Naves-Marchamalo-restauradas.jpg 1500w\" sizes=\"(max-width: 1024px) 100vw, 1024px\" \/><figcaption class=\"wp-element-caption\">Naves de las Salinas de Marchamalo restauradas gracias al proyecto Resalar<\/figcaption><\/figure>\n<\/figure>\n\n\n\n<p>Tambi\u00e9n hemos inyectado nuevos suelos a ambas naves, reformado instalaciones el\u00e9ctricas y de agua, tratado humedades de paredes interiores, reforzado sujeci\u00f3n de todas las tejas, instalado suministros de agua y aire a los tanques para bivalvos,\u2026, mientras se adaptan vestuarios y aseos para trabajadores de las salinas y visitantes.<\/p>\n\n\n\n<p>En la parte exterior la reforma ha respetado al m\u00e1ximo las caracter\u00edsticas arquitect\u00f3nicas originales, eliminado objetos met\u00e1licos de las paredes, colocado nuevas ventanas de madera en la nave grande, eliminado paramentos de evacuaci\u00f3n de agua rotos, sustituido algunos dinteles de puertas y ventanas,\u2026,&nbsp; y aplicado un mortero blanco antihumedad en la totalidad de las fachadas de ambas naves, aunque el ambiente salino requerir\u00e1 con seguridad de continuos tratamientos y mantenimiento posterior.<\/p>\n\n\n\n<p>Las naves se est\u00e1n restaurando con el objetivo, no solo de recuperar la actividad salinera, si no que tambi\u00e9n una parte de las mismas albergar\u00e1n tanques para el cultivo experimental de bivalvos y otra parte albergar\u00e1 un centro de interpretaci\u00f3n de la sal y la biodiversidad.<\/p>\n\n\n\n<p>El proceso de restauraci\u00f3n, que cuenta con todas las autorizaciones administrativas necesarias de los tres niveles de la administraci\u00f3n, se ha realizado respetando al m\u00e1ximo posible la arquitectura original. 30 a\u00f1os despu\u00e9s del abandono de la actividad salinera, el blanco de las naves resplandece junto al manto de sal que ya empieza a cubrir la cubeta de la charca cristalizadora m\u00e1s pr\u00f3xima. Estas naves son las primeras que se restauran de las existentes en la zona incluida dentro del Bien de Inter\u00e9s Cultural, con categor\u00eda de Sitio Hist\u00f3rico, de las Salinas de Marchamalo, que fue publicado en mayo en el Bolet\u00edn Oficial de la Regi\u00f3n de Murcia. Entre tanto, las antiguas oficinas de Salinera Catalana, el antiguo molino salinero y los grandes almacenes de sal avanzan en su estado de ruina, con grandes fragmentos de techumbres de fibrocemento rotas, muros agrietados y grafitis ensuciando muchas paredes.<br><br>Hemos elaborado un peque\u00f1o v\u00eddeo que muestra los avances tambi\u00e9n en el entorno de las salinas, y que puedes ver&nbsp;<a href=\"https:\/\/youtu.be\/S41WwBP8yPE\">aqu\u00ed.<\/a><\/p>\n\n\n\n<p>El&nbsp;<strong>proyecto RESALAR<\/strong>&nbsp;tiene el objetivo de regenerar espacios del litoral del Mar Menor y su biodiversidad para reducir los impactos de las actividades humanas, fortalecer la resiliencia del litoral frente al cambio clim\u00e1tico y mejorar e incrementar los servicios ecosist\u00e9micos que proveen a la sociedad. Este proyecto, que coordina la Fundaci\u00f3n ANSE, y en el que participan la Asociaci\u00f3n de Naturalistas del Sureste, WWF-Espa\u00f1a y el Instituto Espa\u00f1ol de Oceanograf\u00eda, Centro Nacional de la Agencia Estatal Consejo Superior de Investigaciones Cient\u00edficas (IEO-CSIC), cuenta con el apoyo de la Fundaci\u00f3n Biodiversidad del Ministerio para la Transici\u00f3n Ecol\u00f3gica y el Reto Demogr\u00e1fico (MITECO) en el marco del Plan de Recuperaci\u00f3n, Transformaci\u00f3n y Resiliencia (PRTR), financiado por la Uni\u00f3n Europea \u2013 NextGenerationEU y se encuentra vinculado al Marco de Actuaciones Prioritarias para la recuperaci\u00f3n del Mar Menor del Ministerio para la Transici\u00f3n Ecol\u00f3gica y el Reto Demogr\u00e1fico.<\/p>\n","protected":false},"excerpt":{"rendered":"<p>Durante las \u00faltimas semanas, el trabajo de restauraci\u00f3n de las naves salineras de Marchamalo (Mar Menor) ha experimentado importantes avances, tanto en su interior como en el exterior, y ya comienza a vislumbrarse la profunda mejora de las salinas viejas gracias a la ayuda de muchas personas y entidades, y a la puesta en marcha &#8230; <a title=\"Avanzamos en la restauraci\u00f3n de las naves salineras de Marchamalo (Mar Menor)\" class=\"read-more\" href=\"https:\/\/www.fundacionanse.org\/resalar\/2023\/09\/13\/avanzamos-en-la-restauracion-de-las-naves-salineras-de-marchamalo-mar-menor\/\" aria-label=\"Leer m\u00e1s sobre Avanzamos en la restauraci\u00f3n de las naves salineras de Marchamalo (Mar Menor)\">Leer m\u00e1s<\/a><\/p>\n","protected":false},"author":2,"featured_media":708,"comment_status":"open","ping_status":"open","sticky":false,"template":"","format":"standard","meta":{"inline_featured_image":false,"footnotes":""},"categories":[1],"tags":[],"class_list":["post-385","post","type-post","status-publish","format-standard","has-post-thumbnail","hentry","category-actualidad","generate-columns","tablet-grid-50","mobile-grid-100","grid-parent","grid-33","resize-featured-image"],"yoast_head":"<!-- This site is optimized with the Yoast SEO plugin v26.9 - https:\/\/yoast.com\/product\/yoast-seo-wordpress\/ -->\n<title>Avanzamos en la restauraci\u00f3n de las naves salineras de Marchamalo (Mar Menor) - RESALAR<\/title>\n<meta name=\"robots\" content=\"index, follow, max-snippet:-1, max-image-preview:large, max-video-preview:-1\" \/>\n<link rel=\"canonical\" href=\"https:\/\/www.fundacionanse.org\/resalar\/2023\/09\/13\/avanzamos-en-la-restauracion-de-las-naves-salineras-de-marchamalo-mar-menor\/\" \/>\n<meta property=\"og:locale\" content=\"es_ES\" \/>\n<meta property=\"og:type\" content=\"article\" \/>\n<meta property=\"og:title\" content=\"Avanzamos en la restauraci\u00f3n de las naves salineras de Marchamalo (Mar Menor) - RESALAR\" \/>\n<meta property=\"og:description\" content=\"Durante las \u00faltimas semanas, el trabajo de restauraci\u00f3n de las naves salineras de Marchamalo (Mar Menor) ha experimentado importantes avances, tanto en su interior como en el exterior, y ya comienza a vislumbrarse la profunda mejora de las salinas viejas gracias a la ayuda de muchas personas y entidades, y a la puesta en marcha ... Leer m\u00e1s\" \/>\n<meta property=\"og:url\" content=\"https:\/\/www.fundacionanse.org\/resalar\/2023\/09\/13\/avanzamos-en-la-restauracion-de-las-naves-salineras-de-marchamalo-mar-menor\/\" \/>\n<meta property=\"og:site_name\" content=\"RESALAR\" \/>\n<meta property=\"article:publisher\" content=\"https:\/\/www.facebook.com\/FundacionANSE\" \/>\n<meta property=\"article:published_time\" content=\"2023-09-13T10:18:00+00:00\" \/>\n<meta property=\"article:modified_time\" content=\"2025-11-17T09:59:32+00:00\" \/>\n<meta property=\"og:image\" content=\"https:\/\/www.fundacionanse.org\/resalar\/wp-content\/uploads\/sites\/5\/2024\/02\/Naves-Marchamalo-restauradas.jpg\" \/>\n\t<meta property=\"og:image:width\" content=\"1500\" \/>\n\t<meta property=\"og:image:height\" content=\"911\" \/>\n\t<meta property=\"og:image:type\" content=\"image\/jpeg\" \/>\n<meta name=\"author\" content=\"fundacion\" \/>\n<meta name=\"twitter:card\" content=\"summary_large_image\" \/>\n<meta name=\"twitter:creator\" content=\"@fundacionanse\" \/>\n<meta name=\"twitter:site\" content=\"@fundacionanse\" \/>\n<meta name=\"twitter:label1\" content=\"Escrito por\" \/>\n\t<meta name=\"twitter:data1\" content=\"fundacion\" \/>\n\t<meta name=\"twitter:label2\" content=\"Tiempo de lectura\" \/>\n\t<meta name=\"twitter:data2\" content=\"4 minutos\" \/>\n<script type=\"application\/ld+json\" class=\"yoast-schema-graph\">{\"@context\":\"https:\/\/schema.org\",\"@graph\":[{\"@type\":\"Article\",\"@id\":\"https:\/\/www.fundacionanse.org\/resalar\/2023\/09\/13\/avanzamos-en-la-restauracion-de-las-naves-salineras-de-marchamalo-mar-menor\/#article\",\"isPartOf\":{\"@id\":\"https:\/\/www.fundacionanse.org\/resalar\/2023\/09\/13\/avanzamos-en-la-restauracion-de-las-naves-salineras-de-marchamalo-mar-menor\/\"},\"author\":{\"name\":\"fundacion\",\"@id\":\"https:\/\/www.fundacionanse.org\/resalar\/#\/schema\/person\/5719c1a8aa1c54a3c7f0d42d26627275\"},\"headline\":\"Avanzamos en la restauraci\u00f3n de las naves salineras de Marchamalo (Mar Menor)\",\"datePublished\":\"2023-09-13T10:18:00+00:00\",\"dateModified\":\"2025-11-17T09:59:32+00:00\",\"mainEntityOfPage\":{\"@id\":\"https:\/\/www.fundacionanse.org\/resalar\/2023\/09\/13\/avanzamos-en-la-restauracion-de-las-naves-salineras-de-marchamalo-mar-menor\/\"},\"wordCount\":664,\"commentCount\":0,\"publisher\":{\"@id\":\"https:\/\/www.fundacionanse.org\/resalar\/#organization\"},\"image\":{\"@id\":\"https:\/\/www.fundacionanse.org\/resalar\/2023\/09\/13\/avanzamos-en-la-restauracion-de-las-naves-salineras-de-marchamalo-mar-menor\/#primaryimage\"},\"thumbnailUrl\":\"https:\/\/www.fundacionanse.org\/resalar\/wp-content\/uploads\/sites\/5\/2024\/02\/Naves-Marchamalo-restauradas.jpg\",\"articleSection\":[\"Actualidad\"],\"inLanguage\":\"es\"},{\"@type\":\"WebPage\",\"@id\":\"https:\/\/www.fundacionanse.org\/resalar\/2023\/09\/13\/avanzamos-en-la-restauracion-de-las-naves-salineras-de-marchamalo-mar-menor\/\",\"url\":\"https:\/\/www.fundacionanse.org\/resalar\/2023\/09\/13\/avanzamos-en-la-restauracion-de-las-naves-salineras-de-marchamalo-mar-menor\/\",\"name\":\"Avanzamos en la restauraci\u00f3n de las naves salineras de Marchamalo (Mar Menor) - RESALAR\",\"isPartOf\":{\"@id\":\"https:\/\/www.fundacionanse.org\/resalar\/#website\"},\"primaryImageOfPage\":{\"@id\":\"https:\/\/www.fundacionanse.org\/resalar\/2023\/09\/13\/avanzamos-en-la-restauracion-de-las-naves-salineras-de-marchamalo-mar-menor\/#primaryimage\"},\"image\":{\"@id\":\"https:\/\/www.fundacionanse.org\/resalar\/2023\/09\/13\/avanzamos-en-la-restauracion-de-las-naves-salineras-de-marchamalo-mar-menor\/#primaryimage\"},\"thumbnailUrl\":\"https:\/\/www.fundacionanse.org\/resalar\/wp-content\/uploads\/sites\/5\/2024\/02\/Naves-Marchamalo-restauradas.jpg\",\"datePublished\":\"2023-09-13T10:18:00+00:00\",\"dateModified\":\"2025-11-17T09:59:32+00:00\",\"breadcrumb\":{\"@id\":\"https:\/\/www.fundacionanse.org\/resalar\/2023\/09\/13\/avanzamos-en-la-restauracion-de-las-naves-salineras-de-marchamalo-mar-menor\/#breadcrumb\"},\"inLanguage\":\"es\",\"potentialAction\":[{\"@type\":\"ReadAction\",\"target\":[\"https:\/\/www.fundacionanse.org\/resalar\/2023\/09\/13\/avanzamos-en-la-restauracion-de-las-naves-salineras-de-marchamalo-mar-menor\/\"]}]},{\"@type\":\"ImageObject\",\"inLanguage\":\"es\",\"@id\":\"https:\/\/www.fundacionanse.org\/resalar\/2023\/09\/13\/avanzamos-en-la-restauracion-de-las-naves-salineras-de-marchamalo-mar-menor\/#primaryimage\",\"url\":\"https:\/\/www.fundacionanse.org\/resalar\/wp-content\/uploads\/sites\/5\/2024\/02\/Naves-Marchamalo-restauradas.jpg\",\"contentUrl\":\"https:\/\/www.fundacionanse.org\/resalar\/wp-content\/uploads\/sites\/5\/2024\/02\/Naves-Marchamalo-restauradas.jpg\",\"width\":1500,\"height\":911,\"caption\":\"Naves de las Salinas de Marchamalo restauradas gracias al proyecto Resalar\"},{\"@type\":\"BreadcrumbList\",\"@id\":\"https:\/\/www.fundacionanse.org\/resalar\/2023\/09\/13\/avanzamos-en-la-restauracion-de-las-naves-salineras-de-marchamalo-mar-menor\/#breadcrumb\",\"itemListElement\":[{\"@type\":\"ListItem\",\"position\":1,\"name\":\"Portada\",\"item\":\"https:\/\/www.fundacionanse.org\/resalar\/\"},{\"@type\":\"ListItem\",\"position\":2,\"name\":\"Avanzamos en la restauraci\u00f3n de las naves salineras de Marchamalo (Mar Menor)\"}]},{\"@type\":\"WebSite\",\"@id\":\"https:\/\/www.fundacionanse.org\/resalar\/#website\",\"url\":\"https:\/\/www.fundacionanse.org\/resalar\/\",\"name\":\"RESALAR\",\"description\":\"Regeneraci\u00f3n de salinas y arenales en el Mar Menor\",\"publisher\":{\"@id\":\"https:\/\/www.fundacionanse.org\/resalar\/#organization\"},\"potentialAction\":[{\"@type\":\"SearchAction\",\"target\":{\"@type\":\"EntryPoint\",\"urlTemplate\":\"https:\/\/www.fundacionanse.org\/resalar\/?s={search_term_string}\"},\"query-input\":{\"@type\":\"PropertyValueSpecification\",\"valueRequired\":true,\"valueName\":\"search_term_string\"}}],\"inLanguage\":\"es\"},{\"@type\":\"Organization\",\"@id\":\"https:\/\/www.fundacionanse.org\/resalar\/#organization\",\"name\":\"RESALAR\",\"url\":\"https:\/\/www.fundacionanse.org\/resalar\/\",\"logo\":{\"@type\":\"ImageObject\",\"inLanguage\":\"es\",\"@id\":\"https:\/\/www.fundacionanse.org\/resalar\/#\/schema\/logo\/image\/\",\"url\":\"https:\/\/www.fundacionanse.org\/resalar\/wp-content\/uploads\/sites\/5\/2024\/02\/resalar-web_vertical-color.svg\",\"contentUrl\":\"https:\/\/www.fundacionanse.org\/resalar\/wp-content\/uploads\/sites\/5\/2024\/02\/resalar-web_vertical-color.svg\",\"width\":168,\"height\":188,\"caption\":\"RESALAR\"},\"image\":{\"@id\":\"https:\/\/www.fundacionanse.org\/resalar\/#\/schema\/logo\/image\/\"},\"sameAs\":[\"https:\/\/www.facebook.com\/FundacionANSE\",\"https:\/\/x.com\/fundacionanse\",\"https:\/\/www.instagram.com\/fundacionanse\/\"]},{\"@type\":\"Person\",\"@id\":\"https:\/\/www.fundacionanse.org\/resalar\/#\/schema\/person\/5719c1a8aa1c54a3c7f0d42d26627275\",\"name\":\"fundacion\",\"image\":{\"@type\":\"ImageObject\",\"inLanguage\":\"es\",\"@id\":\"https:\/\/www.fundacionanse.org\/resalar\/#\/schema\/person\/image\/\",\"url\":\"https:\/\/secure.gravatar.com\/avatar\/dec98970ed84c8fce89dd2c37c22164e7b4320cbf181bd9cbd9e99b05768686f?s=96&d=mm&r=g\",\"contentUrl\":\"https:\/\/secure.gravatar.com\/avatar\/dec98970ed84c8fce89dd2c37c22164e7b4320cbf181bd9cbd9e99b05768686f?s=96&d=mm&r=g\",\"caption\":\"fundacion\"},\"url\":\"https:\/\/www.fundacionanse.org\/resalar\/author\/fundacion\/\"}]}<\/script>\n<!-- \/ Yoast SEO plugin. -->","yoast_head_json":{"title":"Avanzamos en la restauraci\u00f3n de las naves salineras de Marchamalo (Mar Menor) - RESALAR","robots":{"index":"index","follow":"follow","max-snippet":"max-snippet:-1","max-image-preview":"max-image-preview:large","max-video-preview":"max-video-preview:-1"},"canonical":"https:\/\/www.fundacionanse.org\/resalar\/2023\/09\/13\/avanzamos-en-la-restauracion-de-las-naves-salineras-de-marchamalo-mar-menor\/","og_locale":"es_ES","og_type":"article","og_title":"Avanzamos en la restauraci\u00f3n de las naves salineras de Marchamalo (Mar Menor) - RESALAR","og_description":"Durante las \u00faltimas semanas, el trabajo de restauraci\u00f3n de las naves salineras de Marchamalo (Mar Menor) ha experimentado importantes avances, tanto en su interior como en el exterior, y ya comienza a vislumbrarse la profunda mejora de las salinas viejas gracias a la ayuda de muchas personas y entidades, y a la puesta en marcha ... Leer m\u00e1s","og_url":"https:\/\/www.fundacionanse.org\/resalar\/2023\/09\/13\/avanzamos-en-la-restauracion-de-las-naves-salineras-de-marchamalo-mar-menor\/","og_site_name":"RESALAR","article_publisher":"https:\/\/www.facebook.com\/FundacionANSE","article_published_time":"2023-09-13T10:18:00+00:00","article_modified_time":"2025-11-17T09:59:32+00:00","og_image":[{"width":1500,"height":911,"url":"https:\/\/www.fundacionanse.org\/resalar\/wp-content\/uploads\/sites\/5\/2024\/02\/Naves-Marchamalo-restauradas.jpg","type":"image\/jpeg"}],"author":"fundacion","twitter_card":"summary_large_image","twitter_creator":"@fundacionanse","twitter_site":"@fundacionanse","twitter_misc":{"Escrito por":"fundacion","Tiempo de lectura":"4 minutos"},"schema":{"@context":"https:\/\/schema.org","@graph":[{"@type":"Article","@id":"https:\/\/www.fundacionanse.org\/resalar\/2023\/09\/13\/avanzamos-en-la-restauracion-de-las-naves-salineras-de-marchamalo-mar-menor\/#article","isPartOf":{"@id":"https:\/\/www.fundacionanse.org\/resalar\/2023\/09\/13\/avanzamos-en-la-restauracion-de-las-naves-salineras-de-marchamalo-mar-menor\/"},"author":{"name":"fundacion","@id":"https:\/\/www.fundacionanse.org\/resalar\/#\/schema\/person\/5719c1a8aa1c54a3c7f0d42d26627275"},"headline":"Avanzamos en la restauraci\u00f3n de las naves salineras de Marchamalo (Mar Menor)","datePublished":"2023-09-13T10:18:00+00:00","dateModified":"2025-11-17T09:59:32+00:00","mainEntityOfPage":{"@id":"https:\/\/www.fundacionanse.org\/resalar\/2023\/09\/13\/avanzamos-en-la-restauracion-de-las-naves-salineras-de-marchamalo-mar-menor\/"},"wordCount":664,"commentCount":0,"publisher":{"@id":"https:\/\/www.fundacionanse.org\/resalar\/#organization"},"image":{"@id":"https:\/\/www.fundacionanse.org\/resalar\/2023\/09\/13\/avanzamos-en-la-restauracion-de-las-naves-salineras-de-marchamalo-mar-menor\/#primaryimage"},"thumbnailUrl":"https:\/\/www.fundacionanse.org\/resalar\/wp-content\/uploads\/sites\/5\/2024\/02\/Naves-Marchamalo-restauradas.jpg","articleSection":["Actualidad"],"inLanguage":"es"},{"@type":"WebPage","@id":"https:\/\/www.fundacionanse.org\/resalar\/2023\/09\/13\/avanzamos-en-la-restauracion-de-las-naves-salineras-de-marchamalo-mar-menor\/","url":"https:\/\/www.fundacionanse.org\/resalar\/2023\/09\/13\/avanzamos-en-la-restauracion-de-las-naves-salineras-de-marchamalo-mar-menor\/","name":"Avanzamos en la restauraci\u00f3n de las naves salineras de Marchamalo (Mar Menor) - RESALAR","isPartOf":{"@id":"https:\/\/www.fundacionanse.org\/resalar\/#website"},"primaryImageOfPage":{"@id":"https:\/\/www.fundacionanse.org\/resalar\/2023\/09\/13\/avanzamos-en-la-restauracion-de-las-naves-salineras-de-marchamalo-mar-menor\/#primaryimage"},"image":{"@id":"https:\/\/www.fundacionanse.org\/resalar\/2023\/09\/13\/avanzamos-en-la-restauracion-de-las-naves-salineras-de-marchamalo-mar-menor\/#primaryimage"},"thumbnailUrl":"https:\/\/www.fundacionanse.org\/resalar\/wp-content\/uploads\/sites\/5\/2024\/02\/Naves-Marchamalo-restauradas.jpg","datePublished":"2023-09-13T10:18:00+00:00","dateModified":"2025-11-17T09:59:32+00:00","breadcrumb":{"@id":"https:\/\/www.fundacionanse.org\/resalar\/2023\/09\/13\/avanzamos-en-la-restauracion-de-las-naves-salineras-de-marchamalo-mar-menor\/#breadcrumb"},"inLanguage":"es","potentialAction":[{"@type":"ReadAction","target":["https:\/\/www.fundacionanse.org\/resalar\/2023\/09\/13\/avanzamos-en-la-restauracion-de-las-naves-salineras-de-marchamalo-mar-menor\/"]}]},{"@type":"ImageObject","inLanguage":"es","@id":"https:\/\/www.fundacionanse.org\/resalar\/2023\/09\/13\/avanzamos-en-la-restauracion-de-las-naves-salineras-de-marchamalo-mar-menor\/#primaryimage","url":"https:\/\/www.fundacionanse.org\/resalar\/wp-content\/uploads\/sites\/5\/2024\/02\/Naves-Marchamalo-restauradas.jpg","contentUrl":"https:\/\/www.fundacionanse.org\/resalar\/wp-content\/uploads\/sites\/5\/2024\/02\/Naves-Marchamalo-restauradas.jpg","width":1500,"height":911,"caption":"Naves de las Salinas de Marchamalo restauradas gracias al proyecto Resalar"},{"@type":"BreadcrumbList","@id":"https:\/\/www.fundacionanse.org\/resalar\/2023\/09\/13\/avanzamos-en-la-restauracion-de-las-naves-salineras-de-marchamalo-mar-menor\/#breadcrumb","itemListElement":[{"@type":"ListItem","position":1,"name":"Portada","item":"https:\/\/www.fundacionanse.org\/resalar\/"},{"@type":"ListItem","position":2,"name":"Avanzamos en la restauraci\u00f3n de las naves salineras de Marchamalo (Mar Menor)"}]},{"@type":"WebSite","@id":"https:\/\/www.fundacionanse.org\/resalar\/#website","url":"https:\/\/www.fundacionanse.org\/resalar\/","name":"RESALAR","description":"Regeneraci\u00f3n de salinas y arenales en el Mar Menor","publisher":{"@id":"https:\/\/www.fundacionanse.org\/resalar\/#organization"},"potentialAction":[{"@type":"SearchAction","target":{"@type":"EntryPoint","urlTemplate":"https:\/\/www.fundacionanse.org\/resalar\/?s={search_term_string}"},"query-input":{"@type":"PropertyValueSpecification","valueRequired":true,"valueName":"search_term_string"}}],"inLanguage":"es"},{"@type":"Organization","@id":"https:\/\/www.fundacionanse.org\/resalar\/#organization","name":"RESALAR","url":"https:\/\/www.fundacionanse.org\/resalar\/","logo":{"@type":"ImageObject","inLanguage":"es","@id":"https:\/\/www.fundacionanse.org\/resalar\/#\/schema\/logo\/image\/","url":"https:\/\/www.fundacionanse.org\/resalar\/wp-content\/uploads\/sites\/5\/2024\/02\/resalar-web_vertical-color.svg","contentUrl":"https:\/\/www.fundacionanse.org\/resalar\/wp-content\/uploads\/sites\/5\/2024\/02\/resalar-web_vertical-color.svg","width":168,"height":188,"caption":"RESALAR"},"image":{"@id":"https:\/\/www.fundacionanse.org\/resalar\/#\/schema\/logo\/image\/"},"sameAs":["https:\/\/www.facebook.com\/FundacionANSE","https:\/\/x.com\/fundacionanse","https:\/\/www.instagram.com\/fundacionanse\/"]},{"@type":"Person","@id":"https:\/\/www.fundacionanse.org\/resalar\/#\/schema\/person\/5719c1a8aa1c54a3c7f0d42d26627275","name":"fundacion","image":{"@type":"ImageObject","inLanguage":"es","@id":"https:\/\/www.fundacionanse.org\/resalar\/#\/schema\/person\/image\/","url":"https:\/\/secure.gravatar.com\/avatar\/dec98970ed84c8fce89dd2c37c22164e7b4320cbf181bd9cbd9e99b05768686f?s=96&d=mm&r=g","contentUrl":"https:\/\/secure.gravatar.com\/avatar\/dec98970ed84c8fce89dd2c37c22164e7b4320cbf181bd9cbd9e99b05768686f?s=96&d=mm&r=g","caption":"fundacion"},"url":"https:\/\/www.fundacionanse.org\/resalar\/author\/fundacion\/"}]}},"_links":{"self":[{"href":"https:\/\/www.fundacionanse.org\/resalar\/wp-json\/wp\/v2\/posts\/385","targetHints":{"allow":["GET"]}}],"collection":[{"href":"https:\/\/www.fundacionanse.org\/resalar\/wp-json\/wp\/v2\/posts"}],"about":[{"href":"https:\/\/www.fundacionanse.org\/resalar\/wp-json\/wp\/v2\/types\/post"}],"author":[{"embeddable":true,"href":"https:\/\/www.fundacionanse.org\/resalar\/wp-json\/wp\/v2\/users\/2"}],"replies":[{"embeddable":true,"href":"https:\/\/www.fundacionanse.org\/resalar\/wp-json\/wp\/v2\/comments?post=385"}],"version-history":[{"count":0,"href":"https:\/\/www.fundacionanse.org\/resalar\/wp-json\/wp\/v2\/posts\/385\/revisions"}],"wp:featuredmedia":[{"embeddable":true,"href":"https:\/\/www.fundacionanse.org\/resalar\/wp-json\/wp\/v2\/media\/708"}],"wp:attachment":[{"href":"https:\/\/www.fundacionanse.org\/resalar\/wp-json\/wp\/v2\/media?parent=385"}],"wp:term":[{"taxonomy":"category","embeddable":true,"href":"https:\/\/www.fundacionanse.org\/resalar\/wp-json\/wp\/v2\/categories?post=385"},{"taxonomy":"post_tag","embeddable":true,"href":"https:\/\/www.fundacionanse.org\/resalar\/wp-json\/wp\/v2\/tags?post=385"}],"curies":[{"name":"wp","href":"https:\/\/api.w.org\/{rel}","templated":true}]}}