{"id":391,"date":"2023-09-12T10:00:00","date_gmt":"2023-09-12T10:00:00","guid":{"rendered":"https:\/\/www.fundacionanse.org\/resalar\/?p=391"},"modified":"2025-11-17T09:59:32","modified_gmt":"2025-11-17T09:59:32","slug":"semana-de-la-movilidad-en-bosque-romano-y-resalar","status":"publish","type":"post","link":"https:\/\/www.fundacionanse.org\/resalar\/2023\/09\/12\/semana-de-la-movilidad-en-bosque-romano-y-resalar\/","title":{"rendered":"Semana de la Movilidad en Bosque Romano y Resalar"},"content":{"rendered":"\n<p><strong>Del 16 a 22 de septiembre se celebra cada a\u00f1o la Semana Europea de la Movilidad. Este a\u00f1o os invitamos desde ANSE y la Fundaci\u00f3n ANSE a participar en la celebraci\u00f3n de este evento a trav\u00e9s de dos recorridos a pie para conocer dos de los proyectos que tenemos en marcha, los proyectos RESALAR y Bosque Romano, mostrando el potencial de los mismos como generadores de espacios de bajas emisiones, recuperaci\u00f3n de patrimonio natural y cultural, y generadores de recursos tur\u00edsticos a trav\u00e9s de rutas o recorridos a pie o ciclables.<\/strong><\/p>\n\n\n\n<p>Durante la segunda quincena de septiembre, del 16 a 22, se celebra cada a\u00f1o la Semana Europea de la Movilidad. Se trata de una campa\u00f1a coordinada a nivel nacional por el Ministerio para la Transici\u00f3n Ecol\u00f3gica y el Reto Demogr\u00e1fico dirigida a sensibilizar, tanto a los responsables pol\u00edticos como a los ciudadanos, sobre las consecuencias negativas que tiene el uso irracional del coche en la ciudad para la salud y para el medio ambiente, y los beneficios del uso de modos de transporte m\u00e1s sostenibles como el transporte p\u00fablico, la bicicleta o los desplazamientos a pie.<\/p>\n\n\n\n<p>Este a\u00f1o, desde ANSE y la Fundaci\u00f3n ANSE, a trav\u00e9s de dos de los proyectos que estamos desarrollando, el proyecto Bosque Romano y el proyecto RESALAR, nos unimos a esta celebraci\u00f3n con dos actividades de divulgaci\u00f3n y promoci\u00f3n de los espacios peatonales y ciclables como alternativa al desplazamiento urbano con veh\u00edculos a motor.<\/p>\n\n\n\n<p>Para ello, os proponemos participar en dos recorridos a pie el pr\u00f3ximo domingo 17 de septiembre, encaminados a promocionar la movilidad sostenible y el fomento y desarrollo de buenas pr\u00e1cticas enfocados a conseguir este objetivo.<\/p>\n\n\n\n<figure class=\"wp-block-gallery has-nested-images columns-default is-cropped wp-block-gallery-1 is-layout-flex wp-block-gallery-is-layout-flex\">\n<figure class=\"wp-block-image size-large\"><img decoding=\"async\" width=\"1024\" height=\"683\" data-id=\"393\" src=\"https:\/\/www.fundacionanse.org\/resalar\/wp-content\/uploads\/sites\/5\/2023\/09\/Canteras-Romanas-1024x683.jpg\" alt=\"\" class=\"wp-image-393\" srcset=\"https:\/\/www.fundacionanse.org\/resalar\/wp-content\/uploads\/sites\/5\/2023\/09\/Canteras-Romanas-1024x683.jpg 1024w, https:\/\/www.fundacionanse.org\/resalar\/wp-content\/uploads\/sites\/5\/2023\/09\/Canteras-Romanas-300x200.jpg 300w, https:\/\/www.fundacionanse.org\/resalar\/wp-content\/uploads\/sites\/5\/2023\/09\/Canteras-Romanas-768x512.jpg 768w, https:\/\/www.fundacionanse.org\/resalar\/wp-content\/uploads\/sites\/5\/2023\/09\/Canteras-Romanas-1536x1024.jpg 1536w, https:\/\/www.fundacionanse.org\/resalar\/wp-content\/uploads\/sites\/5\/2023\/09\/Canteras-Romanas-2048x1365.jpg 2048w\" sizes=\"(max-width: 1024px) 100vw, 1024px\" \/><\/figure>\n\n\n\n<figure class=\"wp-block-image size-large\"><img decoding=\"async\" width=\"1024\" height=\"768\" data-id=\"392\" src=\"https:\/\/www.fundacionanse.org\/resalar\/wp-content\/uploads\/sites\/5\/2023\/09\/SEM_Salinas.jpeg\" alt=\"\" class=\"wp-image-392\" srcset=\"https:\/\/www.fundacionanse.org\/resalar\/wp-content\/uploads\/sites\/5\/2023\/09\/SEM_Salinas.jpeg 1024w, https:\/\/www.fundacionanse.org\/resalar\/wp-content\/uploads\/sites\/5\/2023\/09\/SEM_Salinas-300x225.jpeg 300w, https:\/\/www.fundacionanse.org\/resalar\/wp-content\/uploads\/sites\/5\/2023\/09\/SEM_Salinas-768x576.jpeg 768w\" sizes=\"(max-width: 1024px) 100vw, 1024px\" \/><\/figure>\n<\/figure>\n\n\n\n<p>Las actividades se realizar\u00e1n en dos ubicaciones diferentes. La primera de ellas, enmarcada en el proyecto Bosque Romano, tendr\u00e1 lugar en Cartagena, entre el barrio de San Jos\u00e9 Obrero y la Diputaci\u00f3n de Canteras, zona en la que se desarrolla el citado proyecto. En ella se recorrer\u00e1n los espacios que conformar\u00e1n el que ser\u00e1 el futuro corredor verde que unir\u00e1 los barrios de San Jos\u00e9 Obrero, La Vaguada, Las Lomas y la Diputaci\u00f3n de Canteras; un recorrido de unos 5 km de longitud.<\/p>\n\n\n\n<p>La segunda se realizar\u00e1 en las Salinas de Marchamalo, al inicio de la Manga, donde se est\u00e1 llevando a cabo el proyecto RESALAR, con un recorrido circular de aproximadamente 5 km que permitir\u00e1 conocer este espacio natural protegido, sus valores naturales, culturales y patrimoniales y las labores de restauraci\u00f3n y recuperaci\u00f3n que a trav\u00e9s del proyecto RESALAR se est\u00e1n realizando.<\/p>\n\n\n\n<p>Ambas actividades se realizar\u00e1n&nbsp;<strong>en horario de ma\u00f1ana, de 10.00 h a 13.30 h<\/strong>&nbsp;y para participar en ellas es&nbsp;<strong>necesario inscripci\u00f3n previa, a trav\u00e9s del&nbsp;<a href=\"https:\/\/forms.gle\/HuhRF21NrvNXxKq47\">formulario<\/a>, y confirmaci\u00f3n de plaza<\/strong>, ya que ser\u00e1n limitadas.<\/p>\n\n\n\n<p>El&nbsp;<strong>proyecto RESALAR<\/strong>&nbsp;tiene el objetivo de regenerar espacios del litoral del Mar Menor y su biodiversidad para reducir los impactos de las actividades humanas, fortalecer la resiliencia del litoral frente al cambio clim\u00e1tico y mejorar e incrementar los servicios ecosist\u00e9micos que proveen a la sociedad. Este proyecto, que coordina la Fundaci\u00f3n ANSE, y en el que participan la Asociaci\u00f3n de Naturalistas del Sureste, WWF-Espa\u00f1a y el Instituto Espa\u00f1ol de Oceanograf\u00eda, Centro Nacional de la Agencia Estatal Consejo Superior de Investigaciones Cient\u00edficas (IEO-CSIC), cuenta con el apoyo de la Fundaci\u00f3n Biodiversidad del Ministerio para la Transici\u00f3n Ecol\u00f3gica y el Reto Demogr\u00e1fico (MITECO) en el marco del Plan de Recuperaci\u00f3n, Transformaci\u00f3n y Resiliencia (PRTR), financiado por la Uni\u00f3n Europea \u2013 NextGenerationEU y se encuentra vinculado al Marco de Actuaciones Prioritarias para la recuperaci\u00f3n del Mar Menor del Ministerio para la Transici\u00f3n Ecol\u00f3gica y el Reto Demogr\u00e1fico.<\/p>\n\n\n\n<p><strong>El proyecto \u201cBosque Romano\u201d,<\/strong>&nbsp;coordinado por el Ayuntamiento de Cartagena y en \u00e9l participan ANSE, ARBA y CETENMA, cuenta con el apoyo de la Fundaci\u00f3n Biodiversidad del Ministerio para la Transici\u00f3n Ecol\u00f3gica y el Reto Demogr\u00e1fico (MITECO) en el marco del Plan de Recuperaci\u00f3n, Transformaci\u00f3n y Resiliencia (PRTR), financiado por la Uni\u00f3n Europea \u2013 NextGenerationEU.<\/p>\n\n\n<div class=\"wp-block-image\">\n<figure class=\"aligncenter\"><img decoding=\"async\" src=\"https:\/\/www.asociacionanse.org\/wp-content\/uploads\/2023\/01\/combo_web_BosqueRomano.png\" alt=\"\"\/><\/figure><\/div>\n\n\n<h3 class=\"wp-block-heading\">\u00a1P\u00e1salo!<\/h3>\n","protected":false},"excerpt":{"rendered":"<p>Del 16 a 22 de septiembre se celebra cada a\u00f1o la Semana Europea de la Movilidad. Este a\u00f1o os invitamos desde ANSE y la Fundaci\u00f3n ANSE a participar en la celebraci\u00f3n de este evento a trav\u00e9s de dos recorridos a pie para conocer dos de los proyectos que tenemos en marcha, los proyectos RESALAR y &#8230; <a title=\"Semana de la Movilidad en Bosque Romano y Resalar\" class=\"read-more\" href=\"https:\/\/www.fundacionanse.org\/resalar\/2023\/09\/12\/semana-de-la-movilidad-en-bosque-romano-y-resalar\/\" aria-label=\"Leer m\u00e1s sobre Semana de la Movilidad en Bosque Romano y Resalar\">Leer m\u00e1s<\/a><\/p>\n","protected":false},"author":2,"featured_media":440,"comment_status":"open","ping_status":"open","sticky":false,"template":"","format":"standard","meta":{"inline_featured_image":false,"footnotes":""},"categories":[1],"tags":[],"class_list":["post-391","post","type-post","status-publish","format-standard","has-post-thumbnail","hentry","category-actualidad","generate-columns","tablet-grid-50","mobile-grid-100","grid-parent","grid-33","resize-featured-image"],"yoast_head":"<!-- This site is optimized with the Yoast SEO plugin v26.9 - https:\/\/yoast.com\/product\/yoast-seo-wordpress\/ -->\n<title>Semana de la Movilidad en Bosque Romano y Resalar - RESALAR<\/title>\n<meta name=\"robots\" content=\"index, follow, max-snippet:-1, max-image-preview:large, max-video-preview:-1\" \/>\n<link rel=\"canonical\" href=\"https:\/\/www.fundacionanse.org\/resalar\/2023\/09\/12\/semana-de-la-movilidad-en-bosque-romano-y-resalar\/\" \/>\n<meta property=\"og:locale\" content=\"es_ES\" \/>\n<meta property=\"og:type\" content=\"article\" \/>\n<meta property=\"og:title\" content=\"Semana de la Movilidad en Bosque Romano y Resalar - RESALAR\" \/>\n<meta property=\"og:description\" content=\"Del 16 a 22 de septiembre se celebra cada a\u00f1o la Semana Europea de la Movilidad. Este a\u00f1o os invitamos desde ANSE y la Fundaci\u00f3n ANSE a participar en la celebraci\u00f3n de este evento a trav\u00e9s de dos recorridos a pie para conocer dos de los proyectos que tenemos en marcha, los proyectos RESALAR y ... Leer m\u00e1s\" \/>\n<meta property=\"og:url\" content=\"https:\/\/www.fundacionanse.org\/resalar\/2023\/09\/12\/semana-de-la-movilidad-en-bosque-romano-y-resalar\/\" \/>\n<meta property=\"og:site_name\" content=\"RESALAR\" \/>\n<meta property=\"article:publisher\" content=\"https:\/\/www.facebook.com\/FundacionANSE\" \/>\n<meta property=\"article:published_time\" content=\"2023-09-12T10:00:00+00:00\" \/>\n<meta property=\"article:modified_time\" content=\"2025-11-17T09:59:32+00:00\" \/>\n<meta property=\"og:image\" content=\"https:\/\/www.fundacionanse.org\/resalar\/wp-content\/uploads\/sites\/5\/2023\/09\/CabeceraSEM23.jpg\" \/>\n\t<meta property=\"og:image:width\" content=\"2000\" \/>\n\t<meta property=\"og:image:height\" content=\"800\" \/>\n\t<meta property=\"og:image:type\" content=\"image\/jpeg\" \/>\n<meta name=\"author\" content=\"fundacion\" \/>\n<meta name=\"twitter:card\" content=\"summary_large_image\" \/>\n<meta name=\"twitter:creator\" content=\"@fundacionanse\" \/>\n<meta name=\"twitter:site\" content=\"@fundacionanse\" \/>\n<meta name=\"twitter:label1\" content=\"Escrito por\" \/>\n\t<meta name=\"twitter:data1\" content=\"fundacion\" \/>\n\t<meta name=\"twitter:label2\" content=\"Tiempo de lectura\" \/>\n\t<meta name=\"twitter:data2\" content=\"4 minutos\" \/>\n<script type=\"application\/ld+json\" class=\"yoast-schema-graph\">{\"@context\":\"https:\/\/schema.org\",\"@graph\":[{\"@type\":\"Article\",\"@id\":\"https:\/\/www.fundacionanse.org\/resalar\/2023\/09\/12\/semana-de-la-movilidad-en-bosque-romano-y-resalar\/#article\",\"isPartOf\":{\"@id\":\"https:\/\/www.fundacionanse.org\/resalar\/2023\/09\/12\/semana-de-la-movilidad-en-bosque-romano-y-resalar\/\"},\"author\":{\"name\":\"fundacion\",\"@id\":\"https:\/\/www.fundacionanse.org\/resalar\/#\/schema\/person\/5719c1a8aa1c54a3c7f0d42d26627275\"},\"headline\":\"Semana de la Movilidad en Bosque Romano y Resalar\",\"datePublished\":\"2023-09-12T10:00:00+00:00\",\"dateModified\":\"2025-11-17T09:59:32+00:00\",\"mainEntityOfPage\":{\"@id\":\"https:\/\/www.fundacionanse.org\/resalar\/2023\/09\/12\/semana-de-la-movilidad-en-bosque-romano-y-resalar\/\"},\"wordCount\":726,\"commentCount\":0,\"publisher\":{\"@id\":\"https:\/\/www.fundacionanse.org\/resalar\/#organization\"},\"image\":{\"@id\":\"https:\/\/www.fundacionanse.org\/resalar\/2023\/09\/12\/semana-de-la-movilidad-en-bosque-romano-y-resalar\/#primaryimage\"},\"thumbnailUrl\":\"https:\/\/www.fundacionanse.org\/resalar\/wp-content\/uploads\/sites\/5\/2023\/09\/CabeceraSEM23.jpg\",\"articleSection\":[\"Actualidad\"],\"inLanguage\":\"es\"},{\"@type\":\"WebPage\",\"@id\":\"https:\/\/www.fundacionanse.org\/resalar\/2023\/09\/12\/semana-de-la-movilidad-en-bosque-romano-y-resalar\/\",\"url\":\"https:\/\/www.fundacionanse.org\/resalar\/2023\/09\/12\/semana-de-la-movilidad-en-bosque-romano-y-resalar\/\",\"name\":\"Semana de la Movilidad en Bosque Romano y Resalar - RESALAR\",\"isPartOf\":{\"@id\":\"https:\/\/www.fundacionanse.org\/resalar\/#website\"},\"primaryImageOfPage\":{\"@id\":\"https:\/\/www.fundacionanse.org\/resalar\/2023\/09\/12\/semana-de-la-movilidad-en-bosque-romano-y-resalar\/#primaryimage\"},\"image\":{\"@id\":\"https:\/\/www.fundacionanse.org\/resalar\/2023\/09\/12\/semana-de-la-movilidad-en-bosque-romano-y-resalar\/#primaryimage\"},\"thumbnailUrl\":\"https:\/\/www.fundacionanse.org\/resalar\/wp-content\/uploads\/sites\/5\/2023\/09\/CabeceraSEM23.jpg\",\"datePublished\":\"2023-09-12T10:00:00+00:00\",\"dateModified\":\"2025-11-17T09:59:32+00:00\",\"breadcrumb\":{\"@id\":\"https:\/\/www.fundacionanse.org\/resalar\/2023\/09\/12\/semana-de-la-movilidad-en-bosque-romano-y-resalar\/#breadcrumb\"},\"inLanguage\":\"es\",\"potentialAction\":[{\"@type\":\"ReadAction\",\"target\":[\"https:\/\/www.fundacionanse.org\/resalar\/2023\/09\/12\/semana-de-la-movilidad-en-bosque-romano-y-resalar\/\"]}]},{\"@type\":\"ImageObject\",\"inLanguage\":\"es\",\"@id\":\"https:\/\/www.fundacionanse.org\/resalar\/2023\/09\/12\/semana-de-la-movilidad-en-bosque-romano-y-resalar\/#primaryimage\",\"url\":\"https:\/\/www.fundacionanse.org\/resalar\/wp-content\/uploads\/sites\/5\/2023\/09\/CabeceraSEM23.jpg\",\"contentUrl\":\"https:\/\/www.fundacionanse.org\/resalar\/wp-content\/uploads\/sites\/5\/2023\/09\/CabeceraSEM23.jpg\",\"width\":2000,\"height\":800},{\"@type\":\"BreadcrumbList\",\"@id\":\"https:\/\/www.fundacionanse.org\/resalar\/2023\/09\/12\/semana-de-la-movilidad-en-bosque-romano-y-resalar\/#breadcrumb\",\"itemListElement\":[{\"@type\":\"ListItem\",\"position\":1,\"name\":\"Portada\",\"item\":\"https:\/\/www.fundacionanse.org\/resalar\/\"},{\"@type\":\"ListItem\",\"position\":2,\"name\":\"Semana de la Movilidad en Bosque Romano y Resalar\"}]},{\"@type\":\"WebSite\",\"@id\":\"https:\/\/www.fundacionanse.org\/resalar\/#website\",\"url\":\"https:\/\/www.fundacionanse.org\/resalar\/\",\"name\":\"RESALAR\",\"description\":\"Regeneraci\u00f3n de salinas y arenales en el Mar Menor\",\"publisher\":{\"@id\":\"https:\/\/www.fundacionanse.org\/resalar\/#organization\"},\"potentialAction\":[{\"@type\":\"SearchAction\",\"target\":{\"@type\":\"EntryPoint\",\"urlTemplate\":\"https:\/\/www.fundacionanse.org\/resalar\/?s={search_term_string}\"},\"query-input\":{\"@type\":\"PropertyValueSpecification\",\"valueRequired\":true,\"valueName\":\"search_term_string\"}}],\"inLanguage\":\"es\"},{\"@type\":\"Organization\",\"@id\":\"https:\/\/www.fundacionanse.org\/resalar\/#organization\",\"name\":\"RESALAR\",\"url\":\"https:\/\/www.fundacionanse.org\/resalar\/\",\"logo\":{\"@type\":\"ImageObject\",\"inLanguage\":\"es\",\"@id\":\"https:\/\/www.fundacionanse.org\/resalar\/#\/schema\/logo\/image\/\",\"url\":\"https:\/\/www.fundacionanse.org\/resalar\/wp-content\/uploads\/sites\/5\/2024\/02\/resalar-web_vertical-color.svg\",\"contentUrl\":\"https:\/\/www.fundacionanse.org\/resalar\/wp-content\/uploads\/sites\/5\/2024\/02\/resalar-web_vertical-color.svg\",\"width\":168,\"height\":188,\"caption\":\"RESALAR\"},\"image\":{\"@id\":\"https:\/\/www.fundacionanse.org\/resalar\/#\/schema\/logo\/image\/\"},\"sameAs\":[\"https:\/\/www.facebook.com\/FundacionANSE\",\"https:\/\/x.com\/fundacionanse\",\"https:\/\/www.instagram.com\/fundacionanse\/\"]},{\"@type\":\"Person\",\"@id\":\"https:\/\/www.fundacionanse.org\/resalar\/#\/schema\/person\/5719c1a8aa1c54a3c7f0d42d26627275\",\"name\":\"fundacion\",\"image\":{\"@type\":\"ImageObject\",\"inLanguage\":\"es\",\"@id\":\"https:\/\/www.fundacionanse.org\/resalar\/#\/schema\/person\/image\/\",\"url\":\"https:\/\/secure.gravatar.com\/avatar\/dec98970ed84c8fce89dd2c37c22164e7b4320cbf181bd9cbd9e99b05768686f?s=96&d=mm&r=g\",\"contentUrl\":\"https:\/\/secure.gravatar.com\/avatar\/dec98970ed84c8fce89dd2c37c22164e7b4320cbf181bd9cbd9e99b05768686f?s=96&d=mm&r=g\",\"caption\":\"fundacion\"},\"url\":\"https:\/\/www.fundacionanse.org\/resalar\/author\/fundacion\/\"}]}<\/script>\n<!-- \/ Yoast SEO plugin. -->","yoast_head_json":{"title":"Semana de la Movilidad en Bosque Romano y Resalar - RESALAR","robots":{"index":"index","follow":"follow","max-snippet":"max-snippet:-1","max-image-preview":"max-image-preview:large","max-video-preview":"max-video-preview:-1"},"canonical":"https:\/\/www.fundacionanse.org\/resalar\/2023\/09\/12\/semana-de-la-movilidad-en-bosque-romano-y-resalar\/","og_locale":"es_ES","og_type":"article","og_title":"Semana de la Movilidad en Bosque Romano y Resalar - RESALAR","og_description":"Del 16 a 22 de septiembre se celebra cada a\u00f1o la Semana Europea de la Movilidad. Este a\u00f1o os invitamos desde ANSE y la Fundaci\u00f3n ANSE a participar en la celebraci\u00f3n de este evento a trav\u00e9s de dos recorridos a pie para conocer dos de los proyectos que tenemos en marcha, los proyectos RESALAR y ... Leer m\u00e1s","og_url":"https:\/\/www.fundacionanse.org\/resalar\/2023\/09\/12\/semana-de-la-movilidad-en-bosque-romano-y-resalar\/","og_site_name":"RESALAR","article_publisher":"https:\/\/www.facebook.com\/FundacionANSE","article_published_time":"2023-09-12T10:00:00+00:00","article_modified_time":"2025-11-17T09:59:32+00:00","og_image":[{"width":2000,"height":800,"url":"https:\/\/www.fundacionanse.org\/resalar\/wp-content\/uploads\/sites\/5\/2023\/09\/CabeceraSEM23.jpg","type":"image\/jpeg"}],"author":"fundacion","twitter_card":"summary_large_image","twitter_creator":"@fundacionanse","twitter_site":"@fundacionanse","twitter_misc":{"Escrito por":"fundacion","Tiempo de lectura":"4 minutos"},"schema":{"@context":"https:\/\/schema.org","@graph":[{"@type":"Article","@id":"https:\/\/www.fundacionanse.org\/resalar\/2023\/09\/12\/semana-de-la-movilidad-en-bosque-romano-y-resalar\/#article","isPartOf":{"@id":"https:\/\/www.fundacionanse.org\/resalar\/2023\/09\/12\/semana-de-la-movilidad-en-bosque-romano-y-resalar\/"},"author":{"name":"fundacion","@id":"https:\/\/www.fundacionanse.org\/resalar\/#\/schema\/person\/5719c1a8aa1c54a3c7f0d42d26627275"},"headline":"Semana de la Movilidad en Bosque Romano y Resalar","datePublished":"2023-09-12T10:00:00+00:00","dateModified":"2025-11-17T09:59:32+00:00","mainEntityOfPage":{"@id":"https:\/\/www.fundacionanse.org\/resalar\/2023\/09\/12\/semana-de-la-movilidad-en-bosque-romano-y-resalar\/"},"wordCount":726,"commentCount":0,"publisher":{"@id":"https:\/\/www.fundacionanse.org\/resalar\/#organization"},"image":{"@id":"https:\/\/www.fundacionanse.org\/resalar\/2023\/09\/12\/semana-de-la-movilidad-en-bosque-romano-y-resalar\/#primaryimage"},"thumbnailUrl":"https:\/\/www.fundacionanse.org\/resalar\/wp-content\/uploads\/sites\/5\/2023\/09\/CabeceraSEM23.jpg","articleSection":["Actualidad"],"inLanguage":"es"},{"@type":"WebPage","@id":"https:\/\/www.fundacionanse.org\/resalar\/2023\/09\/12\/semana-de-la-movilidad-en-bosque-romano-y-resalar\/","url":"https:\/\/www.fundacionanse.org\/resalar\/2023\/09\/12\/semana-de-la-movilidad-en-bosque-romano-y-resalar\/","name":"Semana de la Movilidad en Bosque Romano y Resalar - RESALAR","isPartOf":{"@id":"https:\/\/www.fundacionanse.org\/resalar\/#website"},"primaryImageOfPage":{"@id":"https:\/\/www.fundacionanse.org\/resalar\/2023\/09\/12\/semana-de-la-movilidad-en-bosque-romano-y-resalar\/#primaryimage"},"image":{"@id":"https:\/\/www.fundacionanse.org\/resalar\/2023\/09\/12\/semana-de-la-movilidad-en-bosque-romano-y-resalar\/#primaryimage"},"thumbnailUrl":"https:\/\/www.fundacionanse.org\/resalar\/wp-content\/uploads\/sites\/5\/2023\/09\/CabeceraSEM23.jpg","datePublished":"2023-09-12T10:00:00+00:00","dateModified":"2025-11-17T09:59:32+00:00","breadcrumb":{"@id":"https:\/\/www.fundacionanse.org\/resalar\/2023\/09\/12\/semana-de-la-movilidad-en-bosque-romano-y-resalar\/#breadcrumb"},"inLanguage":"es","potentialAction":[{"@type":"ReadAction","target":["https:\/\/www.fundacionanse.org\/resalar\/2023\/09\/12\/semana-de-la-movilidad-en-bosque-romano-y-resalar\/"]}]},{"@type":"ImageObject","inLanguage":"es","@id":"https:\/\/www.fundacionanse.org\/resalar\/2023\/09\/12\/semana-de-la-movilidad-en-bosque-romano-y-resalar\/#primaryimage","url":"https:\/\/www.fundacionanse.org\/resalar\/wp-content\/uploads\/sites\/5\/2023\/09\/CabeceraSEM23.jpg","contentUrl":"https:\/\/www.fundacionanse.org\/resalar\/wp-content\/uploads\/sites\/5\/2023\/09\/CabeceraSEM23.jpg","width":2000,"height":800},{"@type":"BreadcrumbList","@id":"https:\/\/www.fundacionanse.org\/resalar\/2023\/09\/12\/semana-de-la-movilidad-en-bosque-romano-y-resalar\/#breadcrumb","itemListElement":[{"@type":"ListItem","position":1,"name":"Portada","item":"https:\/\/www.fundacionanse.org\/resalar\/"},{"@type":"ListItem","position":2,"name":"Semana de la Movilidad en Bosque Romano y Resalar"}]},{"@type":"WebSite","@id":"https:\/\/www.fundacionanse.org\/resalar\/#website","url":"https:\/\/www.fundacionanse.org\/resalar\/","name":"RESALAR","description":"Regeneraci\u00f3n de salinas y arenales en el Mar Menor","publisher":{"@id":"https:\/\/www.fundacionanse.org\/resalar\/#organization"},"potentialAction":[{"@type":"SearchAction","target":{"@type":"EntryPoint","urlTemplate":"https:\/\/www.fundacionanse.org\/resalar\/?s={search_term_string}"},"query-input":{"@type":"PropertyValueSpecification","valueRequired":true,"valueName":"search_term_string"}}],"inLanguage":"es"},{"@type":"Organization","@id":"https:\/\/www.fundacionanse.org\/resalar\/#organization","name":"RESALAR","url":"https:\/\/www.fundacionanse.org\/resalar\/","logo":{"@type":"ImageObject","inLanguage":"es","@id":"https:\/\/www.fundacionanse.org\/resalar\/#\/schema\/logo\/image\/","url":"https:\/\/www.fundacionanse.org\/resalar\/wp-content\/uploads\/sites\/5\/2024\/02\/resalar-web_vertical-color.svg","contentUrl":"https:\/\/www.fundacionanse.org\/resalar\/wp-content\/uploads\/sites\/5\/2024\/02\/resalar-web_vertical-color.svg","width":168,"height":188,"caption":"RESALAR"},"image":{"@id":"https:\/\/www.fundacionanse.org\/resalar\/#\/schema\/logo\/image\/"},"sameAs":["https:\/\/www.facebook.com\/FundacionANSE","https:\/\/x.com\/fundacionanse","https:\/\/www.instagram.com\/fundacionanse\/"]},{"@type":"Person","@id":"https:\/\/www.fundacionanse.org\/resalar\/#\/schema\/person\/5719c1a8aa1c54a3c7f0d42d26627275","name":"fundacion","image":{"@type":"ImageObject","inLanguage":"es","@id":"https:\/\/www.fundacionanse.org\/resalar\/#\/schema\/person\/image\/","url":"https:\/\/secure.gravatar.com\/avatar\/dec98970ed84c8fce89dd2c37c22164e7b4320cbf181bd9cbd9e99b05768686f?s=96&d=mm&r=g","contentUrl":"https:\/\/secure.gravatar.com\/avatar\/dec98970ed84c8fce89dd2c37c22164e7b4320cbf181bd9cbd9e99b05768686f?s=96&d=mm&r=g","caption":"fundacion"},"url":"https:\/\/www.fundacionanse.org\/resalar\/author\/fundacion\/"}]}},"_links":{"self":[{"href":"https:\/\/www.fundacionanse.org\/resalar\/wp-json\/wp\/v2\/posts\/391","targetHints":{"allow":["GET"]}}],"collection":[{"href":"https:\/\/www.fundacionanse.org\/resalar\/wp-json\/wp\/v2\/posts"}],"about":[{"href":"https:\/\/www.fundacionanse.org\/resalar\/wp-json\/wp\/v2\/types\/post"}],"author":[{"embeddable":true,"href":"https:\/\/www.fundacionanse.org\/resalar\/wp-json\/wp\/v2\/users\/2"}],"replies":[{"embeddable":true,"href":"https:\/\/www.fundacionanse.org\/resalar\/wp-json\/wp\/v2\/comments?post=391"}],"version-history":[{"count":0,"href":"https:\/\/www.fundacionanse.org\/resalar\/wp-json\/wp\/v2\/posts\/391\/revisions"}],"wp:featuredmedia":[{"embeddable":true,"href":"https:\/\/www.fundacionanse.org\/resalar\/wp-json\/wp\/v2\/media\/440"}],"wp:attachment":[{"href":"https:\/\/www.fundacionanse.org\/resalar\/wp-json\/wp\/v2\/media?parent=391"}],"wp:term":[{"taxonomy":"category","embeddable":true,"href":"https:\/\/www.fundacionanse.org\/resalar\/wp-json\/wp\/v2\/categories?post=391"},{"taxonomy":"post_tag","embeddable":true,"href":"https:\/\/www.fundacionanse.org\/resalar\/wp-json\/wp\/v2\/tags?post=391"}],"curies":[{"name":"wp","href":"https:\/\/api.w.org\/{rel}","templated":true}]}}