{"id":396,"date":"2023-09-05T10:33:29","date_gmt":"2023-09-05T10:33:29","guid":{"rendered":"https:\/\/www.fundacionanse.org\/resalar\/?p=396"},"modified":"2025-11-17T09:59:32","modified_gmt":"2025-11-17T09:59:32","slug":"voluntariado-en-la-caleta-del-estacio-con-el-proyecto-resalar","status":"publish","type":"post","link":"https:\/\/www.fundacionanse.org\/resalar\/2023\/09\/05\/voluntariado-en-la-caleta-del-estacio-con-el-proyecto-resalar\/","title":{"rendered":"Voluntariado en la Caleta del Estacio con el proyecto Resalar"},"content":{"rendered":"\n<p><strong>Participa el pr\u00f3ximo s\u00e1bado 9 de septiembre en el voluntariado ambiental de ANSE dentro del proyecto Resalar. Se realizar\u00e1 retirada de especies invasoras en la Caleta del Estacio con la intenci\u00f3n de mantener la cubierta vegetal aut\u00f3ctona de este emblem\u00e1tico espacio.<\/strong><\/p>\n\n\n\n<p>El&nbsp;<strong>pr\u00f3ximo s\u00e1bado 9 de septiembre<\/strong>&nbsp;se va a realizar la retirada de especies invasoras, principalmente de&nbsp;<em>Acacia saligna<\/em>, predominante en la Caleta del Estacio, la zona de mayor tama\u00f1o sin urbanizar que todav\u00eda queda en La Manga, con&nbsp;<strong>1,5 km de playas y unas 25 hect\u00e1reas de arenales<\/strong>. Adem\u00e1s, se limpiar\u00e1 la zona de basuras.<\/p>\n\n\n\n<p>Esta actividad se llevar\u00e1 a cabo para poder mantener la zona libre de invasoras y proteger la flora amenazada, como la esparraguera del Mar Menor (<em>Asparagus macrorrhizus<\/em>) y especies dunares que se han replantando.<\/p>\n\n\n<div class=\"wp-block-image\">\n<figure class=\"alignright size-large is-resized\"><img decoding=\"async\" width=\"805\" height=\"1024\" src=\"https:\/\/www.fundacionanse.org\/resalar\/wp-content\/uploads\/sites\/5\/2023\/09\/20230909_voluntariado_Caleta-805x1024.jpg\" alt=\"\" class=\"wp-image-441\" style=\"width:351px;height:445px\" srcset=\"https:\/\/www.fundacionanse.org\/resalar\/wp-content\/uploads\/sites\/5\/2023\/09\/20230909_voluntariado_Caleta-805x1024.jpg 805w, https:\/\/www.fundacionanse.org\/resalar\/wp-content\/uploads\/sites\/5\/2023\/09\/20230909_voluntariado_Caleta-236x300.jpg 236w, https:\/\/www.fundacionanse.org\/resalar\/wp-content\/uploads\/sites\/5\/2023\/09\/20230909_voluntariado_Caleta-768x977.jpg 768w, https:\/\/www.fundacionanse.org\/resalar\/wp-content\/uploads\/sites\/5\/2023\/09\/20230909_voluntariado_Caleta.jpg 886w\" sizes=\"(max-width: 805px) 100vw, 805px\" \/><\/figure><\/div>\n\n\n<p><strong>Datos de la actividad:<\/strong><\/p>\n\n\n\n<ul class=\"wp-block-list\">\n<li><strong>Fecha:<\/strong>&nbsp;9 de agosto.<\/li>\n\n\n\n<li><strong>Horario:&nbsp;<\/strong>de 10:00 h a 13:00 h.<\/li>\n\n\n\n<li><strong>Lugar<\/strong>: aparcamiento junto a la Caleta del Estacio:&nbsp;<a href=\"https:\/\/n9.cl\/rgsz5\">https:\/\/n9.cl\/rgsz5<\/a><\/li>\n<\/ul>\n\n\n\n<p><strong>Esta actividad requiere inscripci\u00f3n previa, a trav\u00e9s del siguiente formulario<\/strong>&nbsp;<a href=\"https:\/\/forms.gle\/yXuvJQu7DtozauJ67\">https:\/\/forms.gle\/yXuvJQu7DtozauJ67<\/a><\/p>\n\n\n\n<p>ANSE rechaza la construcci\u00f3n de nuevos puertos en La Manga y el Mar Menor y&nbsp;defiende la restauraci\u00f3n de los arenales, con el fin de recuperar espacios naturales, que tambi\u00e9n beneficiar\u00edan la calidad de vida humana y del turismo en la zona.<\/p>\n\n\n\n<p>El proyecto RESALAR tiene el objetivo de regenerar espacios del litoral del Mar Menor&nbsp;y su biodiversidad para reducir los impactos de las actividades humanas, fortalecer la resiliencia del litoral frente al cambio clim\u00e1tico y mejorar e incrementar los servicios ecosist\u00e9micos que proveen a la sociedad.<\/p>\n\n\n\n<p>Este proyecto, que coordina la Fundaci\u00f3n ANSE, y en el que participan la Asociaci\u00f3n de Naturalistas del Sureste, WWF-Espa\u00f1a y el Instituto Espa\u00f1ol de Oceanograf\u00eda, Centro Nacional de la Agencia Estatal Consejo Superior de Investigaciones Cient\u00edficas (IEO-CSIC), cuenta con el apoyo de la Fundaci\u00f3n Biodiversidad del Ministerio para la Transici\u00f3n Ecol\u00f3gica y el Reto Demogr\u00e1fico (MITECO) en el marco del Plan de Recuperaci\u00f3n, Transformaci\u00f3n y Resiliencia (PRTR), financiado por la Uni\u00f3n Europea \u2013 NextGenerationEU y se encuentra vinculado al Marco de Actuaciones Prioritarias para la recuperaci\u00f3n del Mar Menor del Ministerio para la Transici\u00f3n Ecol\u00f3gica y el Reto Demogr\u00e1fico.<\/p>\n","protected":false},"excerpt":{"rendered":"<p>Participa el pr\u00f3ximo s\u00e1bado 9 de septiembre en el voluntariado ambiental de ANSE dentro del proyecto Resalar. Se realizar\u00e1 retirada de especies invasoras en la Caleta del Estacio con la intenci\u00f3n de mantener la cubierta vegetal aut\u00f3ctona de este emblem\u00e1tico espacio. El&nbsp;pr\u00f3ximo s\u00e1bado 9 de septiembre&nbsp;se va a realizar la retirada de especies invasoras, principalmente &#8230; <a title=\"Voluntariado en la Caleta del Estacio con el proyecto Resalar\" class=\"read-more\" href=\"https:\/\/www.fundacionanse.org\/resalar\/2023\/09\/05\/voluntariado-en-la-caleta-del-estacio-con-el-proyecto-resalar\/\" aria-label=\"Leer m\u00e1s sobre Voluntariado en la Caleta del Estacio con el proyecto Resalar\">Leer m\u00e1s<\/a><\/p>\n","protected":false},"author":2,"featured_media":443,"comment_status":"open","ping_status":"open","sticky":false,"template":"","format":"standard","meta":{"inline_featured_image":false,"footnotes":""},"categories":[1],"tags":[],"class_list":["post-396","post","type-post","status-publish","format-standard","has-post-thumbnail","hentry","category-actualidad","generate-columns","tablet-grid-50","mobile-grid-100","grid-parent","grid-33","resize-featured-image"],"yoast_head":"<!-- This site is optimized with the Yoast SEO plugin v26.9 - https:\/\/yoast.com\/product\/yoast-seo-wordpress\/ -->\n<title>Voluntariado en la Caleta del Estacio con el proyecto Resalar - RESALAR<\/title>\n<meta name=\"robots\" content=\"index, follow, max-snippet:-1, max-image-preview:large, max-video-preview:-1\" \/>\n<link rel=\"canonical\" href=\"https:\/\/www.fundacionanse.org\/resalar\/2023\/09\/05\/voluntariado-en-la-caleta-del-estacio-con-el-proyecto-resalar\/\" \/>\n<meta property=\"og:locale\" content=\"es_ES\" \/>\n<meta property=\"og:type\" content=\"article\" \/>\n<meta property=\"og:title\" content=\"Voluntariado en la Caleta del Estacio con el proyecto Resalar - RESALAR\" \/>\n<meta property=\"og:description\" content=\"Participa el pr\u00f3ximo s\u00e1bado 9 de septiembre en el voluntariado ambiental de ANSE dentro del proyecto Resalar. Se realizar\u00e1 retirada de especies invasoras en la Caleta del Estacio con la intenci\u00f3n de mantener la cubierta vegetal aut\u00f3ctona de este emblem\u00e1tico espacio. El&nbsp;pr\u00f3ximo s\u00e1bado 9 de septiembre&nbsp;se va a realizar la retirada de especies invasoras, principalmente ... Leer m\u00e1s\" \/>\n<meta property=\"og:url\" content=\"https:\/\/www.fundacionanse.org\/resalar\/2023\/09\/05\/voluntariado-en-la-caleta-del-estacio-con-el-proyecto-resalar\/\" \/>\n<meta property=\"og:site_name\" content=\"RESALAR\" \/>\n<meta property=\"article:publisher\" content=\"https:\/\/www.facebook.com\/FundacionANSE\" \/>\n<meta property=\"article:published_time\" content=\"2023-09-05T10:33:29+00:00\" \/>\n<meta property=\"article:modified_time\" content=\"2025-11-17T09:59:32+00:00\" \/>\n<meta property=\"og:image\" content=\"https:\/\/www.fundacionanse.org\/resalar\/wp-content\/uploads\/sites\/5\/2023\/09\/Screenshot_20230223_115820.jpg\" \/>\n\t<meta property=\"og:image:width\" content=\"1080\" \/>\n\t<meta property=\"og:image:height\" content=\"776\" \/>\n\t<meta property=\"og:image:type\" content=\"image\/jpeg\" \/>\n<meta name=\"author\" content=\"fundacion\" \/>\n<meta name=\"twitter:card\" content=\"summary_large_image\" \/>\n<meta name=\"twitter:creator\" content=\"@fundacionanse\" \/>\n<meta name=\"twitter:site\" content=\"@fundacionanse\" \/>\n<meta name=\"twitter:label1\" content=\"Escrito por\" \/>\n\t<meta name=\"twitter:data1\" content=\"fundacion\" \/>\n\t<meta name=\"twitter:label2\" content=\"Tiempo de lectura\" \/>\n\t<meta name=\"twitter:data2\" content=\"1 minuto\" \/>\n<script type=\"application\/ld+json\" class=\"yoast-schema-graph\">{\"@context\":\"https:\/\/schema.org\",\"@graph\":[{\"@type\":\"Article\",\"@id\":\"https:\/\/www.fundacionanse.org\/resalar\/2023\/09\/05\/voluntariado-en-la-caleta-del-estacio-con-el-proyecto-resalar\/#article\",\"isPartOf\":{\"@id\":\"https:\/\/www.fundacionanse.org\/resalar\/2023\/09\/05\/voluntariado-en-la-caleta-del-estacio-con-el-proyecto-resalar\/\"},\"author\":{\"name\":\"fundacion\",\"@id\":\"https:\/\/www.fundacionanse.org\/resalar\/#\/schema\/person\/5719c1a8aa1c54a3c7f0d42d26627275\"},\"headline\":\"Voluntariado en la Caleta del Estacio con el proyecto Resalar\",\"datePublished\":\"2023-09-05T10:33:29+00:00\",\"dateModified\":\"2025-11-17T09:59:32+00:00\",\"mainEntityOfPage\":{\"@id\":\"https:\/\/www.fundacionanse.org\/resalar\/2023\/09\/05\/voluntariado-en-la-caleta-del-estacio-con-el-proyecto-resalar\/\"},\"wordCount\":408,\"commentCount\":0,\"publisher\":{\"@id\":\"https:\/\/www.fundacionanse.org\/resalar\/#organization\"},\"image\":{\"@id\":\"https:\/\/www.fundacionanse.org\/resalar\/2023\/09\/05\/voluntariado-en-la-caleta-del-estacio-con-el-proyecto-resalar\/#primaryimage\"},\"thumbnailUrl\":\"https:\/\/www.fundacionanse.org\/resalar\/wp-content\/uploads\/sites\/5\/2023\/09\/Screenshot_20230223_115820.jpg\",\"articleSection\":[\"Actualidad\"],\"inLanguage\":\"es\"},{\"@type\":\"WebPage\",\"@id\":\"https:\/\/www.fundacionanse.org\/resalar\/2023\/09\/05\/voluntariado-en-la-caleta-del-estacio-con-el-proyecto-resalar\/\",\"url\":\"https:\/\/www.fundacionanse.org\/resalar\/2023\/09\/05\/voluntariado-en-la-caleta-del-estacio-con-el-proyecto-resalar\/\",\"name\":\"Voluntariado en la Caleta del Estacio con el proyecto Resalar - RESALAR\",\"isPartOf\":{\"@id\":\"https:\/\/www.fundacionanse.org\/resalar\/#website\"},\"primaryImageOfPage\":{\"@id\":\"https:\/\/www.fundacionanse.org\/resalar\/2023\/09\/05\/voluntariado-en-la-caleta-del-estacio-con-el-proyecto-resalar\/#primaryimage\"},\"image\":{\"@id\":\"https:\/\/www.fundacionanse.org\/resalar\/2023\/09\/05\/voluntariado-en-la-caleta-del-estacio-con-el-proyecto-resalar\/#primaryimage\"},\"thumbnailUrl\":\"https:\/\/www.fundacionanse.org\/resalar\/wp-content\/uploads\/sites\/5\/2023\/09\/Screenshot_20230223_115820.jpg\",\"datePublished\":\"2023-09-05T10:33:29+00:00\",\"dateModified\":\"2025-11-17T09:59:32+00:00\",\"breadcrumb\":{\"@id\":\"https:\/\/www.fundacionanse.org\/resalar\/2023\/09\/05\/voluntariado-en-la-caleta-del-estacio-con-el-proyecto-resalar\/#breadcrumb\"},\"inLanguage\":\"es\",\"potentialAction\":[{\"@type\":\"ReadAction\",\"target\":[\"https:\/\/www.fundacionanse.org\/resalar\/2023\/09\/05\/voluntariado-en-la-caleta-del-estacio-con-el-proyecto-resalar\/\"]}]},{\"@type\":\"ImageObject\",\"inLanguage\":\"es\",\"@id\":\"https:\/\/www.fundacionanse.org\/resalar\/2023\/09\/05\/voluntariado-en-la-caleta-del-estacio-con-el-proyecto-resalar\/#primaryimage\",\"url\":\"https:\/\/www.fundacionanse.org\/resalar\/wp-content\/uploads\/sites\/5\/2023\/09\/Screenshot_20230223_115820.jpg\",\"contentUrl\":\"https:\/\/www.fundacionanse.org\/resalar\/wp-content\/uploads\/sites\/5\/2023\/09\/Screenshot_20230223_115820.jpg\",\"width\":1080,\"height\":776},{\"@type\":\"BreadcrumbList\",\"@id\":\"https:\/\/www.fundacionanse.org\/resalar\/2023\/09\/05\/voluntariado-en-la-caleta-del-estacio-con-el-proyecto-resalar\/#breadcrumb\",\"itemListElement\":[{\"@type\":\"ListItem\",\"position\":1,\"name\":\"Portada\",\"item\":\"https:\/\/www.fundacionanse.org\/resalar\/\"},{\"@type\":\"ListItem\",\"position\":2,\"name\":\"Voluntariado en la Caleta del Estacio con el proyecto Resalar\"}]},{\"@type\":\"WebSite\",\"@id\":\"https:\/\/www.fundacionanse.org\/resalar\/#website\",\"url\":\"https:\/\/www.fundacionanse.org\/resalar\/\",\"name\":\"RESALAR\",\"description\":\"Regeneraci\u00f3n de salinas y arenales en el Mar Menor\",\"publisher\":{\"@id\":\"https:\/\/www.fundacionanse.org\/resalar\/#organization\"},\"potentialAction\":[{\"@type\":\"SearchAction\",\"target\":{\"@type\":\"EntryPoint\",\"urlTemplate\":\"https:\/\/www.fundacionanse.org\/resalar\/?s={search_term_string}\"},\"query-input\":{\"@type\":\"PropertyValueSpecification\",\"valueRequired\":true,\"valueName\":\"search_term_string\"}}],\"inLanguage\":\"es\"},{\"@type\":\"Organization\",\"@id\":\"https:\/\/www.fundacionanse.org\/resalar\/#organization\",\"name\":\"RESALAR\",\"url\":\"https:\/\/www.fundacionanse.org\/resalar\/\",\"logo\":{\"@type\":\"ImageObject\",\"inLanguage\":\"es\",\"@id\":\"https:\/\/www.fundacionanse.org\/resalar\/#\/schema\/logo\/image\/\",\"url\":\"https:\/\/www.fundacionanse.org\/resalar\/wp-content\/uploads\/sites\/5\/2024\/02\/resalar-web_vertical-color.svg\",\"contentUrl\":\"https:\/\/www.fundacionanse.org\/resalar\/wp-content\/uploads\/sites\/5\/2024\/02\/resalar-web_vertical-color.svg\",\"width\":168,\"height\":188,\"caption\":\"RESALAR\"},\"image\":{\"@id\":\"https:\/\/www.fundacionanse.org\/resalar\/#\/schema\/logo\/image\/\"},\"sameAs\":[\"https:\/\/www.facebook.com\/FundacionANSE\",\"https:\/\/x.com\/fundacionanse\",\"https:\/\/www.instagram.com\/fundacionanse\/\"]},{\"@type\":\"Person\",\"@id\":\"https:\/\/www.fundacionanse.org\/resalar\/#\/schema\/person\/5719c1a8aa1c54a3c7f0d42d26627275\",\"name\":\"fundacion\",\"image\":{\"@type\":\"ImageObject\",\"inLanguage\":\"es\",\"@id\":\"https:\/\/www.fundacionanse.org\/resalar\/#\/schema\/person\/image\/\",\"url\":\"https:\/\/secure.gravatar.com\/avatar\/dec98970ed84c8fce89dd2c37c22164e7b4320cbf181bd9cbd9e99b05768686f?s=96&d=mm&r=g\",\"contentUrl\":\"https:\/\/secure.gravatar.com\/avatar\/dec98970ed84c8fce89dd2c37c22164e7b4320cbf181bd9cbd9e99b05768686f?s=96&d=mm&r=g\",\"caption\":\"fundacion\"},\"url\":\"https:\/\/www.fundacionanse.org\/resalar\/author\/fundacion\/\"}]}<\/script>\n<!-- \/ Yoast SEO plugin. -->","yoast_head_json":{"title":"Voluntariado en la Caleta del Estacio con el proyecto Resalar - RESALAR","robots":{"index":"index","follow":"follow","max-snippet":"max-snippet:-1","max-image-preview":"max-image-preview:large","max-video-preview":"max-video-preview:-1"},"canonical":"https:\/\/www.fundacionanse.org\/resalar\/2023\/09\/05\/voluntariado-en-la-caleta-del-estacio-con-el-proyecto-resalar\/","og_locale":"es_ES","og_type":"article","og_title":"Voluntariado en la Caleta del Estacio con el proyecto Resalar - RESALAR","og_description":"Participa el pr\u00f3ximo s\u00e1bado 9 de septiembre en el voluntariado ambiental de ANSE dentro del proyecto Resalar. Se realizar\u00e1 retirada de especies invasoras en la Caleta del Estacio con la intenci\u00f3n de mantener la cubierta vegetal aut\u00f3ctona de este emblem\u00e1tico espacio. El&nbsp;pr\u00f3ximo s\u00e1bado 9 de septiembre&nbsp;se va a realizar la retirada de especies invasoras, principalmente ... Leer m\u00e1s","og_url":"https:\/\/www.fundacionanse.org\/resalar\/2023\/09\/05\/voluntariado-en-la-caleta-del-estacio-con-el-proyecto-resalar\/","og_site_name":"RESALAR","article_publisher":"https:\/\/www.facebook.com\/FundacionANSE","article_published_time":"2023-09-05T10:33:29+00:00","article_modified_time":"2025-11-17T09:59:32+00:00","og_image":[{"width":1080,"height":776,"url":"https:\/\/www.fundacionanse.org\/resalar\/wp-content\/uploads\/sites\/5\/2023\/09\/Screenshot_20230223_115820.jpg","type":"image\/jpeg"}],"author":"fundacion","twitter_card":"summary_large_image","twitter_creator":"@fundacionanse","twitter_site":"@fundacionanse","twitter_misc":{"Escrito por":"fundacion","Tiempo de lectura":"1 minuto"},"schema":{"@context":"https:\/\/schema.org","@graph":[{"@type":"Article","@id":"https:\/\/www.fundacionanse.org\/resalar\/2023\/09\/05\/voluntariado-en-la-caleta-del-estacio-con-el-proyecto-resalar\/#article","isPartOf":{"@id":"https:\/\/www.fundacionanse.org\/resalar\/2023\/09\/05\/voluntariado-en-la-caleta-del-estacio-con-el-proyecto-resalar\/"},"author":{"name":"fundacion","@id":"https:\/\/www.fundacionanse.org\/resalar\/#\/schema\/person\/5719c1a8aa1c54a3c7f0d42d26627275"},"headline":"Voluntariado en la Caleta del Estacio con el proyecto Resalar","datePublished":"2023-09-05T10:33:29+00:00","dateModified":"2025-11-17T09:59:32+00:00","mainEntityOfPage":{"@id":"https:\/\/www.fundacionanse.org\/resalar\/2023\/09\/05\/voluntariado-en-la-caleta-del-estacio-con-el-proyecto-resalar\/"},"wordCount":408,"commentCount":0,"publisher":{"@id":"https:\/\/www.fundacionanse.org\/resalar\/#organization"},"image":{"@id":"https:\/\/www.fundacionanse.org\/resalar\/2023\/09\/05\/voluntariado-en-la-caleta-del-estacio-con-el-proyecto-resalar\/#primaryimage"},"thumbnailUrl":"https:\/\/www.fundacionanse.org\/resalar\/wp-content\/uploads\/sites\/5\/2023\/09\/Screenshot_20230223_115820.jpg","articleSection":["Actualidad"],"inLanguage":"es"},{"@type":"WebPage","@id":"https:\/\/www.fundacionanse.org\/resalar\/2023\/09\/05\/voluntariado-en-la-caleta-del-estacio-con-el-proyecto-resalar\/","url":"https:\/\/www.fundacionanse.org\/resalar\/2023\/09\/05\/voluntariado-en-la-caleta-del-estacio-con-el-proyecto-resalar\/","name":"Voluntariado en la Caleta del Estacio con el proyecto Resalar - RESALAR","isPartOf":{"@id":"https:\/\/www.fundacionanse.org\/resalar\/#website"},"primaryImageOfPage":{"@id":"https:\/\/www.fundacionanse.org\/resalar\/2023\/09\/05\/voluntariado-en-la-caleta-del-estacio-con-el-proyecto-resalar\/#primaryimage"},"image":{"@id":"https:\/\/www.fundacionanse.org\/resalar\/2023\/09\/05\/voluntariado-en-la-caleta-del-estacio-con-el-proyecto-resalar\/#primaryimage"},"thumbnailUrl":"https:\/\/www.fundacionanse.org\/resalar\/wp-content\/uploads\/sites\/5\/2023\/09\/Screenshot_20230223_115820.jpg","datePublished":"2023-09-05T10:33:29+00:00","dateModified":"2025-11-17T09:59:32+00:00","breadcrumb":{"@id":"https:\/\/www.fundacionanse.org\/resalar\/2023\/09\/05\/voluntariado-en-la-caleta-del-estacio-con-el-proyecto-resalar\/#breadcrumb"},"inLanguage":"es","potentialAction":[{"@type":"ReadAction","target":["https:\/\/www.fundacionanse.org\/resalar\/2023\/09\/05\/voluntariado-en-la-caleta-del-estacio-con-el-proyecto-resalar\/"]}]},{"@type":"ImageObject","inLanguage":"es","@id":"https:\/\/www.fundacionanse.org\/resalar\/2023\/09\/05\/voluntariado-en-la-caleta-del-estacio-con-el-proyecto-resalar\/#primaryimage","url":"https:\/\/www.fundacionanse.org\/resalar\/wp-content\/uploads\/sites\/5\/2023\/09\/Screenshot_20230223_115820.jpg","contentUrl":"https:\/\/www.fundacionanse.org\/resalar\/wp-content\/uploads\/sites\/5\/2023\/09\/Screenshot_20230223_115820.jpg","width":1080,"height":776},{"@type":"BreadcrumbList","@id":"https:\/\/www.fundacionanse.org\/resalar\/2023\/09\/05\/voluntariado-en-la-caleta-del-estacio-con-el-proyecto-resalar\/#breadcrumb","itemListElement":[{"@type":"ListItem","position":1,"name":"Portada","item":"https:\/\/www.fundacionanse.org\/resalar\/"},{"@type":"ListItem","position":2,"name":"Voluntariado en la Caleta del Estacio con el proyecto Resalar"}]},{"@type":"WebSite","@id":"https:\/\/www.fundacionanse.org\/resalar\/#website","url":"https:\/\/www.fundacionanse.org\/resalar\/","name":"RESALAR","description":"Regeneraci\u00f3n de salinas y arenales en el Mar Menor","publisher":{"@id":"https:\/\/www.fundacionanse.org\/resalar\/#organization"},"potentialAction":[{"@type":"SearchAction","target":{"@type":"EntryPoint","urlTemplate":"https:\/\/www.fundacionanse.org\/resalar\/?s={search_term_string}"},"query-input":{"@type":"PropertyValueSpecification","valueRequired":true,"valueName":"search_term_string"}}],"inLanguage":"es"},{"@type":"Organization","@id":"https:\/\/www.fundacionanse.org\/resalar\/#organization","name":"RESALAR","url":"https:\/\/www.fundacionanse.org\/resalar\/","logo":{"@type":"ImageObject","inLanguage":"es","@id":"https:\/\/www.fundacionanse.org\/resalar\/#\/schema\/logo\/image\/","url":"https:\/\/www.fundacionanse.org\/resalar\/wp-content\/uploads\/sites\/5\/2024\/02\/resalar-web_vertical-color.svg","contentUrl":"https:\/\/www.fundacionanse.org\/resalar\/wp-content\/uploads\/sites\/5\/2024\/02\/resalar-web_vertical-color.svg","width":168,"height":188,"caption":"RESALAR"},"image":{"@id":"https:\/\/www.fundacionanse.org\/resalar\/#\/schema\/logo\/image\/"},"sameAs":["https:\/\/www.facebook.com\/FundacionANSE","https:\/\/x.com\/fundacionanse","https:\/\/www.instagram.com\/fundacionanse\/"]},{"@type":"Person","@id":"https:\/\/www.fundacionanse.org\/resalar\/#\/schema\/person\/5719c1a8aa1c54a3c7f0d42d26627275","name":"fundacion","image":{"@type":"ImageObject","inLanguage":"es","@id":"https:\/\/www.fundacionanse.org\/resalar\/#\/schema\/person\/image\/","url":"https:\/\/secure.gravatar.com\/avatar\/dec98970ed84c8fce89dd2c37c22164e7b4320cbf181bd9cbd9e99b05768686f?s=96&d=mm&r=g","contentUrl":"https:\/\/secure.gravatar.com\/avatar\/dec98970ed84c8fce89dd2c37c22164e7b4320cbf181bd9cbd9e99b05768686f?s=96&d=mm&r=g","caption":"fundacion"},"url":"https:\/\/www.fundacionanse.org\/resalar\/author\/fundacion\/"}]}},"_links":{"self":[{"href":"https:\/\/www.fundacionanse.org\/resalar\/wp-json\/wp\/v2\/posts\/396","targetHints":{"allow":["GET"]}}],"collection":[{"href":"https:\/\/www.fundacionanse.org\/resalar\/wp-json\/wp\/v2\/posts"}],"about":[{"href":"https:\/\/www.fundacionanse.org\/resalar\/wp-json\/wp\/v2\/types\/post"}],"author":[{"embeddable":true,"href":"https:\/\/www.fundacionanse.org\/resalar\/wp-json\/wp\/v2\/users\/2"}],"replies":[{"embeddable":true,"href":"https:\/\/www.fundacionanse.org\/resalar\/wp-json\/wp\/v2\/comments?post=396"}],"version-history":[{"count":0,"href":"https:\/\/www.fundacionanse.org\/resalar\/wp-json\/wp\/v2\/posts\/396\/revisions"}],"wp:featuredmedia":[{"embeddable":true,"href":"https:\/\/www.fundacionanse.org\/resalar\/wp-json\/wp\/v2\/media\/443"}],"wp:attachment":[{"href":"https:\/\/www.fundacionanse.org\/resalar\/wp-json\/wp\/v2\/media?parent=396"}],"wp:term":[{"taxonomy":"category","embeddable":true,"href":"https:\/\/www.fundacionanse.org\/resalar\/wp-json\/wp\/v2\/categories?post=396"},{"taxonomy":"post_tag","embeddable":true,"href":"https:\/\/www.fundacionanse.org\/resalar\/wp-json\/wp\/v2\/tags?post=396"}],"curies":[{"name":"wp","href":"https:\/\/api.w.org\/{rel}","templated":true}]}}