{"id":456,"date":"2023-09-19T11:00:00","date_gmt":"2023-09-19T11:00:00","guid":{"rendered":"https:\/\/www.fundacionanse.org\/resalar\/?p=456"},"modified":"2025-11-17T09:59:32","modified_gmt":"2025-11-17T09:59:32","slug":"anse-firma-un-acuerdo-de-colaboracion-con-salinera-espanola-s-a-para-el-asesoramiento-en-la-restauracion-de-las-salinas-de-marchamalo","status":"publish","type":"post","link":"https:\/\/www.fundacionanse.org\/resalar\/2023\/09\/19\/anse-firma-un-acuerdo-de-colaboracion-con-salinera-espanola-s-a-para-el-asesoramiento-en-la-restauracion-de-las-salinas-de-marchamalo\/","title":{"rendered":"ANSE firma un acuerdo de colaboraci\u00f3n con Salinera Espa\u00f1ola S.A. para el asesoramiento en la restauraci\u00f3n de las salinas de Marchamalo."},"content":{"rendered":"\n<p><strong>La Fundaci\u00f3n ANSE y Salinera Espa\u00f1ola firman un acuerdo para colaborar en la conservaci\u00f3n de las salinas. El acuerdo se firm\u00f3 este lunes a bordo del velero Else a su paso por Ibiza.<\/strong><\/p>\n\n\n\n<p><strong>Tambi\u00e9n se ha llegado a un acuerdo para la cesi\u00f3n del Molino de la Calcetera, o la Ezequiela, con el objetivo de restaurarlo y ponerlo en funcionamiento para elevar de nuevo agua de Las Enca\u00f1izadas hacia las salinas.<\/strong><\/p>\n\n\n\n<p>Con este acuerdo se formaliza la colaboraci\u00f3n entre la empresa y el proyecto RESALAR, mediante el que la Fundaci\u00f3n ANSE est\u00e1 restaurando las salinas viejas de Marchamalo. Gracias a su asesoramiento para la reconstrucci\u00f3n y recuperaci\u00f3n de la actividad salinera, durante 2023 ha sido posible obtener una primera cosecha&nbsp;<em>simb\u00f3lica<\/em>&nbsp;de flor de sal.<\/p>\n\n\n\n<p>Adem\u00e1s, Salinera Espa\u00f1ola S.A. es titular de los derechos de explotaci\u00f3n de las Salinas de San Pedro del Pinatar, de gran valor ecol\u00f3gico, incluidas en la Red Natura 2000 y declarado como humedal de importancia internacional por el convenio RAMSAR, siendo actualmente las \u00fanicas salinas mar\u00edtimas en funcionamiento en la Regi\u00f3n de Murcia, y donde se est\u00e1 llevando a cabo un estudio con ostra plana en sus canales, dirigido por el Instituto Espa\u00f1ol de Oceanograf\u00eda, que participa tambi\u00e9n como socio del proyecto RESALAR.<\/p>\n\n\n<div class=\"wp-block-image\">\n<figure class=\"alignright size-full is-resized\"><img decoding=\"async\" width=\"768\" height=\"512\" src=\"https:\/\/www.fundacionanse.org\/resalar\/wp-content\/uploads\/sites\/5\/2023\/10\/D71_4055-768x512-1.jpg\" alt=\"\" class=\"wp-image-458\" style=\"aspect-ratio:1.5;width:652px;height:auto\" srcset=\"https:\/\/www.fundacionanse.org\/resalar\/wp-content\/uploads\/sites\/5\/2023\/10\/D71_4055-768x512-1.jpg 768w, https:\/\/www.fundacionanse.org\/resalar\/wp-content\/uploads\/sites\/5\/2023\/10\/D71_4055-768x512-1-300x200.jpg 300w\" sizes=\"(max-width: 768px) 100vw, 768px\" \/><figcaption class=\"wp-element-caption\">Molino de la Calcetera<\/figcaption><\/figure><\/div>\n\n\n<p>Tambi\u00e9n se ha llegado a un acuerdo para la cesi\u00f3n del Molino de la Calcetera, o la Ezequiela, con el objetivo de restaurarlo y ponerlo en funcionamiento para elevar de nuevo agua de Las Enca\u00f1izadas hacia las salinas. Este molino es uno de los dos que a\u00fan se conservan en las salinas de San Pedro que se usaban para elevar el agua y que est\u00e1n declarados como Bien de Inter\u00e9s Cultural.<\/p>\n\n\n\n<p>El documento tambi\u00e9n declara la importancia de la colaboraci\u00f3n entre los distintos sectores, Administraci\u00f3n, Organizaciones No Gubernamentales y propietarios de terrenos y titulares de otros derechos para poder trabajar en la conservaci\u00f3n de los ecosistemas y de las especies silvestres, a trav\u00e9s de los aprovechamientos tradicionales, siendo urgente su fomento por estar en progresivo abandono y por su importancia ecol\u00f3gica, econ\u00f3mica, social y cultural.<\/p>\n\n\n\n<p>Se establece una duraci\u00f3n para este convenio hasta finales de 2025, siendo prorrogable en periodos de tres a\u00f1os.<\/p>\n\n\n\n<p>El proyecto RESALAR, tiene el objetivo de regenerar espacios del litoral del Mar Menor y su biodiversidad para reducir el impacto de la agricultura intensiva, fortalecer la resiliencia del litoral frente al cambio clim\u00e1tico y mejorar e incrementar los servicios ecosist\u00e9micos que proveen a la sociedad. En este proyecto, que coordina la Fundaci\u00f3n ANSE, participan la Asociaci\u00f3n de Naturalistas del Sureste, WWF-Espa\u00f1a y el Instituto Espa\u00f1ol de Oceanograf\u00eda, Centro Nacional de la Agencia Estatal Consejo Superior de Investigaciones Cient\u00edficas (IEO-CSIC). RESALAR cuenta con el apoyo de la Fundaci\u00f3n Biodiversidad del Ministerio para la Transici\u00f3n Ecol\u00f3gica y el Reto Demogr\u00e1fico (MITECO) en el marco del Plan de Recuperaci\u00f3n, Transformaci\u00f3n y Resiliencia (PRTR), financiado por la Uni\u00f3n Europea \u2013 NextGenerationEU y se encuentra vinculado al Marco de Actuaciones Prioritarias para la recuperaci\u00f3n del Mar Menor del Ministerio para la Transici\u00f3n Ecol\u00f3gica y el Reto Demogr\u00e1fico.<\/p>\n","protected":false},"excerpt":{"rendered":"<p>La Fundaci\u00f3n ANSE y Salinera Espa\u00f1ola firman un acuerdo para colaborar en la conservaci\u00f3n de las salinas. El acuerdo se firm\u00f3 este lunes a bordo del velero Else a su paso por Ibiza. Tambi\u00e9n se ha llegado a un acuerdo para la cesi\u00f3n del Molino de la Calcetera, o la Ezequiela, con el objetivo de &#8230; <a title=\"ANSE firma un acuerdo de colaboraci\u00f3n con Salinera Espa\u00f1ola S.A. para el asesoramiento en la restauraci\u00f3n de las salinas de Marchamalo.\" class=\"read-more\" href=\"https:\/\/www.fundacionanse.org\/resalar\/2023\/09\/19\/anse-firma-un-acuerdo-de-colaboracion-con-salinera-espanola-s-a-para-el-asesoramiento-en-la-restauracion-de-las-salinas-de-marchamalo\/\" aria-label=\"Leer m\u00e1s sobre ANSE firma un acuerdo de colaboraci\u00f3n con Salinera Espa\u00f1ola S.A. para el asesoramiento en la restauraci\u00f3n de las salinas de Marchamalo.\">Leer m\u00e1s<\/a><\/p>\n","protected":false},"author":2,"featured_media":459,"comment_status":"open","ping_status":"open","sticky":false,"template":"","format":"standard","meta":{"inline_featured_image":false,"footnotes":""},"categories":[1],"tags":[],"class_list":["post-456","post","type-post","status-publish","format-standard","has-post-thumbnail","hentry","category-actualidad","generate-columns","tablet-grid-50","mobile-grid-100","grid-parent","grid-33","resize-featured-image"],"yoast_head":"<!-- This site is optimized with the Yoast SEO plugin v26.9 - https:\/\/yoast.com\/product\/yoast-seo-wordpress\/ -->\n<title>ANSE firma un acuerdo de colaboraci\u00f3n con Salinera Espa\u00f1ola S.A. para el asesoramiento en la restauraci\u00f3n de las salinas de Marchamalo. - RESALAR<\/title>\n<meta name=\"robots\" content=\"index, follow, max-snippet:-1, max-image-preview:large, max-video-preview:-1\" \/>\n<link rel=\"canonical\" href=\"https:\/\/www.fundacionanse.org\/resalar\/2023\/09\/19\/anse-firma-un-acuerdo-de-colaboracion-con-salinera-espanola-s-a-para-el-asesoramiento-en-la-restauracion-de-las-salinas-de-marchamalo\/\" \/>\n<meta property=\"og:locale\" content=\"es_ES\" \/>\n<meta property=\"og:type\" content=\"article\" \/>\n<meta property=\"og:title\" content=\"ANSE firma un acuerdo de colaboraci\u00f3n con Salinera Espa\u00f1ola S.A. para el asesoramiento en la restauraci\u00f3n de las salinas de Marchamalo. - RESALAR\" \/>\n<meta property=\"og:description\" content=\"La Fundaci\u00f3n ANSE y Salinera Espa\u00f1ola firman un acuerdo para colaborar en la conservaci\u00f3n de las salinas. El acuerdo se firm\u00f3 este lunes a bordo del velero Else a su paso por Ibiza. Tambi\u00e9n se ha llegado a un acuerdo para la cesi\u00f3n del Molino de la Calcetera, o la Ezequiela, con el objetivo de ... Leer m\u00e1s\" \/>\n<meta property=\"og:url\" content=\"https:\/\/www.fundacionanse.org\/resalar\/2023\/09\/19\/anse-firma-un-acuerdo-de-colaboracion-con-salinera-espanola-s-a-para-el-asesoramiento-en-la-restauracion-de-las-salinas-de-marchamalo\/\" \/>\n<meta property=\"og:site_name\" content=\"RESALAR\" \/>\n<meta property=\"article:publisher\" content=\"https:\/\/www.facebook.com\/FundacionANSE\" \/>\n<meta property=\"article:published_time\" content=\"2023-09-19T11:00:00+00:00\" \/>\n<meta property=\"article:modified_time\" content=\"2025-11-17T09:59:32+00:00\" \/>\n<meta property=\"og:image\" content=\"https:\/\/www.fundacionanse.org\/resalar\/wp-content\/uploads\/sites\/5\/2023\/10\/ConvenioSalinas-768x576-1-e1697198177411.jpeg\" \/>\n\t<meta property=\"og:image:width\" content=\"768\" \/>\n\t<meta property=\"og:image:height\" content=\"376\" \/>\n\t<meta property=\"og:image:type\" content=\"image\/jpeg\" \/>\n<meta name=\"author\" content=\"fundacion\" \/>\n<meta name=\"twitter:card\" content=\"summary_large_image\" \/>\n<meta name=\"twitter:creator\" content=\"@fundacionanse\" \/>\n<meta name=\"twitter:site\" content=\"@fundacionanse\" \/>\n<meta name=\"twitter:label1\" content=\"Escrito por\" \/>\n\t<meta name=\"twitter:data1\" content=\"fundacion\" \/>\n\t<meta name=\"twitter:label2\" content=\"Tiempo de lectura\" \/>\n\t<meta name=\"twitter:data2\" content=\"1 minuto\" \/>\n<script type=\"application\/ld+json\" class=\"yoast-schema-graph\">{\"@context\":\"https:\/\/schema.org\",\"@graph\":[{\"@type\":\"Article\",\"@id\":\"https:\/\/www.fundacionanse.org\/resalar\/2023\/09\/19\/anse-firma-un-acuerdo-de-colaboracion-con-salinera-espanola-s-a-para-el-asesoramiento-en-la-restauracion-de-las-salinas-de-marchamalo\/#article\",\"isPartOf\":{\"@id\":\"https:\/\/www.fundacionanse.org\/resalar\/2023\/09\/19\/anse-firma-un-acuerdo-de-colaboracion-con-salinera-espanola-s-a-para-el-asesoramiento-en-la-restauracion-de-las-salinas-de-marchamalo\/\"},\"author\":{\"name\":\"fundacion\",\"@id\":\"https:\/\/www.fundacionanse.org\/resalar\/#\/schema\/person\/5719c1a8aa1c54a3c7f0d42d26627275\"},\"headline\":\"ANSE firma un acuerdo de colaboraci\u00f3n con Salinera Espa\u00f1ola S.A. para el asesoramiento en la restauraci\u00f3n de las salinas de Marchamalo.\",\"datePublished\":\"2023-09-19T11:00:00+00:00\",\"dateModified\":\"2025-11-17T09:59:32+00:00\",\"mainEntityOfPage\":{\"@id\":\"https:\/\/www.fundacionanse.org\/resalar\/2023\/09\/19\/anse-firma-un-acuerdo-de-colaboracion-con-salinera-espanola-s-a-para-el-asesoramiento-en-la-restauracion-de-las-salinas-de-marchamalo\/\"},\"wordCount\":586,\"commentCount\":0,\"publisher\":{\"@id\":\"https:\/\/www.fundacionanse.org\/resalar\/#organization\"},\"image\":{\"@id\":\"https:\/\/www.fundacionanse.org\/resalar\/2023\/09\/19\/anse-firma-un-acuerdo-de-colaboracion-con-salinera-espanola-s-a-para-el-asesoramiento-en-la-restauracion-de-las-salinas-de-marchamalo\/#primaryimage\"},\"thumbnailUrl\":\"https:\/\/www.fundacionanse.org\/resalar\/wp-content\/uploads\/sites\/5\/2023\/10\/ConvenioSalinas-768x576-1-e1697198177411.jpeg\",\"articleSection\":[\"Actualidad\"],\"inLanguage\":\"es\"},{\"@type\":\"WebPage\",\"@id\":\"https:\/\/www.fundacionanse.org\/resalar\/2023\/09\/19\/anse-firma-un-acuerdo-de-colaboracion-con-salinera-espanola-s-a-para-el-asesoramiento-en-la-restauracion-de-las-salinas-de-marchamalo\/\",\"url\":\"https:\/\/www.fundacionanse.org\/resalar\/2023\/09\/19\/anse-firma-un-acuerdo-de-colaboracion-con-salinera-espanola-s-a-para-el-asesoramiento-en-la-restauracion-de-las-salinas-de-marchamalo\/\",\"name\":\"ANSE firma un acuerdo de colaboraci\u00f3n con Salinera Espa\u00f1ola S.A. para el asesoramiento en la restauraci\u00f3n de las salinas de Marchamalo. - RESALAR\",\"isPartOf\":{\"@id\":\"https:\/\/www.fundacionanse.org\/resalar\/#website\"},\"primaryImageOfPage\":{\"@id\":\"https:\/\/www.fundacionanse.org\/resalar\/2023\/09\/19\/anse-firma-un-acuerdo-de-colaboracion-con-salinera-espanola-s-a-para-el-asesoramiento-en-la-restauracion-de-las-salinas-de-marchamalo\/#primaryimage\"},\"image\":{\"@id\":\"https:\/\/www.fundacionanse.org\/resalar\/2023\/09\/19\/anse-firma-un-acuerdo-de-colaboracion-con-salinera-espanola-s-a-para-el-asesoramiento-en-la-restauracion-de-las-salinas-de-marchamalo\/#primaryimage\"},\"thumbnailUrl\":\"https:\/\/www.fundacionanse.org\/resalar\/wp-content\/uploads\/sites\/5\/2023\/10\/ConvenioSalinas-768x576-1-e1697198177411.jpeg\",\"datePublished\":\"2023-09-19T11:00:00+00:00\",\"dateModified\":\"2025-11-17T09:59:32+00:00\",\"breadcrumb\":{\"@id\":\"https:\/\/www.fundacionanse.org\/resalar\/2023\/09\/19\/anse-firma-un-acuerdo-de-colaboracion-con-salinera-espanola-s-a-para-el-asesoramiento-en-la-restauracion-de-las-salinas-de-marchamalo\/#breadcrumb\"},\"inLanguage\":\"es\",\"potentialAction\":[{\"@type\":\"ReadAction\",\"target\":[\"https:\/\/www.fundacionanse.org\/resalar\/2023\/09\/19\/anse-firma-un-acuerdo-de-colaboracion-con-salinera-espanola-s-a-para-el-asesoramiento-en-la-restauracion-de-las-salinas-de-marchamalo\/\"]}]},{\"@type\":\"ImageObject\",\"inLanguage\":\"es\",\"@id\":\"https:\/\/www.fundacionanse.org\/resalar\/2023\/09\/19\/anse-firma-un-acuerdo-de-colaboracion-con-salinera-espanola-s-a-para-el-asesoramiento-en-la-restauracion-de-las-salinas-de-marchamalo\/#primaryimage\",\"url\":\"https:\/\/www.fundacionanse.org\/resalar\/wp-content\/uploads\/sites\/5\/2023\/10\/ConvenioSalinas-768x576-1-e1697198177411.jpeg\",\"contentUrl\":\"https:\/\/www.fundacionanse.org\/resalar\/wp-content\/uploads\/sites\/5\/2023\/10\/ConvenioSalinas-768x576-1-e1697198177411.jpeg\",\"width\":768,\"height\":376},{\"@type\":\"BreadcrumbList\",\"@id\":\"https:\/\/www.fundacionanse.org\/resalar\/2023\/09\/19\/anse-firma-un-acuerdo-de-colaboracion-con-salinera-espanola-s-a-para-el-asesoramiento-en-la-restauracion-de-las-salinas-de-marchamalo\/#breadcrumb\",\"itemListElement\":[{\"@type\":\"ListItem\",\"position\":1,\"name\":\"Portada\",\"item\":\"https:\/\/www.fundacionanse.org\/resalar\/\"},{\"@type\":\"ListItem\",\"position\":2,\"name\":\"ANSE firma un acuerdo de colaboraci\u00f3n con Salinera Espa\u00f1ola S.A. para el asesoramiento en la restauraci\u00f3n de las salinas de Marchamalo.\"}]},{\"@type\":\"WebSite\",\"@id\":\"https:\/\/www.fundacionanse.org\/resalar\/#website\",\"url\":\"https:\/\/www.fundacionanse.org\/resalar\/\",\"name\":\"RESALAR\",\"description\":\"Regeneraci\u00f3n de salinas y arenales en el Mar Menor\",\"publisher\":{\"@id\":\"https:\/\/www.fundacionanse.org\/resalar\/#organization\"},\"potentialAction\":[{\"@type\":\"SearchAction\",\"target\":{\"@type\":\"EntryPoint\",\"urlTemplate\":\"https:\/\/www.fundacionanse.org\/resalar\/?s={search_term_string}\"},\"query-input\":{\"@type\":\"PropertyValueSpecification\",\"valueRequired\":true,\"valueName\":\"search_term_string\"}}],\"inLanguage\":\"es\"},{\"@type\":\"Organization\",\"@id\":\"https:\/\/www.fundacionanse.org\/resalar\/#organization\",\"name\":\"RESALAR\",\"url\":\"https:\/\/www.fundacionanse.org\/resalar\/\",\"logo\":{\"@type\":\"ImageObject\",\"inLanguage\":\"es\",\"@id\":\"https:\/\/www.fundacionanse.org\/resalar\/#\/schema\/logo\/image\/\",\"url\":\"https:\/\/www.fundacionanse.org\/resalar\/wp-content\/uploads\/sites\/5\/2024\/02\/resalar-web_vertical-color.svg\",\"contentUrl\":\"https:\/\/www.fundacionanse.org\/resalar\/wp-content\/uploads\/sites\/5\/2024\/02\/resalar-web_vertical-color.svg\",\"width\":168,\"height\":188,\"caption\":\"RESALAR\"},\"image\":{\"@id\":\"https:\/\/www.fundacionanse.org\/resalar\/#\/schema\/logo\/image\/\"},\"sameAs\":[\"https:\/\/www.facebook.com\/FundacionANSE\",\"https:\/\/x.com\/fundacionanse\",\"https:\/\/www.instagram.com\/fundacionanse\/\"]},{\"@type\":\"Person\",\"@id\":\"https:\/\/www.fundacionanse.org\/resalar\/#\/schema\/person\/5719c1a8aa1c54a3c7f0d42d26627275\",\"name\":\"fundacion\",\"image\":{\"@type\":\"ImageObject\",\"inLanguage\":\"es\",\"@id\":\"https:\/\/www.fundacionanse.org\/resalar\/#\/schema\/person\/image\/\",\"url\":\"https:\/\/secure.gravatar.com\/avatar\/dec98970ed84c8fce89dd2c37c22164e7b4320cbf181bd9cbd9e99b05768686f?s=96&d=mm&r=g\",\"contentUrl\":\"https:\/\/secure.gravatar.com\/avatar\/dec98970ed84c8fce89dd2c37c22164e7b4320cbf181bd9cbd9e99b05768686f?s=96&d=mm&r=g\",\"caption\":\"fundacion\"},\"url\":\"https:\/\/www.fundacionanse.org\/resalar\/author\/fundacion\/\"}]}<\/script>\n<!-- \/ Yoast SEO plugin. -->","yoast_head_json":{"title":"ANSE firma un acuerdo de colaboraci\u00f3n con Salinera Espa\u00f1ola S.A. para el asesoramiento en la restauraci\u00f3n de las salinas de Marchamalo. - RESALAR","robots":{"index":"index","follow":"follow","max-snippet":"max-snippet:-1","max-image-preview":"max-image-preview:large","max-video-preview":"max-video-preview:-1"},"canonical":"https:\/\/www.fundacionanse.org\/resalar\/2023\/09\/19\/anse-firma-un-acuerdo-de-colaboracion-con-salinera-espanola-s-a-para-el-asesoramiento-en-la-restauracion-de-las-salinas-de-marchamalo\/","og_locale":"es_ES","og_type":"article","og_title":"ANSE firma un acuerdo de colaboraci\u00f3n con Salinera Espa\u00f1ola S.A. para el asesoramiento en la restauraci\u00f3n de las salinas de Marchamalo. - RESALAR","og_description":"La Fundaci\u00f3n ANSE y Salinera Espa\u00f1ola firman un acuerdo para colaborar en la conservaci\u00f3n de las salinas. El acuerdo se firm\u00f3 este lunes a bordo del velero Else a su paso por Ibiza. Tambi\u00e9n se ha llegado a un acuerdo para la cesi\u00f3n del Molino de la Calcetera, o la Ezequiela, con el objetivo de ... Leer m\u00e1s","og_url":"https:\/\/www.fundacionanse.org\/resalar\/2023\/09\/19\/anse-firma-un-acuerdo-de-colaboracion-con-salinera-espanola-s-a-para-el-asesoramiento-en-la-restauracion-de-las-salinas-de-marchamalo\/","og_site_name":"RESALAR","article_publisher":"https:\/\/www.facebook.com\/FundacionANSE","article_published_time":"2023-09-19T11:00:00+00:00","article_modified_time":"2025-11-17T09:59:32+00:00","og_image":[{"width":768,"height":376,"url":"https:\/\/www.fundacionanse.org\/resalar\/wp-content\/uploads\/sites\/5\/2023\/10\/ConvenioSalinas-768x576-1-e1697198177411.jpeg","type":"image\/jpeg"}],"author":"fundacion","twitter_card":"summary_large_image","twitter_creator":"@fundacionanse","twitter_site":"@fundacionanse","twitter_misc":{"Escrito por":"fundacion","Tiempo de lectura":"1 minuto"},"schema":{"@context":"https:\/\/schema.org","@graph":[{"@type":"Article","@id":"https:\/\/www.fundacionanse.org\/resalar\/2023\/09\/19\/anse-firma-un-acuerdo-de-colaboracion-con-salinera-espanola-s-a-para-el-asesoramiento-en-la-restauracion-de-las-salinas-de-marchamalo\/#article","isPartOf":{"@id":"https:\/\/www.fundacionanse.org\/resalar\/2023\/09\/19\/anse-firma-un-acuerdo-de-colaboracion-con-salinera-espanola-s-a-para-el-asesoramiento-en-la-restauracion-de-las-salinas-de-marchamalo\/"},"author":{"name":"fundacion","@id":"https:\/\/www.fundacionanse.org\/resalar\/#\/schema\/person\/5719c1a8aa1c54a3c7f0d42d26627275"},"headline":"ANSE firma un acuerdo de colaboraci\u00f3n con Salinera Espa\u00f1ola S.A. para el asesoramiento en la restauraci\u00f3n de las salinas de Marchamalo.","datePublished":"2023-09-19T11:00:00+00:00","dateModified":"2025-11-17T09:59:32+00:00","mainEntityOfPage":{"@id":"https:\/\/www.fundacionanse.org\/resalar\/2023\/09\/19\/anse-firma-un-acuerdo-de-colaboracion-con-salinera-espanola-s-a-para-el-asesoramiento-en-la-restauracion-de-las-salinas-de-marchamalo\/"},"wordCount":586,"commentCount":0,"publisher":{"@id":"https:\/\/www.fundacionanse.org\/resalar\/#organization"},"image":{"@id":"https:\/\/www.fundacionanse.org\/resalar\/2023\/09\/19\/anse-firma-un-acuerdo-de-colaboracion-con-salinera-espanola-s-a-para-el-asesoramiento-en-la-restauracion-de-las-salinas-de-marchamalo\/#primaryimage"},"thumbnailUrl":"https:\/\/www.fundacionanse.org\/resalar\/wp-content\/uploads\/sites\/5\/2023\/10\/ConvenioSalinas-768x576-1-e1697198177411.jpeg","articleSection":["Actualidad"],"inLanguage":"es"},{"@type":"WebPage","@id":"https:\/\/www.fundacionanse.org\/resalar\/2023\/09\/19\/anse-firma-un-acuerdo-de-colaboracion-con-salinera-espanola-s-a-para-el-asesoramiento-en-la-restauracion-de-las-salinas-de-marchamalo\/","url":"https:\/\/www.fundacionanse.org\/resalar\/2023\/09\/19\/anse-firma-un-acuerdo-de-colaboracion-con-salinera-espanola-s-a-para-el-asesoramiento-en-la-restauracion-de-las-salinas-de-marchamalo\/","name":"ANSE firma un acuerdo de colaboraci\u00f3n con Salinera Espa\u00f1ola S.A. para el asesoramiento en la restauraci\u00f3n de las salinas de Marchamalo. - RESALAR","isPartOf":{"@id":"https:\/\/www.fundacionanse.org\/resalar\/#website"},"primaryImageOfPage":{"@id":"https:\/\/www.fundacionanse.org\/resalar\/2023\/09\/19\/anse-firma-un-acuerdo-de-colaboracion-con-salinera-espanola-s-a-para-el-asesoramiento-en-la-restauracion-de-las-salinas-de-marchamalo\/#primaryimage"},"image":{"@id":"https:\/\/www.fundacionanse.org\/resalar\/2023\/09\/19\/anse-firma-un-acuerdo-de-colaboracion-con-salinera-espanola-s-a-para-el-asesoramiento-en-la-restauracion-de-las-salinas-de-marchamalo\/#primaryimage"},"thumbnailUrl":"https:\/\/www.fundacionanse.org\/resalar\/wp-content\/uploads\/sites\/5\/2023\/10\/ConvenioSalinas-768x576-1-e1697198177411.jpeg","datePublished":"2023-09-19T11:00:00+00:00","dateModified":"2025-11-17T09:59:32+00:00","breadcrumb":{"@id":"https:\/\/www.fundacionanse.org\/resalar\/2023\/09\/19\/anse-firma-un-acuerdo-de-colaboracion-con-salinera-espanola-s-a-para-el-asesoramiento-en-la-restauracion-de-las-salinas-de-marchamalo\/#breadcrumb"},"inLanguage":"es","potentialAction":[{"@type":"ReadAction","target":["https:\/\/www.fundacionanse.org\/resalar\/2023\/09\/19\/anse-firma-un-acuerdo-de-colaboracion-con-salinera-espanola-s-a-para-el-asesoramiento-en-la-restauracion-de-las-salinas-de-marchamalo\/"]}]},{"@type":"ImageObject","inLanguage":"es","@id":"https:\/\/www.fundacionanse.org\/resalar\/2023\/09\/19\/anse-firma-un-acuerdo-de-colaboracion-con-salinera-espanola-s-a-para-el-asesoramiento-en-la-restauracion-de-las-salinas-de-marchamalo\/#primaryimage","url":"https:\/\/www.fundacionanse.org\/resalar\/wp-content\/uploads\/sites\/5\/2023\/10\/ConvenioSalinas-768x576-1-e1697198177411.jpeg","contentUrl":"https:\/\/www.fundacionanse.org\/resalar\/wp-content\/uploads\/sites\/5\/2023\/10\/ConvenioSalinas-768x576-1-e1697198177411.jpeg","width":768,"height":376},{"@type":"BreadcrumbList","@id":"https:\/\/www.fundacionanse.org\/resalar\/2023\/09\/19\/anse-firma-un-acuerdo-de-colaboracion-con-salinera-espanola-s-a-para-el-asesoramiento-en-la-restauracion-de-las-salinas-de-marchamalo\/#breadcrumb","itemListElement":[{"@type":"ListItem","position":1,"name":"Portada","item":"https:\/\/www.fundacionanse.org\/resalar\/"},{"@type":"ListItem","position":2,"name":"ANSE firma un acuerdo de colaboraci\u00f3n con Salinera Espa\u00f1ola S.A. para el asesoramiento en la restauraci\u00f3n de las salinas de Marchamalo."}]},{"@type":"WebSite","@id":"https:\/\/www.fundacionanse.org\/resalar\/#website","url":"https:\/\/www.fundacionanse.org\/resalar\/","name":"RESALAR","description":"Regeneraci\u00f3n de salinas y arenales en el Mar Menor","publisher":{"@id":"https:\/\/www.fundacionanse.org\/resalar\/#organization"},"potentialAction":[{"@type":"SearchAction","target":{"@type":"EntryPoint","urlTemplate":"https:\/\/www.fundacionanse.org\/resalar\/?s={search_term_string}"},"query-input":{"@type":"PropertyValueSpecification","valueRequired":true,"valueName":"search_term_string"}}],"inLanguage":"es"},{"@type":"Organization","@id":"https:\/\/www.fundacionanse.org\/resalar\/#organization","name":"RESALAR","url":"https:\/\/www.fundacionanse.org\/resalar\/","logo":{"@type":"ImageObject","inLanguage":"es","@id":"https:\/\/www.fundacionanse.org\/resalar\/#\/schema\/logo\/image\/","url":"https:\/\/www.fundacionanse.org\/resalar\/wp-content\/uploads\/sites\/5\/2024\/02\/resalar-web_vertical-color.svg","contentUrl":"https:\/\/www.fundacionanse.org\/resalar\/wp-content\/uploads\/sites\/5\/2024\/02\/resalar-web_vertical-color.svg","width":168,"height":188,"caption":"RESALAR"},"image":{"@id":"https:\/\/www.fundacionanse.org\/resalar\/#\/schema\/logo\/image\/"},"sameAs":["https:\/\/www.facebook.com\/FundacionANSE","https:\/\/x.com\/fundacionanse","https:\/\/www.instagram.com\/fundacionanse\/"]},{"@type":"Person","@id":"https:\/\/www.fundacionanse.org\/resalar\/#\/schema\/person\/5719c1a8aa1c54a3c7f0d42d26627275","name":"fundacion","image":{"@type":"ImageObject","inLanguage":"es","@id":"https:\/\/www.fundacionanse.org\/resalar\/#\/schema\/person\/image\/","url":"https:\/\/secure.gravatar.com\/avatar\/dec98970ed84c8fce89dd2c37c22164e7b4320cbf181bd9cbd9e99b05768686f?s=96&d=mm&r=g","contentUrl":"https:\/\/secure.gravatar.com\/avatar\/dec98970ed84c8fce89dd2c37c22164e7b4320cbf181bd9cbd9e99b05768686f?s=96&d=mm&r=g","caption":"fundacion"},"url":"https:\/\/www.fundacionanse.org\/resalar\/author\/fundacion\/"}]}},"_links":{"self":[{"href":"https:\/\/www.fundacionanse.org\/resalar\/wp-json\/wp\/v2\/posts\/456","targetHints":{"allow":["GET"]}}],"collection":[{"href":"https:\/\/www.fundacionanse.org\/resalar\/wp-json\/wp\/v2\/posts"}],"about":[{"href":"https:\/\/www.fundacionanse.org\/resalar\/wp-json\/wp\/v2\/types\/post"}],"author":[{"embeddable":true,"href":"https:\/\/www.fundacionanse.org\/resalar\/wp-json\/wp\/v2\/users\/2"}],"replies":[{"embeddable":true,"href":"https:\/\/www.fundacionanse.org\/resalar\/wp-json\/wp\/v2\/comments?post=456"}],"version-history":[{"count":0,"href":"https:\/\/www.fundacionanse.org\/resalar\/wp-json\/wp\/v2\/posts\/456\/revisions"}],"wp:featuredmedia":[{"embeddable":true,"href":"https:\/\/www.fundacionanse.org\/resalar\/wp-json\/wp\/v2\/media\/459"}],"wp:attachment":[{"href":"https:\/\/www.fundacionanse.org\/resalar\/wp-json\/wp\/v2\/media?parent=456"}],"wp:term":[{"taxonomy":"category","embeddable":true,"href":"https:\/\/www.fundacionanse.org\/resalar\/wp-json\/wp\/v2\/categories?post=456"},{"taxonomy":"post_tag","embeddable":true,"href":"https:\/\/www.fundacionanse.org\/resalar\/wp-json\/wp\/v2\/tags?post=456"}],"curies":[{"name":"wp","href":"https:\/\/api.w.org\/{rel}","templated":true}]}}