{"id":491,"date":"2024-01-30T15:10:03","date_gmt":"2024-01-30T15:10:03","guid":{"rendered":"https:\/\/www.fundacionanse.org\/resalar\/?p=491"},"modified":"2024-02-07T12:12:29","modified_gmt":"2024-02-07T12:12:29","slug":"casi-una-veintena-de-personas-recogen-151-kg-de-basura-en-la-caleta-del-estacio","status":"publish","type":"post","link":"https:\/\/www.fundacionanse.org\/resalar\/2024\/01\/30\/casi-una-veintena-de-personas-recogen-151-kg-de-basura-en-la-caleta-del-estacio\/","title":{"rendered":"Casi una veintena de personas recogen 151 kg de basura en la Caleta del Estacio"},"content":{"rendered":"\n<p>El pasado domingo, un total de <strong>18 personas participaron en la recogida de m\u00e1s de 151 kg de basura en la Caleta del Estacio<\/strong>. La limpieza se ha realizado en una zona donde recientemente ha sido retirado un bosquete de acacias australianas y que ha dejado a la luz gran cantidad de basura. Estas especies de acacias son ex\u00f3ticas invasoras y tienen un gran car\u00e1cter transformador del paisaje impidiendo que se desarrollen las especies aut\u00f3ctonas.<\/p>\n\n\n\n<p>ANSE cuenta con autorizaci\u00f3n de la Direcci\u00f3n General de Costas para la restauraci\u00f3n de 6 ha en la caleta del Estacio. Desde 2022 se llevan realizado actuaciones dentro del proyecto RESALAR para recuperar el ecosistema dunar. Principalmente eliminaci\u00f3n de las especies ex\u00f3ticas y plantaciones de diversas especies de flora aut\u00f3ctona<\/p>\n\n\n\n<p>En la actividad han participado las siguientes asociaciones locales: la Asociaci\u00f3n de Vecinos Comunidad la Manga Norte; el Consorcio La Manga; la Asociaci\u00f3n Abracemos al Mar Menor; la Asociaci\u00f3n de Vecinos La Manga del Mar Menor; ACE; la Asociaci\u00f3n de Cultura, Deporte y Ocio La Manga; Posidonia turismo, y finalmente, la Asociaci\u00f3n de mujeres Virgen del Mar.<\/p>\n\n\n\n<p>El&nbsp;<strong>proyecto RESALAR<\/strong>&nbsp;tiene el objetivo de regenerar espacios del litoral del Mar Menor y su biodiversidad para reducir los impactos de las actividades humanas, fortalecer la resiliencia del litoral frente al cambio clim\u00e1tico y mejorar e incrementar los servicios ecosist\u00e9micos que proveen a la sociedad. Este proyecto, que coordina la Fundaci\u00f3n ANSE, y en el que participan la Asociaci\u00f3n de Naturalistas del Sureste, WWF-Espa\u00f1a y el Instituto Espa\u00f1ol de Oceanograf\u00eda, Centro Nacional de la Agencia Estatal Consejo Superior de Investigaciones Cient\u00edficas (IEO-CSIC), cuenta con el apoyo de la Fundaci\u00f3n Biodiversidad del Ministerio para la Transici\u00f3n Ecol\u00f3gica y el Reto Demogr\u00e1fico (MITECO) en el marco del Plan de Recuperaci\u00f3n, Transformaci\u00f3n y Resiliencia (PRTR), financiado por la Uni\u00f3n Europea \u2013 NextGenerationEU y se encuentra vinculado al Marco de Actuaciones Prioritarias para la recuperaci\u00f3n del Mar Menor del Ministerio para la Transici\u00f3n Ecol\u00f3gica y el Reto Demogr\u00e1fico.<\/p>\n","protected":false},"excerpt":{"rendered":"<p>El pasado domingo, un total de 18 personas participaron en la recogida de m\u00e1s de 151 kg de basura en la Caleta del Estacio. La limpieza se ha realizado en una zona donde recientemente ha sido retirado un bosquete de acacias australianas y que ha dejado a la luz gran cantidad de basura. Estas especies &#8230; <a title=\"Casi una veintena de personas recogen 151 kg de basura en la Caleta del Estacio\" class=\"read-more\" href=\"https:\/\/www.fundacionanse.org\/resalar\/2024\/01\/30\/casi-una-veintena-de-personas-recogen-151-kg-de-basura-en-la-caleta-del-estacio\/\" aria-label=\"Leer m\u00e1s sobre Casi una veintena de personas recogen 151 kg de basura en la Caleta del Estacio\">Leer m\u00e1s<\/a><\/p>\n","protected":false},"author":6,"featured_media":492,"comment_status":"open","ping_status":"open","sticky":false,"template":"","format":"standard","meta":{"inline_featured_image":false,"footnotes":""},"categories":[1],"tags":[],"class_list":["post-491","post","type-post","status-publish","format-standard","has-post-thumbnail","hentry","category-actualidad","generate-columns","tablet-grid-50","mobile-grid-100","grid-parent","grid-33","resize-featured-image"],"yoast_head":"<!-- This site is optimized with the Yoast SEO plugin v26.9 - https:\/\/yoast.com\/product\/yoast-seo-wordpress\/ -->\n<title>Casi una veintena de personas recogen 151 kg de basura en la Caleta del Estacio - RESALAR<\/title>\n<meta name=\"robots\" content=\"index, follow, max-snippet:-1, max-image-preview:large, max-video-preview:-1\" \/>\n<link rel=\"canonical\" href=\"https:\/\/www.fundacionanse.org\/resalar\/2024\/01\/30\/casi-una-veintena-de-personas-recogen-151-kg-de-basura-en-la-caleta-del-estacio\/\" \/>\n<meta property=\"og:locale\" content=\"es_ES\" \/>\n<meta property=\"og:type\" content=\"article\" \/>\n<meta property=\"og:title\" content=\"Casi una veintena de personas recogen 151 kg de basura en la Caleta del Estacio - RESALAR\" \/>\n<meta property=\"og:description\" content=\"El pasado domingo, un total de 18 personas participaron en la recogida de m\u00e1s de 151 kg de basura en la Caleta del Estacio. La limpieza se ha realizado en una zona donde recientemente ha sido retirado un bosquete de acacias australianas y que ha dejado a la luz gran cantidad de basura. Estas especies ... Leer m\u00e1s\" \/>\n<meta property=\"og:url\" content=\"https:\/\/www.fundacionanse.org\/resalar\/2024\/01\/30\/casi-una-veintena-de-personas-recogen-151-kg-de-basura-en-la-caleta-del-estacio\/\" \/>\n<meta property=\"og:site_name\" content=\"RESALAR\" \/>\n<meta property=\"article:publisher\" content=\"https:\/\/www.facebook.com\/FundacionANSE\" \/>\n<meta property=\"article:published_time\" content=\"2024-01-30T15:10:03+00:00\" \/>\n<meta property=\"article:modified_time\" content=\"2024-02-07T12:12:29+00:00\" \/>\n<meta property=\"og:image\" content=\"https:\/\/www.fundacionanse.org\/resalar\/wp-content\/uploads\/sites\/5\/2024\/01\/IMG_20240127_124247_1.jpg\" \/>\n\t<meta property=\"og:image:width\" content=\"1000\" \/>\n\t<meta property=\"og:image:height\" content=\"750\" \/>\n\t<meta property=\"og:image:type\" content=\"image\/jpeg\" \/>\n<meta name=\"author\" content=\"alicia\" \/>\n<meta name=\"twitter:card\" content=\"summary_large_image\" \/>\n<meta name=\"twitter:creator\" content=\"@fundacionanse\" \/>\n<meta name=\"twitter:site\" content=\"@fundacionanse\" \/>\n<meta name=\"twitter:label1\" content=\"Escrito por\" \/>\n\t<meta name=\"twitter:data1\" content=\"alicia\" \/>\n\t<meta name=\"twitter:label2\" content=\"Tiempo de lectura\" \/>\n\t<meta name=\"twitter:data2\" content=\"1 minuto\" \/>\n<script type=\"application\/ld+json\" class=\"yoast-schema-graph\">{\"@context\":\"https:\/\/schema.org\",\"@graph\":[{\"@type\":\"Article\",\"@id\":\"https:\/\/www.fundacionanse.org\/resalar\/2024\/01\/30\/casi-una-veintena-de-personas-recogen-151-kg-de-basura-en-la-caleta-del-estacio\/#article\",\"isPartOf\":{\"@id\":\"https:\/\/www.fundacionanse.org\/resalar\/2024\/01\/30\/casi-una-veintena-de-personas-recogen-151-kg-de-basura-en-la-caleta-del-estacio\/\"},\"author\":{\"name\":\"alicia\",\"@id\":\"https:\/\/www.fundacionanse.org\/resalar\/#\/schema\/person\/825d0b66cfeac78d8671653dd99a9823\"},\"headline\":\"Casi una veintena de personas recogen 151 kg de basura en la Caleta del Estacio\",\"datePublished\":\"2024-01-30T15:10:03+00:00\",\"dateModified\":\"2024-02-07T12:12:29+00:00\",\"mainEntityOfPage\":{\"@id\":\"https:\/\/www.fundacionanse.org\/resalar\/2024\/01\/30\/casi-una-veintena-de-personas-recogen-151-kg-de-basura-en-la-caleta-del-estacio\/\"},\"wordCount\":372,\"commentCount\":0,\"publisher\":{\"@id\":\"https:\/\/www.fundacionanse.org\/resalar\/#organization\"},\"image\":{\"@id\":\"https:\/\/www.fundacionanse.org\/resalar\/2024\/01\/30\/casi-una-veintena-de-personas-recogen-151-kg-de-basura-en-la-caleta-del-estacio\/#primaryimage\"},\"thumbnailUrl\":\"https:\/\/www.fundacionanse.org\/resalar\/wp-content\/uploads\/sites\/5\/2024\/01\/IMG_20240127_124247_1.jpg\",\"articleSection\":[\"Actualidad\"],\"inLanguage\":\"es\"},{\"@type\":\"WebPage\",\"@id\":\"https:\/\/www.fundacionanse.org\/resalar\/2024\/01\/30\/casi-una-veintena-de-personas-recogen-151-kg-de-basura-en-la-caleta-del-estacio\/\",\"url\":\"https:\/\/www.fundacionanse.org\/resalar\/2024\/01\/30\/casi-una-veintena-de-personas-recogen-151-kg-de-basura-en-la-caleta-del-estacio\/\",\"name\":\"Casi una veintena de personas recogen 151 kg de basura en la Caleta del Estacio - RESALAR\",\"isPartOf\":{\"@id\":\"https:\/\/www.fundacionanse.org\/resalar\/#website\"},\"primaryImageOfPage\":{\"@id\":\"https:\/\/www.fundacionanse.org\/resalar\/2024\/01\/30\/casi-una-veintena-de-personas-recogen-151-kg-de-basura-en-la-caleta-del-estacio\/#primaryimage\"},\"image\":{\"@id\":\"https:\/\/www.fundacionanse.org\/resalar\/2024\/01\/30\/casi-una-veintena-de-personas-recogen-151-kg-de-basura-en-la-caleta-del-estacio\/#primaryimage\"},\"thumbnailUrl\":\"https:\/\/www.fundacionanse.org\/resalar\/wp-content\/uploads\/sites\/5\/2024\/01\/IMG_20240127_124247_1.jpg\",\"datePublished\":\"2024-01-30T15:10:03+00:00\",\"dateModified\":\"2024-02-07T12:12:29+00:00\",\"breadcrumb\":{\"@id\":\"https:\/\/www.fundacionanse.org\/resalar\/2024\/01\/30\/casi-una-veintena-de-personas-recogen-151-kg-de-basura-en-la-caleta-del-estacio\/#breadcrumb\"},\"inLanguage\":\"es\",\"potentialAction\":[{\"@type\":\"ReadAction\",\"target\":[\"https:\/\/www.fundacionanse.org\/resalar\/2024\/01\/30\/casi-una-veintena-de-personas-recogen-151-kg-de-basura-en-la-caleta-del-estacio\/\"]}]},{\"@type\":\"ImageObject\",\"inLanguage\":\"es\",\"@id\":\"https:\/\/www.fundacionanse.org\/resalar\/2024\/01\/30\/casi-una-veintena-de-personas-recogen-151-kg-de-basura-en-la-caleta-del-estacio\/#primaryimage\",\"url\":\"https:\/\/www.fundacionanse.org\/resalar\/wp-content\/uploads\/sites\/5\/2024\/01\/IMG_20240127_124247_1.jpg\",\"contentUrl\":\"https:\/\/www.fundacionanse.org\/resalar\/wp-content\/uploads\/sites\/5\/2024\/01\/IMG_20240127_124247_1.jpg\",\"width\":1000,\"height\":750},{\"@type\":\"BreadcrumbList\",\"@id\":\"https:\/\/www.fundacionanse.org\/resalar\/2024\/01\/30\/casi-una-veintena-de-personas-recogen-151-kg-de-basura-en-la-caleta-del-estacio\/#breadcrumb\",\"itemListElement\":[{\"@type\":\"ListItem\",\"position\":1,\"name\":\"Portada\",\"item\":\"https:\/\/www.fundacionanse.org\/resalar\/\"},{\"@type\":\"ListItem\",\"position\":2,\"name\":\"Casi una veintena de personas recogen 151 kg de basura en la Caleta del Estacio\"}]},{\"@type\":\"WebSite\",\"@id\":\"https:\/\/www.fundacionanse.org\/resalar\/#website\",\"url\":\"https:\/\/www.fundacionanse.org\/resalar\/\",\"name\":\"RESALAR\",\"description\":\"Regeneraci\u00f3n de salinas y arenales en el Mar Menor\",\"publisher\":{\"@id\":\"https:\/\/www.fundacionanse.org\/resalar\/#organization\"},\"potentialAction\":[{\"@type\":\"SearchAction\",\"target\":{\"@type\":\"EntryPoint\",\"urlTemplate\":\"https:\/\/www.fundacionanse.org\/resalar\/?s={search_term_string}\"},\"query-input\":{\"@type\":\"PropertyValueSpecification\",\"valueRequired\":true,\"valueName\":\"search_term_string\"}}],\"inLanguage\":\"es\"},{\"@type\":\"Organization\",\"@id\":\"https:\/\/www.fundacionanse.org\/resalar\/#organization\",\"name\":\"RESALAR\",\"url\":\"https:\/\/www.fundacionanse.org\/resalar\/\",\"logo\":{\"@type\":\"ImageObject\",\"inLanguage\":\"es\",\"@id\":\"https:\/\/www.fundacionanse.org\/resalar\/#\/schema\/logo\/image\/\",\"url\":\"https:\/\/www.fundacionanse.org\/resalar\/wp-content\/uploads\/sites\/5\/2024\/02\/resalar-web_vertical-color.svg\",\"contentUrl\":\"https:\/\/www.fundacionanse.org\/resalar\/wp-content\/uploads\/sites\/5\/2024\/02\/resalar-web_vertical-color.svg\",\"width\":168,\"height\":188,\"caption\":\"RESALAR\"},\"image\":{\"@id\":\"https:\/\/www.fundacionanse.org\/resalar\/#\/schema\/logo\/image\/\"},\"sameAs\":[\"https:\/\/www.facebook.com\/FundacionANSE\",\"https:\/\/x.com\/fundacionanse\",\"https:\/\/www.instagram.com\/fundacionanse\/\"]},{\"@type\":\"Person\",\"@id\":\"https:\/\/www.fundacionanse.org\/resalar\/#\/schema\/person\/825d0b66cfeac78d8671653dd99a9823\",\"name\":\"alicia\",\"image\":{\"@type\":\"ImageObject\",\"inLanguage\":\"es\",\"@id\":\"https:\/\/www.fundacionanse.org\/resalar\/#\/schema\/person\/image\/\",\"url\":\"https:\/\/secure.gravatar.com\/avatar\/8ea2aaa5672bd433d40f04b94a58fc94bcebbd601dd2a6a43a24e2e272228529?s=96&d=mm&r=g\",\"contentUrl\":\"https:\/\/secure.gravatar.com\/avatar\/8ea2aaa5672bd433d40f04b94a58fc94bcebbd601dd2a6a43a24e2e272228529?s=96&d=mm&r=g\",\"caption\":\"alicia\"},\"url\":\"https:\/\/www.fundacionanse.org\/resalar\/author\/alicia\/\"}]}<\/script>\n<!-- \/ Yoast SEO plugin. -->","yoast_head_json":{"title":"Casi una veintena de personas recogen 151 kg de basura en la Caleta del Estacio - RESALAR","robots":{"index":"index","follow":"follow","max-snippet":"max-snippet:-1","max-image-preview":"max-image-preview:large","max-video-preview":"max-video-preview:-1"},"canonical":"https:\/\/www.fundacionanse.org\/resalar\/2024\/01\/30\/casi-una-veintena-de-personas-recogen-151-kg-de-basura-en-la-caleta-del-estacio\/","og_locale":"es_ES","og_type":"article","og_title":"Casi una veintena de personas recogen 151 kg de basura en la Caleta del Estacio - RESALAR","og_description":"El pasado domingo, un total de 18 personas participaron en la recogida de m\u00e1s de 151 kg de basura en la Caleta del Estacio. La limpieza se ha realizado en una zona donde recientemente ha sido retirado un bosquete de acacias australianas y que ha dejado a la luz gran cantidad de basura. Estas especies ... Leer m\u00e1s","og_url":"https:\/\/www.fundacionanse.org\/resalar\/2024\/01\/30\/casi-una-veintena-de-personas-recogen-151-kg-de-basura-en-la-caleta-del-estacio\/","og_site_name":"RESALAR","article_publisher":"https:\/\/www.facebook.com\/FundacionANSE","article_published_time":"2024-01-30T15:10:03+00:00","article_modified_time":"2024-02-07T12:12:29+00:00","og_image":[{"width":1000,"height":750,"url":"https:\/\/www.fundacionanse.org\/resalar\/wp-content\/uploads\/sites\/5\/2024\/01\/IMG_20240127_124247_1.jpg","type":"image\/jpeg"}],"author":"alicia","twitter_card":"summary_large_image","twitter_creator":"@fundacionanse","twitter_site":"@fundacionanse","twitter_misc":{"Escrito por":"alicia","Tiempo de lectura":"1 minuto"},"schema":{"@context":"https:\/\/schema.org","@graph":[{"@type":"Article","@id":"https:\/\/www.fundacionanse.org\/resalar\/2024\/01\/30\/casi-una-veintena-de-personas-recogen-151-kg-de-basura-en-la-caleta-del-estacio\/#article","isPartOf":{"@id":"https:\/\/www.fundacionanse.org\/resalar\/2024\/01\/30\/casi-una-veintena-de-personas-recogen-151-kg-de-basura-en-la-caleta-del-estacio\/"},"author":{"name":"alicia","@id":"https:\/\/www.fundacionanse.org\/resalar\/#\/schema\/person\/825d0b66cfeac78d8671653dd99a9823"},"headline":"Casi una veintena de personas recogen 151 kg de basura en la Caleta del Estacio","datePublished":"2024-01-30T15:10:03+00:00","dateModified":"2024-02-07T12:12:29+00:00","mainEntityOfPage":{"@id":"https:\/\/www.fundacionanse.org\/resalar\/2024\/01\/30\/casi-una-veintena-de-personas-recogen-151-kg-de-basura-en-la-caleta-del-estacio\/"},"wordCount":372,"commentCount":0,"publisher":{"@id":"https:\/\/www.fundacionanse.org\/resalar\/#organization"},"image":{"@id":"https:\/\/www.fundacionanse.org\/resalar\/2024\/01\/30\/casi-una-veintena-de-personas-recogen-151-kg-de-basura-en-la-caleta-del-estacio\/#primaryimage"},"thumbnailUrl":"https:\/\/www.fundacionanse.org\/resalar\/wp-content\/uploads\/sites\/5\/2024\/01\/IMG_20240127_124247_1.jpg","articleSection":["Actualidad"],"inLanguage":"es"},{"@type":"WebPage","@id":"https:\/\/www.fundacionanse.org\/resalar\/2024\/01\/30\/casi-una-veintena-de-personas-recogen-151-kg-de-basura-en-la-caleta-del-estacio\/","url":"https:\/\/www.fundacionanse.org\/resalar\/2024\/01\/30\/casi-una-veintena-de-personas-recogen-151-kg-de-basura-en-la-caleta-del-estacio\/","name":"Casi una veintena de personas recogen 151 kg de basura en la Caleta del Estacio - RESALAR","isPartOf":{"@id":"https:\/\/www.fundacionanse.org\/resalar\/#website"},"primaryImageOfPage":{"@id":"https:\/\/www.fundacionanse.org\/resalar\/2024\/01\/30\/casi-una-veintena-de-personas-recogen-151-kg-de-basura-en-la-caleta-del-estacio\/#primaryimage"},"image":{"@id":"https:\/\/www.fundacionanse.org\/resalar\/2024\/01\/30\/casi-una-veintena-de-personas-recogen-151-kg-de-basura-en-la-caleta-del-estacio\/#primaryimage"},"thumbnailUrl":"https:\/\/www.fundacionanse.org\/resalar\/wp-content\/uploads\/sites\/5\/2024\/01\/IMG_20240127_124247_1.jpg","datePublished":"2024-01-30T15:10:03+00:00","dateModified":"2024-02-07T12:12:29+00:00","breadcrumb":{"@id":"https:\/\/www.fundacionanse.org\/resalar\/2024\/01\/30\/casi-una-veintena-de-personas-recogen-151-kg-de-basura-en-la-caleta-del-estacio\/#breadcrumb"},"inLanguage":"es","potentialAction":[{"@type":"ReadAction","target":["https:\/\/www.fundacionanse.org\/resalar\/2024\/01\/30\/casi-una-veintena-de-personas-recogen-151-kg-de-basura-en-la-caleta-del-estacio\/"]}]},{"@type":"ImageObject","inLanguage":"es","@id":"https:\/\/www.fundacionanse.org\/resalar\/2024\/01\/30\/casi-una-veintena-de-personas-recogen-151-kg-de-basura-en-la-caleta-del-estacio\/#primaryimage","url":"https:\/\/www.fundacionanse.org\/resalar\/wp-content\/uploads\/sites\/5\/2024\/01\/IMG_20240127_124247_1.jpg","contentUrl":"https:\/\/www.fundacionanse.org\/resalar\/wp-content\/uploads\/sites\/5\/2024\/01\/IMG_20240127_124247_1.jpg","width":1000,"height":750},{"@type":"BreadcrumbList","@id":"https:\/\/www.fundacionanse.org\/resalar\/2024\/01\/30\/casi-una-veintena-de-personas-recogen-151-kg-de-basura-en-la-caleta-del-estacio\/#breadcrumb","itemListElement":[{"@type":"ListItem","position":1,"name":"Portada","item":"https:\/\/www.fundacionanse.org\/resalar\/"},{"@type":"ListItem","position":2,"name":"Casi una veintena de personas recogen 151 kg de basura en la Caleta del Estacio"}]},{"@type":"WebSite","@id":"https:\/\/www.fundacionanse.org\/resalar\/#website","url":"https:\/\/www.fundacionanse.org\/resalar\/","name":"RESALAR","description":"Regeneraci\u00f3n de salinas y arenales en el Mar Menor","publisher":{"@id":"https:\/\/www.fundacionanse.org\/resalar\/#organization"},"potentialAction":[{"@type":"SearchAction","target":{"@type":"EntryPoint","urlTemplate":"https:\/\/www.fundacionanse.org\/resalar\/?s={search_term_string}"},"query-input":{"@type":"PropertyValueSpecification","valueRequired":true,"valueName":"search_term_string"}}],"inLanguage":"es"},{"@type":"Organization","@id":"https:\/\/www.fundacionanse.org\/resalar\/#organization","name":"RESALAR","url":"https:\/\/www.fundacionanse.org\/resalar\/","logo":{"@type":"ImageObject","inLanguage":"es","@id":"https:\/\/www.fundacionanse.org\/resalar\/#\/schema\/logo\/image\/","url":"https:\/\/www.fundacionanse.org\/resalar\/wp-content\/uploads\/sites\/5\/2024\/02\/resalar-web_vertical-color.svg","contentUrl":"https:\/\/www.fundacionanse.org\/resalar\/wp-content\/uploads\/sites\/5\/2024\/02\/resalar-web_vertical-color.svg","width":168,"height":188,"caption":"RESALAR"},"image":{"@id":"https:\/\/www.fundacionanse.org\/resalar\/#\/schema\/logo\/image\/"},"sameAs":["https:\/\/www.facebook.com\/FundacionANSE","https:\/\/x.com\/fundacionanse","https:\/\/www.instagram.com\/fundacionanse\/"]},{"@type":"Person","@id":"https:\/\/www.fundacionanse.org\/resalar\/#\/schema\/person\/825d0b66cfeac78d8671653dd99a9823","name":"alicia","image":{"@type":"ImageObject","inLanguage":"es","@id":"https:\/\/www.fundacionanse.org\/resalar\/#\/schema\/person\/image\/","url":"https:\/\/secure.gravatar.com\/avatar\/8ea2aaa5672bd433d40f04b94a58fc94bcebbd601dd2a6a43a24e2e272228529?s=96&d=mm&r=g","contentUrl":"https:\/\/secure.gravatar.com\/avatar\/8ea2aaa5672bd433d40f04b94a58fc94bcebbd601dd2a6a43a24e2e272228529?s=96&d=mm&r=g","caption":"alicia"},"url":"https:\/\/www.fundacionanse.org\/resalar\/author\/alicia\/"}]}},"_links":{"self":[{"href":"https:\/\/www.fundacionanse.org\/resalar\/wp-json\/wp\/v2\/posts\/491","targetHints":{"allow":["GET"]}}],"collection":[{"href":"https:\/\/www.fundacionanse.org\/resalar\/wp-json\/wp\/v2\/posts"}],"about":[{"href":"https:\/\/www.fundacionanse.org\/resalar\/wp-json\/wp\/v2\/types\/post"}],"author":[{"embeddable":true,"href":"https:\/\/www.fundacionanse.org\/resalar\/wp-json\/wp\/v2\/users\/6"}],"replies":[{"embeddable":true,"href":"https:\/\/www.fundacionanse.org\/resalar\/wp-json\/wp\/v2\/comments?post=491"}],"version-history":[{"count":0,"href":"https:\/\/www.fundacionanse.org\/resalar\/wp-json\/wp\/v2\/posts\/491\/revisions"}],"wp:featuredmedia":[{"embeddable":true,"href":"https:\/\/www.fundacionanse.org\/resalar\/wp-json\/wp\/v2\/media\/492"}],"wp:attachment":[{"href":"https:\/\/www.fundacionanse.org\/resalar\/wp-json\/wp\/v2\/media?parent=491"}],"wp:term":[{"taxonomy":"category","embeddable":true,"href":"https:\/\/www.fundacionanse.org\/resalar\/wp-json\/wp\/v2\/categories?post=491"},{"taxonomy":"post_tag","embeddable":true,"href":"https:\/\/www.fundacionanse.org\/resalar\/wp-json\/wp\/v2\/tags?post=491"}],"curies":[{"name":"wp","href":"https:\/\/api.w.org\/{rel}","templated":true}]}}