{"id":857,"date":"2024-03-07T07:29:21","date_gmt":"2024-03-07T07:29:21","guid":{"rendered":"https:\/\/www.fundacionanse.org\/resalar\/?p=857"},"modified":"2024-03-07T07:30:44","modified_gmt":"2024-03-07T07:30:44","slug":"el-paisaje-de-arenales-comienza-a-extenderse-por-la-caleta-del-estacio","status":"publish","type":"post","link":"https:\/\/www.fundacionanse.org\/resalar\/2024\/03\/07\/el-paisaje-de-arenales-comienza-a-extenderse-por-la-caleta-del-estacio\/","title":{"rendered":"El paisaje de arenales comienza a extenderse por la Caleta del Estacio"},"content":{"rendered":"\n<p>ANSE <strong>ampl\u00eda la superficie de restauraci\u00f3n de arenales en la Caleta del Estacio <\/strong>(La Manga, San Javier, Mar Menor), actuando en nuevas superficies invadidas por <strong>flora ex\u00f3tica<\/strong>, mientras que ya pueden observarse los resultados de la regeneraci\u00f3n desarrollada durante los \u00faltimos a\u00f1os.<\/p>\n\n\n\n<p>Tras la <strong>tala de las acacias invasoras en una superficie de 2300 m2<\/strong>, se ha instalado una extensa cubierta <strong>de polietileno en la Caleta del Estacio para evitar el rebrote de plantas ex\u00f3ticas desde ra\u00edz, <\/strong>y que permanecer\u00e1 colocada durante aproximadamente 1 a\u00f1o, como ha ocurrido en otras zonas pr\u00f3ximas con anterioridad. Esta t\u00e9cnica, denominada <strong>solarizaci\u00f3n<\/strong>, se ha demostrado como una de las m\u00e1s eficaces para la <strong>eliminaci\u00f3n del bosquete de acacias, <\/strong>dominado por <em>Acacia saligna, Acacia cyclops y Acacia retinoides<\/em>, y generado tras a\u00f1os de abandono de este espacio costero.<\/p>\n\n\n\n<p>Esta intervenci\u00f3n <strong>amplia en 3,5 hect\u00e1reas la zona de actuaci\u00f3n inicialmente prevista<\/strong>, tras la autorizaci\u00f3n por la Demarcaci\u00f3n de Costas en Murcia del <strong><a href=\"https:\/\/www.miteco.gob.es\/es.html\">Ministerio para la Transici\u00f3n Ecol\u00f3gica y el Reto Demogr\u00e1fico.<\/a><\/strong> La superficie total que quedara restaurada dentro del denominado Proyecto Resalar ser\u00e1 de 6 has, que servir\u00e1n de ejemplo experimental para la futura restauraci\u00f3n completa de la Caleta del Estacio y la zona afectada por las obras de Puerto Mayor que est\u00e1 previsto que lleve a cabo el Ministerio.<\/p>\n\n\n\n<p>Para <strong>reducir el consumo de materiales pl\u00e1sticos y la huella ecol\u00f3gica<\/strong> de la restauraci\u00f3n, ANSE reutiliza las grandes l\u00e1minas de polietileno movi\u00e9ndola en el \u00e1rea y entre diferentes zonas de actuaci\u00f3n, y reutiliz\u00e1ndola todo lo posible a\u00f1o tras a\u00f1o.<\/p>\n\n\n\n<p>La reciente retirada de unos 2.000 m2 de l\u00e1mina pl\u00e1stica de parte de los arenales, tras un largo periodo de solarizaci\u00f3n de m\u00e1s de 1 a\u00f1o, ha dejado paso a un arenal libre de acacias, donde se est\u00e1 procediendo a <strong>la plantaci\u00f3n de especies aut\u00f3ctonas propias de los otros extensos arenales y dunas de La Manga<\/strong>, como son la adormidera marina (<em>Glaucium flavum<\/em>), el cuernecillo de mar (<em>Lotus creticus<\/em>), la sisca fina (<em>Saccharum ravennae<\/em>), el junco (<em>Scirpus holoschoenus<\/em>), el junco espinoso (<em>Juncus acutus<\/em>), el chuzo (<em>Cyperus capitatus<\/em>), la siempreviva <em>(Helichrysum stoechas<\/em>), el hinojo marino (<em>Crithmummaritimum<\/em>), el pasto ni\u00f1o <em>(Sporobolus pungens<\/em>) y el taray (<em>Tamarix gallica<\/em>).<\/p>\n\n\n\n<p>El proyecto&nbsp;<strong>RESALAR&nbsp;<\/strong>tiene el objetivo de regenerar espacios del litoral del Mar Menor&nbsp;y su biodiversidad para fortalecer la resiliencia del litoral frente al cambio clim\u00e1tico y mejorar e incrementar los servicios ecosist\u00e9micos que proveen a la sociedad.<\/p>\n\n\n\n<p>Este proyecto, que coordina la Fundaci\u00f3n ANSE, y en el que participan la Asociaci\u00f3n de Naturalistas del Sureste, WWF-Espa\u00f1a y el Instituto Espa\u00f1ol de Oceanograf\u00eda, Centro Nacional de la Agencia Estatal Consejo Superior de Investigaciones Cient\u00edficas (IEO-CSIC), cuenta con el apoyo de la Fundaci\u00f3n Biodiversidad del Ministerio para la Transici\u00f3n Ecol\u00f3gica y el Reto Demogr\u00e1fico (MITECO) en el marco del Plan de Recuperaci\u00f3n, Transformaci\u00f3n y Resiliencia (PRTR), financiado por la Uni\u00f3n Europea \u2013 NextGenerationEU y se encuentra vinculado al Marco de Actuaciones Prioritarias para la recuperaci\u00f3n del Mar Menor del Ministerio para la Transici\u00f3n Ecol\u00f3gica y el Reto Demogr\u00e1fico.<\/p>\n","protected":false},"excerpt":{"rendered":"<p>ANSE ampl\u00eda la superficie de restauraci\u00f3n de arenales en la Caleta del Estacio (La Manga, San Javier, Mar Menor), actuando en nuevas superficies invadidas por flora ex\u00f3tica, mientras que ya pueden observarse los resultados de la regeneraci\u00f3n desarrollada durante los \u00faltimos a\u00f1os. Tras la tala de las acacias invasoras en una superficie de 2300 m2, &#8230; <a title=\"El paisaje de arenales comienza a extenderse por la Caleta del Estacio\" class=\"read-more\" href=\"https:\/\/www.fundacionanse.org\/resalar\/2024\/03\/07\/el-paisaje-de-arenales-comienza-a-extenderse-por-la-caleta-del-estacio\/\" aria-label=\"Leer m\u00e1s sobre El paisaje de arenales comienza a extenderse por la Caleta del Estacio\">Leer m\u00e1s<\/a><\/p>\n","protected":false},"author":6,"featured_media":858,"comment_status":"closed","ping_status":"closed","sticky":false,"template":"","format":"standard","meta":{"inline_featured_image":false,"footnotes":""},"categories":[1],"tags":[],"class_list":["post-857","post","type-post","status-publish","format-standard","has-post-thumbnail","hentry","category-actualidad","generate-columns","tablet-grid-50","mobile-grid-100","grid-parent","grid-33","resize-featured-image"],"yoast_head":"<!-- This site is optimized with the Yoast SEO plugin v26.9 - https:\/\/yoast.com\/product\/yoast-seo-wordpress\/ -->\n<title>El paisaje de arenales comienza a extenderse por la Caleta del Estacio - RESALAR<\/title>\n<meta name=\"robots\" content=\"index, follow, max-snippet:-1, max-image-preview:large, max-video-preview:-1\" \/>\n<link rel=\"canonical\" href=\"https:\/\/www.fundacionanse.org\/resalar\/2024\/03\/07\/el-paisaje-de-arenales-comienza-a-extenderse-por-la-caleta-del-estacio\/\" \/>\n<meta property=\"og:locale\" content=\"es_ES\" \/>\n<meta property=\"og:type\" content=\"article\" \/>\n<meta property=\"og:title\" content=\"El paisaje de arenales comienza a extenderse por la Caleta del Estacio - RESALAR\" \/>\n<meta property=\"og:description\" content=\"ANSE ampl\u00eda la superficie de restauraci\u00f3n de arenales en la Caleta del Estacio (La Manga, San Javier, Mar Menor), actuando en nuevas superficies invadidas por flora ex\u00f3tica, mientras que ya pueden observarse los resultados de la regeneraci\u00f3n desarrollada durante los \u00faltimos a\u00f1os. Tras la tala de las acacias invasoras en una superficie de 2300 m2, ... Leer m\u00e1s\" \/>\n<meta property=\"og:url\" content=\"https:\/\/www.fundacionanse.org\/resalar\/2024\/03\/07\/el-paisaje-de-arenales-comienza-a-extenderse-por-la-caleta-del-estacio\/\" \/>\n<meta property=\"og:site_name\" content=\"RESALAR\" \/>\n<meta property=\"article:publisher\" content=\"https:\/\/www.facebook.com\/FundacionANSE\" \/>\n<meta property=\"article:published_time\" content=\"2024-03-07T07:29:21+00:00\" \/>\n<meta property=\"article:modified_time\" content=\"2024-03-07T07:30:44+00:00\" \/>\n<meta property=\"og:image\" content=\"https:\/\/www.fundacionanse.org\/resalar\/wp-content\/uploads\/sites\/5\/2024\/03\/retirada-acacias.jpg\" \/>\n\t<meta property=\"og:image:width\" content=\"1500\" \/>\n\t<meta property=\"og:image:height\" content=\"1000\" \/>\n\t<meta property=\"og:image:type\" content=\"image\/jpeg\" \/>\n<meta name=\"author\" content=\"alicia\" \/>\n<meta name=\"twitter:card\" content=\"summary_large_image\" \/>\n<meta name=\"twitter:creator\" content=\"@fundacionanse\" \/>\n<meta name=\"twitter:site\" content=\"@fundacionanse\" \/>\n<meta name=\"twitter:label1\" content=\"Escrito por\" \/>\n\t<meta name=\"twitter:data1\" content=\"alicia\" \/>\n\t<meta name=\"twitter:label2\" content=\"Tiempo de lectura\" \/>\n\t<meta name=\"twitter:data2\" content=\"3 minutos\" \/>\n<script type=\"application\/ld+json\" class=\"yoast-schema-graph\">{\"@context\":\"https:\/\/schema.org\",\"@graph\":[{\"@type\":\"Article\",\"@id\":\"https:\/\/www.fundacionanse.org\/resalar\/2024\/03\/07\/el-paisaje-de-arenales-comienza-a-extenderse-por-la-caleta-del-estacio\/#article\",\"isPartOf\":{\"@id\":\"https:\/\/www.fundacionanse.org\/resalar\/2024\/03\/07\/el-paisaje-de-arenales-comienza-a-extenderse-por-la-caleta-del-estacio\/\"},\"author\":{\"name\":\"alicia\",\"@id\":\"https:\/\/www.fundacionanse.org\/resalar\/#\/schema\/person\/825d0b66cfeac78d8671653dd99a9823\"},\"headline\":\"El paisaje de arenales comienza a extenderse por la Caleta del Estacio\",\"datePublished\":\"2024-03-07T07:29:21+00:00\",\"dateModified\":\"2024-03-07T07:30:44+00:00\",\"mainEntityOfPage\":{\"@id\":\"https:\/\/www.fundacionanse.org\/resalar\/2024\/03\/07\/el-paisaje-de-arenales-comienza-a-extenderse-por-la-caleta-del-estacio\/\"},\"wordCount\":564,\"publisher\":{\"@id\":\"https:\/\/www.fundacionanse.org\/resalar\/#organization\"},\"image\":{\"@id\":\"https:\/\/www.fundacionanse.org\/resalar\/2024\/03\/07\/el-paisaje-de-arenales-comienza-a-extenderse-por-la-caleta-del-estacio\/#primaryimage\"},\"thumbnailUrl\":\"https:\/\/www.fundacionanse.org\/resalar\/wp-content\/uploads\/sites\/5\/2024\/03\/retirada-acacias.jpg\",\"articleSection\":[\"Actualidad\"],\"inLanguage\":\"es\"},{\"@type\":\"WebPage\",\"@id\":\"https:\/\/www.fundacionanse.org\/resalar\/2024\/03\/07\/el-paisaje-de-arenales-comienza-a-extenderse-por-la-caleta-del-estacio\/\",\"url\":\"https:\/\/www.fundacionanse.org\/resalar\/2024\/03\/07\/el-paisaje-de-arenales-comienza-a-extenderse-por-la-caleta-del-estacio\/\",\"name\":\"El paisaje de arenales comienza a extenderse por la Caleta del Estacio - RESALAR\",\"isPartOf\":{\"@id\":\"https:\/\/www.fundacionanse.org\/resalar\/#website\"},\"primaryImageOfPage\":{\"@id\":\"https:\/\/www.fundacionanse.org\/resalar\/2024\/03\/07\/el-paisaje-de-arenales-comienza-a-extenderse-por-la-caleta-del-estacio\/#primaryimage\"},\"image\":{\"@id\":\"https:\/\/www.fundacionanse.org\/resalar\/2024\/03\/07\/el-paisaje-de-arenales-comienza-a-extenderse-por-la-caleta-del-estacio\/#primaryimage\"},\"thumbnailUrl\":\"https:\/\/www.fundacionanse.org\/resalar\/wp-content\/uploads\/sites\/5\/2024\/03\/retirada-acacias.jpg\",\"datePublished\":\"2024-03-07T07:29:21+00:00\",\"dateModified\":\"2024-03-07T07:30:44+00:00\",\"breadcrumb\":{\"@id\":\"https:\/\/www.fundacionanse.org\/resalar\/2024\/03\/07\/el-paisaje-de-arenales-comienza-a-extenderse-por-la-caleta-del-estacio\/#breadcrumb\"},\"inLanguage\":\"es\",\"potentialAction\":[{\"@type\":\"ReadAction\",\"target\":[\"https:\/\/www.fundacionanse.org\/resalar\/2024\/03\/07\/el-paisaje-de-arenales-comienza-a-extenderse-por-la-caleta-del-estacio\/\"]}]},{\"@type\":\"ImageObject\",\"inLanguage\":\"es\",\"@id\":\"https:\/\/www.fundacionanse.org\/resalar\/2024\/03\/07\/el-paisaje-de-arenales-comienza-a-extenderse-por-la-caleta-del-estacio\/#primaryimage\",\"url\":\"https:\/\/www.fundacionanse.org\/resalar\/wp-content\/uploads\/sites\/5\/2024\/03\/retirada-acacias.jpg\",\"contentUrl\":\"https:\/\/www.fundacionanse.org\/resalar\/wp-content\/uploads\/sites\/5\/2024\/03\/retirada-acacias.jpg\",\"width\":1500,\"height\":1000},{\"@type\":\"BreadcrumbList\",\"@id\":\"https:\/\/www.fundacionanse.org\/resalar\/2024\/03\/07\/el-paisaje-de-arenales-comienza-a-extenderse-por-la-caleta-del-estacio\/#breadcrumb\",\"itemListElement\":[{\"@type\":\"ListItem\",\"position\":1,\"name\":\"Portada\",\"item\":\"https:\/\/www.fundacionanse.org\/resalar\/\"},{\"@type\":\"ListItem\",\"position\":2,\"name\":\"El paisaje de arenales comienza a extenderse por la Caleta del Estacio\"}]},{\"@type\":\"WebSite\",\"@id\":\"https:\/\/www.fundacionanse.org\/resalar\/#website\",\"url\":\"https:\/\/www.fundacionanse.org\/resalar\/\",\"name\":\"RESALAR\",\"description\":\"Regeneraci\u00f3n de salinas y arenales en el Mar Menor\",\"publisher\":{\"@id\":\"https:\/\/www.fundacionanse.org\/resalar\/#organization\"},\"potentialAction\":[{\"@type\":\"SearchAction\",\"target\":{\"@type\":\"EntryPoint\",\"urlTemplate\":\"https:\/\/www.fundacionanse.org\/resalar\/?s={search_term_string}\"},\"query-input\":{\"@type\":\"PropertyValueSpecification\",\"valueRequired\":true,\"valueName\":\"search_term_string\"}}],\"inLanguage\":\"es\"},{\"@type\":\"Organization\",\"@id\":\"https:\/\/www.fundacionanse.org\/resalar\/#organization\",\"name\":\"RESALAR\",\"url\":\"https:\/\/www.fundacionanse.org\/resalar\/\",\"logo\":{\"@type\":\"ImageObject\",\"inLanguage\":\"es\",\"@id\":\"https:\/\/www.fundacionanse.org\/resalar\/#\/schema\/logo\/image\/\",\"url\":\"https:\/\/www.fundacionanse.org\/resalar\/wp-content\/uploads\/sites\/5\/2024\/02\/resalar-web_vertical-color.svg\",\"contentUrl\":\"https:\/\/www.fundacionanse.org\/resalar\/wp-content\/uploads\/sites\/5\/2024\/02\/resalar-web_vertical-color.svg\",\"width\":168,\"height\":188,\"caption\":\"RESALAR\"},\"image\":{\"@id\":\"https:\/\/www.fundacionanse.org\/resalar\/#\/schema\/logo\/image\/\"},\"sameAs\":[\"https:\/\/www.facebook.com\/FundacionANSE\",\"https:\/\/x.com\/fundacionanse\",\"https:\/\/www.instagram.com\/fundacionanse\/\"]},{\"@type\":\"Person\",\"@id\":\"https:\/\/www.fundacionanse.org\/resalar\/#\/schema\/person\/825d0b66cfeac78d8671653dd99a9823\",\"name\":\"alicia\",\"image\":{\"@type\":\"ImageObject\",\"inLanguage\":\"es\",\"@id\":\"https:\/\/www.fundacionanse.org\/resalar\/#\/schema\/person\/image\/\",\"url\":\"https:\/\/secure.gravatar.com\/avatar\/8ea2aaa5672bd433d40f04b94a58fc94bcebbd601dd2a6a43a24e2e272228529?s=96&d=mm&r=g\",\"contentUrl\":\"https:\/\/secure.gravatar.com\/avatar\/8ea2aaa5672bd433d40f04b94a58fc94bcebbd601dd2a6a43a24e2e272228529?s=96&d=mm&r=g\",\"caption\":\"alicia\"},\"url\":\"https:\/\/www.fundacionanse.org\/resalar\/author\/alicia\/\"}]}<\/script>\n<!-- \/ Yoast SEO plugin. -->","yoast_head_json":{"title":"El paisaje de arenales comienza a extenderse por la Caleta del Estacio - RESALAR","robots":{"index":"index","follow":"follow","max-snippet":"max-snippet:-1","max-image-preview":"max-image-preview:large","max-video-preview":"max-video-preview:-1"},"canonical":"https:\/\/www.fundacionanse.org\/resalar\/2024\/03\/07\/el-paisaje-de-arenales-comienza-a-extenderse-por-la-caleta-del-estacio\/","og_locale":"es_ES","og_type":"article","og_title":"El paisaje de arenales comienza a extenderse por la Caleta del Estacio - RESALAR","og_description":"ANSE ampl\u00eda la superficie de restauraci\u00f3n de arenales en la Caleta del Estacio (La Manga, San Javier, Mar Menor), actuando en nuevas superficies invadidas por flora ex\u00f3tica, mientras que ya pueden observarse los resultados de la regeneraci\u00f3n desarrollada durante los \u00faltimos a\u00f1os. Tras la tala de las acacias invasoras en una superficie de 2300 m2, ... Leer m\u00e1s","og_url":"https:\/\/www.fundacionanse.org\/resalar\/2024\/03\/07\/el-paisaje-de-arenales-comienza-a-extenderse-por-la-caleta-del-estacio\/","og_site_name":"RESALAR","article_publisher":"https:\/\/www.facebook.com\/FundacionANSE","article_published_time":"2024-03-07T07:29:21+00:00","article_modified_time":"2024-03-07T07:30:44+00:00","og_image":[{"width":1500,"height":1000,"url":"https:\/\/www.fundacionanse.org\/resalar\/wp-content\/uploads\/sites\/5\/2024\/03\/retirada-acacias.jpg","type":"image\/jpeg"}],"author":"alicia","twitter_card":"summary_large_image","twitter_creator":"@fundacionanse","twitter_site":"@fundacionanse","twitter_misc":{"Escrito por":"alicia","Tiempo de lectura":"3 minutos"},"schema":{"@context":"https:\/\/schema.org","@graph":[{"@type":"Article","@id":"https:\/\/www.fundacionanse.org\/resalar\/2024\/03\/07\/el-paisaje-de-arenales-comienza-a-extenderse-por-la-caleta-del-estacio\/#article","isPartOf":{"@id":"https:\/\/www.fundacionanse.org\/resalar\/2024\/03\/07\/el-paisaje-de-arenales-comienza-a-extenderse-por-la-caleta-del-estacio\/"},"author":{"name":"alicia","@id":"https:\/\/www.fundacionanse.org\/resalar\/#\/schema\/person\/825d0b66cfeac78d8671653dd99a9823"},"headline":"El paisaje de arenales comienza a extenderse por la Caleta del Estacio","datePublished":"2024-03-07T07:29:21+00:00","dateModified":"2024-03-07T07:30:44+00:00","mainEntityOfPage":{"@id":"https:\/\/www.fundacionanse.org\/resalar\/2024\/03\/07\/el-paisaje-de-arenales-comienza-a-extenderse-por-la-caleta-del-estacio\/"},"wordCount":564,"publisher":{"@id":"https:\/\/www.fundacionanse.org\/resalar\/#organization"},"image":{"@id":"https:\/\/www.fundacionanse.org\/resalar\/2024\/03\/07\/el-paisaje-de-arenales-comienza-a-extenderse-por-la-caleta-del-estacio\/#primaryimage"},"thumbnailUrl":"https:\/\/www.fundacionanse.org\/resalar\/wp-content\/uploads\/sites\/5\/2024\/03\/retirada-acacias.jpg","articleSection":["Actualidad"],"inLanguage":"es"},{"@type":"WebPage","@id":"https:\/\/www.fundacionanse.org\/resalar\/2024\/03\/07\/el-paisaje-de-arenales-comienza-a-extenderse-por-la-caleta-del-estacio\/","url":"https:\/\/www.fundacionanse.org\/resalar\/2024\/03\/07\/el-paisaje-de-arenales-comienza-a-extenderse-por-la-caleta-del-estacio\/","name":"El paisaje de arenales comienza a extenderse por la Caleta del Estacio - RESALAR","isPartOf":{"@id":"https:\/\/www.fundacionanse.org\/resalar\/#website"},"primaryImageOfPage":{"@id":"https:\/\/www.fundacionanse.org\/resalar\/2024\/03\/07\/el-paisaje-de-arenales-comienza-a-extenderse-por-la-caleta-del-estacio\/#primaryimage"},"image":{"@id":"https:\/\/www.fundacionanse.org\/resalar\/2024\/03\/07\/el-paisaje-de-arenales-comienza-a-extenderse-por-la-caleta-del-estacio\/#primaryimage"},"thumbnailUrl":"https:\/\/www.fundacionanse.org\/resalar\/wp-content\/uploads\/sites\/5\/2024\/03\/retirada-acacias.jpg","datePublished":"2024-03-07T07:29:21+00:00","dateModified":"2024-03-07T07:30:44+00:00","breadcrumb":{"@id":"https:\/\/www.fundacionanse.org\/resalar\/2024\/03\/07\/el-paisaje-de-arenales-comienza-a-extenderse-por-la-caleta-del-estacio\/#breadcrumb"},"inLanguage":"es","potentialAction":[{"@type":"ReadAction","target":["https:\/\/www.fundacionanse.org\/resalar\/2024\/03\/07\/el-paisaje-de-arenales-comienza-a-extenderse-por-la-caleta-del-estacio\/"]}]},{"@type":"ImageObject","inLanguage":"es","@id":"https:\/\/www.fundacionanse.org\/resalar\/2024\/03\/07\/el-paisaje-de-arenales-comienza-a-extenderse-por-la-caleta-del-estacio\/#primaryimage","url":"https:\/\/www.fundacionanse.org\/resalar\/wp-content\/uploads\/sites\/5\/2024\/03\/retirada-acacias.jpg","contentUrl":"https:\/\/www.fundacionanse.org\/resalar\/wp-content\/uploads\/sites\/5\/2024\/03\/retirada-acacias.jpg","width":1500,"height":1000},{"@type":"BreadcrumbList","@id":"https:\/\/www.fundacionanse.org\/resalar\/2024\/03\/07\/el-paisaje-de-arenales-comienza-a-extenderse-por-la-caleta-del-estacio\/#breadcrumb","itemListElement":[{"@type":"ListItem","position":1,"name":"Portada","item":"https:\/\/www.fundacionanse.org\/resalar\/"},{"@type":"ListItem","position":2,"name":"El paisaje de arenales comienza a extenderse por la Caleta del Estacio"}]},{"@type":"WebSite","@id":"https:\/\/www.fundacionanse.org\/resalar\/#website","url":"https:\/\/www.fundacionanse.org\/resalar\/","name":"RESALAR","description":"Regeneraci\u00f3n de salinas y arenales en el Mar Menor","publisher":{"@id":"https:\/\/www.fundacionanse.org\/resalar\/#organization"},"potentialAction":[{"@type":"SearchAction","target":{"@type":"EntryPoint","urlTemplate":"https:\/\/www.fundacionanse.org\/resalar\/?s={search_term_string}"},"query-input":{"@type":"PropertyValueSpecification","valueRequired":true,"valueName":"search_term_string"}}],"inLanguage":"es"},{"@type":"Organization","@id":"https:\/\/www.fundacionanse.org\/resalar\/#organization","name":"RESALAR","url":"https:\/\/www.fundacionanse.org\/resalar\/","logo":{"@type":"ImageObject","inLanguage":"es","@id":"https:\/\/www.fundacionanse.org\/resalar\/#\/schema\/logo\/image\/","url":"https:\/\/www.fundacionanse.org\/resalar\/wp-content\/uploads\/sites\/5\/2024\/02\/resalar-web_vertical-color.svg","contentUrl":"https:\/\/www.fundacionanse.org\/resalar\/wp-content\/uploads\/sites\/5\/2024\/02\/resalar-web_vertical-color.svg","width":168,"height":188,"caption":"RESALAR"},"image":{"@id":"https:\/\/www.fundacionanse.org\/resalar\/#\/schema\/logo\/image\/"},"sameAs":["https:\/\/www.facebook.com\/FundacionANSE","https:\/\/x.com\/fundacionanse","https:\/\/www.instagram.com\/fundacionanse\/"]},{"@type":"Person","@id":"https:\/\/www.fundacionanse.org\/resalar\/#\/schema\/person\/825d0b66cfeac78d8671653dd99a9823","name":"alicia","image":{"@type":"ImageObject","inLanguage":"es","@id":"https:\/\/www.fundacionanse.org\/resalar\/#\/schema\/person\/image\/","url":"https:\/\/secure.gravatar.com\/avatar\/8ea2aaa5672bd433d40f04b94a58fc94bcebbd601dd2a6a43a24e2e272228529?s=96&d=mm&r=g","contentUrl":"https:\/\/secure.gravatar.com\/avatar\/8ea2aaa5672bd433d40f04b94a58fc94bcebbd601dd2a6a43a24e2e272228529?s=96&d=mm&r=g","caption":"alicia"},"url":"https:\/\/www.fundacionanse.org\/resalar\/author\/alicia\/"}]}},"_links":{"self":[{"href":"https:\/\/www.fundacionanse.org\/resalar\/wp-json\/wp\/v2\/posts\/857","targetHints":{"allow":["GET"]}}],"collection":[{"href":"https:\/\/www.fundacionanse.org\/resalar\/wp-json\/wp\/v2\/posts"}],"about":[{"href":"https:\/\/www.fundacionanse.org\/resalar\/wp-json\/wp\/v2\/types\/post"}],"author":[{"embeddable":true,"href":"https:\/\/www.fundacionanse.org\/resalar\/wp-json\/wp\/v2\/users\/6"}],"replies":[{"embeddable":true,"href":"https:\/\/www.fundacionanse.org\/resalar\/wp-json\/wp\/v2\/comments?post=857"}],"version-history":[{"count":0,"href":"https:\/\/www.fundacionanse.org\/resalar\/wp-json\/wp\/v2\/posts\/857\/revisions"}],"wp:featuredmedia":[{"embeddable":true,"href":"https:\/\/www.fundacionanse.org\/resalar\/wp-json\/wp\/v2\/media\/858"}],"wp:attachment":[{"href":"https:\/\/www.fundacionanse.org\/resalar\/wp-json\/wp\/v2\/media?parent=857"}],"wp:term":[{"taxonomy":"category","embeddable":true,"href":"https:\/\/www.fundacionanse.org\/resalar\/wp-json\/wp\/v2\/categories?post=857"},{"taxonomy":"post_tag","embeddable":true,"href":"https:\/\/www.fundacionanse.org\/resalar\/wp-json\/wp\/v2\/tags?post=857"}],"curies":[{"name":"wp","href":"https:\/\/api.w.org\/{rel}","templated":true}]}}