{"id":863,"date":"2024-03-20T07:32:15","date_gmt":"2024-03-20T07:32:15","guid":{"rendered":"https:\/\/www.fundacionanse.org\/resalar\/?p=863"},"modified":"2024-03-20T07:46:48","modified_gmt":"2024-03-20T07:46:48","slug":"una-exposicion-escolar-acerca-las-salinas-de-marchamalo-a-la-poblacion-local","status":"publish","type":"post","link":"https:\/\/www.fundacionanse.org\/resalar\/2024\/03\/20\/una-exposicion-escolar-acerca-las-salinas-de-marchamalo-a-la-poblacion-local\/","title":{"rendered":"Una exposici\u00f3n escolar acerca las salinas de Marchamalo a la poblaci\u00f3n local"},"content":{"rendered":"\n<p><strong>El pasado lunes, se present\u00f3 en las Naves de ANSE en Las Salinas de Marchamalo (La Manga, Mar Menor, Cartagena) la primera jornada-congreso del Proyecto Educativo \u201cPonemos en Valor las Salinas de Marchamalo\u201d, que es el producto final de un proyecto de innovaci\u00f3n educativa desarrollado por el CEIP Mediterr\u00e1neo, y presentado a la Consejer\u00eda de Educaci\u00f3n a trav\u00e9s del Centro de Profesores y Recursos. El proyecto de innovaci\u00f3n \u201cPonemos en valor Las Salinas de Marchamalo\u201d nace del compromiso de las maestras y maestros por realizar cambios en su pr\u00e1ctica educativa, utilizando metodolog\u00edas m\u00e1s novedosas, activas, inclusivas y creativas.<\/strong><\/p>\n\n\n\n<p>En este proyecto las alumnas y alumnos de sexto del <strong>CEIP Mediterr\u00e1neo (La Manga, Cartagena) <\/strong>se han convertido en los verdaderos promotores de <strong>Las Salinas de Marchamalo<\/strong>, conociendo y divulgando su historia, su fauna y flora, la expansi\u00f3n geogr\u00e1fica y posterior abandono, las figuras de protecci\u00f3n, etc.<\/p>\n\n\n\n<p>Las Salinas de Marchamalo son un <strong>espacio protegido de gran valor ecol\u00f3gico<\/strong>, en parte gestionado durante los \u00faltimos a\u00f1os por las Asociaci\u00f3n de Naturalistas del Sureste, que impulsa un proyecto para <strong>conservar y recuperar sus valores naturales<\/strong> y que ha colaborado con el desarrollo de las actividades del centro escolar.<\/p>\n\n\n\n<p>Las alumnas y los alumnos de sexto han realizado 7 situaciones de aprendizaje:<\/p>\n\n\n\n<p>&#8211;&nbsp;<strong>Limpieza del entorno<\/strong>: Creaci\u00f3n de obras art\u00edsticas. Se fotograf\u00edaron las salinas y su paisaje, realizando una edici\u00f3n de sus valores m\u00e1s representativos. Paralelamente se llev\u00f3 a cabo una limpieza de residuos y con ellos se realiz\u00f3 una&nbsp;<strong>obra art\u00edstica<\/strong>&nbsp;con la ayuda de la arteterapeuta local <strong>Mar\u00eda Jos\u00e9 LLuch S\u00e1nchez<\/strong>.<\/p>\n\n\n\n<p>&#8211;&nbsp;<strong>Costura<\/strong>&nbsp;con cinco mujeres de la <strong>Asociaci\u00f3n de Mujeres de Cabo de Palos<\/strong>. La actividad ha permitido conocer a las vecinas y su trabajo de costura, tan presente en su infancia, y sobre todo ha supuesto aprender a coser peque\u00f1as obras con sus propias manos, con elementos de la <strong>fauna de las salinas<\/strong>.<\/p>\n\n\n\n<p>&#8211; Elaboraci\u00f3n de&nbsp;<strong>Podcast<\/strong>&nbsp;en torno a tres tem\u00e1ticas, denominaci\u00f3n del <strong>espacio, fauna y flora e historia<\/strong> de las Salinas de Marchamalo. Con esta actividad han aprendido a buscar la informaci\u00f3n, organizarla, estudiarla, trabajarla en equipo y grabarla en la radio del colegio, convirti\u00e9ndose en divulgadores por un momento.<\/p>\n\n\n\n<p>&#8211;&nbsp;<strong>Entrevistas de radio<\/strong>&nbsp;a personas de ANSE que trabajan en la recuperaci\u00f3n de las salinas, como <strong>Alicia Prieto (licenciada en Ciencias del Mar) y Pedro Garc\u00eda (Maestro y Ge\u00f3grafo)<\/strong>. Las entrevistas incluyeron una labor previa de investigaci\u00f3n y no excluyeron preguntas incisivas. Este acercamiento al trabajo de conservaci\u00f3n de la naturaleza ha despertado en m\u00e1s de uno\/a la posibilidad de dedicarse a profesiones relacionadas con el medio ambiente.<\/p>\n\n\n\n<p>&#8211;&nbsp;<strong>Infograf\u00edas<\/strong>&nbsp;tanto en ingl\u00e9s como en castellano sobre denominaci\u00f3n del espacio, fauna, flora, Proyecto RESALAR, ANSE, cuidado del entorno.<\/p>\n\n\n\n<p>&#8211;&nbsp;<strong>Investigaciones<\/strong>. Se han llevado a cabo tres investigaciones, sobre<strong> la artemia, el fartet y la flora de las salinas<\/strong>, realizadas en distintas actividades de la mano de la t\u00e9cnica Alicia Prieto, de ANSE. A posteriori, el alumnado ha analizado los datos, realizado una gr\u00e1fica y elaborado las conclusiones.<\/p>\n\n\n\n<p>&#8211;&nbsp;<strong>Repoblaci\u00f3n de flora<\/strong>. Se han instalado en el colegio un<strong> invernadero y una estaci\u00f3n meteorol\u00f3gica<\/strong>, para conocer las <strong>condiciones atmosf\u00e9ricas<\/strong> que necesitan las plantas que el alumnado est\u00e1 cuidando, para posteriormente introducirlas en el entorno de las Salinas de Marchamalo antes de finalizar el curso escolar.<\/p>\n\n\n\n<p>Este proyecto se ha llevado a cabo por los\/as profesores\/as Ver\u00f3nica Alcaraz Andr\u00e9u, Juana Mar\u00eda Mart\u00ednez Mart\u00ednez, Antonio Jes\u00fas Lorca Pascual, Julia Castillejo Quintanilla, Jes\u00fas Capel Rosillo, Cristina Cachazo Jim\u00e9nez\u00a0\u00a0y Paloma Romero Mu\u00f1oz (Coordinadora del Plan de Salud), que han coordinado durante todo el curso actividades con ANSE en Las Salinas de Marchamalo, dando a conocer el espacio a todo el alumnado del centro desde 2 a\u00f1os hasta sexto de Ed. Primaria). El proyecto ha contado con la colaboraci\u00f3n de la arteterapeuta local Mar\u00eda Jose LLuch S\u00e1nchez, la Asociaci\u00f3n de Mujeres de Cabo de Palos y la t\u00e9cnica Alicia Prieto de ANSE.<\/p>\n\n\n\n<p>El proyecto\u00a0<strong><a href=\"https:\/\/www.fundacionanse.org\/resalar\/descripcion\/\">RESALAR\u00a0<\/a><\/strong>tiene el objetivo de regenerar espacios del litoral del Mar Menor\u00a0 y su biodiversidad para fortalecer la resiliencia del litoral frente al cambio clim\u00e1tico y mejorar e incrementar los servicios ecosist\u00e9micos que proveen a la sociedad.<\/p>\n\n\n\n<p>Este proyecto, que coordina la Fundaci\u00f3n ANSE, y en el que participan la Asociaci\u00f3n de Naturalistas del Sureste, WWF-Espa\u00f1a y el Instituto Espa\u00f1ol de Oceanograf\u00eda, Centro Nacional de la Agencia Estatal Consejo Superior de Investigaciones Cient\u00edficas (IEO-CSIC), cuenta con el apoyo de la Fundaci\u00f3n Biodiversidad del Ministerio para la Transici\u00f3n Ecol\u00f3gica y el Reto Demogr\u00e1fico (MITECO) en el marco del Plan de Recuperaci\u00f3n, Transformaci\u00f3n y Resiliencia (PRTR), financiado por la Uni\u00f3n Europea \u2013 NextGenerationEU y se encuentra vinculado al Marco de Actuaciones Prioritarias para la recuperaci\u00f3n del Mar Menor del Ministerio para la Transici\u00f3n Ecol\u00f3gica y el Reto Demogr\u00e1fico.<\/p>\n\n\n\n<p><\/p>\n","protected":false},"excerpt":{"rendered":"<p>El pasado lunes, se present\u00f3 en las Naves de ANSE en Las Salinas de Marchamalo (La Manga, Mar Menor, Cartagena) la primera jornada-congreso del Proyecto Educativo \u201cPonemos en Valor las Salinas de Marchamalo\u201d, que es el producto final de un proyecto de innovaci\u00f3n educativa desarrollado por el CEIP Mediterr\u00e1neo, y presentado a la Consejer\u00eda de &#8230; <a title=\"Una exposici\u00f3n escolar acerca las salinas de Marchamalo a la poblaci\u00f3n local\" class=\"read-more\" href=\"https:\/\/www.fundacionanse.org\/resalar\/2024\/03\/20\/una-exposicion-escolar-acerca-las-salinas-de-marchamalo-a-la-poblacion-local\/\" aria-label=\"Leer m\u00e1s sobre Una exposici\u00f3n escolar acerca las salinas de Marchamalo a la poblaci\u00f3n local\">Leer m\u00e1s<\/a><\/p>\n","protected":false},"author":6,"featured_media":865,"comment_status":"closed","ping_status":"closed","sticky":false,"template":"","format":"standard","meta":{"inline_featured_image":false,"footnotes":""},"categories":[1],"tags":[],"class_list":["post-863","post","type-post","status-publish","format-standard","has-post-thumbnail","hentry","category-actualidad","generate-columns","tablet-grid-50","mobile-grid-100","grid-parent","grid-33","resize-featured-image"],"yoast_head":"<!-- This site is optimized with the Yoast SEO plugin v26.9 - https:\/\/yoast.com\/product\/yoast-seo-wordpress\/ -->\n<title>Una exposici\u00f3n escolar acerca las salinas de Marchamalo a la poblaci\u00f3n local - RESALAR<\/title>\n<meta name=\"robots\" content=\"index, follow, max-snippet:-1, max-image-preview:large, max-video-preview:-1\" \/>\n<link rel=\"canonical\" href=\"https:\/\/www.fundacionanse.org\/resalar\/2024\/03\/20\/una-exposicion-escolar-acerca-las-salinas-de-marchamalo-a-la-poblacion-local\/\" \/>\n<meta property=\"og:locale\" content=\"es_ES\" \/>\n<meta property=\"og:type\" content=\"article\" \/>\n<meta property=\"og:title\" content=\"Una exposici\u00f3n escolar acerca las salinas de Marchamalo a la poblaci\u00f3n local - RESALAR\" \/>\n<meta property=\"og:description\" content=\"El pasado lunes, se present\u00f3 en las Naves de ANSE en Las Salinas de Marchamalo (La Manga, Mar Menor, Cartagena) la primera jornada-congreso del Proyecto Educativo \u201cPonemos en Valor las Salinas de Marchamalo\u201d, que es el producto final de un proyecto de innovaci\u00f3n educativa desarrollado por el CEIP Mediterr\u00e1neo, y presentado a la Consejer\u00eda de ... Leer m\u00e1s\" \/>\n<meta property=\"og:url\" content=\"https:\/\/www.fundacionanse.org\/resalar\/2024\/03\/20\/una-exposicion-escolar-acerca-las-salinas-de-marchamalo-a-la-poblacion-local\/\" \/>\n<meta property=\"og:site_name\" content=\"RESALAR\" \/>\n<meta property=\"article:publisher\" content=\"https:\/\/www.facebook.com\/FundacionANSE\" \/>\n<meta property=\"article:published_time\" content=\"2024-03-20T07:32:15+00:00\" \/>\n<meta property=\"article:modified_time\" content=\"2024-03-20T07:46:48+00:00\" \/>\n<meta property=\"og:image\" content=\"https:\/\/www.fundacionanse.org\/resalar\/wp-content\/uploads\/sites\/5\/2024\/03\/ponemos-en-valor-las-salinas-de-marchamalo-1.jpg\" \/>\n\t<meta property=\"og:image:width\" content=\"1500\" \/>\n\t<meta property=\"og:image:height\" content=\"1000\" \/>\n\t<meta property=\"og:image:type\" content=\"image\/jpeg\" \/>\n<meta name=\"author\" content=\"alicia\" \/>\n<meta name=\"twitter:card\" content=\"summary_large_image\" \/>\n<meta name=\"twitter:creator\" content=\"@fundacionanse\" \/>\n<meta name=\"twitter:site\" content=\"@fundacionanse\" \/>\n<meta name=\"twitter:label1\" content=\"Escrito por\" \/>\n\t<meta name=\"twitter:data1\" content=\"alicia\" \/>\n\t<meta name=\"twitter:label2\" content=\"Tiempo de lectura\" \/>\n\t<meta name=\"twitter:data2\" content=\"4 minutos\" \/>\n<script type=\"application\/ld+json\" class=\"yoast-schema-graph\">{\"@context\":\"https:\/\/schema.org\",\"@graph\":[{\"@type\":\"Article\",\"@id\":\"https:\/\/www.fundacionanse.org\/resalar\/2024\/03\/20\/una-exposicion-escolar-acerca-las-salinas-de-marchamalo-a-la-poblacion-local\/#article\",\"isPartOf\":{\"@id\":\"https:\/\/www.fundacionanse.org\/resalar\/2024\/03\/20\/una-exposicion-escolar-acerca-las-salinas-de-marchamalo-a-la-poblacion-local\/\"},\"author\":{\"name\":\"alicia\",\"@id\":\"https:\/\/www.fundacionanse.org\/resalar\/#\/schema\/person\/825d0b66cfeac78d8671653dd99a9823\"},\"headline\":\"Una exposici\u00f3n escolar acerca las salinas de Marchamalo a la poblaci\u00f3n local\",\"datePublished\":\"2024-03-20T07:32:15+00:00\",\"dateModified\":\"2024-03-20T07:46:48+00:00\",\"mainEntityOfPage\":{\"@id\":\"https:\/\/www.fundacionanse.org\/resalar\/2024\/03\/20\/una-exposicion-escolar-acerca-las-salinas-de-marchamalo-a-la-poblacion-local\/\"},\"wordCount\":895,\"publisher\":{\"@id\":\"https:\/\/www.fundacionanse.org\/resalar\/#organization\"},\"image\":{\"@id\":\"https:\/\/www.fundacionanse.org\/resalar\/2024\/03\/20\/una-exposicion-escolar-acerca-las-salinas-de-marchamalo-a-la-poblacion-local\/#primaryimage\"},\"thumbnailUrl\":\"https:\/\/www.fundacionanse.org\/resalar\/wp-content\/uploads\/sites\/5\/2024\/03\/ponemos-en-valor-las-salinas-de-marchamalo-1.jpg\",\"articleSection\":[\"Actualidad\"],\"inLanguage\":\"es\"},{\"@type\":\"WebPage\",\"@id\":\"https:\/\/www.fundacionanse.org\/resalar\/2024\/03\/20\/una-exposicion-escolar-acerca-las-salinas-de-marchamalo-a-la-poblacion-local\/\",\"url\":\"https:\/\/www.fundacionanse.org\/resalar\/2024\/03\/20\/una-exposicion-escolar-acerca-las-salinas-de-marchamalo-a-la-poblacion-local\/\",\"name\":\"Una exposici\u00f3n escolar acerca las salinas de Marchamalo a la poblaci\u00f3n local - RESALAR\",\"isPartOf\":{\"@id\":\"https:\/\/www.fundacionanse.org\/resalar\/#website\"},\"primaryImageOfPage\":{\"@id\":\"https:\/\/www.fundacionanse.org\/resalar\/2024\/03\/20\/una-exposicion-escolar-acerca-las-salinas-de-marchamalo-a-la-poblacion-local\/#primaryimage\"},\"image\":{\"@id\":\"https:\/\/www.fundacionanse.org\/resalar\/2024\/03\/20\/una-exposicion-escolar-acerca-las-salinas-de-marchamalo-a-la-poblacion-local\/#primaryimage\"},\"thumbnailUrl\":\"https:\/\/www.fundacionanse.org\/resalar\/wp-content\/uploads\/sites\/5\/2024\/03\/ponemos-en-valor-las-salinas-de-marchamalo-1.jpg\",\"datePublished\":\"2024-03-20T07:32:15+00:00\",\"dateModified\":\"2024-03-20T07:46:48+00:00\",\"breadcrumb\":{\"@id\":\"https:\/\/www.fundacionanse.org\/resalar\/2024\/03\/20\/una-exposicion-escolar-acerca-las-salinas-de-marchamalo-a-la-poblacion-local\/#breadcrumb\"},\"inLanguage\":\"es\",\"potentialAction\":[{\"@type\":\"ReadAction\",\"target\":[\"https:\/\/www.fundacionanse.org\/resalar\/2024\/03\/20\/una-exposicion-escolar-acerca-las-salinas-de-marchamalo-a-la-poblacion-local\/\"]}]},{\"@type\":\"ImageObject\",\"inLanguage\":\"es\",\"@id\":\"https:\/\/www.fundacionanse.org\/resalar\/2024\/03\/20\/una-exposicion-escolar-acerca-las-salinas-de-marchamalo-a-la-poblacion-local\/#primaryimage\",\"url\":\"https:\/\/www.fundacionanse.org\/resalar\/wp-content\/uploads\/sites\/5\/2024\/03\/ponemos-en-valor-las-salinas-de-marchamalo-1.jpg\",\"contentUrl\":\"https:\/\/www.fundacionanse.org\/resalar\/wp-content\/uploads\/sites\/5\/2024\/03\/ponemos-en-valor-las-salinas-de-marchamalo-1.jpg\",\"width\":1500,\"height\":1000},{\"@type\":\"BreadcrumbList\",\"@id\":\"https:\/\/www.fundacionanse.org\/resalar\/2024\/03\/20\/una-exposicion-escolar-acerca-las-salinas-de-marchamalo-a-la-poblacion-local\/#breadcrumb\",\"itemListElement\":[{\"@type\":\"ListItem\",\"position\":1,\"name\":\"Portada\",\"item\":\"https:\/\/www.fundacionanse.org\/resalar\/\"},{\"@type\":\"ListItem\",\"position\":2,\"name\":\"Una exposici\u00f3n escolar acerca las salinas de Marchamalo a la poblaci\u00f3n local\"}]},{\"@type\":\"WebSite\",\"@id\":\"https:\/\/www.fundacionanse.org\/resalar\/#website\",\"url\":\"https:\/\/www.fundacionanse.org\/resalar\/\",\"name\":\"RESALAR\",\"description\":\"Regeneraci\u00f3n de salinas y arenales en el Mar Menor\",\"publisher\":{\"@id\":\"https:\/\/www.fundacionanse.org\/resalar\/#organization\"},\"potentialAction\":[{\"@type\":\"SearchAction\",\"target\":{\"@type\":\"EntryPoint\",\"urlTemplate\":\"https:\/\/www.fundacionanse.org\/resalar\/?s={search_term_string}\"},\"query-input\":{\"@type\":\"PropertyValueSpecification\",\"valueRequired\":true,\"valueName\":\"search_term_string\"}}],\"inLanguage\":\"es\"},{\"@type\":\"Organization\",\"@id\":\"https:\/\/www.fundacionanse.org\/resalar\/#organization\",\"name\":\"RESALAR\",\"url\":\"https:\/\/www.fundacionanse.org\/resalar\/\",\"logo\":{\"@type\":\"ImageObject\",\"inLanguage\":\"es\",\"@id\":\"https:\/\/www.fundacionanse.org\/resalar\/#\/schema\/logo\/image\/\",\"url\":\"https:\/\/www.fundacionanse.org\/resalar\/wp-content\/uploads\/sites\/5\/2024\/02\/resalar-web_vertical-color.svg\",\"contentUrl\":\"https:\/\/www.fundacionanse.org\/resalar\/wp-content\/uploads\/sites\/5\/2024\/02\/resalar-web_vertical-color.svg\",\"width\":168,\"height\":188,\"caption\":\"RESALAR\"},\"image\":{\"@id\":\"https:\/\/www.fundacionanse.org\/resalar\/#\/schema\/logo\/image\/\"},\"sameAs\":[\"https:\/\/www.facebook.com\/FundacionANSE\",\"https:\/\/x.com\/fundacionanse\",\"https:\/\/www.instagram.com\/fundacionanse\/\"]},{\"@type\":\"Person\",\"@id\":\"https:\/\/www.fundacionanse.org\/resalar\/#\/schema\/person\/825d0b66cfeac78d8671653dd99a9823\",\"name\":\"alicia\",\"image\":{\"@type\":\"ImageObject\",\"inLanguage\":\"es\",\"@id\":\"https:\/\/www.fundacionanse.org\/resalar\/#\/schema\/person\/image\/\",\"url\":\"https:\/\/secure.gravatar.com\/avatar\/8ea2aaa5672bd433d40f04b94a58fc94bcebbd601dd2a6a43a24e2e272228529?s=96&d=mm&r=g\",\"contentUrl\":\"https:\/\/secure.gravatar.com\/avatar\/8ea2aaa5672bd433d40f04b94a58fc94bcebbd601dd2a6a43a24e2e272228529?s=96&d=mm&r=g\",\"caption\":\"alicia\"},\"url\":\"https:\/\/www.fundacionanse.org\/resalar\/author\/alicia\/\"}]}<\/script>\n<!-- \/ Yoast SEO plugin. -->","yoast_head_json":{"title":"Una exposici\u00f3n escolar acerca las salinas de Marchamalo a la poblaci\u00f3n local - RESALAR","robots":{"index":"index","follow":"follow","max-snippet":"max-snippet:-1","max-image-preview":"max-image-preview:large","max-video-preview":"max-video-preview:-1"},"canonical":"https:\/\/www.fundacionanse.org\/resalar\/2024\/03\/20\/una-exposicion-escolar-acerca-las-salinas-de-marchamalo-a-la-poblacion-local\/","og_locale":"es_ES","og_type":"article","og_title":"Una exposici\u00f3n escolar acerca las salinas de Marchamalo a la poblaci\u00f3n local - RESALAR","og_description":"El pasado lunes, se present\u00f3 en las Naves de ANSE en Las Salinas de Marchamalo (La Manga, Mar Menor, Cartagena) la primera jornada-congreso del Proyecto Educativo \u201cPonemos en Valor las Salinas de Marchamalo\u201d, que es el producto final de un proyecto de innovaci\u00f3n educativa desarrollado por el CEIP Mediterr\u00e1neo, y presentado a la Consejer\u00eda de ... Leer m\u00e1s","og_url":"https:\/\/www.fundacionanse.org\/resalar\/2024\/03\/20\/una-exposicion-escolar-acerca-las-salinas-de-marchamalo-a-la-poblacion-local\/","og_site_name":"RESALAR","article_publisher":"https:\/\/www.facebook.com\/FundacionANSE","article_published_time":"2024-03-20T07:32:15+00:00","article_modified_time":"2024-03-20T07:46:48+00:00","og_image":[{"width":1500,"height":1000,"url":"https:\/\/www.fundacionanse.org\/resalar\/wp-content\/uploads\/sites\/5\/2024\/03\/ponemos-en-valor-las-salinas-de-marchamalo-1.jpg","type":"image\/jpeg"}],"author":"alicia","twitter_card":"summary_large_image","twitter_creator":"@fundacionanse","twitter_site":"@fundacionanse","twitter_misc":{"Escrito por":"alicia","Tiempo de lectura":"4 minutos"},"schema":{"@context":"https:\/\/schema.org","@graph":[{"@type":"Article","@id":"https:\/\/www.fundacionanse.org\/resalar\/2024\/03\/20\/una-exposicion-escolar-acerca-las-salinas-de-marchamalo-a-la-poblacion-local\/#article","isPartOf":{"@id":"https:\/\/www.fundacionanse.org\/resalar\/2024\/03\/20\/una-exposicion-escolar-acerca-las-salinas-de-marchamalo-a-la-poblacion-local\/"},"author":{"name":"alicia","@id":"https:\/\/www.fundacionanse.org\/resalar\/#\/schema\/person\/825d0b66cfeac78d8671653dd99a9823"},"headline":"Una exposici\u00f3n escolar acerca las salinas de Marchamalo a la poblaci\u00f3n local","datePublished":"2024-03-20T07:32:15+00:00","dateModified":"2024-03-20T07:46:48+00:00","mainEntityOfPage":{"@id":"https:\/\/www.fundacionanse.org\/resalar\/2024\/03\/20\/una-exposicion-escolar-acerca-las-salinas-de-marchamalo-a-la-poblacion-local\/"},"wordCount":895,"publisher":{"@id":"https:\/\/www.fundacionanse.org\/resalar\/#organization"},"image":{"@id":"https:\/\/www.fundacionanse.org\/resalar\/2024\/03\/20\/una-exposicion-escolar-acerca-las-salinas-de-marchamalo-a-la-poblacion-local\/#primaryimage"},"thumbnailUrl":"https:\/\/www.fundacionanse.org\/resalar\/wp-content\/uploads\/sites\/5\/2024\/03\/ponemos-en-valor-las-salinas-de-marchamalo-1.jpg","articleSection":["Actualidad"],"inLanguage":"es"},{"@type":"WebPage","@id":"https:\/\/www.fundacionanse.org\/resalar\/2024\/03\/20\/una-exposicion-escolar-acerca-las-salinas-de-marchamalo-a-la-poblacion-local\/","url":"https:\/\/www.fundacionanse.org\/resalar\/2024\/03\/20\/una-exposicion-escolar-acerca-las-salinas-de-marchamalo-a-la-poblacion-local\/","name":"Una exposici\u00f3n escolar acerca las salinas de Marchamalo a la poblaci\u00f3n local - RESALAR","isPartOf":{"@id":"https:\/\/www.fundacionanse.org\/resalar\/#website"},"primaryImageOfPage":{"@id":"https:\/\/www.fundacionanse.org\/resalar\/2024\/03\/20\/una-exposicion-escolar-acerca-las-salinas-de-marchamalo-a-la-poblacion-local\/#primaryimage"},"image":{"@id":"https:\/\/www.fundacionanse.org\/resalar\/2024\/03\/20\/una-exposicion-escolar-acerca-las-salinas-de-marchamalo-a-la-poblacion-local\/#primaryimage"},"thumbnailUrl":"https:\/\/www.fundacionanse.org\/resalar\/wp-content\/uploads\/sites\/5\/2024\/03\/ponemos-en-valor-las-salinas-de-marchamalo-1.jpg","datePublished":"2024-03-20T07:32:15+00:00","dateModified":"2024-03-20T07:46:48+00:00","breadcrumb":{"@id":"https:\/\/www.fundacionanse.org\/resalar\/2024\/03\/20\/una-exposicion-escolar-acerca-las-salinas-de-marchamalo-a-la-poblacion-local\/#breadcrumb"},"inLanguage":"es","potentialAction":[{"@type":"ReadAction","target":["https:\/\/www.fundacionanse.org\/resalar\/2024\/03\/20\/una-exposicion-escolar-acerca-las-salinas-de-marchamalo-a-la-poblacion-local\/"]}]},{"@type":"ImageObject","inLanguage":"es","@id":"https:\/\/www.fundacionanse.org\/resalar\/2024\/03\/20\/una-exposicion-escolar-acerca-las-salinas-de-marchamalo-a-la-poblacion-local\/#primaryimage","url":"https:\/\/www.fundacionanse.org\/resalar\/wp-content\/uploads\/sites\/5\/2024\/03\/ponemos-en-valor-las-salinas-de-marchamalo-1.jpg","contentUrl":"https:\/\/www.fundacionanse.org\/resalar\/wp-content\/uploads\/sites\/5\/2024\/03\/ponemos-en-valor-las-salinas-de-marchamalo-1.jpg","width":1500,"height":1000},{"@type":"BreadcrumbList","@id":"https:\/\/www.fundacionanse.org\/resalar\/2024\/03\/20\/una-exposicion-escolar-acerca-las-salinas-de-marchamalo-a-la-poblacion-local\/#breadcrumb","itemListElement":[{"@type":"ListItem","position":1,"name":"Portada","item":"https:\/\/www.fundacionanse.org\/resalar\/"},{"@type":"ListItem","position":2,"name":"Una exposici\u00f3n escolar acerca las salinas de Marchamalo a la poblaci\u00f3n local"}]},{"@type":"WebSite","@id":"https:\/\/www.fundacionanse.org\/resalar\/#website","url":"https:\/\/www.fundacionanse.org\/resalar\/","name":"RESALAR","description":"Regeneraci\u00f3n de salinas y arenales en el Mar Menor","publisher":{"@id":"https:\/\/www.fundacionanse.org\/resalar\/#organization"},"potentialAction":[{"@type":"SearchAction","target":{"@type":"EntryPoint","urlTemplate":"https:\/\/www.fundacionanse.org\/resalar\/?s={search_term_string}"},"query-input":{"@type":"PropertyValueSpecification","valueRequired":true,"valueName":"search_term_string"}}],"inLanguage":"es"},{"@type":"Organization","@id":"https:\/\/www.fundacionanse.org\/resalar\/#organization","name":"RESALAR","url":"https:\/\/www.fundacionanse.org\/resalar\/","logo":{"@type":"ImageObject","inLanguage":"es","@id":"https:\/\/www.fundacionanse.org\/resalar\/#\/schema\/logo\/image\/","url":"https:\/\/www.fundacionanse.org\/resalar\/wp-content\/uploads\/sites\/5\/2024\/02\/resalar-web_vertical-color.svg","contentUrl":"https:\/\/www.fundacionanse.org\/resalar\/wp-content\/uploads\/sites\/5\/2024\/02\/resalar-web_vertical-color.svg","width":168,"height":188,"caption":"RESALAR"},"image":{"@id":"https:\/\/www.fundacionanse.org\/resalar\/#\/schema\/logo\/image\/"},"sameAs":["https:\/\/www.facebook.com\/FundacionANSE","https:\/\/x.com\/fundacionanse","https:\/\/www.instagram.com\/fundacionanse\/"]},{"@type":"Person","@id":"https:\/\/www.fundacionanse.org\/resalar\/#\/schema\/person\/825d0b66cfeac78d8671653dd99a9823","name":"alicia","image":{"@type":"ImageObject","inLanguage":"es","@id":"https:\/\/www.fundacionanse.org\/resalar\/#\/schema\/person\/image\/","url":"https:\/\/secure.gravatar.com\/avatar\/8ea2aaa5672bd433d40f04b94a58fc94bcebbd601dd2a6a43a24e2e272228529?s=96&d=mm&r=g","contentUrl":"https:\/\/secure.gravatar.com\/avatar\/8ea2aaa5672bd433d40f04b94a58fc94bcebbd601dd2a6a43a24e2e272228529?s=96&d=mm&r=g","caption":"alicia"},"url":"https:\/\/www.fundacionanse.org\/resalar\/author\/alicia\/"}]}},"_links":{"self":[{"href":"https:\/\/www.fundacionanse.org\/resalar\/wp-json\/wp\/v2\/posts\/863","targetHints":{"allow":["GET"]}}],"collection":[{"href":"https:\/\/www.fundacionanse.org\/resalar\/wp-json\/wp\/v2\/posts"}],"about":[{"href":"https:\/\/www.fundacionanse.org\/resalar\/wp-json\/wp\/v2\/types\/post"}],"author":[{"embeddable":true,"href":"https:\/\/www.fundacionanse.org\/resalar\/wp-json\/wp\/v2\/users\/6"}],"replies":[{"embeddable":true,"href":"https:\/\/www.fundacionanse.org\/resalar\/wp-json\/wp\/v2\/comments?post=863"}],"version-history":[{"count":0,"href":"https:\/\/www.fundacionanse.org\/resalar\/wp-json\/wp\/v2\/posts\/863\/revisions"}],"wp:featuredmedia":[{"embeddable":true,"href":"https:\/\/www.fundacionanse.org\/resalar\/wp-json\/wp\/v2\/media\/865"}],"wp:attachment":[{"href":"https:\/\/www.fundacionanse.org\/resalar\/wp-json\/wp\/v2\/media?parent=863"}],"wp:term":[{"taxonomy":"category","embeddable":true,"href":"https:\/\/www.fundacionanse.org\/resalar\/wp-json\/wp\/v2\/categories?post=863"},{"taxonomy":"post_tag","embeddable":true,"href":"https:\/\/www.fundacionanse.org\/resalar\/wp-json\/wp\/v2\/tags?post=863"}],"curies":[{"name":"wp","href":"https:\/\/api.w.org\/{rel}","templated":true}]}}