{"id":944,"date":"2024-04-11T08:03:36","date_gmt":"2024-04-11T08:03:36","guid":{"rendered":"https:\/\/www.fundacionanse.org\/resalar\/?p=944"},"modified":"2024-04-11T08:03:36","modified_gmt":"2024-04-11T08:03:36","slug":"el-secretario-de-estado-de-medio-ambiente-hugo-moran-visita-el-proyecto-resalar","status":"publish","type":"post","link":"https:\/\/www.fundacionanse.org\/resalar\/2024\/04\/11\/el-secretario-de-estado-de-medio-ambiente-hugo-moran-visita-el-proyecto-resalar\/","title":{"rendered":"El secretario de Estado de Medio Ambiente, Hugo Mor\u00e1n, visita el proyecto Resalar"},"content":{"rendered":"\n<p>Hugo Mor\u00e1n visit\u00f3 ayer las <strong>Salinas de Marchamalo y la Caleta del Estacio<\/strong>, 2 de las 3 zonas de actuaci\u00f3n del <strong>proyecto Resalar<\/strong>. Durante el recorrido, le acompa\u00f1aron el jefe de Costas, Daniel Caballero, la delegada del Gobierno, Mariola Guevara, y la comisionada para la Digitalizaci\u00f3n del Ciclo el Agua y Restauraci\u00f3n de Humedales, Francisca Baraza.<\/p>\n\n\n\n<p>La visita arranc\u00f3 a media tarde en las <strong>Salinas de Marchamalo<\/strong> (La Manga. Cartagena), donde el secretario de Estado conoci\u00f3 de primera mano las naves restauradas, adem\u00e1s de observar los avances en las charcas salineras, de las que se han restaurado parte de los muretes de piedra seca y retirado lodos, y ya se ha introducido agua, estando previsto recolectar flor de sal en breve.<\/p>\n\n\n\n<p>La segunda parte de la visita transcurri\u00f3 en la <strong>Caleta del Estacio (La Manga)<\/strong>. En este enclave, a trav\u00e9s del proyecto Resalar, ANSE est\u00e1 llevando a cabo la recuperaci\u00f3n de 6 ha de arenales, en los que se ha retirado buena parte de la flora ex\u00f3tica invasora (acacias principalmente), realizado tratamientos como cubrici\u00f3n con pl\u00e1stico y solarizaci\u00f3n, y posterior retirada y restauraci\u00f3n con vegetaci\u00f3n aut\u00f3ctona de dunas.<\/p>\n\n\n\n<p>El proyecto&nbsp;<a href=\"https:\/\/www.fundacionanse.org\/resalar\/proyecto-resalar\/\">RESALAR<\/a><strong>&nbsp;<\/strong>tiene el objetivo de regenerar espacios del litoral del Mar Menor&nbsp;y su biodiversidad para fortalecer la resiliencia del litoral frente al cambio clim\u00e1tico y mejorar e incrementar los servicios ecosist\u00e9micos que proveen a la sociedad.<\/p>\n\n\n\n<p>Este proyecto, que coordina la&nbsp;<strong>Fundaci\u00f3n ANSE<\/strong>, y en el que participan la&nbsp;<strong>Asociaci\u00f3n de Naturalistas del Sureste<\/strong>,&nbsp;<strong>WWF-Espa\u00f1a&nbsp;<\/strong>y el&nbsp;<strong>Instituto Espa\u00f1ol de Oceanograf\u00eda<\/strong>,<strong>&nbsp;Centro Nacional de la Agencia Estatal Consejo Superior de Investigaciones Cient\u00edficas (IEO-CSIC)<\/strong>, cuenta con el apoyo de la&nbsp;<strong>Fundaci\u00f3n Biodiversidad&nbsp;<\/strong>del Ministerio para la Transici\u00f3n Ecol\u00f3gica y el Reto Demogr\u00e1fico (MITECO), que aporta el 95% de la financiaci\u00f3n del proyecto, en el marco del Plan de Recuperaci\u00f3n, Transformaci\u00f3n y Resiliencia (PRTR), financiado por la Uni\u00f3n Europea \u2013 NextGenerationEU, y se encuentra vinculado al<strong>&nbsp;Marco de Actuaciones Prioritarias para la recuperaci\u00f3n del Mar Menor&nbsp;<\/strong>del Ministerio para la Transici\u00f3n Ecol\u00f3gica y el Reto Demogr\u00e1fico. El proyecto cuenta con la cofinanciaci\u00f3n de la<strong>&nbsp;Fundaci\u00f3n Estrella de Levante&nbsp;<\/strong>y con la colaboraci\u00f3n de&nbsp;<strong>Salinera Espa\u00f1ola<\/strong>&nbsp;y de&nbsp;<strong>Biocyma.<\/strong><\/p>\n","protected":false},"excerpt":{"rendered":"<p>Hugo Mor\u00e1n visit\u00f3 ayer las Salinas de Marchamalo y la Caleta del Estacio, 2 de las 3 zonas de actuaci\u00f3n del proyecto Resalar. Durante el recorrido, le acompa\u00f1aron el jefe de Costas, Daniel Caballero, la delegada del Gobierno, Mariola Guevara, y la comisionada para la Digitalizaci\u00f3n del Ciclo el Agua y Restauraci\u00f3n de Humedales, Francisca &#8230; <a title=\"El secretario de Estado de Medio Ambiente, Hugo Mor\u00e1n, visita el proyecto Resalar\" class=\"read-more\" href=\"https:\/\/www.fundacionanse.org\/resalar\/2024\/04\/11\/el-secretario-de-estado-de-medio-ambiente-hugo-moran-visita-el-proyecto-resalar\/\" aria-label=\"Leer m\u00e1s sobre El secretario de Estado de Medio Ambiente, Hugo Mor\u00e1n, visita el proyecto Resalar\">Leer m\u00e1s<\/a><\/p>\n","protected":false},"author":6,"featured_media":946,"comment_status":"closed","ping_status":"closed","sticky":false,"template":"","format":"standard","meta":{"inline_featured_image":false,"footnotes":""},"categories":[1],"tags":[],"class_list":["post-944","post","type-post","status-publish","format-standard","has-post-thumbnail","hentry","category-actualidad","generate-columns","tablet-grid-50","mobile-grid-100","grid-parent","grid-33","resize-featured-image"],"yoast_head":"<!-- This site is optimized with the Yoast SEO plugin v26.9 - https:\/\/yoast.com\/product\/yoast-seo-wordpress\/ -->\n<title>El secretario de Estado de Medio Ambiente, Hugo Mor\u00e1n, visita el proyecto Resalar - RESALAR<\/title>\n<meta name=\"robots\" content=\"index, follow, max-snippet:-1, max-image-preview:large, max-video-preview:-1\" \/>\n<link rel=\"canonical\" href=\"https:\/\/www.fundacionanse.org\/resalar\/2024\/04\/11\/el-secretario-de-estado-de-medio-ambiente-hugo-moran-visita-el-proyecto-resalar\/\" \/>\n<meta property=\"og:locale\" content=\"es_ES\" \/>\n<meta property=\"og:type\" content=\"article\" \/>\n<meta property=\"og:title\" content=\"El secretario de Estado de Medio Ambiente, Hugo Mor\u00e1n, visita el proyecto Resalar - RESALAR\" \/>\n<meta property=\"og:description\" content=\"Hugo Mor\u00e1n visit\u00f3 ayer las Salinas de Marchamalo y la Caleta del Estacio, 2 de las 3 zonas de actuaci\u00f3n del proyecto Resalar. Durante el recorrido, le acompa\u00f1aron el jefe de Costas, Daniel Caballero, la delegada del Gobierno, Mariola Guevara, y la comisionada para la Digitalizaci\u00f3n del Ciclo el Agua y Restauraci\u00f3n de Humedales, Francisca ... Leer m\u00e1s\" \/>\n<meta property=\"og:url\" content=\"https:\/\/www.fundacionanse.org\/resalar\/2024\/04\/11\/el-secretario-de-estado-de-medio-ambiente-hugo-moran-visita-el-proyecto-resalar\/\" \/>\n<meta property=\"og:site_name\" content=\"RESALAR\" \/>\n<meta property=\"article:publisher\" content=\"https:\/\/www.facebook.com\/FundacionANSE\" \/>\n<meta property=\"article:published_time\" content=\"2024-04-11T08:03:36+00:00\" \/>\n<meta property=\"og:image\" content=\"https:\/\/www.fundacionanse.org\/resalar\/wp-content\/uploads\/sites\/5\/2024\/04\/visita-hugo-moran-caleta-y-marchamalo-9.jpeg\" \/>\n\t<meta property=\"og:image:width\" content=\"1500\" \/>\n\t<meta property=\"og:image:height\" content=\"1125\" \/>\n\t<meta property=\"og:image:type\" content=\"image\/jpeg\" \/>\n<meta name=\"author\" content=\"alicia\" \/>\n<meta name=\"twitter:card\" content=\"summary_large_image\" \/>\n<meta name=\"twitter:creator\" content=\"@fundacionanse\" \/>\n<meta name=\"twitter:site\" content=\"@fundacionanse\" \/>\n<meta name=\"twitter:label1\" content=\"Escrito por\" \/>\n\t<meta name=\"twitter:data1\" content=\"alicia\" \/>\n\t<meta name=\"twitter:label2\" content=\"Tiempo de lectura\" \/>\n\t<meta name=\"twitter:data2\" content=\"2 minutos\" \/>\n<script type=\"application\/ld+json\" class=\"yoast-schema-graph\">{\"@context\":\"https:\/\/schema.org\",\"@graph\":[{\"@type\":\"Article\",\"@id\":\"https:\/\/www.fundacionanse.org\/resalar\/2024\/04\/11\/el-secretario-de-estado-de-medio-ambiente-hugo-moran-visita-el-proyecto-resalar\/#article\",\"isPartOf\":{\"@id\":\"https:\/\/www.fundacionanse.org\/resalar\/2024\/04\/11\/el-secretario-de-estado-de-medio-ambiente-hugo-moran-visita-el-proyecto-resalar\/\"},\"author\":{\"name\":\"alicia\",\"@id\":\"https:\/\/www.fundacionanse.org\/resalar\/#\/schema\/person\/825d0b66cfeac78d8671653dd99a9823\"},\"headline\":\"El secretario de Estado de Medio Ambiente, Hugo Mor\u00e1n, visita el proyecto Resalar\",\"datePublished\":\"2024-04-11T08:03:36+00:00\",\"mainEntityOfPage\":{\"@id\":\"https:\/\/www.fundacionanse.org\/resalar\/2024\/04\/11\/el-secretario-de-estado-de-medio-ambiente-hugo-moran-visita-el-proyecto-resalar\/\"},\"wordCount\":423,\"publisher\":{\"@id\":\"https:\/\/www.fundacionanse.org\/resalar\/#organization\"},\"image\":{\"@id\":\"https:\/\/www.fundacionanse.org\/resalar\/2024\/04\/11\/el-secretario-de-estado-de-medio-ambiente-hugo-moran-visita-el-proyecto-resalar\/#primaryimage\"},\"thumbnailUrl\":\"https:\/\/www.fundacionanse.org\/resalar\/wp-content\/uploads\/sites\/5\/2024\/04\/visita-hugo-moran-caleta-y-marchamalo-9.jpeg\",\"articleSection\":[\"Actualidad\"],\"inLanguage\":\"es\"},{\"@type\":\"WebPage\",\"@id\":\"https:\/\/www.fundacionanse.org\/resalar\/2024\/04\/11\/el-secretario-de-estado-de-medio-ambiente-hugo-moran-visita-el-proyecto-resalar\/\",\"url\":\"https:\/\/www.fundacionanse.org\/resalar\/2024\/04\/11\/el-secretario-de-estado-de-medio-ambiente-hugo-moran-visita-el-proyecto-resalar\/\",\"name\":\"El secretario de Estado de Medio Ambiente, Hugo Mor\u00e1n, visita el proyecto Resalar - RESALAR\",\"isPartOf\":{\"@id\":\"https:\/\/www.fundacionanse.org\/resalar\/#website\"},\"primaryImageOfPage\":{\"@id\":\"https:\/\/www.fundacionanse.org\/resalar\/2024\/04\/11\/el-secretario-de-estado-de-medio-ambiente-hugo-moran-visita-el-proyecto-resalar\/#primaryimage\"},\"image\":{\"@id\":\"https:\/\/www.fundacionanse.org\/resalar\/2024\/04\/11\/el-secretario-de-estado-de-medio-ambiente-hugo-moran-visita-el-proyecto-resalar\/#primaryimage\"},\"thumbnailUrl\":\"https:\/\/www.fundacionanse.org\/resalar\/wp-content\/uploads\/sites\/5\/2024\/04\/visita-hugo-moran-caleta-y-marchamalo-9.jpeg\",\"datePublished\":\"2024-04-11T08:03:36+00:00\",\"breadcrumb\":{\"@id\":\"https:\/\/www.fundacionanse.org\/resalar\/2024\/04\/11\/el-secretario-de-estado-de-medio-ambiente-hugo-moran-visita-el-proyecto-resalar\/#breadcrumb\"},\"inLanguage\":\"es\",\"potentialAction\":[{\"@type\":\"ReadAction\",\"target\":[\"https:\/\/www.fundacionanse.org\/resalar\/2024\/04\/11\/el-secretario-de-estado-de-medio-ambiente-hugo-moran-visita-el-proyecto-resalar\/\"]}]},{\"@type\":\"ImageObject\",\"inLanguage\":\"es\",\"@id\":\"https:\/\/www.fundacionanse.org\/resalar\/2024\/04\/11\/el-secretario-de-estado-de-medio-ambiente-hugo-moran-visita-el-proyecto-resalar\/#primaryimage\",\"url\":\"https:\/\/www.fundacionanse.org\/resalar\/wp-content\/uploads\/sites\/5\/2024\/04\/visita-hugo-moran-caleta-y-marchamalo-9.jpeg\",\"contentUrl\":\"https:\/\/www.fundacionanse.org\/resalar\/wp-content\/uploads\/sites\/5\/2024\/04\/visita-hugo-moran-caleta-y-marchamalo-9.jpeg\",\"width\":1500,\"height\":1125},{\"@type\":\"BreadcrumbList\",\"@id\":\"https:\/\/www.fundacionanse.org\/resalar\/2024\/04\/11\/el-secretario-de-estado-de-medio-ambiente-hugo-moran-visita-el-proyecto-resalar\/#breadcrumb\",\"itemListElement\":[{\"@type\":\"ListItem\",\"position\":1,\"name\":\"Portada\",\"item\":\"https:\/\/www.fundacionanse.org\/resalar\/\"},{\"@type\":\"ListItem\",\"position\":2,\"name\":\"El secretario de Estado de Medio Ambiente, Hugo Mor\u00e1n, visita el proyecto Resalar\"}]},{\"@type\":\"WebSite\",\"@id\":\"https:\/\/www.fundacionanse.org\/resalar\/#website\",\"url\":\"https:\/\/www.fundacionanse.org\/resalar\/\",\"name\":\"RESALAR\",\"description\":\"Regeneraci\u00f3n de salinas y arenales en el Mar Menor\",\"publisher\":{\"@id\":\"https:\/\/www.fundacionanse.org\/resalar\/#organization\"},\"potentialAction\":[{\"@type\":\"SearchAction\",\"target\":{\"@type\":\"EntryPoint\",\"urlTemplate\":\"https:\/\/www.fundacionanse.org\/resalar\/?s={search_term_string}\"},\"query-input\":{\"@type\":\"PropertyValueSpecification\",\"valueRequired\":true,\"valueName\":\"search_term_string\"}}],\"inLanguage\":\"es\"},{\"@type\":\"Organization\",\"@id\":\"https:\/\/www.fundacionanse.org\/resalar\/#organization\",\"name\":\"RESALAR\",\"url\":\"https:\/\/www.fundacionanse.org\/resalar\/\",\"logo\":{\"@type\":\"ImageObject\",\"inLanguage\":\"es\",\"@id\":\"https:\/\/www.fundacionanse.org\/resalar\/#\/schema\/logo\/image\/\",\"url\":\"https:\/\/www.fundacionanse.org\/resalar\/wp-content\/uploads\/sites\/5\/2024\/02\/resalar-web_vertical-color.svg\",\"contentUrl\":\"https:\/\/www.fundacionanse.org\/resalar\/wp-content\/uploads\/sites\/5\/2024\/02\/resalar-web_vertical-color.svg\",\"width\":168,\"height\":188,\"caption\":\"RESALAR\"},\"image\":{\"@id\":\"https:\/\/www.fundacionanse.org\/resalar\/#\/schema\/logo\/image\/\"},\"sameAs\":[\"https:\/\/www.facebook.com\/FundacionANSE\",\"https:\/\/x.com\/fundacionanse\",\"https:\/\/www.instagram.com\/fundacionanse\/\"]},{\"@type\":\"Person\",\"@id\":\"https:\/\/www.fundacionanse.org\/resalar\/#\/schema\/person\/825d0b66cfeac78d8671653dd99a9823\",\"name\":\"alicia\",\"image\":{\"@type\":\"ImageObject\",\"inLanguage\":\"es\",\"@id\":\"https:\/\/www.fundacionanse.org\/resalar\/#\/schema\/person\/image\/\",\"url\":\"https:\/\/secure.gravatar.com\/avatar\/8ea2aaa5672bd433d40f04b94a58fc94bcebbd601dd2a6a43a24e2e272228529?s=96&d=mm&r=g\",\"contentUrl\":\"https:\/\/secure.gravatar.com\/avatar\/8ea2aaa5672bd433d40f04b94a58fc94bcebbd601dd2a6a43a24e2e272228529?s=96&d=mm&r=g\",\"caption\":\"alicia\"},\"url\":\"https:\/\/www.fundacionanse.org\/resalar\/author\/alicia\/\"}]}<\/script>\n<!-- \/ Yoast SEO plugin. -->","yoast_head_json":{"title":"El secretario de Estado de Medio Ambiente, Hugo Mor\u00e1n, visita el proyecto Resalar - RESALAR","robots":{"index":"index","follow":"follow","max-snippet":"max-snippet:-1","max-image-preview":"max-image-preview:large","max-video-preview":"max-video-preview:-1"},"canonical":"https:\/\/www.fundacionanse.org\/resalar\/2024\/04\/11\/el-secretario-de-estado-de-medio-ambiente-hugo-moran-visita-el-proyecto-resalar\/","og_locale":"es_ES","og_type":"article","og_title":"El secretario de Estado de Medio Ambiente, Hugo Mor\u00e1n, visita el proyecto Resalar - RESALAR","og_description":"Hugo Mor\u00e1n visit\u00f3 ayer las Salinas de Marchamalo y la Caleta del Estacio, 2 de las 3 zonas de actuaci\u00f3n del proyecto Resalar. Durante el recorrido, le acompa\u00f1aron el jefe de Costas, Daniel Caballero, la delegada del Gobierno, Mariola Guevara, y la comisionada para la Digitalizaci\u00f3n del Ciclo el Agua y Restauraci\u00f3n de Humedales, Francisca ... Leer m\u00e1s","og_url":"https:\/\/www.fundacionanse.org\/resalar\/2024\/04\/11\/el-secretario-de-estado-de-medio-ambiente-hugo-moran-visita-el-proyecto-resalar\/","og_site_name":"RESALAR","article_publisher":"https:\/\/www.facebook.com\/FundacionANSE","article_published_time":"2024-04-11T08:03:36+00:00","og_image":[{"width":1500,"height":1125,"url":"https:\/\/www.fundacionanse.org\/resalar\/wp-content\/uploads\/sites\/5\/2024\/04\/visita-hugo-moran-caleta-y-marchamalo-9.jpeg","type":"image\/jpeg"}],"author":"alicia","twitter_card":"summary_large_image","twitter_creator":"@fundacionanse","twitter_site":"@fundacionanse","twitter_misc":{"Escrito por":"alicia","Tiempo de lectura":"2 minutos"},"schema":{"@context":"https:\/\/schema.org","@graph":[{"@type":"Article","@id":"https:\/\/www.fundacionanse.org\/resalar\/2024\/04\/11\/el-secretario-de-estado-de-medio-ambiente-hugo-moran-visita-el-proyecto-resalar\/#article","isPartOf":{"@id":"https:\/\/www.fundacionanse.org\/resalar\/2024\/04\/11\/el-secretario-de-estado-de-medio-ambiente-hugo-moran-visita-el-proyecto-resalar\/"},"author":{"name":"alicia","@id":"https:\/\/www.fundacionanse.org\/resalar\/#\/schema\/person\/825d0b66cfeac78d8671653dd99a9823"},"headline":"El secretario de Estado de Medio Ambiente, Hugo Mor\u00e1n, visita el proyecto Resalar","datePublished":"2024-04-11T08:03:36+00:00","mainEntityOfPage":{"@id":"https:\/\/www.fundacionanse.org\/resalar\/2024\/04\/11\/el-secretario-de-estado-de-medio-ambiente-hugo-moran-visita-el-proyecto-resalar\/"},"wordCount":423,"publisher":{"@id":"https:\/\/www.fundacionanse.org\/resalar\/#organization"},"image":{"@id":"https:\/\/www.fundacionanse.org\/resalar\/2024\/04\/11\/el-secretario-de-estado-de-medio-ambiente-hugo-moran-visita-el-proyecto-resalar\/#primaryimage"},"thumbnailUrl":"https:\/\/www.fundacionanse.org\/resalar\/wp-content\/uploads\/sites\/5\/2024\/04\/visita-hugo-moran-caleta-y-marchamalo-9.jpeg","articleSection":["Actualidad"],"inLanguage":"es"},{"@type":"WebPage","@id":"https:\/\/www.fundacionanse.org\/resalar\/2024\/04\/11\/el-secretario-de-estado-de-medio-ambiente-hugo-moran-visita-el-proyecto-resalar\/","url":"https:\/\/www.fundacionanse.org\/resalar\/2024\/04\/11\/el-secretario-de-estado-de-medio-ambiente-hugo-moran-visita-el-proyecto-resalar\/","name":"El secretario de Estado de Medio Ambiente, Hugo Mor\u00e1n, visita el proyecto Resalar - RESALAR","isPartOf":{"@id":"https:\/\/www.fundacionanse.org\/resalar\/#website"},"primaryImageOfPage":{"@id":"https:\/\/www.fundacionanse.org\/resalar\/2024\/04\/11\/el-secretario-de-estado-de-medio-ambiente-hugo-moran-visita-el-proyecto-resalar\/#primaryimage"},"image":{"@id":"https:\/\/www.fundacionanse.org\/resalar\/2024\/04\/11\/el-secretario-de-estado-de-medio-ambiente-hugo-moran-visita-el-proyecto-resalar\/#primaryimage"},"thumbnailUrl":"https:\/\/www.fundacionanse.org\/resalar\/wp-content\/uploads\/sites\/5\/2024\/04\/visita-hugo-moran-caleta-y-marchamalo-9.jpeg","datePublished":"2024-04-11T08:03:36+00:00","breadcrumb":{"@id":"https:\/\/www.fundacionanse.org\/resalar\/2024\/04\/11\/el-secretario-de-estado-de-medio-ambiente-hugo-moran-visita-el-proyecto-resalar\/#breadcrumb"},"inLanguage":"es","potentialAction":[{"@type":"ReadAction","target":["https:\/\/www.fundacionanse.org\/resalar\/2024\/04\/11\/el-secretario-de-estado-de-medio-ambiente-hugo-moran-visita-el-proyecto-resalar\/"]}]},{"@type":"ImageObject","inLanguage":"es","@id":"https:\/\/www.fundacionanse.org\/resalar\/2024\/04\/11\/el-secretario-de-estado-de-medio-ambiente-hugo-moran-visita-el-proyecto-resalar\/#primaryimage","url":"https:\/\/www.fundacionanse.org\/resalar\/wp-content\/uploads\/sites\/5\/2024\/04\/visita-hugo-moran-caleta-y-marchamalo-9.jpeg","contentUrl":"https:\/\/www.fundacionanse.org\/resalar\/wp-content\/uploads\/sites\/5\/2024\/04\/visita-hugo-moran-caleta-y-marchamalo-9.jpeg","width":1500,"height":1125},{"@type":"BreadcrumbList","@id":"https:\/\/www.fundacionanse.org\/resalar\/2024\/04\/11\/el-secretario-de-estado-de-medio-ambiente-hugo-moran-visita-el-proyecto-resalar\/#breadcrumb","itemListElement":[{"@type":"ListItem","position":1,"name":"Portada","item":"https:\/\/www.fundacionanse.org\/resalar\/"},{"@type":"ListItem","position":2,"name":"El secretario de Estado de Medio Ambiente, Hugo Mor\u00e1n, visita el proyecto Resalar"}]},{"@type":"WebSite","@id":"https:\/\/www.fundacionanse.org\/resalar\/#website","url":"https:\/\/www.fundacionanse.org\/resalar\/","name":"RESALAR","description":"Regeneraci\u00f3n de salinas y arenales en el Mar Menor","publisher":{"@id":"https:\/\/www.fundacionanse.org\/resalar\/#organization"},"potentialAction":[{"@type":"SearchAction","target":{"@type":"EntryPoint","urlTemplate":"https:\/\/www.fundacionanse.org\/resalar\/?s={search_term_string}"},"query-input":{"@type":"PropertyValueSpecification","valueRequired":true,"valueName":"search_term_string"}}],"inLanguage":"es"},{"@type":"Organization","@id":"https:\/\/www.fundacionanse.org\/resalar\/#organization","name":"RESALAR","url":"https:\/\/www.fundacionanse.org\/resalar\/","logo":{"@type":"ImageObject","inLanguage":"es","@id":"https:\/\/www.fundacionanse.org\/resalar\/#\/schema\/logo\/image\/","url":"https:\/\/www.fundacionanse.org\/resalar\/wp-content\/uploads\/sites\/5\/2024\/02\/resalar-web_vertical-color.svg","contentUrl":"https:\/\/www.fundacionanse.org\/resalar\/wp-content\/uploads\/sites\/5\/2024\/02\/resalar-web_vertical-color.svg","width":168,"height":188,"caption":"RESALAR"},"image":{"@id":"https:\/\/www.fundacionanse.org\/resalar\/#\/schema\/logo\/image\/"},"sameAs":["https:\/\/www.facebook.com\/FundacionANSE","https:\/\/x.com\/fundacionanse","https:\/\/www.instagram.com\/fundacionanse\/"]},{"@type":"Person","@id":"https:\/\/www.fundacionanse.org\/resalar\/#\/schema\/person\/825d0b66cfeac78d8671653dd99a9823","name":"alicia","image":{"@type":"ImageObject","inLanguage":"es","@id":"https:\/\/www.fundacionanse.org\/resalar\/#\/schema\/person\/image\/","url":"https:\/\/secure.gravatar.com\/avatar\/8ea2aaa5672bd433d40f04b94a58fc94bcebbd601dd2a6a43a24e2e272228529?s=96&d=mm&r=g","contentUrl":"https:\/\/secure.gravatar.com\/avatar\/8ea2aaa5672bd433d40f04b94a58fc94bcebbd601dd2a6a43a24e2e272228529?s=96&d=mm&r=g","caption":"alicia"},"url":"https:\/\/www.fundacionanse.org\/resalar\/author\/alicia\/"}]}},"_links":{"self":[{"href":"https:\/\/www.fundacionanse.org\/resalar\/wp-json\/wp\/v2\/posts\/944","targetHints":{"allow":["GET"]}}],"collection":[{"href":"https:\/\/www.fundacionanse.org\/resalar\/wp-json\/wp\/v2\/posts"}],"about":[{"href":"https:\/\/www.fundacionanse.org\/resalar\/wp-json\/wp\/v2\/types\/post"}],"author":[{"embeddable":true,"href":"https:\/\/www.fundacionanse.org\/resalar\/wp-json\/wp\/v2\/users\/6"}],"replies":[{"embeddable":true,"href":"https:\/\/www.fundacionanse.org\/resalar\/wp-json\/wp\/v2\/comments?post=944"}],"version-history":[{"count":0,"href":"https:\/\/www.fundacionanse.org\/resalar\/wp-json\/wp\/v2\/posts\/944\/revisions"}],"wp:featuredmedia":[{"embeddable":true,"href":"https:\/\/www.fundacionanse.org\/resalar\/wp-json\/wp\/v2\/media\/946"}],"wp:attachment":[{"href":"https:\/\/www.fundacionanse.org\/resalar\/wp-json\/wp\/v2\/media?parent=944"}],"wp:term":[{"taxonomy":"category","embeddable":true,"href":"https:\/\/www.fundacionanse.org\/resalar\/wp-json\/wp\/v2\/categories?post=944"},{"taxonomy":"post_tag","embeddable":true,"href":"https:\/\/www.fundacionanse.org\/resalar\/wp-json\/wp\/v2\/tags?post=944"}],"curies":[{"name":"wp","href":"https:\/\/api.w.org\/{rel}","templated":true}]}}