{"id":948,"date":"2024-04-29T06:22:07","date_gmt":"2024-04-29T06:22:07","guid":{"rendered":"https:\/\/www.fundacionanse.org\/resalar\/?p=948"},"modified":"2024-04-29T06:22:08","modified_gmt":"2024-04-29T06:22:08","slug":"8-artistas-de-la-fundacion-thyssen-visitan-las-salinas-de-marchamalo","status":"publish","type":"post","link":"https:\/\/www.fundacionanse.org\/resalar\/2024\/04\/29\/8-artistas-de-la-fundacion-thyssen-visitan-las-salinas-de-marchamalo\/","title":{"rendered":"8 artistas de la Fundaci\u00f3n Thyssen visitan las Salinas de Marchamalo"},"content":{"rendered":"\n<p><strong>La pasada semana, ocho artistas de diferentes rincones de Espa\u00f1a y procedentes de la Fundaci\u00f3n Thyssen, en colaboraci\u00f3n con el Equipo ARQVA, visitaron las Salinas de Marchamalo para conocer el proyecto Resalar.<\/strong><\/p>\n\n\n\n<p>El viernes pasado, casi una decena de artistas de la Fundaci\u00f3n Thyssen, procedentes de diferentes puntos del pa\u00eds, visitaron las Salinas de Marchamalo, aprovechando su viaje a la zona de Cartagena, con el objetivo de realizar un proyecto de arte contempor\u00e1neo con arqueolog\u00eda submarina acu\u00e1tica.<\/p>\n\n\n\n<p>Durante su visita a las Salinas de Marchamalo, los estudiantes de arte de la Fundaci\u00f3n Thyssen, tuvieron la oportunidad de aprender m\u00e1s sobre el proyecto Resalar, compuesto por tres \u00e1mbitos de actuaci\u00f3n: restauraci\u00f3n de salinas y arenales, y experimentaci\u00f3n y cr\u00eda de ostras como agentes filtradores de nitratos para una posible limpieza de aguas eutrofizadas.<\/p>\n\n\n\n<p>Adem\u00e1s, los visitantes pudieron ver los avances que se han llevado a cabo recientemente en las Salinas de Marchamalo, para recuperar la actividad salinera y la biodiversidad asociada a esta. Entre estos, destaca la restauraci\u00f3n de los muretes de piedra seca, la retirada de lodos, la introducci\u00f3n de agua y el acondicionamiento de las naves.<\/p>\n\n\n\n<p>El proyecto&nbsp;<a href=\"https:\/\/www.fundacionanse.org\/resalar\/proyecto-resalar\/\">RESALAR<\/a><strong>&nbsp;<\/strong>tiene el objetivo de regenerar espacios del litoral del Mar Menor&nbsp;y su biodiversidad para fortalecer la resiliencia del litoral frente al cambio clim\u00e1tico y mejorar e incrementar los servicios ecosist\u00e9micos que proveen a la sociedad.<\/p>\n\n\n\n<p>Este proyecto, que coordina la&nbsp;<strong>Fundaci\u00f3n ANSE<\/strong>, y en el que participan la&nbsp;<strong>Asociaci\u00f3n de Naturalistas del Sureste<\/strong>,&nbsp;<strong>WWF-Espa\u00f1a&nbsp;<\/strong>y el&nbsp;<strong>Instituto Espa\u00f1ol de Oceanograf\u00eda<\/strong>,<strong>&nbsp;Centro Nacional de la Agencia Estatal Consejo Superior de Investigaciones Cient\u00edficas (IEO-CSIC)<\/strong>, cuenta con el apoyo de la&nbsp;<strong>Fundaci\u00f3n Biodiversidad&nbsp;<\/strong>del Ministerio para la Transici\u00f3n Ecol\u00f3gica y el Reto Demogr\u00e1fico (MITECO), que aporta el 95% de la financiaci\u00f3n del proyecto, en el marco del Plan de Recuperaci\u00f3n, Transformaci\u00f3n y Resiliencia (PRTR), financiado por la Uni\u00f3n Europea \u2013 NextGenerationEU, y se encuentra vinculado al<strong>&nbsp;Marco de Actuaciones Prioritarias para la recuperaci\u00f3n del Mar Menor&nbsp;<\/strong>del Ministerio para la Transici\u00f3n Ecol\u00f3gica y el Reto Demogr\u00e1fico. El proyecto cuenta con la cofinanciaci\u00f3n de la<strong>&nbsp;Fundaci\u00f3n Estrella de Levante&nbsp;<\/strong>y con la colaboraci\u00f3n de&nbsp;<strong>Salinera Espa\u00f1ola<\/strong>&nbsp;y de&nbsp;<strong>Biocyma.<\/strong><\/p>\n","protected":false},"excerpt":{"rendered":"<p>La pasada semana, ocho artistas de diferentes rincones de Espa\u00f1a y procedentes de la Fundaci\u00f3n Thyssen, en colaboraci\u00f3n con el Equipo ARQVA, visitaron las Salinas de Marchamalo para conocer el proyecto Resalar. El viernes pasado, casi una decena de artistas de la Fundaci\u00f3n Thyssen, procedentes de diferentes puntos del pa\u00eds, visitaron las Salinas de Marchamalo, &#8230; <a title=\"8 artistas de la Fundaci\u00f3n Thyssen visitan las Salinas de Marchamalo\" class=\"read-more\" href=\"https:\/\/www.fundacionanse.org\/resalar\/2024\/04\/29\/8-artistas-de-la-fundacion-thyssen-visitan-las-salinas-de-marchamalo\/\" aria-label=\"Leer m\u00e1s sobre 8 artistas de la Fundaci\u00f3n Thyssen visitan las Salinas de Marchamalo\">Leer m\u00e1s<\/a><\/p>\n","protected":false},"author":6,"featured_media":949,"comment_status":"closed","ping_status":"closed","sticky":false,"template":"","format":"standard","meta":{"inline_featured_image":false,"footnotes":""},"categories":[1],"tags":[],"class_list":["post-948","post","type-post","status-publish","format-standard","has-post-thumbnail","hentry","category-actualidad","generate-columns","tablet-grid-50","mobile-grid-100","grid-parent","grid-33","resize-featured-image"],"yoast_head":"<!-- This site is optimized with the Yoast SEO plugin v26.9 - https:\/\/yoast.com\/product\/yoast-seo-wordpress\/ -->\n<title>8 artistas de la Fundaci\u00f3n Thyssen visitan las Salinas de Marchamalo - RESALAR<\/title>\n<meta name=\"robots\" content=\"index, follow, max-snippet:-1, max-image-preview:large, max-video-preview:-1\" \/>\n<link rel=\"canonical\" href=\"https:\/\/www.fundacionanse.org\/resalar\/2024\/04\/29\/8-artistas-de-la-fundacion-thyssen-visitan-las-salinas-de-marchamalo\/\" \/>\n<meta property=\"og:locale\" content=\"es_ES\" \/>\n<meta property=\"og:type\" content=\"article\" \/>\n<meta property=\"og:title\" content=\"8 artistas de la Fundaci\u00f3n Thyssen visitan las Salinas de Marchamalo - RESALAR\" \/>\n<meta property=\"og:description\" content=\"La pasada semana, ocho artistas de diferentes rincones de Espa\u00f1a y procedentes de la Fundaci\u00f3n Thyssen, en colaboraci\u00f3n con el Equipo ARQVA, visitaron las Salinas de Marchamalo para conocer el proyecto Resalar. El viernes pasado, casi una decena de artistas de la Fundaci\u00f3n Thyssen, procedentes de diferentes puntos del pa\u00eds, visitaron las Salinas de Marchamalo, ... Leer m\u00e1s\" \/>\n<meta property=\"og:url\" content=\"https:\/\/www.fundacionanse.org\/resalar\/2024\/04\/29\/8-artistas-de-la-fundacion-thyssen-visitan-las-salinas-de-marchamalo\/\" \/>\n<meta property=\"og:site_name\" content=\"RESALAR\" \/>\n<meta property=\"article:publisher\" content=\"https:\/\/www.facebook.com\/FundacionANSE\" \/>\n<meta property=\"article:published_time\" content=\"2024-04-29T06:22:07+00:00\" \/>\n<meta property=\"article:modified_time\" content=\"2024-04-29T06:22:08+00:00\" \/>\n<meta property=\"og:image\" content=\"https:\/\/www.fundacionanse.org\/resalar\/wp-content\/uploads\/sites\/5\/2024\/04\/WhatsApp-Image-2024-04-22-at-07.08.15-1.jpeg\" \/>\n\t<meta property=\"og:image:width\" content=\"1600\" \/>\n\t<meta property=\"og:image:height\" content=\"1200\" \/>\n\t<meta property=\"og:image:type\" content=\"image\/jpeg\" \/>\n<meta name=\"author\" content=\"alicia\" \/>\n<meta name=\"twitter:card\" content=\"summary_large_image\" \/>\n<meta name=\"twitter:creator\" content=\"@fundacionanse\" \/>\n<meta name=\"twitter:site\" content=\"@fundacionanse\" \/>\n<meta name=\"twitter:label1\" content=\"Escrito por\" \/>\n\t<meta name=\"twitter:data1\" content=\"alicia\" \/>\n\t<meta name=\"twitter:label2\" content=\"Tiempo de lectura\" \/>\n\t<meta name=\"twitter:data2\" content=\"2 minutos\" \/>\n<script type=\"application\/ld+json\" class=\"yoast-schema-graph\">{\"@context\":\"https:\/\/schema.org\",\"@graph\":[{\"@type\":\"Article\",\"@id\":\"https:\/\/www.fundacionanse.org\/resalar\/2024\/04\/29\/8-artistas-de-la-fundacion-thyssen-visitan-las-salinas-de-marchamalo\/#article\",\"isPartOf\":{\"@id\":\"https:\/\/www.fundacionanse.org\/resalar\/2024\/04\/29\/8-artistas-de-la-fundacion-thyssen-visitan-las-salinas-de-marchamalo\/\"},\"author\":{\"name\":\"alicia\",\"@id\":\"https:\/\/www.fundacionanse.org\/resalar\/#\/schema\/person\/825d0b66cfeac78d8671653dd99a9823\"},\"headline\":\"8 artistas de la Fundaci\u00f3n Thyssen visitan las Salinas de Marchamalo\",\"datePublished\":\"2024-04-29T06:22:07+00:00\",\"dateModified\":\"2024-04-29T06:22:08+00:00\",\"mainEntityOfPage\":{\"@id\":\"https:\/\/www.fundacionanse.org\/resalar\/2024\/04\/29\/8-artistas-de-la-fundacion-thyssen-visitan-las-salinas-de-marchamalo\/\"},\"wordCount\":424,\"publisher\":{\"@id\":\"https:\/\/www.fundacionanse.org\/resalar\/#organization\"},\"image\":{\"@id\":\"https:\/\/www.fundacionanse.org\/resalar\/2024\/04\/29\/8-artistas-de-la-fundacion-thyssen-visitan-las-salinas-de-marchamalo\/#primaryimage\"},\"thumbnailUrl\":\"https:\/\/www.fundacionanse.org\/resalar\/wp-content\/uploads\/sites\/5\/2024\/04\/WhatsApp-Image-2024-04-22-at-07.08.15-1.jpeg\",\"articleSection\":[\"Actualidad\"],\"inLanguage\":\"es\"},{\"@type\":\"WebPage\",\"@id\":\"https:\/\/www.fundacionanse.org\/resalar\/2024\/04\/29\/8-artistas-de-la-fundacion-thyssen-visitan-las-salinas-de-marchamalo\/\",\"url\":\"https:\/\/www.fundacionanse.org\/resalar\/2024\/04\/29\/8-artistas-de-la-fundacion-thyssen-visitan-las-salinas-de-marchamalo\/\",\"name\":\"8 artistas de la Fundaci\u00f3n Thyssen visitan las Salinas de Marchamalo - RESALAR\",\"isPartOf\":{\"@id\":\"https:\/\/www.fundacionanse.org\/resalar\/#website\"},\"primaryImageOfPage\":{\"@id\":\"https:\/\/www.fundacionanse.org\/resalar\/2024\/04\/29\/8-artistas-de-la-fundacion-thyssen-visitan-las-salinas-de-marchamalo\/#primaryimage\"},\"image\":{\"@id\":\"https:\/\/www.fundacionanse.org\/resalar\/2024\/04\/29\/8-artistas-de-la-fundacion-thyssen-visitan-las-salinas-de-marchamalo\/#primaryimage\"},\"thumbnailUrl\":\"https:\/\/www.fundacionanse.org\/resalar\/wp-content\/uploads\/sites\/5\/2024\/04\/WhatsApp-Image-2024-04-22-at-07.08.15-1.jpeg\",\"datePublished\":\"2024-04-29T06:22:07+00:00\",\"dateModified\":\"2024-04-29T06:22:08+00:00\",\"breadcrumb\":{\"@id\":\"https:\/\/www.fundacionanse.org\/resalar\/2024\/04\/29\/8-artistas-de-la-fundacion-thyssen-visitan-las-salinas-de-marchamalo\/#breadcrumb\"},\"inLanguage\":\"es\",\"potentialAction\":[{\"@type\":\"ReadAction\",\"target\":[\"https:\/\/www.fundacionanse.org\/resalar\/2024\/04\/29\/8-artistas-de-la-fundacion-thyssen-visitan-las-salinas-de-marchamalo\/\"]}]},{\"@type\":\"ImageObject\",\"inLanguage\":\"es\",\"@id\":\"https:\/\/www.fundacionanse.org\/resalar\/2024\/04\/29\/8-artistas-de-la-fundacion-thyssen-visitan-las-salinas-de-marchamalo\/#primaryimage\",\"url\":\"https:\/\/www.fundacionanse.org\/resalar\/wp-content\/uploads\/sites\/5\/2024\/04\/WhatsApp-Image-2024-04-22-at-07.08.15-1.jpeg\",\"contentUrl\":\"https:\/\/www.fundacionanse.org\/resalar\/wp-content\/uploads\/sites\/5\/2024\/04\/WhatsApp-Image-2024-04-22-at-07.08.15-1.jpeg\",\"width\":1600,\"height\":1200},{\"@type\":\"BreadcrumbList\",\"@id\":\"https:\/\/www.fundacionanse.org\/resalar\/2024\/04\/29\/8-artistas-de-la-fundacion-thyssen-visitan-las-salinas-de-marchamalo\/#breadcrumb\",\"itemListElement\":[{\"@type\":\"ListItem\",\"position\":1,\"name\":\"Portada\",\"item\":\"https:\/\/www.fundacionanse.org\/resalar\/\"},{\"@type\":\"ListItem\",\"position\":2,\"name\":\"8 artistas de la Fundaci\u00f3n Thyssen visitan las Salinas de Marchamalo\"}]},{\"@type\":\"WebSite\",\"@id\":\"https:\/\/www.fundacionanse.org\/resalar\/#website\",\"url\":\"https:\/\/www.fundacionanse.org\/resalar\/\",\"name\":\"RESALAR\",\"description\":\"Regeneraci\u00f3n de salinas y arenales en el Mar Menor\",\"publisher\":{\"@id\":\"https:\/\/www.fundacionanse.org\/resalar\/#organization\"},\"potentialAction\":[{\"@type\":\"SearchAction\",\"target\":{\"@type\":\"EntryPoint\",\"urlTemplate\":\"https:\/\/www.fundacionanse.org\/resalar\/?s={search_term_string}\"},\"query-input\":{\"@type\":\"PropertyValueSpecification\",\"valueRequired\":true,\"valueName\":\"search_term_string\"}}],\"inLanguage\":\"es\"},{\"@type\":\"Organization\",\"@id\":\"https:\/\/www.fundacionanse.org\/resalar\/#organization\",\"name\":\"RESALAR\",\"url\":\"https:\/\/www.fundacionanse.org\/resalar\/\",\"logo\":{\"@type\":\"ImageObject\",\"inLanguage\":\"es\",\"@id\":\"https:\/\/www.fundacionanse.org\/resalar\/#\/schema\/logo\/image\/\",\"url\":\"https:\/\/www.fundacionanse.org\/resalar\/wp-content\/uploads\/sites\/5\/2024\/02\/resalar-web_vertical-color.svg\",\"contentUrl\":\"https:\/\/www.fundacionanse.org\/resalar\/wp-content\/uploads\/sites\/5\/2024\/02\/resalar-web_vertical-color.svg\",\"width\":168,\"height\":188,\"caption\":\"RESALAR\"},\"image\":{\"@id\":\"https:\/\/www.fundacionanse.org\/resalar\/#\/schema\/logo\/image\/\"},\"sameAs\":[\"https:\/\/www.facebook.com\/FundacionANSE\",\"https:\/\/x.com\/fundacionanse\",\"https:\/\/www.instagram.com\/fundacionanse\/\"]},{\"@type\":\"Person\",\"@id\":\"https:\/\/www.fundacionanse.org\/resalar\/#\/schema\/person\/825d0b66cfeac78d8671653dd99a9823\",\"name\":\"alicia\",\"image\":{\"@type\":\"ImageObject\",\"inLanguage\":\"es\",\"@id\":\"https:\/\/www.fundacionanse.org\/resalar\/#\/schema\/person\/image\/\",\"url\":\"https:\/\/secure.gravatar.com\/avatar\/8ea2aaa5672bd433d40f04b94a58fc94bcebbd601dd2a6a43a24e2e272228529?s=96&d=mm&r=g\",\"contentUrl\":\"https:\/\/secure.gravatar.com\/avatar\/8ea2aaa5672bd433d40f04b94a58fc94bcebbd601dd2a6a43a24e2e272228529?s=96&d=mm&r=g\",\"caption\":\"alicia\"},\"url\":\"https:\/\/www.fundacionanse.org\/resalar\/author\/alicia\/\"}]}<\/script>\n<!-- \/ Yoast SEO plugin. -->","yoast_head_json":{"title":"8 artistas de la Fundaci\u00f3n Thyssen visitan las Salinas de Marchamalo - RESALAR","robots":{"index":"index","follow":"follow","max-snippet":"max-snippet:-1","max-image-preview":"max-image-preview:large","max-video-preview":"max-video-preview:-1"},"canonical":"https:\/\/www.fundacionanse.org\/resalar\/2024\/04\/29\/8-artistas-de-la-fundacion-thyssen-visitan-las-salinas-de-marchamalo\/","og_locale":"es_ES","og_type":"article","og_title":"8 artistas de la Fundaci\u00f3n Thyssen visitan las Salinas de Marchamalo - RESALAR","og_description":"La pasada semana, ocho artistas de diferentes rincones de Espa\u00f1a y procedentes de la Fundaci\u00f3n Thyssen, en colaboraci\u00f3n con el Equipo ARQVA, visitaron las Salinas de Marchamalo para conocer el proyecto Resalar. El viernes pasado, casi una decena de artistas de la Fundaci\u00f3n Thyssen, procedentes de diferentes puntos del pa\u00eds, visitaron las Salinas de Marchamalo, ... Leer m\u00e1s","og_url":"https:\/\/www.fundacionanse.org\/resalar\/2024\/04\/29\/8-artistas-de-la-fundacion-thyssen-visitan-las-salinas-de-marchamalo\/","og_site_name":"RESALAR","article_publisher":"https:\/\/www.facebook.com\/FundacionANSE","article_published_time":"2024-04-29T06:22:07+00:00","article_modified_time":"2024-04-29T06:22:08+00:00","og_image":[{"width":1600,"height":1200,"url":"https:\/\/www.fundacionanse.org\/resalar\/wp-content\/uploads\/sites\/5\/2024\/04\/WhatsApp-Image-2024-04-22-at-07.08.15-1.jpeg","type":"image\/jpeg"}],"author":"alicia","twitter_card":"summary_large_image","twitter_creator":"@fundacionanse","twitter_site":"@fundacionanse","twitter_misc":{"Escrito por":"alicia","Tiempo de lectura":"2 minutos"},"schema":{"@context":"https:\/\/schema.org","@graph":[{"@type":"Article","@id":"https:\/\/www.fundacionanse.org\/resalar\/2024\/04\/29\/8-artistas-de-la-fundacion-thyssen-visitan-las-salinas-de-marchamalo\/#article","isPartOf":{"@id":"https:\/\/www.fundacionanse.org\/resalar\/2024\/04\/29\/8-artistas-de-la-fundacion-thyssen-visitan-las-salinas-de-marchamalo\/"},"author":{"name":"alicia","@id":"https:\/\/www.fundacionanse.org\/resalar\/#\/schema\/person\/825d0b66cfeac78d8671653dd99a9823"},"headline":"8 artistas de la Fundaci\u00f3n Thyssen visitan las Salinas de Marchamalo","datePublished":"2024-04-29T06:22:07+00:00","dateModified":"2024-04-29T06:22:08+00:00","mainEntityOfPage":{"@id":"https:\/\/www.fundacionanse.org\/resalar\/2024\/04\/29\/8-artistas-de-la-fundacion-thyssen-visitan-las-salinas-de-marchamalo\/"},"wordCount":424,"publisher":{"@id":"https:\/\/www.fundacionanse.org\/resalar\/#organization"},"image":{"@id":"https:\/\/www.fundacionanse.org\/resalar\/2024\/04\/29\/8-artistas-de-la-fundacion-thyssen-visitan-las-salinas-de-marchamalo\/#primaryimage"},"thumbnailUrl":"https:\/\/www.fundacionanse.org\/resalar\/wp-content\/uploads\/sites\/5\/2024\/04\/WhatsApp-Image-2024-04-22-at-07.08.15-1.jpeg","articleSection":["Actualidad"],"inLanguage":"es"},{"@type":"WebPage","@id":"https:\/\/www.fundacionanse.org\/resalar\/2024\/04\/29\/8-artistas-de-la-fundacion-thyssen-visitan-las-salinas-de-marchamalo\/","url":"https:\/\/www.fundacionanse.org\/resalar\/2024\/04\/29\/8-artistas-de-la-fundacion-thyssen-visitan-las-salinas-de-marchamalo\/","name":"8 artistas de la Fundaci\u00f3n Thyssen visitan las Salinas de Marchamalo - RESALAR","isPartOf":{"@id":"https:\/\/www.fundacionanse.org\/resalar\/#website"},"primaryImageOfPage":{"@id":"https:\/\/www.fundacionanse.org\/resalar\/2024\/04\/29\/8-artistas-de-la-fundacion-thyssen-visitan-las-salinas-de-marchamalo\/#primaryimage"},"image":{"@id":"https:\/\/www.fundacionanse.org\/resalar\/2024\/04\/29\/8-artistas-de-la-fundacion-thyssen-visitan-las-salinas-de-marchamalo\/#primaryimage"},"thumbnailUrl":"https:\/\/www.fundacionanse.org\/resalar\/wp-content\/uploads\/sites\/5\/2024\/04\/WhatsApp-Image-2024-04-22-at-07.08.15-1.jpeg","datePublished":"2024-04-29T06:22:07+00:00","dateModified":"2024-04-29T06:22:08+00:00","breadcrumb":{"@id":"https:\/\/www.fundacionanse.org\/resalar\/2024\/04\/29\/8-artistas-de-la-fundacion-thyssen-visitan-las-salinas-de-marchamalo\/#breadcrumb"},"inLanguage":"es","potentialAction":[{"@type":"ReadAction","target":["https:\/\/www.fundacionanse.org\/resalar\/2024\/04\/29\/8-artistas-de-la-fundacion-thyssen-visitan-las-salinas-de-marchamalo\/"]}]},{"@type":"ImageObject","inLanguage":"es","@id":"https:\/\/www.fundacionanse.org\/resalar\/2024\/04\/29\/8-artistas-de-la-fundacion-thyssen-visitan-las-salinas-de-marchamalo\/#primaryimage","url":"https:\/\/www.fundacionanse.org\/resalar\/wp-content\/uploads\/sites\/5\/2024\/04\/WhatsApp-Image-2024-04-22-at-07.08.15-1.jpeg","contentUrl":"https:\/\/www.fundacionanse.org\/resalar\/wp-content\/uploads\/sites\/5\/2024\/04\/WhatsApp-Image-2024-04-22-at-07.08.15-1.jpeg","width":1600,"height":1200},{"@type":"BreadcrumbList","@id":"https:\/\/www.fundacionanse.org\/resalar\/2024\/04\/29\/8-artistas-de-la-fundacion-thyssen-visitan-las-salinas-de-marchamalo\/#breadcrumb","itemListElement":[{"@type":"ListItem","position":1,"name":"Portada","item":"https:\/\/www.fundacionanse.org\/resalar\/"},{"@type":"ListItem","position":2,"name":"8 artistas de la Fundaci\u00f3n Thyssen visitan las Salinas de Marchamalo"}]},{"@type":"WebSite","@id":"https:\/\/www.fundacionanse.org\/resalar\/#website","url":"https:\/\/www.fundacionanse.org\/resalar\/","name":"RESALAR","description":"Regeneraci\u00f3n de salinas y arenales en el Mar Menor","publisher":{"@id":"https:\/\/www.fundacionanse.org\/resalar\/#organization"},"potentialAction":[{"@type":"SearchAction","target":{"@type":"EntryPoint","urlTemplate":"https:\/\/www.fundacionanse.org\/resalar\/?s={search_term_string}"},"query-input":{"@type":"PropertyValueSpecification","valueRequired":true,"valueName":"search_term_string"}}],"inLanguage":"es"},{"@type":"Organization","@id":"https:\/\/www.fundacionanse.org\/resalar\/#organization","name":"RESALAR","url":"https:\/\/www.fundacionanse.org\/resalar\/","logo":{"@type":"ImageObject","inLanguage":"es","@id":"https:\/\/www.fundacionanse.org\/resalar\/#\/schema\/logo\/image\/","url":"https:\/\/www.fundacionanse.org\/resalar\/wp-content\/uploads\/sites\/5\/2024\/02\/resalar-web_vertical-color.svg","contentUrl":"https:\/\/www.fundacionanse.org\/resalar\/wp-content\/uploads\/sites\/5\/2024\/02\/resalar-web_vertical-color.svg","width":168,"height":188,"caption":"RESALAR"},"image":{"@id":"https:\/\/www.fundacionanse.org\/resalar\/#\/schema\/logo\/image\/"},"sameAs":["https:\/\/www.facebook.com\/FundacionANSE","https:\/\/x.com\/fundacionanse","https:\/\/www.instagram.com\/fundacionanse\/"]},{"@type":"Person","@id":"https:\/\/www.fundacionanse.org\/resalar\/#\/schema\/person\/825d0b66cfeac78d8671653dd99a9823","name":"alicia","image":{"@type":"ImageObject","inLanguage":"es","@id":"https:\/\/www.fundacionanse.org\/resalar\/#\/schema\/person\/image\/","url":"https:\/\/secure.gravatar.com\/avatar\/8ea2aaa5672bd433d40f04b94a58fc94bcebbd601dd2a6a43a24e2e272228529?s=96&d=mm&r=g","contentUrl":"https:\/\/secure.gravatar.com\/avatar\/8ea2aaa5672bd433d40f04b94a58fc94bcebbd601dd2a6a43a24e2e272228529?s=96&d=mm&r=g","caption":"alicia"},"url":"https:\/\/www.fundacionanse.org\/resalar\/author\/alicia\/"}]}},"_links":{"self":[{"href":"https:\/\/www.fundacionanse.org\/resalar\/wp-json\/wp\/v2\/posts\/948","targetHints":{"allow":["GET"]}}],"collection":[{"href":"https:\/\/www.fundacionanse.org\/resalar\/wp-json\/wp\/v2\/posts"}],"about":[{"href":"https:\/\/www.fundacionanse.org\/resalar\/wp-json\/wp\/v2\/types\/post"}],"author":[{"embeddable":true,"href":"https:\/\/www.fundacionanse.org\/resalar\/wp-json\/wp\/v2\/users\/6"}],"replies":[{"embeddable":true,"href":"https:\/\/www.fundacionanse.org\/resalar\/wp-json\/wp\/v2\/comments?post=948"}],"version-history":[{"count":0,"href":"https:\/\/www.fundacionanse.org\/resalar\/wp-json\/wp\/v2\/posts\/948\/revisions"}],"wp:featuredmedia":[{"embeddable":true,"href":"https:\/\/www.fundacionanse.org\/resalar\/wp-json\/wp\/v2\/media\/949"}],"wp:attachment":[{"href":"https:\/\/www.fundacionanse.org\/resalar\/wp-json\/wp\/v2\/media?parent=948"}],"wp:term":[{"taxonomy":"category","embeddable":true,"href":"https:\/\/www.fundacionanse.org\/resalar\/wp-json\/wp\/v2\/categories?post=948"},{"taxonomy":"post_tag","embeddable":true,"href":"https:\/\/www.fundacionanse.org\/resalar\/wp-json\/wp\/v2\/tags?post=948"}],"curies":[{"name":"wp","href":"https:\/\/api.w.org\/{rel}","templated":true}]}}