{"id":952,"date":"2024-05-31T11:43:48","date_gmt":"2024-05-31T11:43:48","guid":{"rendered":"https:\/\/www.fundacionanse.org\/resalar\/?p=952"},"modified":"2024-05-31T11:43:49","modified_gmt":"2024-05-31T11:43:49","slug":"restaurar-salinas-abandonadas-es-clave-en-la-lucha-contra-la-perdida-de-biodiversidad-y-la-crisis-climatica","status":"publish","type":"post","link":"https:\/\/www.fundacionanse.org\/resalar\/2024\/05\/31\/restaurar-salinas-abandonadas-es-clave-en-la-lucha-contra-la-perdida-de-biodiversidad-y-la-crisis-climatica\/","title":{"rendered":"Restaurar salinas abandonadas es clave en la lucha contra la p\u00e9rdida de biodiversidad y la crisis clim\u00e1tica"},"content":{"rendered":"\n<ul class=\"wp-block-list\">\n<li><strong>En las salinas, que son producto de la gesti\u00f3n de los humanos, se generan ecosistemas m\u00e1s biodiversos que antes de su creaci\u00f3n, sin embargo en el Mediterr\u00e1neo el 90% de las salinas han desaparecido por presi\u00f3n urban\u00edstica y baja rentabilidad de las explotaciones<\/strong><\/li>\n\n\n\n<li><strong>La restauraci\u00f3n de salinas abandonadas son proyectos complejos que deber\u00edan contar con equipos multidisciplinares en su ejecuci\u00f3n y el impulso decidido de todas las administraciones debido a los importantes beneficios ambientales, sociales y econ\u00f3micos que aportan.<\/strong><\/li>\n\n\n\n<li><strong>La innovaci\u00f3n, la diversificaci\u00f3n de productos y servicios ofrecidos y la participaci\u00f3n de los vecinos son elementos claves para el \u00e9xito de la restauraci\u00f3n de salinas abandonadas y su adaptaci\u00f3n a los efectos del cambio clim\u00e1tico.<\/strong><\/li>\n<\/ul>\n\n\n\n<figure class=\"wp-block-image size-large\"><img decoding=\"async\" width=\"1024\" height=\"683\" src=\"https:\/\/www.fundacionanse.org\/resalar\/wp-content\/uploads\/sites\/5\/2024\/05\/talleres-anse-alicia-delicado-4-1024x683.jpg\" alt=\"\" class=\"wp-image-953\" srcset=\"https:\/\/www.fundacionanse.org\/resalar\/wp-content\/uploads\/sites\/5\/2024\/05\/talleres-anse-alicia-delicado-4-1024x683.jpg 1024w, https:\/\/www.fundacionanse.org\/resalar\/wp-content\/uploads\/sites\/5\/2024\/05\/talleres-anse-alicia-delicado-4-300x200.jpg 300w, https:\/\/www.fundacionanse.org\/resalar\/wp-content\/uploads\/sites\/5\/2024\/05\/talleres-anse-alicia-delicado-4-768x512.jpg 768w, https:\/\/www.fundacionanse.org\/resalar\/wp-content\/uploads\/sites\/5\/2024\/05\/talleres-anse-alicia-delicado-4.jpg 1500w\" sizes=\"(max-width: 1024px) 100vw, 1024px\" \/><figcaption class=\"wp-element-caption\">Visita Salinas de Marchamalo durante los talleres de restauraci\u00f3n ecol\u00f3gica de salinas FOTO: ANSE (C)<\/figcaption><\/figure>\n\n\n\n<p>Las recuperadas naves salineras de las salinas de Marchamalo, en el sur del Mar Menor, han acogido durante dos d\u00edas un Seminario sobre restauraci\u00f3n ecol\u00f3gica de salinas abandonadas organizado por WWF Espa\u00f1a, Fundaci\u00f3n ANSE, ANSE y el IEO en el marco del proyecto RESALAR. El Seminario ha congregado a una treintena de expertos, investigadores y entidades implicados en la restauraci\u00f3n, explotaci\u00f3n y conservaci\u00f3n de salinas costeras y de interior procedentes de diferentes puntos de Espa\u00f1a y Portugal.\u00a0<\/p>\n\n\n\n<p>Durante dos d\u00edas, administraciones, organizaciones de conservaci\u00f3n, fundaciones privadas, empresas salineras e investigadores han visitado las 8 ha que est\u00e1n siendo recuperadas por el proyecto RESALAR en las Salinas de Marchamalo, al sur del Mar Menor. Los participantes han abordado los retos ambientales y administrativos, el papel que juegan en el desarrollo socioecon\u00f3mico local y los productos y servicios que proveen los paisajes de la sal y las salinas recuperadas; en un Seminario que ha tenido lugar en las recuperadas naves salineras del proyecto.<\/p>\n\n\n\n<p>El Seminario ha arrancado analizando los retos ambientales de la restauraci\u00f3n ecol\u00f3gica de salinas abandonadas y las experiencias aportadas por la asociaci\u00f3n Vita Nativa, que trabaja en el Algarve de Portugal; la asociaci\u00f3n GOB Menorca con la recuperaci\u00f3n de la salina La Concepci\u00f3n en Menorca; la empresa Salina la Trinitat, de Tarragona, con un proyecto salinero industrial en Delta del Ebro y otro en Francia&nbsp; y la Asociaci\u00f3n Calblanque, de la Regi\u00f3n de Murcia. En todos los casos se ha reconocido la importancia de las salinas, y la necesidad de su recuperaci\u00f3n, en la conservaci\u00f3n de los h\u00e1bitats de humedales y entornos salinos y de su biodiversidad asociada, tanto en la costa como en las salinas de interior y con independencia de su orientaci\u00f3n industrial o artesanal.<\/p>\n\n\n\n<p>Tambi\u00e9n se ha abordado la complejidad administrativa que tienen que abordar las iniciativas de restauraci\u00f3n de las salinas abandonadas. Durante la sesi\u00f3n se ha contado con la participaci\u00f3n de la Administraci\u00f3n regional, la Demarcaci\u00f3n de Costas de la Regi\u00f3n de Murcia, la Oficina T\u00e9cnica del Mar Menor de Murcia y el Ayuntamiento de Cartagena.&nbsp; Se ha destacado la necesidad de contar con equipos multidisciplinares y con experiencia para abordar los requerimientos legales de proyectos complejos y desafiantes como son la recuperaci\u00f3n de la actividad salinera con una perspectiva ambiental.&nbsp;<\/p>\n\n\n\n<p>El Seminario ha abordado como los paisajes de sal pueden ser motores de desarrollo socioecon\u00f3mico local y de empleo a trav\u00e9s de las experiencias presentadas por la Oficina de Cooperaci\u00f3n para el Mediterr\u00e1neo de UICN como parte del proyecto Medartsal, las acciones de innovaci\u00f3n y nuevos productos desarrollados por la empresa Salina Greens dedicada a la producci\u00f3n agr\u00edcola org\u00e1nica de los entornos de salinas abandonadas o la recuperaci\u00f3n de las Salinas de San Juan en Saelices de la Sal (Guadalajara) realizada por FUNADER. Los asistentes reconocieron la falta de personas especializadas en realizar los trabajos asociados a la explotaci\u00f3n salinera y la necesidad de formaci\u00f3n espec\u00edfica reglada.&nbsp;<\/p>\n\n\n\n<p>En la \u00faltima parte de las jornadas se ha podido conocer los productos y servicios que se derivan de los paisajes de la sal con las experiencias y los retos a los que se ha enfrentado la Fundaci\u00f3n Valle Salado en el Valle Salado de A\u00f1ana (\u00c1lava), Salinera Espa\u00f1ola de San Pedro del Pinatar. Tambi\u00e9n hemos podido conocer los servicios ecosist\u00e9micos que nos ofrecen este tipo de h\u00e1bitats y ambientes salinos y su papel como sumideros de carbono cuando presentan un buen estado de conservaci\u00f3n, a trav\u00e9s de los estudios realizados en esta materia por la Universidad de M\u00e1laga. Los asistentes pudieron conocer los avances del IEO en la recuperaci\u00f3n de la ostra del Mar Menor y de sus servicios ecosist\u00e9micos, as\u00ed como visitar las instalaciones de cultivo de ostra en las naves salineras.<\/p>\n\n\n\n<p>Los participantes han tenido la oportunidad de degustar diversos tipos de sal. Con las conclusiones y lecciones aprendidas a partir de las multitud de experiencias y excelentes ejemplos de restauraci\u00f3n y explotaci\u00f3n de salinas en la geograf\u00eda peninsular y Baleares, el proyecto RESLAR elaborar\u00e1 un Manual de Restauraci\u00f3n de salinas abandonadas.<\/p>\n\n\n\n<p><strong>Sobre el Proyecto RESALAR<\/strong><\/p>\n\n\n\n<p>El <strong>proyecto RESALAR<\/strong> tiene el objetivo de regenerar espacios del litoral del Mar Menor\u00a0 y su biodiversidad para fortalecer la resiliencia del litoral frente al cambio clim\u00e1tico y mejorar e incrementar los servicios ecosist\u00e9micos que proveen a la sociedad.<\/p>\n\n\n\n<p>Este proyecto, que coordina la Fundaci\u00f3n ANSE, y en el que participan la Asociaci\u00f3n de Naturalistas del Sureste, WWF-Espa\u00f1a y el Instituto Espa\u00f1ol de Oceanograf\u00eda, Centro Nacional de la Agencia Estatal Consejo Superior de Investigaciones Cient\u00edficas (IEO-CSIC), cuenta con el apoyo de la Fundaci\u00f3n Biodiversidad del Ministerio para la Transici\u00f3n Ecol\u00f3gica y el Reto Demogr\u00e1fico (MITECO), que aporta el 95% de la financiaci\u00f3n del proyecto, en el marco del Plan de Recuperaci\u00f3n, Transformaci\u00f3n y Resiliencia (PRTR), financiado por la Uni\u00f3n Europea \u2013 NextGenerationEU, y se encuentra vinculado al Marco de Actuaciones Prioritarias para la recuperaci\u00f3n del Mar Menor del Ministerio para la Transici\u00f3n Ecol\u00f3gica y el Reto Demogr\u00e1fico. El proyecto cuenta con la cofinanciaci\u00f3n de la Fundaci\u00f3n Estrella de Levante y con la colaboraci\u00f3n de Salinera Espa\u00f1ola y de Biocyma.<\/p>\n","protected":false},"excerpt":{"rendered":"<p>Las recuperadas naves salineras de las salinas de Marchamalo, en el sur del Mar Menor, han acogido durante dos d\u00edas un Seminario sobre restauraci\u00f3n ecol\u00f3gica de salinas abandonadas organizado por WWF Espa\u00f1a, Fundaci\u00f3n ANSE, ANSE y el IEO en el marco del proyecto RESALAR. El Seminario ha congregado a una treintena de expertos, investigadores y &#8230; <a title=\"Restaurar salinas abandonadas es clave en la lucha contra la p\u00e9rdida de biodiversidad y la crisis clim\u00e1tica\" class=\"read-more\" href=\"https:\/\/www.fundacionanse.org\/resalar\/2024\/05\/31\/restaurar-salinas-abandonadas-es-clave-en-la-lucha-contra-la-perdida-de-biodiversidad-y-la-crisis-climatica\/\" aria-label=\"Leer m\u00e1s sobre Restaurar salinas abandonadas es clave en la lucha contra la p\u00e9rdida de biodiversidad y la crisis clim\u00e1tica\">Leer m\u00e1s<\/a><\/p>\n","protected":false},"author":6,"featured_media":954,"comment_status":"closed","ping_status":"closed","sticky":false,"template":"","format":"standard","meta":{"inline_featured_image":false,"footnotes":""},"categories":[1],"tags":[],"class_list":["post-952","post","type-post","status-publish","format-standard","has-post-thumbnail","hentry","category-actualidad","generate-columns","tablet-grid-50","mobile-grid-100","grid-parent","grid-33","resize-featured-image"],"yoast_head":"<!-- This site is optimized with the Yoast SEO plugin v26.9 - https:\/\/yoast.com\/product\/yoast-seo-wordpress\/ -->\n<title>Restaurar salinas abandonadas es clave en la lucha contra la p\u00e9rdida de biodiversidad y la crisis clim\u00e1tica - RESALAR<\/title>\n<meta name=\"robots\" content=\"index, follow, max-snippet:-1, max-image-preview:large, max-video-preview:-1\" \/>\n<link rel=\"canonical\" href=\"https:\/\/www.fundacionanse.org\/resalar\/2024\/05\/31\/restaurar-salinas-abandonadas-es-clave-en-la-lucha-contra-la-perdida-de-biodiversidad-y-la-crisis-climatica\/\" \/>\n<meta property=\"og:locale\" content=\"es_ES\" \/>\n<meta property=\"og:type\" content=\"article\" \/>\n<meta property=\"og:title\" content=\"Restaurar salinas abandonadas es clave en la lucha contra la p\u00e9rdida de biodiversidad y la crisis clim\u00e1tica - RESALAR\" \/>\n<meta property=\"og:description\" content=\"Las recuperadas naves salineras de las salinas de Marchamalo, en el sur del Mar Menor, han acogido durante dos d\u00edas un Seminario sobre restauraci\u00f3n ecol\u00f3gica de salinas abandonadas organizado por WWF Espa\u00f1a, Fundaci\u00f3n ANSE, ANSE y el IEO en el marco del proyecto RESALAR. El Seminario ha congregado a una treintena de expertos, investigadores y ... Leer m\u00e1s\" \/>\n<meta property=\"og:url\" content=\"https:\/\/www.fundacionanse.org\/resalar\/2024\/05\/31\/restaurar-salinas-abandonadas-es-clave-en-la-lucha-contra-la-perdida-de-biodiversidad-y-la-crisis-climatica\/\" \/>\n<meta property=\"og:site_name\" content=\"RESALAR\" \/>\n<meta property=\"article:publisher\" content=\"https:\/\/www.facebook.com\/FundacionANSE\" \/>\n<meta property=\"article:published_time\" content=\"2024-05-31T11:43:48+00:00\" \/>\n<meta property=\"article:modified_time\" content=\"2024-05-31T11:43:49+00:00\" \/>\n<meta property=\"og:image\" content=\"https:\/\/www.fundacionanse.org\/resalar\/wp-content\/uploads\/sites\/5\/2024\/05\/Talleres-sal-anse-alicia-d-66.jpg\" \/>\n\t<meta property=\"og:image:width\" content=\"1500\" \/>\n\t<meta property=\"og:image:height\" content=\"1125\" \/>\n\t<meta property=\"og:image:type\" content=\"image\/jpeg\" \/>\n<meta name=\"author\" content=\"alicia\" \/>\n<meta name=\"twitter:card\" content=\"summary_large_image\" \/>\n<meta name=\"twitter:creator\" content=\"@fundacionanse\" \/>\n<meta name=\"twitter:site\" content=\"@fundacionanse\" \/>\n<meta name=\"twitter:label1\" content=\"Escrito por\" \/>\n\t<meta name=\"twitter:data1\" content=\"alicia\" \/>\n\t<meta name=\"twitter:label2\" content=\"Tiempo de lectura\" \/>\n\t<meta name=\"twitter:data2\" content=\"5 minutos\" \/>\n<script type=\"application\/ld+json\" class=\"yoast-schema-graph\">{\"@context\":\"https:\/\/schema.org\",\"@graph\":[{\"@type\":\"Article\",\"@id\":\"https:\/\/www.fundacionanse.org\/resalar\/2024\/05\/31\/restaurar-salinas-abandonadas-es-clave-en-la-lucha-contra-la-perdida-de-biodiversidad-y-la-crisis-climatica\/#article\",\"isPartOf\":{\"@id\":\"https:\/\/www.fundacionanse.org\/resalar\/2024\/05\/31\/restaurar-salinas-abandonadas-es-clave-en-la-lucha-contra-la-perdida-de-biodiversidad-y-la-crisis-climatica\/\"},\"author\":{\"name\":\"alicia\",\"@id\":\"https:\/\/www.fundacionanse.org\/resalar\/#\/schema\/person\/825d0b66cfeac78d8671653dd99a9823\"},\"headline\":\"Restaurar salinas abandonadas es clave en la lucha contra la p\u00e9rdida de biodiversidad y la crisis clim\u00e1tica\",\"datePublished\":\"2024-05-31T11:43:48+00:00\",\"dateModified\":\"2024-05-31T11:43:49+00:00\",\"mainEntityOfPage\":{\"@id\":\"https:\/\/www.fundacionanse.org\/resalar\/2024\/05\/31\/restaurar-salinas-abandonadas-es-clave-en-la-lucha-contra-la-perdida-de-biodiversidad-y-la-crisis-climatica\/\"},\"wordCount\":1094,\"publisher\":{\"@id\":\"https:\/\/www.fundacionanse.org\/resalar\/#organization\"},\"image\":{\"@id\":\"https:\/\/www.fundacionanse.org\/resalar\/2024\/05\/31\/restaurar-salinas-abandonadas-es-clave-en-la-lucha-contra-la-perdida-de-biodiversidad-y-la-crisis-climatica\/#primaryimage\"},\"thumbnailUrl\":\"https:\/\/www.fundacionanse.org\/resalar\/wp-content\/uploads\/sites\/5\/2024\/05\/Talleres-sal-anse-alicia-d-66.jpg\",\"articleSection\":[\"Actualidad\"],\"inLanguage\":\"es\"},{\"@type\":\"WebPage\",\"@id\":\"https:\/\/www.fundacionanse.org\/resalar\/2024\/05\/31\/restaurar-salinas-abandonadas-es-clave-en-la-lucha-contra-la-perdida-de-biodiversidad-y-la-crisis-climatica\/\",\"url\":\"https:\/\/www.fundacionanse.org\/resalar\/2024\/05\/31\/restaurar-salinas-abandonadas-es-clave-en-la-lucha-contra-la-perdida-de-biodiversidad-y-la-crisis-climatica\/\",\"name\":\"Restaurar salinas abandonadas es clave en la lucha contra la p\u00e9rdida de biodiversidad y la crisis clim\u00e1tica - RESALAR\",\"isPartOf\":{\"@id\":\"https:\/\/www.fundacionanse.org\/resalar\/#website\"},\"primaryImageOfPage\":{\"@id\":\"https:\/\/www.fundacionanse.org\/resalar\/2024\/05\/31\/restaurar-salinas-abandonadas-es-clave-en-la-lucha-contra-la-perdida-de-biodiversidad-y-la-crisis-climatica\/#primaryimage\"},\"image\":{\"@id\":\"https:\/\/www.fundacionanse.org\/resalar\/2024\/05\/31\/restaurar-salinas-abandonadas-es-clave-en-la-lucha-contra-la-perdida-de-biodiversidad-y-la-crisis-climatica\/#primaryimage\"},\"thumbnailUrl\":\"https:\/\/www.fundacionanse.org\/resalar\/wp-content\/uploads\/sites\/5\/2024\/05\/Talleres-sal-anse-alicia-d-66.jpg\",\"datePublished\":\"2024-05-31T11:43:48+00:00\",\"dateModified\":\"2024-05-31T11:43:49+00:00\",\"breadcrumb\":{\"@id\":\"https:\/\/www.fundacionanse.org\/resalar\/2024\/05\/31\/restaurar-salinas-abandonadas-es-clave-en-la-lucha-contra-la-perdida-de-biodiversidad-y-la-crisis-climatica\/#breadcrumb\"},\"inLanguage\":\"es\",\"potentialAction\":[{\"@type\":\"ReadAction\",\"target\":[\"https:\/\/www.fundacionanse.org\/resalar\/2024\/05\/31\/restaurar-salinas-abandonadas-es-clave-en-la-lucha-contra-la-perdida-de-biodiversidad-y-la-crisis-climatica\/\"]}]},{\"@type\":\"ImageObject\",\"inLanguage\":\"es\",\"@id\":\"https:\/\/www.fundacionanse.org\/resalar\/2024\/05\/31\/restaurar-salinas-abandonadas-es-clave-en-la-lucha-contra-la-perdida-de-biodiversidad-y-la-crisis-climatica\/#primaryimage\",\"url\":\"https:\/\/www.fundacionanse.org\/resalar\/wp-content\/uploads\/sites\/5\/2024\/05\/Talleres-sal-anse-alicia-d-66.jpg\",\"contentUrl\":\"https:\/\/www.fundacionanse.org\/resalar\/wp-content\/uploads\/sites\/5\/2024\/05\/Talleres-sal-anse-alicia-d-66.jpg\",\"width\":1500,\"height\":1125},{\"@type\":\"BreadcrumbList\",\"@id\":\"https:\/\/www.fundacionanse.org\/resalar\/2024\/05\/31\/restaurar-salinas-abandonadas-es-clave-en-la-lucha-contra-la-perdida-de-biodiversidad-y-la-crisis-climatica\/#breadcrumb\",\"itemListElement\":[{\"@type\":\"ListItem\",\"position\":1,\"name\":\"Portada\",\"item\":\"https:\/\/www.fundacionanse.org\/resalar\/\"},{\"@type\":\"ListItem\",\"position\":2,\"name\":\"Restaurar salinas abandonadas es clave en la lucha contra la p\u00e9rdida de biodiversidad y la crisis clim\u00e1tica\"}]},{\"@type\":\"WebSite\",\"@id\":\"https:\/\/www.fundacionanse.org\/resalar\/#website\",\"url\":\"https:\/\/www.fundacionanse.org\/resalar\/\",\"name\":\"RESALAR\",\"description\":\"Regeneraci\u00f3n de salinas y arenales en el Mar Menor\",\"publisher\":{\"@id\":\"https:\/\/www.fundacionanse.org\/resalar\/#organization\"},\"potentialAction\":[{\"@type\":\"SearchAction\",\"target\":{\"@type\":\"EntryPoint\",\"urlTemplate\":\"https:\/\/www.fundacionanse.org\/resalar\/?s={search_term_string}\"},\"query-input\":{\"@type\":\"PropertyValueSpecification\",\"valueRequired\":true,\"valueName\":\"search_term_string\"}}],\"inLanguage\":\"es\"},{\"@type\":\"Organization\",\"@id\":\"https:\/\/www.fundacionanse.org\/resalar\/#organization\",\"name\":\"RESALAR\",\"url\":\"https:\/\/www.fundacionanse.org\/resalar\/\",\"logo\":{\"@type\":\"ImageObject\",\"inLanguage\":\"es\",\"@id\":\"https:\/\/www.fundacionanse.org\/resalar\/#\/schema\/logo\/image\/\",\"url\":\"https:\/\/www.fundacionanse.org\/resalar\/wp-content\/uploads\/sites\/5\/2024\/02\/resalar-web_vertical-color.svg\",\"contentUrl\":\"https:\/\/www.fundacionanse.org\/resalar\/wp-content\/uploads\/sites\/5\/2024\/02\/resalar-web_vertical-color.svg\",\"width\":168,\"height\":188,\"caption\":\"RESALAR\"},\"image\":{\"@id\":\"https:\/\/www.fundacionanse.org\/resalar\/#\/schema\/logo\/image\/\"},\"sameAs\":[\"https:\/\/www.facebook.com\/FundacionANSE\",\"https:\/\/x.com\/fundacionanse\",\"https:\/\/www.instagram.com\/fundacionanse\/\"]},{\"@type\":\"Person\",\"@id\":\"https:\/\/www.fundacionanse.org\/resalar\/#\/schema\/person\/825d0b66cfeac78d8671653dd99a9823\",\"name\":\"alicia\",\"image\":{\"@type\":\"ImageObject\",\"inLanguage\":\"es\",\"@id\":\"https:\/\/www.fundacionanse.org\/resalar\/#\/schema\/person\/image\/\",\"url\":\"https:\/\/secure.gravatar.com\/avatar\/8ea2aaa5672bd433d40f04b94a58fc94bcebbd601dd2a6a43a24e2e272228529?s=96&d=mm&r=g\",\"contentUrl\":\"https:\/\/secure.gravatar.com\/avatar\/8ea2aaa5672bd433d40f04b94a58fc94bcebbd601dd2a6a43a24e2e272228529?s=96&d=mm&r=g\",\"caption\":\"alicia\"},\"url\":\"https:\/\/www.fundacionanse.org\/resalar\/author\/alicia\/\"}]}<\/script>\n<!-- \/ Yoast SEO plugin. -->","yoast_head_json":{"title":"Restaurar salinas abandonadas es clave en la lucha contra la p\u00e9rdida de biodiversidad y la crisis clim\u00e1tica - RESALAR","robots":{"index":"index","follow":"follow","max-snippet":"max-snippet:-1","max-image-preview":"max-image-preview:large","max-video-preview":"max-video-preview:-1"},"canonical":"https:\/\/www.fundacionanse.org\/resalar\/2024\/05\/31\/restaurar-salinas-abandonadas-es-clave-en-la-lucha-contra-la-perdida-de-biodiversidad-y-la-crisis-climatica\/","og_locale":"es_ES","og_type":"article","og_title":"Restaurar salinas abandonadas es clave en la lucha contra la p\u00e9rdida de biodiversidad y la crisis clim\u00e1tica - RESALAR","og_description":"Las recuperadas naves salineras de las salinas de Marchamalo, en el sur del Mar Menor, han acogido durante dos d\u00edas un Seminario sobre restauraci\u00f3n ecol\u00f3gica de salinas abandonadas organizado por WWF Espa\u00f1a, Fundaci\u00f3n ANSE, ANSE y el IEO en el marco del proyecto RESALAR. El Seminario ha congregado a una treintena de expertos, investigadores y ... Leer m\u00e1s","og_url":"https:\/\/www.fundacionanse.org\/resalar\/2024\/05\/31\/restaurar-salinas-abandonadas-es-clave-en-la-lucha-contra-la-perdida-de-biodiversidad-y-la-crisis-climatica\/","og_site_name":"RESALAR","article_publisher":"https:\/\/www.facebook.com\/FundacionANSE","article_published_time":"2024-05-31T11:43:48+00:00","article_modified_time":"2024-05-31T11:43:49+00:00","og_image":[{"width":1500,"height":1125,"url":"https:\/\/www.fundacionanse.org\/resalar\/wp-content\/uploads\/sites\/5\/2024\/05\/Talleres-sal-anse-alicia-d-66.jpg","type":"image\/jpeg"}],"author":"alicia","twitter_card":"summary_large_image","twitter_creator":"@fundacionanse","twitter_site":"@fundacionanse","twitter_misc":{"Escrito por":"alicia","Tiempo de lectura":"5 minutos"},"schema":{"@context":"https:\/\/schema.org","@graph":[{"@type":"Article","@id":"https:\/\/www.fundacionanse.org\/resalar\/2024\/05\/31\/restaurar-salinas-abandonadas-es-clave-en-la-lucha-contra-la-perdida-de-biodiversidad-y-la-crisis-climatica\/#article","isPartOf":{"@id":"https:\/\/www.fundacionanse.org\/resalar\/2024\/05\/31\/restaurar-salinas-abandonadas-es-clave-en-la-lucha-contra-la-perdida-de-biodiversidad-y-la-crisis-climatica\/"},"author":{"name":"alicia","@id":"https:\/\/www.fundacionanse.org\/resalar\/#\/schema\/person\/825d0b66cfeac78d8671653dd99a9823"},"headline":"Restaurar salinas abandonadas es clave en la lucha contra la p\u00e9rdida de biodiversidad y la crisis clim\u00e1tica","datePublished":"2024-05-31T11:43:48+00:00","dateModified":"2024-05-31T11:43:49+00:00","mainEntityOfPage":{"@id":"https:\/\/www.fundacionanse.org\/resalar\/2024\/05\/31\/restaurar-salinas-abandonadas-es-clave-en-la-lucha-contra-la-perdida-de-biodiversidad-y-la-crisis-climatica\/"},"wordCount":1094,"publisher":{"@id":"https:\/\/www.fundacionanse.org\/resalar\/#organization"},"image":{"@id":"https:\/\/www.fundacionanse.org\/resalar\/2024\/05\/31\/restaurar-salinas-abandonadas-es-clave-en-la-lucha-contra-la-perdida-de-biodiversidad-y-la-crisis-climatica\/#primaryimage"},"thumbnailUrl":"https:\/\/www.fundacionanse.org\/resalar\/wp-content\/uploads\/sites\/5\/2024\/05\/Talleres-sal-anse-alicia-d-66.jpg","articleSection":["Actualidad"],"inLanguage":"es"},{"@type":"WebPage","@id":"https:\/\/www.fundacionanse.org\/resalar\/2024\/05\/31\/restaurar-salinas-abandonadas-es-clave-en-la-lucha-contra-la-perdida-de-biodiversidad-y-la-crisis-climatica\/","url":"https:\/\/www.fundacionanse.org\/resalar\/2024\/05\/31\/restaurar-salinas-abandonadas-es-clave-en-la-lucha-contra-la-perdida-de-biodiversidad-y-la-crisis-climatica\/","name":"Restaurar salinas abandonadas es clave en la lucha contra la p\u00e9rdida de biodiversidad y la crisis clim\u00e1tica - RESALAR","isPartOf":{"@id":"https:\/\/www.fundacionanse.org\/resalar\/#website"},"primaryImageOfPage":{"@id":"https:\/\/www.fundacionanse.org\/resalar\/2024\/05\/31\/restaurar-salinas-abandonadas-es-clave-en-la-lucha-contra-la-perdida-de-biodiversidad-y-la-crisis-climatica\/#primaryimage"},"image":{"@id":"https:\/\/www.fundacionanse.org\/resalar\/2024\/05\/31\/restaurar-salinas-abandonadas-es-clave-en-la-lucha-contra-la-perdida-de-biodiversidad-y-la-crisis-climatica\/#primaryimage"},"thumbnailUrl":"https:\/\/www.fundacionanse.org\/resalar\/wp-content\/uploads\/sites\/5\/2024\/05\/Talleres-sal-anse-alicia-d-66.jpg","datePublished":"2024-05-31T11:43:48+00:00","dateModified":"2024-05-31T11:43:49+00:00","breadcrumb":{"@id":"https:\/\/www.fundacionanse.org\/resalar\/2024\/05\/31\/restaurar-salinas-abandonadas-es-clave-en-la-lucha-contra-la-perdida-de-biodiversidad-y-la-crisis-climatica\/#breadcrumb"},"inLanguage":"es","potentialAction":[{"@type":"ReadAction","target":["https:\/\/www.fundacionanse.org\/resalar\/2024\/05\/31\/restaurar-salinas-abandonadas-es-clave-en-la-lucha-contra-la-perdida-de-biodiversidad-y-la-crisis-climatica\/"]}]},{"@type":"ImageObject","inLanguage":"es","@id":"https:\/\/www.fundacionanse.org\/resalar\/2024\/05\/31\/restaurar-salinas-abandonadas-es-clave-en-la-lucha-contra-la-perdida-de-biodiversidad-y-la-crisis-climatica\/#primaryimage","url":"https:\/\/www.fundacionanse.org\/resalar\/wp-content\/uploads\/sites\/5\/2024\/05\/Talleres-sal-anse-alicia-d-66.jpg","contentUrl":"https:\/\/www.fundacionanse.org\/resalar\/wp-content\/uploads\/sites\/5\/2024\/05\/Talleres-sal-anse-alicia-d-66.jpg","width":1500,"height":1125},{"@type":"BreadcrumbList","@id":"https:\/\/www.fundacionanse.org\/resalar\/2024\/05\/31\/restaurar-salinas-abandonadas-es-clave-en-la-lucha-contra-la-perdida-de-biodiversidad-y-la-crisis-climatica\/#breadcrumb","itemListElement":[{"@type":"ListItem","position":1,"name":"Portada","item":"https:\/\/www.fundacionanse.org\/resalar\/"},{"@type":"ListItem","position":2,"name":"Restaurar salinas abandonadas es clave en la lucha contra la p\u00e9rdida de biodiversidad y la crisis clim\u00e1tica"}]},{"@type":"WebSite","@id":"https:\/\/www.fundacionanse.org\/resalar\/#website","url":"https:\/\/www.fundacionanse.org\/resalar\/","name":"RESALAR","description":"Regeneraci\u00f3n de salinas y arenales en el Mar Menor","publisher":{"@id":"https:\/\/www.fundacionanse.org\/resalar\/#organization"},"potentialAction":[{"@type":"SearchAction","target":{"@type":"EntryPoint","urlTemplate":"https:\/\/www.fundacionanse.org\/resalar\/?s={search_term_string}"},"query-input":{"@type":"PropertyValueSpecification","valueRequired":true,"valueName":"search_term_string"}}],"inLanguage":"es"},{"@type":"Organization","@id":"https:\/\/www.fundacionanse.org\/resalar\/#organization","name":"RESALAR","url":"https:\/\/www.fundacionanse.org\/resalar\/","logo":{"@type":"ImageObject","inLanguage":"es","@id":"https:\/\/www.fundacionanse.org\/resalar\/#\/schema\/logo\/image\/","url":"https:\/\/www.fundacionanse.org\/resalar\/wp-content\/uploads\/sites\/5\/2024\/02\/resalar-web_vertical-color.svg","contentUrl":"https:\/\/www.fundacionanse.org\/resalar\/wp-content\/uploads\/sites\/5\/2024\/02\/resalar-web_vertical-color.svg","width":168,"height":188,"caption":"RESALAR"},"image":{"@id":"https:\/\/www.fundacionanse.org\/resalar\/#\/schema\/logo\/image\/"},"sameAs":["https:\/\/www.facebook.com\/FundacionANSE","https:\/\/x.com\/fundacionanse","https:\/\/www.instagram.com\/fundacionanse\/"]},{"@type":"Person","@id":"https:\/\/www.fundacionanse.org\/resalar\/#\/schema\/person\/825d0b66cfeac78d8671653dd99a9823","name":"alicia","image":{"@type":"ImageObject","inLanguage":"es","@id":"https:\/\/www.fundacionanse.org\/resalar\/#\/schema\/person\/image\/","url":"https:\/\/secure.gravatar.com\/avatar\/8ea2aaa5672bd433d40f04b94a58fc94bcebbd601dd2a6a43a24e2e272228529?s=96&d=mm&r=g","contentUrl":"https:\/\/secure.gravatar.com\/avatar\/8ea2aaa5672bd433d40f04b94a58fc94bcebbd601dd2a6a43a24e2e272228529?s=96&d=mm&r=g","caption":"alicia"},"url":"https:\/\/www.fundacionanse.org\/resalar\/author\/alicia\/"}]}},"_links":{"self":[{"href":"https:\/\/www.fundacionanse.org\/resalar\/wp-json\/wp\/v2\/posts\/952","targetHints":{"allow":["GET"]}}],"collection":[{"href":"https:\/\/www.fundacionanse.org\/resalar\/wp-json\/wp\/v2\/posts"}],"about":[{"href":"https:\/\/www.fundacionanse.org\/resalar\/wp-json\/wp\/v2\/types\/post"}],"author":[{"embeddable":true,"href":"https:\/\/www.fundacionanse.org\/resalar\/wp-json\/wp\/v2\/users\/6"}],"replies":[{"embeddable":true,"href":"https:\/\/www.fundacionanse.org\/resalar\/wp-json\/wp\/v2\/comments?post=952"}],"version-history":[{"count":0,"href":"https:\/\/www.fundacionanse.org\/resalar\/wp-json\/wp\/v2\/posts\/952\/revisions"}],"wp:featuredmedia":[{"embeddable":true,"href":"https:\/\/www.fundacionanse.org\/resalar\/wp-json\/wp\/v2\/media\/954"}],"wp:attachment":[{"href":"https:\/\/www.fundacionanse.org\/resalar\/wp-json\/wp\/v2\/media?parent=952"}],"wp:term":[{"taxonomy":"category","embeddable":true,"href":"https:\/\/www.fundacionanse.org\/resalar\/wp-json\/wp\/v2\/categories?post=952"},{"taxonomy":"post_tag","embeddable":true,"href":"https:\/\/www.fundacionanse.org\/resalar\/wp-json\/wp\/v2\/tags?post=952"}],"curies":[{"name":"wp","href":"https:\/\/api.w.org\/{rel}","templated":true}]}}