{"id":957,"date":"2024-07-12T13:33:09","date_gmt":"2024-07-12T13:33:09","guid":{"rendered":"https:\/\/www.fundacionanse.org\/resalar\/?p=957"},"modified":"2024-07-12T13:43:30","modified_gmt":"2024-07-12T13:43:30","slug":"las-dunas-y-la-flora-autoctona-de-la-manga-vuelven-a-la-caleta-de-el-estacio","status":"publish","type":"post","link":"https:\/\/www.fundacionanse.org\/resalar\/2024\/07\/12\/las-dunas-y-la-flora-autoctona-de-la-manga-vuelven-a-la-caleta-de-el-estacio\/","title":{"rendered":"Las dunas y la flora aut\u00f3ctona de la Manga vuelven a la caleta de El Estacio"},"content":{"rendered":"\n<p>La regeneraci\u00f3n dunar en la Caleta del Estacio comienza a dar sus frutos, revelando un <strong>paisaje lleno de biodiversidad vegetal<\/strong> caracter\u00edstica de las dunas, que ha sido posible gracias a la&nbsp;<strong>eliminaci\u00f3n del bosquete de acacias,&nbsp;<\/strong>que se form\u00f3 tras d\u00e9cadas de abandono de este espacio costero.<\/p>\n\n\n\n<p>Desde el inicio del proyecto, ANSE ha trabajado en la retirada de estos \u00e1rboles, originarios de Australia, y considerados como una de las especies invasoras m\u00e1s transformadoras del h\u00e1bitat, ya que son capaces de eliminar por completo a la flora aut\u00f3ctona.<\/p>\n\n\n\n<p>Los llamativos pl\u00e1sticos que cubren el suelo son temporales y, son hasta ahora la t\u00e9cnica m\u00e1s eficaz en el control de estas especies. Esta t\u00e9cnica se denomina <strong>solarizaci\u00f3n<\/strong>, y consiste en cubrir el suelo con lonas de polietileno durante los meses m\u00e1s c\u00e1lidos del a\u00f1o. Bajo estas lonas, el calor generado por el sol eleva significativamente la temperatura del suelo, lo cual es crucial para eliminar las semillas de plantas invasoras y otras partes vegetativas mediante el calor extremo. Despu\u00e9s de dos veranos, se retiran los pl\u00e1sticos, y se lleva a cabo un mantenimiento para evitar rebrotes. De hecho, actualmente, se est\u00e1 llevando la eliminaci\u00f3n de rebrotes en las \u00e1reas donde se ha retirado el pl\u00e1stico de solarizado, mientras que a\u00fan queda una secci\u00f3n cubierta por polietileno, que se mantendr\u00e1 hasta el pr\u00f3ximo a\u00f1o.<\/p>\n\n\n\n<p>En aquellas zonas en que ya se ha conseguido controlar la acacia, las dunas comienzan a ser colonizadas por diversas especies de flora dunar aut\u00f3ctona que se extienden por esta playa, destacando la amapola de mar (<em>Glaucium flavum<\/em>), el lirio de mar (<em>Pancratium maritimum L.),<\/em> el hinojo de mar (<em>Crithmum maritimum<\/em>), el cardo mar\u00edtimo (<em>Eryngium maritimum<\/em>), las lechugillas falsas (<em>Launaea fragilis<\/em>) y la cent\u00e1urea menor (<em>Centaurium pulchellum<\/em>). Todo ello gracias, en gran parte, a las plantaciones realizadas con ejemplares producidos en vivero.<\/p>\n\n\n\n<div class=\"wp-block-columns is-layout-flex wp-container-core-columns-is-layout-9d6595d7 wp-block-columns-is-layout-flex\">\n<div class=\"wp-block-column is-layout-flow wp-block-column-is-layout-flow\">\n<figure class=\"wp-block-image size-full is-resized\"><img decoding=\"async\" width=\"1011\" height=\"800\" src=\"https:\/\/www.fundacionanse.org\/resalar\/wp-content\/uploads\/sites\/5\/2024\/07\/IMG_9156-1.jpg\" alt=\"\" class=\"wp-image-972\" style=\"width:545px;height:auto\" srcset=\"https:\/\/www.fundacionanse.org\/resalar\/wp-content\/uploads\/sites\/5\/2024\/07\/IMG_9156-1.jpg 1011w, https:\/\/www.fundacionanse.org\/resalar\/wp-content\/uploads\/sites\/5\/2024\/07\/IMG_9156-1-300x237.jpg 300w, https:\/\/www.fundacionanse.org\/resalar\/wp-content\/uploads\/sites\/5\/2024\/07\/IMG_9156-1-768x608.jpg 768w\" sizes=\"(max-width: 1011px) 100vw, 1011px\" \/><figcaption class=\"wp-element-caption\">Cardo mar\u00edtimo (<em>Eryngium maritimum<\/em>) FOTO: Alicia Delicado (C)<\/figcaption><\/figure>\n<\/div>\n\n\n\n<div class=\"wp-block-column is-layout-flow wp-block-column-is-layout-flow\">\n<figure class=\"wp-block-image size-large is-resized\"><img decoding=\"async\" width=\"1024\" height=\"761\" src=\"https:\/\/www.fundacionanse.org\/resalar\/wp-content\/uploads\/sites\/5\/2024\/07\/flor-dunar-1024x761.jpeg\" alt=\"\" class=\"wp-image-964\" style=\"width:581px;height:auto\" srcset=\"https:\/\/www.fundacionanse.org\/resalar\/wp-content\/uploads\/sites\/5\/2024\/07\/flor-dunar-1024x761.jpeg 1024w, https:\/\/www.fundacionanse.org\/resalar\/wp-content\/uploads\/sites\/5\/2024\/07\/flor-dunar-300x223.jpeg 300w, https:\/\/www.fundacionanse.org\/resalar\/wp-content\/uploads\/sites\/5\/2024\/07\/flor-dunar-768x571.jpeg 768w, https:\/\/www.fundacionanse.org\/resalar\/wp-content\/uploads\/sites\/5\/2024\/07\/flor-dunar.jpeg 1044w\" sizes=\"(max-width: 1024px) 100vw, 1024px\" \/><figcaption class=\"wp-element-caption\">Cent\u00e1urea menor (<em>Centaurium pulchellum<\/em>) FOTO: Alicia Prieto (C)<\/figcaption><\/figure>\n<\/div>\n<\/div>\n\n\n\n<p>Dentro del proyecto Resalar, tambi\u00e9n se trabaja en la restauraci\u00f3n y conservaci\u00f3n del <strong>espacio dunar de Monteblanco<\/strong>, que comenz\u00f3 ANSE en 2013, con la retirada de escombros y la plantaci\u00f3n de sabina de las dunas y pino pi\u00f1onero.<\/p>\n\n\n\n<figure class=\"wp-block-image size-large\"><img decoding=\"async\" width=\"1024\" height=\"683\" src=\"https:\/\/www.fundacionanse.org\/resalar\/wp-content\/uploads\/sites\/5\/2024\/07\/IMG_9242-1024x683.jpg\" alt=\"\" class=\"wp-image-969\" srcset=\"https:\/\/www.fundacionanse.org\/resalar\/wp-content\/uploads\/sites\/5\/2024\/07\/IMG_9242-1024x683.jpg 1024w, https:\/\/www.fundacionanse.org\/resalar\/wp-content\/uploads\/sites\/5\/2024\/07\/IMG_9242-300x200.jpg 300w, https:\/\/www.fundacionanse.org\/resalar\/wp-content\/uploads\/sites\/5\/2024\/07\/IMG_9242-768x512.jpg 768w, https:\/\/www.fundacionanse.org\/resalar\/wp-content\/uploads\/sites\/5\/2024\/07\/IMG_9242.jpg 1200w\" sizes=\"(max-width: 1024px) 100vw, 1024px\" \/><figcaption class=\"wp-element-caption\">Espacio dunar Monteblanco FOTO: Alicia Delicado (C)<\/figcaption><\/figure>\n\n\n\n<p>La Caleta del Estacio y el espacio de Monteblanco son ejemplos de c\u00f3mo la restauraci\u00f3n ecol\u00f3gica puede revitalizar y proteger los ecosistemas costeros. Los procesos de restauraci\u00f3n est\u00e1n revitalizando la biodiversidad aut\u00f3ctona y mejorando unos paisajes descuidados por su abandono.<\/p>\n\n\n\n<p>El proyecto&nbsp;<strong>RESALAR&nbsp;<\/strong>tiene el objetivo de regenerar espacios del litoral del Mar Menor&nbsp;y su biodiversidad para fortalecer la resiliencia del litoral frente al cambio clim\u00e1tico y mejorar e incrementar los servicios ecosist\u00e9micos que proveen a la sociedad.<\/p>\n\n\n\n<p>Este proyecto, que coordina la Fundaci\u00f3n ANSE, y en el que participan la Asociaci\u00f3n de Naturalistas del Sureste, WWF-Espa\u00f1a y el Instituto Espa\u00f1ol de Oceanograf\u00eda, Centro Nacional de la Agencia Estatal Consejo Superior de Investigaciones Cient\u00edficas (IEO-CSIC), cuenta con el apoyo de la Fundaci\u00f3n Biodiversidad del Ministerio para la Transici\u00f3n Ecol\u00f3gica y el Reto Demogr\u00e1fico (MITECO) en el marco del Plan de Recuperaci\u00f3n, Transformaci\u00f3n y Resiliencia (PRTR), financiado por la Uni\u00f3n Europea \u2013 NextGenerationEU y se encuentra vinculado al Marco de Actuaciones Prioritarias para la recuperaci\u00f3n del Mar Menor del Ministerio para la Transici\u00f3n Ecol\u00f3gica y el Reto Demogr\u00e1fico.<\/p>\n","protected":false},"excerpt":{"rendered":"<p>La regeneraci\u00f3n dunar en la Caleta del Estacio comienza a dar sus frutos, revelando un paisaje lleno de biodiversidad vegetal caracter\u00edstica de las dunas, que ha sido posible gracias a la&nbsp;eliminaci\u00f3n del bosquete de acacias,&nbsp;que se form\u00f3 tras d\u00e9cadas de abandono de este espacio costero. Desde el inicio del proyecto, ANSE ha trabajado en la &#8230; <a title=\"Las dunas y la flora aut\u00f3ctona de la Manga vuelven a la caleta de El Estacio\" class=\"read-more\" href=\"https:\/\/www.fundacionanse.org\/resalar\/2024\/07\/12\/las-dunas-y-la-flora-autoctona-de-la-manga-vuelven-a-la-caleta-de-el-estacio\/\" aria-label=\"Leer m\u00e1s sobre Las dunas y la flora aut\u00f3ctona de la Manga vuelven a la caleta de El Estacio\">Leer m\u00e1s<\/a><\/p>\n","protected":false},"author":6,"featured_media":959,"comment_status":"closed","ping_status":"closed","sticky":false,"template":"","format":"standard","meta":{"inline_featured_image":false,"footnotes":""},"categories":[1],"tags":[],"class_list":["post-957","post","type-post","status-publish","format-standard","has-post-thumbnail","hentry","category-actualidad","generate-columns","tablet-grid-50","mobile-grid-100","grid-parent","grid-33","resize-featured-image"],"yoast_head":"<!-- This site is optimized with the Yoast SEO plugin v26.9 - https:\/\/yoast.com\/product\/yoast-seo-wordpress\/ -->\n<title>Las dunas y la flora aut\u00f3ctona de la Manga vuelven a la caleta de El Estacio - RESALAR<\/title>\n<meta name=\"robots\" content=\"index, follow, max-snippet:-1, max-image-preview:large, max-video-preview:-1\" \/>\n<link rel=\"canonical\" href=\"https:\/\/www.fundacionanse.org\/resalar\/2024\/07\/12\/las-dunas-y-la-flora-autoctona-de-la-manga-vuelven-a-la-caleta-de-el-estacio\/\" \/>\n<meta property=\"og:locale\" content=\"es_ES\" \/>\n<meta property=\"og:type\" content=\"article\" \/>\n<meta property=\"og:title\" content=\"Las dunas y la flora aut\u00f3ctona de la Manga vuelven a la caleta de El Estacio - RESALAR\" \/>\n<meta property=\"og:description\" content=\"La regeneraci\u00f3n dunar en la Caleta del Estacio comienza a dar sus frutos, revelando un paisaje lleno de biodiversidad vegetal caracter\u00edstica de las dunas, que ha sido posible gracias a la&nbsp;eliminaci\u00f3n del bosquete de acacias,&nbsp;que se form\u00f3 tras d\u00e9cadas de abandono de este espacio costero. Desde el inicio del proyecto, ANSE ha trabajado en la ... Leer m\u00e1s\" \/>\n<meta property=\"og:url\" content=\"https:\/\/www.fundacionanse.org\/resalar\/2024\/07\/12\/las-dunas-y-la-flora-autoctona-de-la-manga-vuelven-a-la-caleta-de-el-estacio\/\" \/>\n<meta property=\"og:site_name\" content=\"RESALAR\" \/>\n<meta property=\"article:publisher\" content=\"https:\/\/www.facebook.com\/FundacionANSE\" \/>\n<meta property=\"article:published_time\" content=\"2024-07-12T13:33:09+00:00\" \/>\n<meta property=\"article:modified_time\" content=\"2024-07-12T13:43:30+00:00\" \/>\n<meta property=\"og:image\" content=\"https:\/\/www.fundacionanse.org\/resalar\/wp-content\/uploads\/sites\/5\/2024\/07\/IMG_9150.jpg\" \/>\n\t<meta property=\"og:image:width\" content=\"1300\" \/>\n\t<meta property=\"og:image:height\" content=\"866\" \/>\n\t<meta property=\"og:image:type\" content=\"image\/jpeg\" \/>\n<meta name=\"author\" content=\"alicia\" \/>\n<meta name=\"twitter:card\" content=\"summary_large_image\" \/>\n<meta name=\"twitter:creator\" content=\"@fundacionanse\" \/>\n<meta name=\"twitter:site\" content=\"@fundacionanse\" \/>\n<meta name=\"twitter:label1\" content=\"Escrito por\" \/>\n\t<meta name=\"twitter:data1\" content=\"alicia\" \/>\n\t<meta name=\"twitter:label2\" content=\"Tiempo de lectura\" \/>\n\t<meta name=\"twitter:data2\" content=\"4 minutos\" \/>\n<script type=\"application\/ld+json\" class=\"yoast-schema-graph\">{\"@context\":\"https:\/\/schema.org\",\"@graph\":[{\"@type\":\"Article\",\"@id\":\"https:\/\/www.fundacionanse.org\/resalar\/2024\/07\/12\/las-dunas-y-la-flora-autoctona-de-la-manga-vuelven-a-la-caleta-de-el-estacio\/#article\",\"isPartOf\":{\"@id\":\"https:\/\/www.fundacionanse.org\/resalar\/2024\/07\/12\/las-dunas-y-la-flora-autoctona-de-la-manga-vuelven-a-la-caleta-de-el-estacio\/\"},\"author\":{\"name\":\"alicia\",\"@id\":\"https:\/\/www.fundacionanse.org\/resalar\/#\/schema\/person\/825d0b66cfeac78d8671653dd99a9823\"},\"headline\":\"Las dunas y la flora aut\u00f3ctona de la Manga vuelven a la caleta de El Estacio\",\"datePublished\":\"2024-07-12T13:33:09+00:00\",\"dateModified\":\"2024-07-12T13:43:30+00:00\",\"mainEntityOfPage\":{\"@id\":\"https:\/\/www.fundacionanse.org\/resalar\/2024\/07\/12\/las-dunas-y-la-flora-autoctona-de-la-manga-vuelven-a-la-caleta-de-el-estacio\/\"},\"wordCount\":621,\"publisher\":{\"@id\":\"https:\/\/www.fundacionanse.org\/resalar\/#organization\"},\"image\":{\"@id\":\"https:\/\/www.fundacionanse.org\/resalar\/2024\/07\/12\/las-dunas-y-la-flora-autoctona-de-la-manga-vuelven-a-la-caleta-de-el-estacio\/#primaryimage\"},\"thumbnailUrl\":\"https:\/\/www.fundacionanse.org\/resalar\/wp-content\/uploads\/sites\/5\/2024\/07\/IMG_9150.jpg\",\"articleSection\":[\"Actualidad\"],\"inLanguage\":\"es\"},{\"@type\":\"WebPage\",\"@id\":\"https:\/\/www.fundacionanse.org\/resalar\/2024\/07\/12\/las-dunas-y-la-flora-autoctona-de-la-manga-vuelven-a-la-caleta-de-el-estacio\/\",\"url\":\"https:\/\/www.fundacionanse.org\/resalar\/2024\/07\/12\/las-dunas-y-la-flora-autoctona-de-la-manga-vuelven-a-la-caleta-de-el-estacio\/\",\"name\":\"Las dunas y la flora aut\u00f3ctona de la Manga vuelven a la caleta de El Estacio - RESALAR\",\"isPartOf\":{\"@id\":\"https:\/\/www.fundacionanse.org\/resalar\/#website\"},\"primaryImageOfPage\":{\"@id\":\"https:\/\/www.fundacionanse.org\/resalar\/2024\/07\/12\/las-dunas-y-la-flora-autoctona-de-la-manga-vuelven-a-la-caleta-de-el-estacio\/#primaryimage\"},\"image\":{\"@id\":\"https:\/\/www.fundacionanse.org\/resalar\/2024\/07\/12\/las-dunas-y-la-flora-autoctona-de-la-manga-vuelven-a-la-caleta-de-el-estacio\/#primaryimage\"},\"thumbnailUrl\":\"https:\/\/www.fundacionanse.org\/resalar\/wp-content\/uploads\/sites\/5\/2024\/07\/IMG_9150.jpg\",\"datePublished\":\"2024-07-12T13:33:09+00:00\",\"dateModified\":\"2024-07-12T13:43:30+00:00\",\"breadcrumb\":{\"@id\":\"https:\/\/www.fundacionanse.org\/resalar\/2024\/07\/12\/las-dunas-y-la-flora-autoctona-de-la-manga-vuelven-a-la-caleta-de-el-estacio\/#breadcrumb\"},\"inLanguage\":\"es\",\"potentialAction\":[{\"@type\":\"ReadAction\",\"target\":[\"https:\/\/www.fundacionanse.org\/resalar\/2024\/07\/12\/las-dunas-y-la-flora-autoctona-de-la-manga-vuelven-a-la-caleta-de-el-estacio\/\"]}]},{\"@type\":\"ImageObject\",\"inLanguage\":\"es\",\"@id\":\"https:\/\/www.fundacionanse.org\/resalar\/2024\/07\/12\/las-dunas-y-la-flora-autoctona-de-la-manga-vuelven-a-la-caleta-de-el-estacio\/#primaryimage\",\"url\":\"https:\/\/www.fundacionanse.org\/resalar\/wp-content\/uploads\/sites\/5\/2024\/07\/IMG_9150.jpg\",\"contentUrl\":\"https:\/\/www.fundacionanse.org\/resalar\/wp-content\/uploads\/sites\/5\/2024\/07\/IMG_9150.jpg\",\"width\":1300,\"height\":866},{\"@type\":\"BreadcrumbList\",\"@id\":\"https:\/\/www.fundacionanse.org\/resalar\/2024\/07\/12\/las-dunas-y-la-flora-autoctona-de-la-manga-vuelven-a-la-caleta-de-el-estacio\/#breadcrumb\",\"itemListElement\":[{\"@type\":\"ListItem\",\"position\":1,\"name\":\"Portada\",\"item\":\"https:\/\/www.fundacionanse.org\/resalar\/\"},{\"@type\":\"ListItem\",\"position\":2,\"name\":\"Las dunas y la flora aut\u00f3ctona de la Manga vuelven a la caleta de El Estacio\"}]},{\"@type\":\"WebSite\",\"@id\":\"https:\/\/www.fundacionanse.org\/resalar\/#website\",\"url\":\"https:\/\/www.fundacionanse.org\/resalar\/\",\"name\":\"RESALAR\",\"description\":\"Regeneraci\u00f3n de salinas y arenales en el Mar Menor\",\"publisher\":{\"@id\":\"https:\/\/www.fundacionanse.org\/resalar\/#organization\"},\"potentialAction\":[{\"@type\":\"SearchAction\",\"target\":{\"@type\":\"EntryPoint\",\"urlTemplate\":\"https:\/\/www.fundacionanse.org\/resalar\/?s={search_term_string}\"},\"query-input\":{\"@type\":\"PropertyValueSpecification\",\"valueRequired\":true,\"valueName\":\"search_term_string\"}}],\"inLanguage\":\"es\"},{\"@type\":\"Organization\",\"@id\":\"https:\/\/www.fundacionanse.org\/resalar\/#organization\",\"name\":\"RESALAR\",\"url\":\"https:\/\/www.fundacionanse.org\/resalar\/\",\"logo\":{\"@type\":\"ImageObject\",\"inLanguage\":\"es\",\"@id\":\"https:\/\/www.fundacionanse.org\/resalar\/#\/schema\/logo\/image\/\",\"url\":\"https:\/\/www.fundacionanse.org\/resalar\/wp-content\/uploads\/sites\/5\/2024\/02\/resalar-web_vertical-color.svg\",\"contentUrl\":\"https:\/\/www.fundacionanse.org\/resalar\/wp-content\/uploads\/sites\/5\/2024\/02\/resalar-web_vertical-color.svg\",\"width\":168,\"height\":188,\"caption\":\"RESALAR\"},\"image\":{\"@id\":\"https:\/\/www.fundacionanse.org\/resalar\/#\/schema\/logo\/image\/\"},\"sameAs\":[\"https:\/\/www.facebook.com\/FundacionANSE\",\"https:\/\/x.com\/fundacionanse\",\"https:\/\/www.instagram.com\/fundacionanse\/\"]},{\"@type\":\"Person\",\"@id\":\"https:\/\/www.fundacionanse.org\/resalar\/#\/schema\/person\/825d0b66cfeac78d8671653dd99a9823\",\"name\":\"alicia\",\"image\":{\"@type\":\"ImageObject\",\"inLanguage\":\"es\",\"@id\":\"https:\/\/www.fundacionanse.org\/resalar\/#\/schema\/person\/image\/\",\"url\":\"https:\/\/secure.gravatar.com\/avatar\/8ea2aaa5672bd433d40f04b94a58fc94bcebbd601dd2a6a43a24e2e272228529?s=96&d=mm&r=g\",\"contentUrl\":\"https:\/\/secure.gravatar.com\/avatar\/8ea2aaa5672bd433d40f04b94a58fc94bcebbd601dd2a6a43a24e2e272228529?s=96&d=mm&r=g\",\"caption\":\"alicia\"},\"url\":\"https:\/\/www.fundacionanse.org\/resalar\/author\/alicia\/\"}]}<\/script>\n<!-- \/ Yoast SEO plugin. -->","yoast_head_json":{"title":"Las dunas y la flora aut\u00f3ctona de la Manga vuelven a la caleta de El Estacio - RESALAR","robots":{"index":"index","follow":"follow","max-snippet":"max-snippet:-1","max-image-preview":"max-image-preview:large","max-video-preview":"max-video-preview:-1"},"canonical":"https:\/\/www.fundacionanse.org\/resalar\/2024\/07\/12\/las-dunas-y-la-flora-autoctona-de-la-manga-vuelven-a-la-caleta-de-el-estacio\/","og_locale":"es_ES","og_type":"article","og_title":"Las dunas y la flora aut\u00f3ctona de la Manga vuelven a la caleta de El Estacio - RESALAR","og_description":"La regeneraci\u00f3n dunar en la Caleta del Estacio comienza a dar sus frutos, revelando un paisaje lleno de biodiversidad vegetal caracter\u00edstica de las dunas, que ha sido posible gracias a la&nbsp;eliminaci\u00f3n del bosquete de acacias,&nbsp;que se form\u00f3 tras d\u00e9cadas de abandono de este espacio costero. Desde el inicio del proyecto, ANSE ha trabajado en la ... Leer m\u00e1s","og_url":"https:\/\/www.fundacionanse.org\/resalar\/2024\/07\/12\/las-dunas-y-la-flora-autoctona-de-la-manga-vuelven-a-la-caleta-de-el-estacio\/","og_site_name":"RESALAR","article_publisher":"https:\/\/www.facebook.com\/FundacionANSE","article_published_time":"2024-07-12T13:33:09+00:00","article_modified_time":"2024-07-12T13:43:30+00:00","og_image":[{"width":1300,"height":866,"url":"https:\/\/www.fundacionanse.org\/resalar\/wp-content\/uploads\/sites\/5\/2024\/07\/IMG_9150.jpg","type":"image\/jpeg"}],"author":"alicia","twitter_card":"summary_large_image","twitter_creator":"@fundacionanse","twitter_site":"@fundacionanse","twitter_misc":{"Escrito por":"alicia","Tiempo de lectura":"4 minutos"},"schema":{"@context":"https:\/\/schema.org","@graph":[{"@type":"Article","@id":"https:\/\/www.fundacionanse.org\/resalar\/2024\/07\/12\/las-dunas-y-la-flora-autoctona-de-la-manga-vuelven-a-la-caleta-de-el-estacio\/#article","isPartOf":{"@id":"https:\/\/www.fundacionanse.org\/resalar\/2024\/07\/12\/las-dunas-y-la-flora-autoctona-de-la-manga-vuelven-a-la-caleta-de-el-estacio\/"},"author":{"name":"alicia","@id":"https:\/\/www.fundacionanse.org\/resalar\/#\/schema\/person\/825d0b66cfeac78d8671653dd99a9823"},"headline":"Las dunas y la flora aut\u00f3ctona de la Manga vuelven a la caleta de El Estacio","datePublished":"2024-07-12T13:33:09+00:00","dateModified":"2024-07-12T13:43:30+00:00","mainEntityOfPage":{"@id":"https:\/\/www.fundacionanse.org\/resalar\/2024\/07\/12\/las-dunas-y-la-flora-autoctona-de-la-manga-vuelven-a-la-caleta-de-el-estacio\/"},"wordCount":621,"publisher":{"@id":"https:\/\/www.fundacionanse.org\/resalar\/#organization"},"image":{"@id":"https:\/\/www.fundacionanse.org\/resalar\/2024\/07\/12\/las-dunas-y-la-flora-autoctona-de-la-manga-vuelven-a-la-caleta-de-el-estacio\/#primaryimage"},"thumbnailUrl":"https:\/\/www.fundacionanse.org\/resalar\/wp-content\/uploads\/sites\/5\/2024\/07\/IMG_9150.jpg","articleSection":["Actualidad"],"inLanguage":"es"},{"@type":"WebPage","@id":"https:\/\/www.fundacionanse.org\/resalar\/2024\/07\/12\/las-dunas-y-la-flora-autoctona-de-la-manga-vuelven-a-la-caleta-de-el-estacio\/","url":"https:\/\/www.fundacionanse.org\/resalar\/2024\/07\/12\/las-dunas-y-la-flora-autoctona-de-la-manga-vuelven-a-la-caleta-de-el-estacio\/","name":"Las dunas y la flora aut\u00f3ctona de la Manga vuelven a la caleta de El Estacio - RESALAR","isPartOf":{"@id":"https:\/\/www.fundacionanse.org\/resalar\/#website"},"primaryImageOfPage":{"@id":"https:\/\/www.fundacionanse.org\/resalar\/2024\/07\/12\/las-dunas-y-la-flora-autoctona-de-la-manga-vuelven-a-la-caleta-de-el-estacio\/#primaryimage"},"image":{"@id":"https:\/\/www.fundacionanse.org\/resalar\/2024\/07\/12\/las-dunas-y-la-flora-autoctona-de-la-manga-vuelven-a-la-caleta-de-el-estacio\/#primaryimage"},"thumbnailUrl":"https:\/\/www.fundacionanse.org\/resalar\/wp-content\/uploads\/sites\/5\/2024\/07\/IMG_9150.jpg","datePublished":"2024-07-12T13:33:09+00:00","dateModified":"2024-07-12T13:43:30+00:00","breadcrumb":{"@id":"https:\/\/www.fundacionanse.org\/resalar\/2024\/07\/12\/las-dunas-y-la-flora-autoctona-de-la-manga-vuelven-a-la-caleta-de-el-estacio\/#breadcrumb"},"inLanguage":"es","potentialAction":[{"@type":"ReadAction","target":["https:\/\/www.fundacionanse.org\/resalar\/2024\/07\/12\/las-dunas-y-la-flora-autoctona-de-la-manga-vuelven-a-la-caleta-de-el-estacio\/"]}]},{"@type":"ImageObject","inLanguage":"es","@id":"https:\/\/www.fundacionanse.org\/resalar\/2024\/07\/12\/las-dunas-y-la-flora-autoctona-de-la-manga-vuelven-a-la-caleta-de-el-estacio\/#primaryimage","url":"https:\/\/www.fundacionanse.org\/resalar\/wp-content\/uploads\/sites\/5\/2024\/07\/IMG_9150.jpg","contentUrl":"https:\/\/www.fundacionanse.org\/resalar\/wp-content\/uploads\/sites\/5\/2024\/07\/IMG_9150.jpg","width":1300,"height":866},{"@type":"BreadcrumbList","@id":"https:\/\/www.fundacionanse.org\/resalar\/2024\/07\/12\/las-dunas-y-la-flora-autoctona-de-la-manga-vuelven-a-la-caleta-de-el-estacio\/#breadcrumb","itemListElement":[{"@type":"ListItem","position":1,"name":"Portada","item":"https:\/\/www.fundacionanse.org\/resalar\/"},{"@type":"ListItem","position":2,"name":"Las dunas y la flora aut\u00f3ctona de la Manga vuelven a la caleta de El Estacio"}]},{"@type":"WebSite","@id":"https:\/\/www.fundacionanse.org\/resalar\/#website","url":"https:\/\/www.fundacionanse.org\/resalar\/","name":"RESALAR","description":"Regeneraci\u00f3n de salinas y arenales en el Mar Menor","publisher":{"@id":"https:\/\/www.fundacionanse.org\/resalar\/#organization"},"potentialAction":[{"@type":"SearchAction","target":{"@type":"EntryPoint","urlTemplate":"https:\/\/www.fundacionanse.org\/resalar\/?s={search_term_string}"},"query-input":{"@type":"PropertyValueSpecification","valueRequired":true,"valueName":"search_term_string"}}],"inLanguage":"es"},{"@type":"Organization","@id":"https:\/\/www.fundacionanse.org\/resalar\/#organization","name":"RESALAR","url":"https:\/\/www.fundacionanse.org\/resalar\/","logo":{"@type":"ImageObject","inLanguage":"es","@id":"https:\/\/www.fundacionanse.org\/resalar\/#\/schema\/logo\/image\/","url":"https:\/\/www.fundacionanse.org\/resalar\/wp-content\/uploads\/sites\/5\/2024\/02\/resalar-web_vertical-color.svg","contentUrl":"https:\/\/www.fundacionanse.org\/resalar\/wp-content\/uploads\/sites\/5\/2024\/02\/resalar-web_vertical-color.svg","width":168,"height":188,"caption":"RESALAR"},"image":{"@id":"https:\/\/www.fundacionanse.org\/resalar\/#\/schema\/logo\/image\/"},"sameAs":["https:\/\/www.facebook.com\/FundacionANSE","https:\/\/x.com\/fundacionanse","https:\/\/www.instagram.com\/fundacionanse\/"]},{"@type":"Person","@id":"https:\/\/www.fundacionanse.org\/resalar\/#\/schema\/person\/825d0b66cfeac78d8671653dd99a9823","name":"alicia","image":{"@type":"ImageObject","inLanguage":"es","@id":"https:\/\/www.fundacionanse.org\/resalar\/#\/schema\/person\/image\/","url":"https:\/\/secure.gravatar.com\/avatar\/8ea2aaa5672bd433d40f04b94a58fc94bcebbd601dd2a6a43a24e2e272228529?s=96&d=mm&r=g","contentUrl":"https:\/\/secure.gravatar.com\/avatar\/8ea2aaa5672bd433d40f04b94a58fc94bcebbd601dd2a6a43a24e2e272228529?s=96&d=mm&r=g","caption":"alicia"},"url":"https:\/\/www.fundacionanse.org\/resalar\/author\/alicia\/"}]}},"_links":{"self":[{"href":"https:\/\/www.fundacionanse.org\/resalar\/wp-json\/wp\/v2\/posts\/957","targetHints":{"allow":["GET"]}}],"collection":[{"href":"https:\/\/www.fundacionanse.org\/resalar\/wp-json\/wp\/v2\/posts"}],"about":[{"href":"https:\/\/www.fundacionanse.org\/resalar\/wp-json\/wp\/v2\/types\/post"}],"author":[{"embeddable":true,"href":"https:\/\/www.fundacionanse.org\/resalar\/wp-json\/wp\/v2\/users\/6"}],"replies":[{"embeddable":true,"href":"https:\/\/www.fundacionanse.org\/resalar\/wp-json\/wp\/v2\/comments?post=957"}],"version-history":[{"count":0,"href":"https:\/\/www.fundacionanse.org\/resalar\/wp-json\/wp\/v2\/posts\/957\/revisions"}],"wp:featuredmedia":[{"embeddable":true,"href":"https:\/\/www.fundacionanse.org\/resalar\/wp-json\/wp\/v2\/media\/959"}],"wp:attachment":[{"href":"https:\/\/www.fundacionanse.org\/resalar\/wp-json\/wp\/v2\/media?parent=957"}],"wp:term":[{"taxonomy":"category","embeddable":true,"href":"https:\/\/www.fundacionanse.org\/resalar\/wp-json\/wp\/v2\/categories?post=957"},{"taxonomy":"post_tag","embeddable":true,"href":"https:\/\/www.fundacionanse.org\/resalar\/wp-json\/wp\/v2\/tags?post=957"}],"curies":[{"name":"wp","href":"https:\/\/api.w.org\/{rel}","templated":true}]}}