{"id":977,"date":"2024-07-23T08:49:17","date_gmt":"2024-07-23T08:49:17","guid":{"rendered":"https:\/\/www.fundacionanse.org\/resalar\/?p=977"},"modified":"2024-07-23T08:49:17","modified_gmt":"2024-07-23T08:49:17","slug":"vecinos-as-de-la-manga-comparten-sus-ideas-para-la-renaturalizacion-de-los-arenales","status":"publish","type":"post","link":"https:\/\/www.fundacionanse.org\/resalar\/2024\/07\/23\/vecinos-as-de-la-manga-comparten-sus-ideas-para-la-renaturalizacion-de-los-arenales\/","title":{"rendered":"Vecinos\/as de La Manga comparten sus ideas para la renaturalizaci\u00f3n de los arenales"},"content":{"rendered":"\n<p>El pasado jueves y viernes, vecinos y vecinas de La Manga participaron en los talleres del proyecto RESALAR sobre la restauraci\u00f3n de los arenales de la Caleta del Estacio y de Monte Blanco, dos de las zonas en las que se est\u00e1 trabajando. Durante estas jornadas, se propusieron ideas para la recuperaci\u00f3n de los pocos arenales que han quedado sin urbanizar. Adem\u00e1s, los asistentes apoyaron la idea de la renaturalizaci\u00f3n de La Manga, y apuestan por fomentar la creaci\u00f3n de m\u00e1s espacios naturales en un \u00e1rea altamente urbanizada y masificada, como es La Manga.<\/p>\n\n\n\n<p>Hace 600 a\u00f1os, La Manga era un cord\u00f3n dunar ininterrumpido cubierto de bosque. Sin embargo, En En el siglo 16 los bosques fueron talados para evitar que los piratas berberiscos se refugiaran en ellos. &nbsp;Posteriormente, en el siglo XX, la masificaci\u00f3n tur\u00edstica redujo considerablemente los arenales, y los pocos que quedaron sifren el abandono y la llegada de la vegetaci\u00f3n ex\u00f3tica.<\/p>\n\n\n\n<p>El jueves, la din\u00e1mica de los talleres se centr\u00f3 en el espacio de <strong>Monteblanco<\/strong>. Desde 2008, ANSE ha estado mejorando este espacio dunar mediante la retirada de escombros, la eliminaci\u00f3n de flora ex\u00f3tica y la plantaci\u00f3n de vegetaci\u00f3n t\u00edpica de dunas. Hoy en d\u00eda, Monteblanco cumple un papel fundamental como reserva de vegetaci\u00f3n dunar y es un recordatorio de lo que La Manga fue en el pasado. Sin embargo, contin\u00faa siendo un espacio amenazado y susceptible de urbanizaci\u00f3n.<\/p>\n\n\n\n<p>El objetivo de los talleres era que los asistentes aportaran sus ideas para la mejora y conservaci\u00f3n de estos espacios. Los participantes del taller del jueves sobre Monteblanco sugirieron ampliar el \u00e1rea protegida, seguir eliminando especies ex\u00f3ticas, y construir una pasarela para evitar que se pisen las dunas.<\/p>\n\n\n<div class=\"wp-block-image\">\n<figure class=\"aligncenter size-large is-resized\"><img decoding=\"async\" width=\"1024\" height=\"768\" src=\"https:\/\/www.fundacionanse.org\/resalar\/wp-content\/uploads\/sites\/5\/2024\/07\/Monteblanco-Alicia-Delicado-111-1024x768.jpg\" alt=\"\" class=\"wp-image-981\" style=\"width:757px;height:auto\" srcset=\"https:\/\/www.fundacionanse.org\/resalar\/wp-content\/uploads\/sites\/5\/2024\/07\/Monteblanco-Alicia-Delicado-111-1024x768.jpg 1024w, https:\/\/www.fundacionanse.org\/resalar\/wp-content\/uploads\/sites\/5\/2024\/07\/Monteblanco-Alicia-Delicado-111-300x225.jpg 300w, https:\/\/www.fundacionanse.org\/resalar\/wp-content\/uploads\/sites\/5\/2024\/07\/Monteblanco-Alicia-Delicado-111-768x576.jpg 768w, https:\/\/www.fundacionanse.org\/resalar\/wp-content\/uploads\/sites\/5\/2024\/07\/Monteblanco-Alicia-Delicado-111.jpg 1300w\" sizes=\"(max-width: 1024px) 100vw, 1024px\" \/><figcaption class=\"wp-element-caption\">Talleres participativos sobre Monteblanco FOTO: Alicia Delicado (C)<\/figcaption><\/figure><\/div>\n\n\n<p>El viernes, los talleres comenzaron con la historia de la <strong>Caleta del Estacio<\/strong>, dirigida por ANSE. La Caleta del Estacio se encuentra al norte de La Manga, junto al canal del Estacio. En 2004, comenz\u00f3 la construcci\u00f3n de un gran puerto deportivo llamado Puerto Mayor, que habr\u00eda destruido uno de los pocos arenales restantes de La Manga, una zona ya caracterizada por la urbanizaci\u00f3n masiva.<\/p>\n\n\n\n<p>Estas obras, que no contaban con los permisos adecuados, se detuvieron a finales de 2005 gracias a las protestas de ANSE y Greenpeace, con el apoyo del Ministerio de Medio Ambiente, que demostr\u00f3 la ilegalidad del proyecto. Durante este tiempo, la caleta qued\u00f3 abandonada, permitiendo la proliferaci\u00f3n de especies invasoras como las acacias australianas. ANSE ha trabajado en la zona desde antes de 2005, primero para detener las obras y luego para restaurar ambientalmente los arenales. Actualmente, gracias al proyecto Resalar, se est\u00e1 trabajando en la eliminaci\u00f3n de acacias y en la plantaci\u00f3n de flora aut\u00f3ctona para regenerar el paisaje dunar.<\/p>\n\n\n\n<p>Los asistentes al taller del viernes propusieron la creaci\u00f3n de una pasarela para proteger las dunas, as\u00ed como actividades de divulgaci\u00f3n y educaci\u00f3n ambiental para concienciar a la poblaci\u00f3n sobre la importancia de este espacio. Sue\u00f1an con una Caleta del Estacio muy natural y protegida.<\/p>\n\n\n<div class=\"wp-block-image\">\n<figure class=\"aligncenter size-large is-resized\"><img decoding=\"async\" width=\"1024\" height=\"768\" src=\"https:\/\/www.fundacionanse.org\/resalar\/wp-content\/uploads\/sites\/5\/2024\/07\/Caleta-Taller.-F.-Alicia-Delicado-94-1024x768.jpg\" alt=\"\" class=\"wp-image-979\" style=\"width:739px;height:auto\" srcset=\"https:\/\/www.fundacionanse.org\/resalar\/wp-content\/uploads\/sites\/5\/2024\/07\/Caleta-Taller.-F.-Alicia-Delicado-94-1024x768.jpg 1024w, https:\/\/www.fundacionanse.org\/resalar\/wp-content\/uploads\/sites\/5\/2024\/07\/Caleta-Taller.-F.-Alicia-Delicado-94-300x225.jpg 300w, https:\/\/www.fundacionanse.org\/resalar\/wp-content\/uploads\/sites\/5\/2024\/07\/Caleta-Taller.-F.-Alicia-Delicado-94-768x576.jpg 768w, https:\/\/www.fundacionanse.org\/resalar\/wp-content\/uploads\/sites\/5\/2024\/07\/Caleta-Taller.-F.-Alicia-Delicado-94.jpg 1200w\" sizes=\"(max-width: 1024px) 100vw, 1024px\" \/><figcaption class=\"wp-element-caption\">Talleres participativos sobre la Caleta del Estacio FOTO: Alicia Delicado(C)<\/figcaption><\/figure><\/div>\n\n\n<p>El proyecto&nbsp;<strong>RESALAR&nbsp;<\/strong>tiene el objetivo de regenerar espacios del litoral del Mar Menor&nbsp;y su biodiversidad para fortalecer la resiliencia del litoral frente al cambio clim\u00e1tico y mejorar e incrementar los servicios ecosist\u00e9micos que proveen a la sociedad.<\/p>\n\n\n\n<p>Este proyecto, que coordina la Fundaci\u00f3n ANSE, y en el que participan la Asociaci\u00f3n de Naturalistas del Sureste, WWF-Espa\u00f1a y el Instituto Espa\u00f1ol de Oceanograf\u00eda, Centro Nacional de la Agencia Estatal Consejo Superior de Investigaciones Cient\u00edficas (IEO-CSIC), cuenta con el apoyo de la Fundaci\u00f3n Biodiversidad del Ministerio para la Transici\u00f3n Ecol\u00f3gica y el Reto Demogr\u00e1fico (MITECO) en el marco del Plan de Recuperaci\u00f3n, Transformaci\u00f3n y Resiliencia (PRTR), financiado por la Uni\u00f3n Europea \u2013 NextGenerationEU y se encuentra vinculado al Marco de Actuaciones Prioritarias para la recuperaci\u00f3n del Mar Menor del Ministerio para la Transici\u00f3n Ecol\u00f3gica y el Reto Demogr\u00e1fico.<\/p>\n","protected":false},"excerpt":{"rendered":"<p>El pasado jueves y viernes, vecinos y vecinas de La Manga participaron en los talleres del proyecto RESALAR sobre la restauraci\u00f3n de los arenales de la Caleta del Estacio y de Monte Blanco, dos de las zonas en las que se est\u00e1 trabajando. Durante estas jornadas, se propusieron ideas para la recuperaci\u00f3n de los pocos &#8230; <a title=\"Vecinos\/as de La Manga comparten sus ideas para la renaturalizaci\u00f3n de los arenales\" class=\"read-more\" href=\"https:\/\/www.fundacionanse.org\/resalar\/2024\/07\/23\/vecinos-as-de-la-manga-comparten-sus-ideas-para-la-renaturalizacion-de-los-arenales\/\" aria-label=\"Leer m\u00e1s sobre Vecinos\/as de La Manga comparten sus ideas para la renaturalizaci\u00f3n de los arenales\">Leer m\u00e1s<\/a><\/p>\n","protected":false},"author":6,"featured_media":982,"comment_status":"closed","ping_status":"closed","sticky":false,"template":"","format":"standard","meta":{"inline_featured_image":false,"footnotes":""},"categories":[1],"tags":[13,14],"class_list":["post-977","post","type-post","status-publish","format-standard","has-post-thumbnail","hentry","category-actualidad","tag-caleta-del-estacio","tag-monteblanco","generate-columns","tablet-grid-50","mobile-grid-100","grid-parent","grid-33","resize-featured-image"],"yoast_head":"<!-- This site is optimized with the Yoast SEO plugin v26.9 - https:\/\/yoast.com\/product\/yoast-seo-wordpress\/ -->\n<title>Vecinos\/as de La Manga comparten sus ideas para la renaturalizaci\u00f3n de los arenales - RESALAR<\/title>\n<meta name=\"robots\" content=\"index, follow, max-snippet:-1, max-image-preview:large, max-video-preview:-1\" \/>\n<link rel=\"canonical\" href=\"https:\/\/www.fundacionanse.org\/resalar\/2024\/07\/23\/vecinos-as-de-la-manga-comparten-sus-ideas-para-la-renaturalizacion-de-los-arenales\/\" \/>\n<meta property=\"og:locale\" content=\"es_ES\" \/>\n<meta property=\"og:type\" content=\"article\" \/>\n<meta property=\"og:title\" content=\"Vecinos\/as de La Manga comparten sus ideas para la renaturalizaci\u00f3n de los arenales - RESALAR\" \/>\n<meta property=\"og:description\" content=\"El pasado jueves y viernes, vecinos y vecinas de La Manga participaron en los talleres del proyecto RESALAR sobre la restauraci\u00f3n de los arenales de la Caleta del Estacio y de Monte Blanco, dos de las zonas en las que se est\u00e1 trabajando. Durante estas jornadas, se propusieron ideas para la recuperaci\u00f3n de los pocos ... Leer m\u00e1s\" \/>\n<meta property=\"og:url\" content=\"https:\/\/www.fundacionanse.org\/resalar\/2024\/07\/23\/vecinos-as-de-la-manga-comparten-sus-ideas-para-la-renaturalizacion-de-los-arenales\/\" \/>\n<meta property=\"og:site_name\" content=\"RESALAR\" \/>\n<meta property=\"article:publisher\" content=\"https:\/\/www.facebook.com\/FundacionANSE\" \/>\n<meta property=\"article:published_time\" content=\"2024-07-23T08:49:17+00:00\" \/>\n<meta property=\"og:image\" content=\"https:\/\/www.fundacionanse.org\/resalar\/wp-content\/uploads\/sites\/5\/2024\/07\/Caleta-Taller.-F.-Alicia-Delicado-3.jpg\" \/>\n\t<meta property=\"og:image:width\" content=\"1200\" \/>\n\t<meta property=\"og:image:height\" content=\"900\" \/>\n\t<meta property=\"og:image:type\" content=\"image\/jpeg\" \/>\n<meta name=\"author\" content=\"alicia\" \/>\n<meta name=\"twitter:card\" content=\"summary_large_image\" \/>\n<meta name=\"twitter:creator\" content=\"@fundacionanse\" \/>\n<meta name=\"twitter:site\" content=\"@fundacionanse\" \/>\n<meta name=\"twitter:label1\" content=\"Escrito por\" \/>\n\t<meta name=\"twitter:data1\" content=\"alicia\" \/>\n\t<meta name=\"twitter:label2\" content=\"Tiempo de lectura\" \/>\n\t<meta name=\"twitter:data2\" content=\"4 minutos\" \/>\n<script type=\"application\/ld+json\" class=\"yoast-schema-graph\">{\"@context\":\"https:\/\/schema.org\",\"@graph\":[{\"@type\":\"Article\",\"@id\":\"https:\/\/www.fundacionanse.org\/resalar\/2024\/07\/23\/vecinos-as-de-la-manga-comparten-sus-ideas-para-la-renaturalizacion-de-los-arenales\/#article\",\"isPartOf\":{\"@id\":\"https:\/\/www.fundacionanse.org\/resalar\/2024\/07\/23\/vecinos-as-de-la-manga-comparten-sus-ideas-para-la-renaturalizacion-de-los-arenales\/\"},\"author\":{\"name\":\"alicia\",\"@id\":\"https:\/\/www.fundacionanse.org\/resalar\/#\/schema\/person\/825d0b66cfeac78d8671653dd99a9823\"},\"headline\":\"Vecinos\/as de La Manga comparten sus ideas para la renaturalizaci\u00f3n de los arenales\",\"datePublished\":\"2024-07-23T08:49:17+00:00\",\"mainEntityOfPage\":{\"@id\":\"https:\/\/www.fundacionanse.org\/resalar\/2024\/07\/23\/vecinos-as-de-la-manga-comparten-sus-ideas-para-la-renaturalizacion-de-los-arenales\/\"},\"wordCount\":716,\"publisher\":{\"@id\":\"https:\/\/www.fundacionanse.org\/resalar\/#organization\"},\"image\":{\"@id\":\"https:\/\/www.fundacionanse.org\/resalar\/2024\/07\/23\/vecinos-as-de-la-manga-comparten-sus-ideas-para-la-renaturalizacion-de-los-arenales\/#primaryimage\"},\"thumbnailUrl\":\"https:\/\/www.fundacionanse.org\/resalar\/wp-content\/uploads\/sites\/5\/2024\/07\/Caleta-Taller.-F.-Alicia-Delicado-3.jpg\",\"keywords\":[\"Caleta del Estacio\",\"Monteblanco\"],\"articleSection\":[\"Actualidad\"],\"inLanguage\":\"es\"},{\"@type\":\"WebPage\",\"@id\":\"https:\/\/www.fundacionanse.org\/resalar\/2024\/07\/23\/vecinos-as-de-la-manga-comparten-sus-ideas-para-la-renaturalizacion-de-los-arenales\/\",\"url\":\"https:\/\/www.fundacionanse.org\/resalar\/2024\/07\/23\/vecinos-as-de-la-manga-comparten-sus-ideas-para-la-renaturalizacion-de-los-arenales\/\",\"name\":\"Vecinos\/as de La Manga comparten sus ideas para la renaturalizaci\u00f3n de los arenales - RESALAR\",\"isPartOf\":{\"@id\":\"https:\/\/www.fundacionanse.org\/resalar\/#website\"},\"primaryImageOfPage\":{\"@id\":\"https:\/\/www.fundacionanse.org\/resalar\/2024\/07\/23\/vecinos-as-de-la-manga-comparten-sus-ideas-para-la-renaturalizacion-de-los-arenales\/#primaryimage\"},\"image\":{\"@id\":\"https:\/\/www.fundacionanse.org\/resalar\/2024\/07\/23\/vecinos-as-de-la-manga-comparten-sus-ideas-para-la-renaturalizacion-de-los-arenales\/#primaryimage\"},\"thumbnailUrl\":\"https:\/\/www.fundacionanse.org\/resalar\/wp-content\/uploads\/sites\/5\/2024\/07\/Caleta-Taller.-F.-Alicia-Delicado-3.jpg\",\"datePublished\":\"2024-07-23T08:49:17+00:00\",\"breadcrumb\":{\"@id\":\"https:\/\/www.fundacionanse.org\/resalar\/2024\/07\/23\/vecinos-as-de-la-manga-comparten-sus-ideas-para-la-renaturalizacion-de-los-arenales\/#breadcrumb\"},\"inLanguage\":\"es\",\"potentialAction\":[{\"@type\":\"ReadAction\",\"target\":[\"https:\/\/www.fundacionanse.org\/resalar\/2024\/07\/23\/vecinos-as-de-la-manga-comparten-sus-ideas-para-la-renaturalizacion-de-los-arenales\/\"]}]},{\"@type\":\"ImageObject\",\"inLanguage\":\"es\",\"@id\":\"https:\/\/www.fundacionanse.org\/resalar\/2024\/07\/23\/vecinos-as-de-la-manga-comparten-sus-ideas-para-la-renaturalizacion-de-los-arenales\/#primaryimage\",\"url\":\"https:\/\/www.fundacionanse.org\/resalar\/wp-content\/uploads\/sites\/5\/2024\/07\/Caleta-Taller.-F.-Alicia-Delicado-3.jpg\",\"contentUrl\":\"https:\/\/www.fundacionanse.org\/resalar\/wp-content\/uploads\/sites\/5\/2024\/07\/Caleta-Taller.-F.-Alicia-Delicado-3.jpg\",\"width\":1200,\"height\":900},{\"@type\":\"BreadcrumbList\",\"@id\":\"https:\/\/www.fundacionanse.org\/resalar\/2024\/07\/23\/vecinos-as-de-la-manga-comparten-sus-ideas-para-la-renaturalizacion-de-los-arenales\/#breadcrumb\",\"itemListElement\":[{\"@type\":\"ListItem\",\"position\":1,\"name\":\"Portada\",\"item\":\"https:\/\/www.fundacionanse.org\/resalar\/\"},{\"@type\":\"ListItem\",\"position\":2,\"name\":\"Vecinos\/as de La Manga comparten sus ideas para la renaturalizaci\u00f3n de los arenales\"}]},{\"@type\":\"WebSite\",\"@id\":\"https:\/\/www.fundacionanse.org\/resalar\/#website\",\"url\":\"https:\/\/www.fundacionanse.org\/resalar\/\",\"name\":\"RESALAR\",\"description\":\"Regeneraci\u00f3n de salinas y arenales en el Mar Menor\",\"publisher\":{\"@id\":\"https:\/\/www.fundacionanse.org\/resalar\/#organization\"},\"potentialAction\":[{\"@type\":\"SearchAction\",\"target\":{\"@type\":\"EntryPoint\",\"urlTemplate\":\"https:\/\/www.fundacionanse.org\/resalar\/?s={search_term_string}\"},\"query-input\":{\"@type\":\"PropertyValueSpecification\",\"valueRequired\":true,\"valueName\":\"search_term_string\"}}],\"inLanguage\":\"es\"},{\"@type\":\"Organization\",\"@id\":\"https:\/\/www.fundacionanse.org\/resalar\/#organization\",\"name\":\"RESALAR\",\"url\":\"https:\/\/www.fundacionanse.org\/resalar\/\",\"logo\":{\"@type\":\"ImageObject\",\"inLanguage\":\"es\",\"@id\":\"https:\/\/www.fundacionanse.org\/resalar\/#\/schema\/logo\/image\/\",\"url\":\"https:\/\/www.fundacionanse.org\/resalar\/wp-content\/uploads\/sites\/5\/2024\/02\/resalar-web_vertical-color.svg\",\"contentUrl\":\"https:\/\/www.fundacionanse.org\/resalar\/wp-content\/uploads\/sites\/5\/2024\/02\/resalar-web_vertical-color.svg\",\"width\":168,\"height\":188,\"caption\":\"RESALAR\"},\"image\":{\"@id\":\"https:\/\/www.fundacionanse.org\/resalar\/#\/schema\/logo\/image\/\"},\"sameAs\":[\"https:\/\/www.facebook.com\/FundacionANSE\",\"https:\/\/x.com\/fundacionanse\",\"https:\/\/www.instagram.com\/fundacionanse\/\"]},{\"@type\":\"Person\",\"@id\":\"https:\/\/www.fundacionanse.org\/resalar\/#\/schema\/person\/825d0b66cfeac78d8671653dd99a9823\",\"name\":\"alicia\",\"image\":{\"@type\":\"ImageObject\",\"inLanguage\":\"es\",\"@id\":\"https:\/\/www.fundacionanse.org\/resalar\/#\/schema\/person\/image\/\",\"url\":\"https:\/\/secure.gravatar.com\/avatar\/8ea2aaa5672bd433d40f04b94a58fc94bcebbd601dd2a6a43a24e2e272228529?s=96&d=mm&r=g\",\"contentUrl\":\"https:\/\/secure.gravatar.com\/avatar\/8ea2aaa5672bd433d40f04b94a58fc94bcebbd601dd2a6a43a24e2e272228529?s=96&d=mm&r=g\",\"caption\":\"alicia\"},\"url\":\"https:\/\/www.fundacionanse.org\/resalar\/author\/alicia\/\"}]}<\/script>\n<!-- \/ Yoast SEO plugin. -->","yoast_head_json":{"title":"Vecinos\/as de La Manga comparten sus ideas para la renaturalizaci\u00f3n de los arenales - RESALAR","robots":{"index":"index","follow":"follow","max-snippet":"max-snippet:-1","max-image-preview":"max-image-preview:large","max-video-preview":"max-video-preview:-1"},"canonical":"https:\/\/www.fundacionanse.org\/resalar\/2024\/07\/23\/vecinos-as-de-la-manga-comparten-sus-ideas-para-la-renaturalizacion-de-los-arenales\/","og_locale":"es_ES","og_type":"article","og_title":"Vecinos\/as de La Manga comparten sus ideas para la renaturalizaci\u00f3n de los arenales - RESALAR","og_description":"El pasado jueves y viernes, vecinos y vecinas de La Manga participaron en los talleres del proyecto RESALAR sobre la restauraci\u00f3n de los arenales de la Caleta del Estacio y de Monte Blanco, dos de las zonas en las que se est\u00e1 trabajando. Durante estas jornadas, se propusieron ideas para la recuperaci\u00f3n de los pocos ... Leer m\u00e1s","og_url":"https:\/\/www.fundacionanse.org\/resalar\/2024\/07\/23\/vecinos-as-de-la-manga-comparten-sus-ideas-para-la-renaturalizacion-de-los-arenales\/","og_site_name":"RESALAR","article_publisher":"https:\/\/www.facebook.com\/FundacionANSE","article_published_time":"2024-07-23T08:49:17+00:00","og_image":[{"width":1200,"height":900,"url":"https:\/\/www.fundacionanse.org\/resalar\/wp-content\/uploads\/sites\/5\/2024\/07\/Caleta-Taller.-F.-Alicia-Delicado-3.jpg","type":"image\/jpeg"}],"author":"alicia","twitter_card":"summary_large_image","twitter_creator":"@fundacionanse","twitter_site":"@fundacionanse","twitter_misc":{"Escrito por":"alicia","Tiempo de lectura":"4 minutos"},"schema":{"@context":"https:\/\/schema.org","@graph":[{"@type":"Article","@id":"https:\/\/www.fundacionanse.org\/resalar\/2024\/07\/23\/vecinos-as-de-la-manga-comparten-sus-ideas-para-la-renaturalizacion-de-los-arenales\/#article","isPartOf":{"@id":"https:\/\/www.fundacionanse.org\/resalar\/2024\/07\/23\/vecinos-as-de-la-manga-comparten-sus-ideas-para-la-renaturalizacion-de-los-arenales\/"},"author":{"name":"alicia","@id":"https:\/\/www.fundacionanse.org\/resalar\/#\/schema\/person\/825d0b66cfeac78d8671653dd99a9823"},"headline":"Vecinos\/as de La Manga comparten sus ideas para la renaturalizaci\u00f3n de los arenales","datePublished":"2024-07-23T08:49:17+00:00","mainEntityOfPage":{"@id":"https:\/\/www.fundacionanse.org\/resalar\/2024\/07\/23\/vecinos-as-de-la-manga-comparten-sus-ideas-para-la-renaturalizacion-de-los-arenales\/"},"wordCount":716,"publisher":{"@id":"https:\/\/www.fundacionanse.org\/resalar\/#organization"},"image":{"@id":"https:\/\/www.fundacionanse.org\/resalar\/2024\/07\/23\/vecinos-as-de-la-manga-comparten-sus-ideas-para-la-renaturalizacion-de-los-arenales\/#primaryimage"},"thumbnailUrl":"https:\/\/www.fundacionanse.org\/resalar\/wp-content\/uploads\/sites\/5\/2024\/07\/Caleta-Taller.-F.-Alicia-Delicado-3.jpg","keywords":["Caleta del Estacio","Monteblanco"],"articleSection":["Actualidad"],"inLanguage":"es"},{"@type":"WebPage","@id":"https:\/\/www.fundacionanse.org\/resalar\/2024\/07\/23\/vecinos-as-de-la-manga-comparten-sus-ideas-para-la-renaturalizacion-de-los-arenales\/","url":"https:\/\/www.fundacionanse.org\/resalar\/2024\/07\/23\/vecinos-as-de-la-manga-comparten-sus-ideas-para-la-renaturalizacion-de-los-arenales\/","name":"Vecinos\/as de La Manga comparten sus ideas para la renaturalizaci\u00f3n de los arenales - RESALAR","isPartOf":{"@id":"https:\/\/www.fundacionanse.org\/resalar\/#website"},"primaryImageOfPage":{"@id":"https:\/\/www.fundacionanse.org\/resalar\/2024\/07\/23\/vecinos-as-de-la-manga-comparten-sus-ideas-para-la-renaturalizacion-de-los-arenales\/#primaryimage"},"image":{"@id":"https:\/\/www.fundacionanse.org\/resalar\/2024\/07\/23\/vecinos-as-de-la-manga-comparten-sus-ideas-para-la-renaturalizacion-de-los-arenales\/#primaryimage"},"thumbnailUrl":"https:\/\/www.fundacionanse.org\/resalar\/wp-content\/uploads\/sites\/5\/2024\/07\/Caleta-Taller.-F.-Alicia-Delicado-3.jpg","datePublished":"2024-07-23T08:49:17+00:00","breadcrumb":{"@id":"https:\/\/www.fundacionanse.org\/resalar\/2024\/07\/23\/vecinos-as-de-la-manga-comparten-sus-ideas-para-la-renaturalizacion-de-los-arenales\/#breadcrumb"},"inLanguage":"es","potentialAction":[{"@type":"ReadAction","target":["https:\/\/www.fundacionanse.org\/resalar\/2024\/07\/23\/vecinos-as-de-la-manga-comparten-sus-ideas-para-la-renaturalizacion-de-los-arenales\/"]}]},{"@type":"ImageObject","inLanguage":"es","@id":"https:\/\/www.fundacionanse.org\/resalar\/2024\/07\/23\/vecinos-as-de-la-manga-comparten-sus-ideas-para-la-renaturalizacion-de-los-arenales\/#primaryimage","url":"https:\/\/www.fundacionanse.org\/resalar\/wp-content\/uploads\/sites\/5\/2024\/07\/Caleta-Taller.-F.-Alicia-Delicado-3.jpg","contentUrl":"https:\/\/www.fundacionanse.org\/resalar\/wp-content\/uploads\/sites\/5\/2024\/07\/Caleta-Taller.-F.-Alicia-Delicado-3.jpg","width":1200,"height":900},{"@type":"BreadcrumbList","@id":"https:\/\/www.fundacionanse.org\/resalar\/2024\/07\/23\/vecinos-as-de-la-manga-comparten-sus-ideas-para-la-renaturalizacion-de-los-arenales\/#breadcrumb","itemListElement":[{"@type":"ListItem","position":1,"name":"Portada","item":"https:\/\/www.fundacionanse.org\/resalar\/"},{"@type":"ListItem","position":2,"name":"Vecinos\/as de La Manga comparten sus ideas para la renaturalizaci\u00f3n de los arenales"}]},{"@type":"WebSite","@id":"https:\/\/www.fundacionanse.org\/resalar\/#website","url":"https:\/\/www.fundacionanse.org\/resalar\/","name":"RESALAR","description":"Regeneraci\u00f3n de salinas y arenales en el Mar Menor","publisher":{"@id":"https:\/\/www.fundacionanse.org\/resalar\/#organization"},"potentialAction":[{"@type":"SearchAction","target":{"@type":"EntryPoint","urlTemplate":"https:\/\/www.fundacionanse.org\/resalar\/?s={search_term_string}"},"query-input":{"@type":"PropertyValueSpecification","valueRequired":true,"valueName":"search_term_string"}}],"inLanguage":"es"},{"@type":"Organization","@id":"https:\/\/www.fundacionanse.org\/resalar\/#organization","name":"RESALAR","url":"https:\/\/www.fundacionanse.org\/resalar\/","logo":{"@type":"ImageObject","inLanguage":"es","@id":"https:\/\/www.fundacionanse.org\/resalar\/#\/schema\/logo\/image\/","url":"https:\/\/www.fundacionanse.org\/resalar\/wp-content\/uploads\/sites\/5\/2024\/02\/resalar-web_vertical-color.svg","contentUrl":"https:\/\/www.fundacionanse.org\/resalar\/wp-content\/uploads\/sites\/5\/2024\/02\/resalar-web_vertical-color.svg","width":168,"height":188,"caption":"RESALAR"},"image":{"@id":"https:\/\/www.fundacionanse.org\/resalar\/#\/schema\/logo\/image\/"},"sameAs":["https:\/\/www.facebook.com\/FundacionANSE","https:\/\/x.com\/fundacionanse","https:\/\/www.instagram.com\/fundacionanse\/"]},{"@type":"Person","@id":"https:\/\/www.fundacionanse.org\/resalar\/#\/schema\/person\/825d0b66cfeac78d8671653dd99a9823","name":"alicia","image":{"@type":"ImageObject","inLanguage":"es","@id":"https:\/\/www.fundacionanse.org\/resalar\/#\/schema\/person\/image\/","url":"https:\/\/secure.gravatar.com\/avatar\/8ea2aaa5672bd433d40f04b94a58fc94bcebbd601dd2a6a43a24e2e272228529?s=96&d=mm&r=g","contentUrl":"https:\/\/secure.gravatar.com\/avatar\/8ea2aaa5672bd433d40f04b94a58fc94bcebbd601dd2a6a43a24e2e272228529?s=96&d=mm&r=g","caption":"alicia"},"url":"https:\/\/www.fundacionanse.org\/resalar\/author\/alicia\/"}]}},"_links":{"self":[{"href":"https:\/\/www.fundacionanse.org\/resalar\/wp-json\/wp\/v2\/posts\/977","targetHints":{"allow":["GET"]}}],"collection":[{"href":"https:\/\/www.fundacionanse.org\/resalar\/wp-json\/wp\/v2\/posts"}],"about":[{"href":"https:\/\/www.fundacionanse.org\/resalar\/wp-json\/wp\/v2\/types\/post"}],"author":[{"embeddable":true,"href":"https:\/\/www.fundacionanse.org\/resalar\/wp-json\/wp\/v2\/users\/6"}],"replies":[{"embeddable":true,"href":"https:\/\/www.fundacionanse.org\/resalar\/wp-json\/wp\/v2\/comments?post=977"}],"version-history":[{"count":0,"href":"https:\/\/www.fundacionanse.org\/resalar\/wp-json\/wp\/v2\/posts\/977\/revisions"}],"wp:featuredmedia":[{"embeddable":true,"href":"https:\/\/www.fundacionanse.org\/resalar\/wp-json\/wp\/v2\/media\/982"}],"wp:attachment":[{"href":"https:\/\/www.fundacionanse.org\/resalar\/wp-json\/wp\/v2\/media?parent=977"}],"wp:term":[{"taxonomy":"category","embeddable":true,"href":"https:\/\/www.fundacionanse.org\/resalar\/wp-json\/wp\/v2\/categories?post=977"},{"taxonomy":"post_tag","embeddable":true,"href":"https:\/\/www.fundacionanse.org\/resalar\/wp-json\/wp\/v2\/tags?post=977"}],"curies":[{"name":"wp","href":"https:\/\/api.w.org\/{rel}","templated":true}]}}